{"id":159900,"date":"2025-11-05T06:00:24","date_gmt":"2025-11-05T05:00:24","guid":{"rendered":"https:\/\/semmelweis.hu\/hirek\/?p=159900"},"modified":"2025-11-05T16:25:08","modified_gmt":"2025-11-05T15:25:08","slug":"letrejott-a-who-egeszseges-idosodes-egyuttmukodesi-kozpontja-a-semmelweis-egyetemen","status":"publish","type":"post","link":"https:\/\/semmelweis.hu\/hirek\/2025\/11\/05\/letrejott-a-who-egeszseges-idosodes-egyuttmukodesi-kozpontja-a-semmelweis-egyetemen\/","title":{"rendered":"L\u00e9trej\u00f6tt a WHO Eg\u00e9szs\u00e9ges Id\u0151s\u00f6d\u00e9s Egy\u00fcttm\u0171k\u00f6d\u00e9si K\u00f6zpontja a Semmelweis Egyetemen"},"content":{"rendered":"<div class=\"lead\">Az Eg\u00e9szs\u00e9ges Id\u0151s\u00f6d\u00e9s WHO Kollabor\u00e1ci\u00f3s K\u00f6zpontj\u00e1v\u00e1 v\u00e1lt a Semmelweis Egyetem Megel\u0151z\u0151 Orvostani \u00e9s N\u00e9peg\u00e9szs\u00e9gtani Int\u00e9zete. Az err\u0151l sz\u00f3l\u00f3 megb\u00edz\u00f3levelet az Eg\u00e9szs\u00e9g\u00fcgyi Vil\u00e1gszervezet (WHO) eur\u00f3pai igazgat\u00f3ja, dr. Hans Henri P. Kluge \u00fcnnep\u00e9lyes keretek k\u00f6z\u00f6tt adta \u00e1t az egyetem rektor\u00e1nak. Dr. Merkely B\u00e9la hangs\u00falyozta, a Semmelweis Egyetem legf\u0151bb k\u00fcldet\u00e9s\u00e9nek tekinti az \u00e1llampolg\u00e1rok eg\u00e9szs\u00e9gi \u00e1llapot\u00e1nak fejleszt\u00e9s\u00e9t. Dr. Hank\u00f3 Bal\u00e1zs kultur\u00e1lis \u00e9s innov\u00e1ci\u00f3s miniszter kiemelte: az egyetem \u00e9s a WHO egy\u00fcttm\u0171k\u00f6d\u00e9se hozz\u00e1j\u00e1rul ahhoz is, hogy 2030-ra a vil\u00e1g 100 legjobb egyeteme k\u00f6z\u00e9 ker\u00fclhessen a Semmelweis.<\/div>\n<div>\n<figure id=\"attachment_159902\" aria-describedby=\"caption-attachment-159902\" style=\"width: 1200px\" class=\"wp-caption aligncenter\"><a href=\"https:\/\/semmelweis.hu\/hirek\/files\/2025\/11\/RS225646_GV5A1904_scr.jpg\"><img loading=\"lazy\" decoding=\"async\" class=\"size-full wp-image-159902\" src=\"https:\/\/semmelweis.hu\/hirek\/files\/2025\/11\/RS225646_GV5A1904_scr.jpg\" alt=\"\" width=\"1200\" height=\"800\" srcset=\"https:\/\/semmelweis.hu\/hirek\/files\/2025\/11\/RS225646_GV5A1904_scr.jpg 1200w, https:\/\/semmelweis.hu\/hirek\/files\/2025\/11\/RS225646_GV5A1904_scr-400x267.jpg 400w, https:\/\/semmelweis.hu\/hirek\/files\/2025\/11\/RS225646_GV5A1904_scr-900x600.jpg 900w, https:\/\/semmelweis.hu\/hirek\/files\/2025\/11\/RS225646_GV5A1904_scr-768x512.jpg 768w, https:\/\/semmelweis.hu\/hirek\/files\/2025\/11\/RS225646_GV5A1904_scr-753x502.jpg 753w, https:\/\/semmelweis.hu\/hirek\/files\/2025\/11\/RS225646_GV5A1904_scr-203x135.jpg 203w\" sizes=\"auto, (max-width: 1200px) 100vw, 1200px\" \/><\/a><figcaption id=\"caption-attachment-159902\" class=\"wp-caption-text\">Dr. Hans Henri P. Kluge, a WHO eur\u00f3pai igazgat\u00f3ja, dr. Merkely B\u00e9la rektor \u00e9s dr. Jakab Zsuzsanna, a WHO kor\u00e1bbi r\u00e9gi\u00f3igazgat\u00f3ja<\/figcaption><\/figure>\n<\/div>\n<p>&#8222;Az eg\u00e9szs\u00e9ges \u00f6reged\u00e9s nemcsak az \u00e9lettartam meghosszabb\u00edt\u00e1s\u00e1r\u00f3l, hanem az eg\u00e9szs\u00e9gben t\u00f6lt\u00f6tt \u00e9vek sz\u00e1m\u00e1nak n\u00f6vel\u00e9s\u00e9r\u0151l is sz\u00f3l. Ez az, ami\u00e9rt a WHO \u00e9s egyetem\u00fcnk Megel\u0151z\u0151 Orvostani \u00e9s N\u00e9peg\u00e9szs\u00e9gtani Int\u00e9zete is dolgozik, \u00e9s \u00f6r\u00fcl\u00f6k, hogy ma m\u00e9g ink\u00e1bb meger\u0151s\u00edtj\u00fck az egy\u00fcttm\u0171k\u00f6d\u00e9s\u00fcnket&#8221; \u2013 hangs\u00falyozta dr. Merkely B\u00e9la, a Semmelweis Egyetem rektora abb\u00f3l az alkalomb\u00f3l, hogy az int\u00e9zm\u00e9ny Megel\u0151z\u0151 Orvostani \u00e9s N\u00e9peg\u00e9szs\u00e9gtani Int\u00e9zet\u00e9t az Eg\u00e9szs\u00e9g\u00fcgyi Vil\u00e1gszervezet (WHO) az Eg\u00e9szs\u00e9ges Id\u0151s\u00f6d\u00e9s WHO Kollabor\u00e1ci\u00f3s K\u00f6zpontj\u00e1v\u00e1 nyilv\u00e1n\u00edtotta. Az int\u00e9zet a n\u00e9peg\u00e9szs\u00e9g\u00fcgy ter\u00fclet\u00e9n v\u00e9gzett kimagasl\u00f3 tudom\u00e1nyos, oktat\u00e1si \u00e9s szak\u00e9rt\u0151i tev\u00e9kenys\u00e9g elismer\u00e9sek\u00e9pp 2025. szeptember 22-\u00e9n nyerte el ezt a c\u00edmet. Az err\u0151l sz\u00f3l\u00f3 hivatalos megb\u00edz\u00f3levelet 2025. november 4-\u00e9n vette \u00e1t dr. Merkely B\u00e9la a WHO eur\u00f3pai igazgat\u00f3j\u00e1t\u00f3l, dr. Hans Henri P. Kluge-t\u0151l, a Semmelweis Egyetem d\u00edszdoktor\u00e1t\u00f3l.<\/p>\n<p><a href=\"https:\/\/semmelweis.hu\/hirek\/files\/2025\/11\/RS225596_GV5A1595_scr.jpg\"><img loading=\"lazy\" decoding=\"async\" class=\"alignleft wp-image-159904 size-medium\" src=\"https:\/\/semmelweis.hu\/hirek\/files\/2025\/11\/RS225596_GV5A1595_scr-267x400.jpg\" alt=\"\" width=\"267\" height=\"400\" srcset=\"https:\/\/semmelweis.hu\/hirek\/files\/2025\/11\/RS225596_GV5A1595_scr-267x400.jpg 267w, https:\/\/semmelweis.hu\/hirek\/files\/2025\/11\/RS225596_GV5A1595_scr-533x800.jpg 533w, https:\/\/semmelweis.hu\/hirek\/files\/2025\/11\/RS225596_GV5A1595_scr.jpg 600w\" sizes=\"auto, (max-width: 267px) 100vw, 267px\" \/><\/a>A rektor k\u00f6sz\u00f6nt\u0151j\u00e9ben kiemelte, hogy a Semmelweis Egyetem haz\u00e1nk \u00e9s a r\u00e9gi\u00f3 legjobb orvos- \u00e9s eg\u00e9szs\u00e9gtudom\u00e1nyi egyetemek\u00e9nt legf\u0151bb k\u00fcldet\u00e9s\u00e9nek tekinti az \u00e1llampolg\u00e1rok eg\u00e9szs\u00e9gi \u00e1llapot\u00e1nak fejleszt\u00e9s\u00e9t, amelyhez magas szint\u0171 k\u00e9pz\u00e9si, kutat\u00e1si, betegell\u00e1t\u00e1si \u00e9s szak\u00e9rt\u0151i tev\u00e9kenys\u00e9g\u00e9vel j\u00e1rul hozz\u00e1. Hangs\u00falyozta a lakoss\u00e1g hiteles t\u00e1j\u00e9koztat\u00e1s\u00e1nak, eduk\u00e1l\u00e1s\u00e1nak fontoss\u00e1g\u00e1t, az orvosk\u00e9pz\u00e9sben a prevenci\u00f3s f\u00f3kusz\u00fa szeml\u00e9letform\u00e1l\u00e1st, amibe a hallgat\u00f3k m\u00e1r tanulm\u00e1nyaik alatt bekapcsol\u00f3dnak. Megeml\u00edtette azt is, hogy a Csal\u00e1dbar\u00e1t Egyetem Program keret\u00e9ben sz\u00e9les k\u00f6r\u0171 prevenci\u00f3s szolg\u00e1ltat\u00e1sokkal j\u00e1rul hozz\u00e1 az int\u00e9zm\u00e9ny a hallgat\u00f3k \u00e9s dolgoz\u00f3k testi-lelki eg\u00e9szs\u00e9ge meg\u0151rz\u00e9s\u00e9hez. Szavai szerint a Megel\u0151z\u0151 Orvostani \u00e9s N\u00e9peg\u00e9szs\u00e9gtani Int\u00e9zet r\u00e9g\u00f3ta az \u00e1llampolg\u00e1rok eg\u00e9szs\u00e9gben elt\u00f6lt\u00f6tt \u00e9vei sz\u00e1m\u00e1nak n\u00f6vel\u00e9s\u00e9n dolgozik, az egyetem pedig dr. \u00c1d\u00e1ny R\u00f3za professzor kezdem\u00e9nyez\u00e9s\u00e9re val\u00f3s\u00edtja meg az Eg\u00e9szs\u00e9ges \u00f6reged\u00e9s programj\u00e1t is. \u201eKiemelt projektk\u00e9nt tekint\u00fcnk longitudin\u00e1lis munkahelyi eg\u00e9szs\u00e9gfejleszt\u00e9si \u00e9s betegs\u00e9gmegel\u0151z\u00e9si programunkra, a Semmelweis Study-ra is, melynek hossz\u00fa t\u00e1v\u00fa c\u00e9lja az eg\u00e9szs\u00e9ges \u00f6reged\u00e9st befoly\u00e1sol\u00f3 t\u00e9nyez\u0151k azonos\u00edt\u00e1sa \u00e9s vizsg\u00e1lata 20 \u00e9ven kereszt\u00fcl\u201d \u2013 mondta dr. Merkely B\u00e9la. Hozz\u00e1tette: hasonl\u00f3an nagy hangs\u00falyt fektet az egyetem a lakoss\u00e1g eg\u00e9szs\u00e9gmeg\u0151rz\u00e9s\u00e9t t\u00e1mogat\u00f3 sz\u0171r\u0151- \u00e9s t\u00e1j\u00e9koztat\u00f3 programokra is.<\/p>\n<blockquote>\n<p>Hatalmas elismer\u00e9s, hogy int\u00e9zet\u00fcnket az Eg\u00e9szs\u00e9g\u00fcgyi Vil\u00e1gszervezet (WHO) az Eg\u00e9szs\u00e9ges Id\u0151s\u00f6d\u00e9s WHO Kollabor\u00e1ci\u00f3s K\u00f6zpontj\u00e1v\u00e1 nyilv\u00e1n\u00edtotta. Biztos vagyok benne, hogy a k\u00f6zpont seg\u00edts\u00e9g\u00e9vel az eg\u00e9szs\u00e9ges \u00f6reged\u00e9s min\u00e9l t\u00f6bbek sz\u00e1m\u00e1ra v\u00e1lik el\u00e9rhet\u0151v\u00e9 \u2013 hangs\u00falyozta dr. Merkely B\u00e9la.<\/p>\n<\/blockquote>\n<p><a href=\"https:\/\/semmelweis.hu\/hirek\/files\/2025\/11\/RS225617_GV5A1713_scr.jpg\"><img loading=\"lazy\" decoding=\"async\" class=\"alignright size-medium wp-image-159905\" src=\"https:\/\/semmelweis.hu\/hirek\/files\/2025\/11\/RS225617_GV5A1713_scr-400x267.jpg\" alt=\"\" width=\"400\" height=\"267\" srcset=\"https:\/\/semmelweis.hu\/hirek\/files\/2025\/11\/RS225617_GV5A1713_scr-400x267.jpg 400w, https:\/\/semmelweis.hu\/hirek\/files\/2025\/11\/RS225617_GV5A1713_scr-900x600.jpg 900w, https:\/\/semmelweis.hu\/hirek\/files\/2025\/11\/RS225617_GV5A1713_scr-768x512.jpg 768w, https:\/\/semmelweis.hu\/hirek\/files\/2025\/11\/RS225617_GV5A1713_scr-753x502.jpg 753w, https:\/\/semmelweis.hu\/hirek\/files\/2025\/11\/RS225617_GV5A1713_scr-203x135.jpg 203w, https:\/\/semmelweis.hu\/hirek\/files\/2025\/11\/RS225617_GV5A1713_scr.jpg 1200w\" sizes=\"auto, (max-width: 400px) 100vw, 400px\" \/><\/a>Mi magyarok tisztelettel tartozunk a r\u00e9gebb \u00f3ta fiataloknak, a magyar k\u00f6lts\u00e9gvet\u00e9s pedig m\u00e9g az eg\u00e9szs\u00e9g\u00fcgyi kiad\u00e1sokn\u00e1l is jelent\u0151sebb \u00f6sszeget, 7700 milli\u00e1rd forintot ford\u00edt az \u0151 anyagi biztons\u00e1guk meg\u0151rz\u00e9s\u00e9re \u2013 mondta dr. Hank\u00f3 Bal\u00e1zs kultur\u00e1lis \u00e9s innov\u00e1ci\u00f3s miniszter. Elmondta azt is, hogy b\u00e1r a magyar eg\u00e9szs\u00e9g\u00fcgy kezel\u00e9si hat\u00e9konys\u00e1ga megegyezik a nyugati \u00e1llamok kezel\u00e9si hat\u00e9konys\u00e1g\u00e1val, az eg\u00e9szs\u00e9gben t\u00f6lt\u00f6tt \u00e9vek sz\u00e1m\u00e1nak n\u00f6vel\u00e9se ter\u00e9n m\u00e9g van tennival\u00f3. Ez\u00e9rt tartom kiemelked\u0151nek ezt az egy\u00fcttm\u0171k\u00f6d\u00e9st, ami a WHO \u00e9s a Semmelweis Egyetem k\u00f6z\u00f6tt sz\u00fcletett meg, hiszen az eg\u00e9szs\u00e9ges \u00f6reged\u00e9s, a tisztes id\u0151skor egy nemzet erej\u00e9t mutatja meg \u2013 hangs\u00falyozta a miniszter. Egy\u00fattal kiemelte azt is, hogy a Semmelweis Egyetem mint haz\u00e1nk legnagyobb orvos-eg\u00e9szs\u00e9gtudom\u00e1nyi oktat\u00f3b\u00e1zisa, valamint legnagyobb, legkomplexebb ell\u00e1t\u00e1st ny\u00fajt\u00f3 betegell\u00e1t\u00f3ja teljes\u00edtm\u00e9nye alapj\u00e1n a vil\u00e1g 30 ezer egyeteme k\u00f6z\u00f6tt a legjobb egy sz\u00e1zal\u00e9kba tartozik. M\u00e9ltatta azt is, hogy a Semmelweis Egyetem a meg\u00fajult magyar fels\u0151oktat\u00e1sban minden nap a betegell\u00e1t\u00e1s, az oktat\u00e1s \u00e9s a kutat\u00e1s h\u00e1rmas szolg\u00e1lat\u00e1ban cselekszik, a WHO-val val\u00f3 szorosabb egy\u00fcttm\u0171k\u00f6d\u00e9s pedig hozz\u00e1j\u00e1rul ahhoz is, hogy 2030-ra a vil\u00e1g 100 legjobb egyeteme k\u00f6z\u00e9 ker\u00fclhessen.<\/p>\n<p><a href=\"https:\/\/semmelweis.hu\/hirek\/files\/2025\/11\/RS225620_GV5A1749_scr.jpg\"><img loading=\"lazy\" decoding=\"async\" class=\"alignleft size-medium wp-image-159906\" src=\"https:\/\/semmelweis.hu\/hirek\/files\/2025\/11\/RS225620_GV5A1749_scr-400x267.jpg\" alt=\"\" width=\"400\" height=\"267\" srcset=\"https:\/\/semmelweis.hu\/hirek\/files\/2025\/11\/RS225620_GV5A1749_scr-400x267.jpg 400w, https:\/\/semmelweis.hu\/hirek\/files\/2025\/11\/RS225620_GV5A1749_scr-900x600.jpg 900w, https:\/\/semmelweis.hu\/hirek\/files\/2025\/11\/RS225620_GV5A1749_scr-768x512.jpg 768w, https:\/\/semmelweis.hu\/hirek\/files\/2025\/11\/RS225620_GV5A1749_scr-753x502.jpg 753w, https:\/\/semmelweis.hu\/hirek\/files\/2025\/11\/RS225620_GV5A1749_scr-203x135.jpg 203w, https:\/\/semmelweis.hu\/hirek\/files\/2025\/11\/RS225620_GV5A1749_scr.jpg 1200w\" sizes=\"auto, (max-width: 400px) 100vw, 400px\" \/><\/a>A WHO-val val\u00f3 egy\u00fcttm\u0171k\u00f6d\u00e9s r\u00e9v\u00e9n a Semmelweis Egyetem olyan tud\u00e1sk\u00f6zpontt\u00e1 v\u00e1lik, amely nemcsak kutat\u00e1ssal \u00e9s oktat\u00e1ssal, hanem szakpolitikai ir\u00e1nymutat\u00e1ssal is hozz\u00e1j\u00e1rul az eg\u00e9szs\u00e9ges \u00f6reged\u00e9s glob\u00e1lis t\u00e1rsadalmi, gazdas\u00e1gi \u00e9s eg\u00e9szs\u00e9g\u00fcgyi kih\u00edv\u00e1sainak megold\u00e1s\u00e1hoz \u2013 emelte ki k\u00f6sz\u00f6nt\u0151j\u00e9ben dr. Bidl\u00f3 Judit, a Bel\u00fcgyminiszt\u00e9rium az eg\u00e9szs\u00e9g\u00fcgy szakmai ir\u00e1ny\u00edt\u00e1s\u00e1\u00e9rt felel\u0151s helyettes \u00e1llamtitk\u00e1ra.<\/p>\n<p>Szavai szerint 2030-ra v\u00e1rhat\u00f3an 1,4 milli\u00e1rddal n\u0151 a 60 \u00e9v felettiek sz\u00e1ma, 2050-re pedig el\u00e9rheti a 2,1 milli\u00e1rdot. Ez\u00e9rt az eg\u00e9szs\u00e9ges id\u0151s\u00f6d\u00e9s nemcsak egy\u00e9ni, hanem rendszerszint\u0171 \u00e9rdek is \u2013 fogalmazott a helyettes \u00e1llamtitk\u00e1r. Mint elmondta, a WHO kollabor\u00e1ci\u00f3s k\u00f6zpontok, \u00edgy mostant\u00f3l a Semmelweis Egyetem is, kulcsszerepet j\u00e1tszanak abban, hogy a WHO \u00e9s az EU k\u00f6z\u00f6s strat\u00e9gi\u00e1ja megalapozott, adatokkal al\u00e1t\u00e1masztott \u00e9s c\u00e9lorient\u00e1lt legyen.<\/p>\n<p>Besz\u00e9d\u00e9ben dr. Hans Henri P. Kluge, a WHO eur\u00f3pai igazgat\u00f3ja kiemelte a partners\u00e9g, az innov\u00e1ci\u00f3 \u00e9s a m\u00e9lt\u00f3s\u00e1g fontoss\u00e1g\u00e1t az id\u0151s\u00f6d\u0151 n\u00e9pess\u00e9g kih\u00edv\u00e1sainak kezel\u00e9s\u00e9ben. Hangs\u00falyozta, hogy az \u00faj k\u00f6zpont a bizony\u00edt\u00e9kok gyakorlatba val\u00f3 \u00e1t\u00fcltet\u00e9s\u00e9t testes\u00edti meg, ez\u00e1ltal er\u0151s\u00edtve az emberk\u00f6zpont\u00fa \u00e9s integr\u00e1lt alapell\u00e1t\u00e1st, amelyet \u201eaz eg\u00e9szs\u00e9ges id\u0151s\u00f6d\u00e9s sarokk\u00f6v\u00e9nek\u201d nevezett. Megjegyezte, hogy m\u00edg a WHO eur\u00f3pai r\u00e9gi\u00f3j\u00e1ban az \u00e1tlagos v\u00e1rhat\u00f3 \u00e9lettartam jelenleg 76 \u00e9v, az eg\u00e9szs\u00e9ges \u00e9lettartam m\u00e9g mindig k\u00f6zel egy \u00e9vtizeddel elmarad ett\u0151l. Az \u00faj k\u00f6zpont t\u00e1mogatni fogja a kutat\u00e1st, az eg\u00e9szs\u00e9gpolitik\u00e1t, a munkaer\u0151-fejleszt\u00e9st \u00e9s az oktat\u00e1st az eg\u00e9szs\u00e9ges \u00e9s m\u00e9lt\u00f3s\u00e1gteljes \u00f6reged\u00e9s el\u0151mozd\u00edt\u00e1sa \u00e9rdek\u00e9ben. Dr. Hans Henri P. Kluge m\u00e9ltatta Magyarorsz\u00e1g \u00e9s a Semmelweis Egyetem fontos szerep\u00e9t a region\u00e1lis egy\u00fcttm\u0171k\u00f6d\u00e9s el\u0151mozd\u00edt\u00e1s\u00e1ban a WHO keretein bel\u00fcl. Befejez\u00e9s\u00fcl kijelentette: er\u0151s partners\u00e9gekkel \u00e9s k\u00f6z\u00f6s elk\u00f6telezetts\u00e9ggel azon dolgoznak, hogy minden tov\u00e1bbi \u00e9let\u00e9v eg\u00e9szs\u00e9gben \u00e9s m\u00e9lt\u00f3s\u00e1gban elt\u00f6lt\u00f6tt \u00e9vv\u00e9 v\u00e1ljon.<\/p>\n<figure id=\"attachment_159908\" aria-describedby=\"caption-attachment-159908\" style=\"width: 1200px\" class=\"wp-caption aligncenter\"><a href=\"https:\/\/semmelweis.hu\/hirek\/files\/2025\/11\/RS225687_GV5A2079_scr.jpg\"><img loading=\"lazy\" decoding=\"async\" class=\"wp-image-159908 size-full\" src=\"https:\/\/semmelweis.hu\/hirek\/files\/2025\/11\/RS225687_GV5A2079_scr.jpg\" alt=\"\" width=\"1200\" height=\"800\" srcset=\"https:\/\/semmelweis.hu\/hirek\/files\/2025\/11\/RS225687_GV5A2079_scr.jpg 1200w, https:\/\/semmelweis.hu\/hirek\/files\/2025\/11\/RS225687_GV5A2079_scr-400x267.jpg 400w, https:\/\/semmelweis.hu\/hirek\/files\/2025\/11\/RS225687_GV5A2079_scr-900x600.jpg 900w, https:\/\/semmelweis.hu\/hirek\/files\/2025\/11\/RS225687_GV5A2079_scr-768x512.jpg 768w, https:\/\/semmelweis.hu\/hirek\/files\/2025\/11\/RS225687_GV5A2079_scr-753x502.jpg 753w, https:\/\/semmelweis.hu\/hirek\/files\/2025\/11\/RS225687_GV5A2079_scr-203x135.jpg 203w\" sizes=\"auto, (max-width: 1200px) 100vw, 1200px\" \/><\/a><figcaption id=\"caption-attachment-159908\" class=\"wp-caption-text\">Dr. Jakab Zsuzsanna, dr. Hans Henri P. Kluge, dr. Piroska \u00d6stlund, dr- \u00c1d\u00e1ny R\u00f3za, dr. Merkely B\u00e9la, dr. Ungv\u00e1ri Zolt\u00e1n<\/figcaption><\/figure>\n<p>Dr. Ungv\u00e1ri Zolt\u00e1n, a Megel\u0151z\u0151 Orvostani \u00e9s N\u00e9peg\u00e9szs\u00e9gtani Int\u00e9zet igazgat\u00f3ja, valamint a WHO kollabor\u00e1ci\u00f3s k\u00f6zpont egyik vezet\u0151je hangs\u00falyozta, hogy az Eur\u00f3pai Uni\u00f3 \u00e9s Magyarorsz\u00e1g egyik legnagyobb n\u00e9peg\u00e9szs\u00e9g\u00fcgyi, t\u00e1rsadalmi \u00e9s gazdas\u00e1gi kih\u00edv\u00e1sa a n\u00e9pess\u00e9g eg\u00e9szs\u00e9gtelen \u00f6reged\u00e9se. Ez\u00e9rt s\u00fcrg\u0151s int\u00e9zked\u00e9sekre van sz\u00fcks\u00e9g a korral \u00f6sszef\u00fcgg\u0151 megel\u0151zhet\u0151 betegs\u00e9gek morbidit\u00e1s\u00e1nak, mortalit\u00e1s\u00e1nak cs\u00f6kkent\u00e9s\u00e9re. Ehhez meg kell \u00e9rten\u00fcnk \u00e9s t\u00e1mogatnunk kell a sikeres \u00f6reged\u00e9s felt\u00e9teleit \u2013 jelentette ki dr. Ungv\u00e1ri Zolt\u00e1n. El\u0151ad\u00e1s\u00e1ban bemutatta, hogyan j\u00e1rul hozz\u00e1 e c\u00e9l el\u00e9r\u00e9s\u00e9hez az oktat\u00e1s prevenci\u00f3s szeml\u00e9let\u0171 \u00e1talak\u00edt\u00e1sa \u2013 ide\u00e9rtve az \u00faj n\u00e9peg\u00e9szs\u00e9gtani szakk\u00f6nyv kiad\u00e1s\u00e1t, az \u00e9letm\u00f3dorvosl\u00e1s bevezet\u00e9s\u00e9t a medikusk\u00e9pz\u00e9sbe, a megel\u0151z\u0151 orvostani \u00e9s n\u00e9peg\u00e9szs\u00e9g\u00fcgyi szakvizsga meg\u00faj\u00edt\u00e1s\u00e1t is \u2013, az egyetem praxisk\u00f6z\u00f6ss\u00e9gi modellje, a Munkahelyi Eg\u00e9szs\u00e9gfejleszt\u00e9si Modellprogramja, valamint a Semmelweis Study a prevenci\u00f3s \u00f6reged\u00e9s t\u00e1mogat\u00e1s\u00e1hoz, \u00e9s hogyan profit\u00e1lhat ebb\u0151l a hazai alapell\u00e1t\u00e1s reformja. A Kollabor\u00e1ci\u00f3s K\u00f6zpontnak kulcsszerepe lesz a tud\u00e1smegoszt\u00e1s, m\u00f3dszertani t\u00e1mogat\u00e1s \u00e9s nemzetk\u00f6zi projektek koordin\u00e1l\u00e1sa ter\u00e9n \u2013 tette hozz\u00e1 dr. Ungv\u00e1ri Zolt\u00e1n.<\/p>\n<p>Dr. \u00c1d\u00e1ny R\u00f3za professzor, a WHO Kollabor\u00e1ci\u00f3s K\u00f6zpont vezet\u0151je el\u0151ad\u00e1s\u00e1ban t\u00f6bbek k\u00f6z\u00f6tt r\u00e9szletezte, hogyan j\u00e1rul majd hozz\u00e1 a k\u00f6zpont a WHO Eur\u00f3pa eg\u00e9szs\u00e9ges id\u0151s\u00f6d\u00e9st t\u00e1mogat\u00f3 strat\u00e9gi\u00e1j\u00e1nak kidolgoz\u00e1s\u00e1hoz \u00e9s majdani megval\u00f3s\u00edt\u00e1s\u00e1hoz. Egyr\u00e9szt felt\u00e9rk\u00e9pezt\u00e9k, hogy az Eur\u00f3pai Uni\u00f3 tag\u00e1llamaiban milyen, a korral j\u00e1r\u00f3 megbeteged\u00e9sek mekkora terhet jelentenek, \u00e9s ezen bel\u00fcl is tag\u00e1llamonk\u00e9nt melyek a megfelel\u0151 ell\u00e1t\u00e1ssal elker\u00fclhet\u0151 hal\u00e1loz\u00e1s leggyakoribb k\u00f3rokai. A publik\u00e1l\u00e1s alatt l\u00e9v\u0151 tanulm\u00e1ny adatai alapj\u00e1n a professzor szerint \u00e9rdemes c\u00e9lzott tag\u00e1llami, \u00e9s bizonyos r\u00e9gi\u00f3kban tag\u00e1llamok k\u00f6z\u00f6tt \u00f6sszehangolt beavatkoz\u00e1si terveket k\u00e9sz\u00edteni. Terveik szerint relev\u00e1ns szakpolitikai tal\u00e1lkoz\u00f3k el\u0151k\u00e9sz\u00edt\u00e9s\u00e9vel, megszervez\u00e9s\u00e9vel is t\u00e1mogatj\u00e1k majd a WHO eur\u00f3pai irod\u00e1ja tev\u00e9kenys\u00e9g\u00e9t, az eur\u00f3pai WHO kollabor\u00e1ci\u00f3s k\u00f6zpontok eg\u00e9szs\u00e9ges id\u0151s\u00f6d\u00e9ssel \u00f6sszef\u00fcgg\u0151 tev\u00e9kenys\u00e9geinek fokoz\u00e1s\u00e1t.<\/p>\n\r\n        [slb_exclude]\r\n        <div class=\"row galeria-wrapper mx-0 h-auto\">\r\n            <div class=\"col-9 pl-0 pr-2\">\r\n            <span class=\"gallery-item frame\">\r\n\t\t\t\t<div class=\"galeria-left-img\"><a href=\"https:\/\/semmelweis.hu\/hirek\/files\/2025\/11\/RS225685_GV5A2053_scr.jpg\"><img src=https:\/\/semmelweis.hu\/hirek\/files\/2025\/11\/RS225685_GV5A2053_scr.jpg  \r\n                            alt=\"\" \r\n                            class=\"attachment-sote-gallery-big size-sote-gallery-big\" \r\n                            srcset=\"https:\/\/semmelweis.hu\/hirek\/files\/2025\/11\/RS225685_GV5A2053_scr-400x267.jpg 400w, https:\/\/semmelweis.hu\/hirek\/files\/2025\/11\/RS225685_GV5A2053_scr-900x600.jpg 900w, https:\/\/semmelweis.hu\/hirek\/files\/2025\/11\/RS225685_GV5A2053_scr-768x512.jpg 768w, https:\/\/semmelweis.hu\/hirek\/files\/2025\/11\/RS225685_GV5A2053_scr-753x502.jpg 753w, https:\/\/semmelweis.hu\/hirek\/files\/2025\/11\/RS225685_GV5A2053_scr-203x135.jpg 203w, https:\/\/semmelweis.hu\/hirek\/files\/2025\/11\/RS225685_GV5A2053_scr.jpg 1200w\" ><\/a><\/div>\r\n            <\/span>\r\n\r\n            <\/div>\r\n\r\n\t\t\t<div class=\"col-3 pl-0 pr-0\">\r\n\t\t\t\t<div class=\"galeria-right-img d-flex justify-content-between flex-column h-100 w-100 px-0 mx-0 \">\r\n                <div class=\"galeria-box\">\r\n\t\t\t\t\t<h3 class=\"galeria-title\">Gal\u00e9ria<\/h3>\r\n\t\t\t\t\t<div class=\"galeria-subtitle\">\r\n\r\n\t\t\t\t\t\t<div class=\"galeria-page-counter\"><span>10<\/span>k\u00e9p<\/div>\r\n                    <\/div> <\/div>\r\n                    <span class=\"gallery-item frame d-none d-md-flex\">\r\n\t\t\t\t\t<div class=\"galeria-small-img mt-0\"><a href=\"https:\/\/semmelweis.hu\/hirek\/files\/2025\/11\/RS225599_GV5A1615_scr.jpg\"><img src=https:\/\/semmelweis.hu\/hirek\/files\/2025\/11\/RS225599_GV5A1615_scr.jpg \r\n                                alt=\"\"  \r\n                                class=\"attachment-sote-gallery-small size-sote-gallery-small\" \r\n                                srcset=\"https:\/\/semmelweis.hu\/hirek\/files\/2025\/11\/RS225599_GV5A1615_scr-400x267.jpg 400w, https:\/\/semmelweis.hu\/hirek\/files\/2025\/11\/RS225599_GV5A1615_scr-900x600.jpg 900w, https:\/\/semmelweis.hu\/hirek\/files\/2025\/11\/RS225599_GV5A1615_scr-768x512.jpg 768w, https:\/\/semmelweis.hu\/hirek\/files\/2025\/11\/RS225599_GV5A1615_scr-753x502.jpg 753w, https:\/\/semmelweis.hu\/hirek\/files\/2025\/11\/RS225599_GV5A1615_scr-203x135.jpg 203w, https:\/\/semmelweis.hu\/hirek\/files\/2025\/11\/RS225599_GV5A1615_scr.jpg 1200w\" ><\/a><\/div>\r\n                    <\/span>\r\n                    <span class=\"gallery-item frame d-none d-md-flex\">\r\n\t\t\t\t\t<div class=\"galeria-small-img mt-0\"><a href=\"https:\/\/semmelweis.hu\/hirek\/files\/2025\/11\/RS225617_GV5A1713_scr-1.jpg\"><img src=https:\/\/semmelweis.hu\/hirek\/files\/2025\/11\/RS225617_GV5A1713_scr-1.jpg \r\n                                alt=\"Dr. Hank\u00f3 Bal\u00e1zs\" \r\n                                class=\"attachment-sote-gallery-small size-sote-gallery-small\" \r\n                                srcset=\"https:\/\/semmelweis.hu\/hirek\/files\/2025\/11\/RS225617_GV5A1713_scr-1-400x267.jpg 400w, https:\/\/semmelweis.hu\/hirek\/files\/2025\/11\/RS225617_GV5A1713_scr-1-900x600.jpg 900w, https:\/\/semmelweis.hu\/hirek\/files\/2025\/11\/RS225617_GV5A1713_scr-1-768x512.jpg 768w, https:\/\/semmelweis.hu\/hirek\/files\/2025\/11\/RS225617_GV5A1713_scr-1-753x502.jpg 753w, https:\/\/semmelweis.hu\/hirek\/files\/2025\/11\/RS225617_GV5A1713_scr-1-203x135.jpg 203w, https:\/\/semmelweis.hu\/hirek\/files\/2025\/11\/RS225617_GV5A1713_scr-1.jpg 1200w\" ><\/a><\/div>\r\n                    <\/span>\r\n\r\n                <\/div>\r\n\r\n            <\/div>\r\n\r\n            <span class=\"gallery-item\"><div class=\"hidden\"><a href=\"https:\/\/semmelweis.hu\/hirek\/files\/2025\/11\/RS225674_GV5A2027_scr.jpg\">\r\n        <img src=https:\/\/semmelweis.hu\/hirek\/files\/2025\/11\/RS225674_GV5A2027_scr.jpg alt=\"\" class=\"attachment-sote-gallery-big size-sote-gallery-big\" srcset=\"https:\/\/semmelweis.hu\/hirek\/files\/2025\/11\/RS225674_GV5A2027_scr-400x267.jpg 400w, https:\/\/semmelweis.hu\/hirek\/files\/2025\/11\/RS225674_GV5A2027_scr-900x600.jpg 900w, https:\/\/semmelweis.hu\/hirek\/files\/2025\/11\/RS225674_GV5A2027_scr-768x512.jpg 768w, https:\/\/semmelweis.hu\/hirek\/files\/2025\/11\/RS225674_GV5A2027_scr-753x502.jpg 753w, https:\/\/semmelweis.hu\/hirek\/files\/2025\/11\/RS225674_GV5A2027_scr-203x135.jpg 203w, https:\/\/semmelweis.hu\/hirek\/files\/2025\/11\/RS225674_GV5A2027_scr.jpg 1200w\" >\r\n        <\/a><\/div><\/span><span class=\"gallery-item\"><div class=\"hidden\"><a href=\"https:\/\/semmelweis.hu\/hirek\/files\/2025\/11\/RS225620_GV5A1749_scr-1.jpg\">\r\n        <img src=https:\/\/semmelweis.hu\/hirek\/files\/2025\/11\/RS225620_GV5A1749_scr-1.jpg alt=\"Dr. Bidl\u00f3 Judit\" class=\"attachment-sote-gallery-big size-sote-gallery-big\" srcset=\"https:\/\/semmelweis.hu\/hirek\/files\/2025\/11\/RS225620_GV5A1749_scr-1-400x267.jpg 400w, https:\/\/semmelweis.hu\/hirek\/files\/2025\/11\/RS225620_GV5A1749_scr-1-900x600.jpg 900w, https:\/\/semmelweis.hu\/hirek\/files\/2025\/11\/RS225620_GV5A1749_scr-1-768x512.jpg 768w, https:\/\/semmelweis.hu\/hirek\/files\/2025\/11\/RS225620_GV5A1749_scr-1-753x502.jpg 753w, https:\/\/semmelweis.hu\/hirek\/files\/2025\/11\/RS225620_GV5A1749_scr-1-203x135.jpg 203w, https:\/\/semmelweis.hu\/hirek\/files\/2025\/11\/RS225620_GV5A1749_scr-1.jpg 1200w\" >\r\n        <\/a><\/div><\/span><span class=\"gallery-item\"><div class=\"hidden\"><a href=\"https:\/\/semmelweis.hu\/hirek\/files\/2025\/11\/RS225622_GV5A1769_scr.jpg\">\r\n        <img src=https:\/\/semmelweis.hu\/hirek\/files\/2025\/11\/RS225622_GV5A1769_scr.jpg alt=\"Dr. Hans Henri P. Kluge\" class=\"attachment-sote-gallery-big size-sote-gallery-big\" srcset=\"https:\/\/semmelweis.hu\/hirek\/files\/2025\/11\/RS225622_GV5A1769_scr-400x267.jpg 400w, https:\/\/semmelweis.hu\/hirek\/files\/2025\/11\/RS225622_GV5A1769_scr-900x600.jpg 900w, https:\/\/semmelweis.hu\/hirek\/files\/2025\/11\/RS225622_GV5A1769_scr-768x512.jpg 768w, https:\/\/semmelweis.hu\/hirek\/files\/2025\/11\/RS225622_GV5A1769_scr-753x502.jpg 753w, https:\/\/semmelweis.hu\/hirek\/files\/2025\/11\/RS225622_GV5A1769_scr-203x135.jpg 203w, https:\/\/semmelweis.hu\/hirek\/files\/2025\/11\/RS225622_GV5A1769_scr.jpg 1200w\" >\r\n        <\/a><\/div><\/span><span class=\"gallery-item\"><div class=\"hidden\"><a href=\"https:\/\/semmelweis.hu\/hirek\/files\/2025\/11\/RS225677_GV5A2035_scr.jpg\">\r\n        <img src=https:\/\/semmelweis.hu\/hirek\/files\/2025\/11\/RS225677_GV5A2035_scr.jpg alt=\"\" class=\"attachment-sote-gallery-big size-sote-gallery-big\" srcset=\"https:\/\/semmelweis.hu\/hirek\/files\/2025\/11\/RS225677_GV5A2035_scr-400x267.jpg 400w, https:\/\/semmelweis.hu\/hirek\/files\/2025\/11\/RS225677_GV5A2035_scr-900x600.jpg 900w, https:\/\/semmelweis.hu\/hirek\/files\/2025\/11\/RS225677_GV5A2035_scr-768x512.jpg 768w, https:\/\/semmelweis.hu\/hirek\/files\/2025\/11\/RS225677_GV5A2035_scr-753x502.jpg 753w, https:\/\/semmelweis.hu\/hirek\/files\/2025\/11\/RS225677_GV5A2035_scr-203x135.jpg 203w, https:\/\/semmelweis.hu\/hirek\/files\/2025\/11\/RS225677_GV5A2035_scr.jpg 1200w\" >\r\n        <\/a><\/div><\/span><span class=\"gallery-item\"><div class=\"hidden\"><a href=\"https:\/\/semmelweis.hu\/hirek\/files\/2025\/11\/RS225675_GV5A2030_scr.jpg\">\r\n        <img src=https:\/\/semmelweis.hu\/hirek\/files\/2025\/11\/RS225675_GV5A2030_scr.jpg alt=\"\" class=\"attachment-sote-gallery-big size-sote-gallery-big\" srcset=\"https:\/\/semmelweis.hu\/hirek\/files\/2025\/11\/RS225675_GV5A2030_scr-400x267.jpg 400w, https:\/\/semmelweis.hu\/hirek\/files\/2025\/11\/RS225675_GV5A2030_scr-900x600.jpg 900w, https:\/\/semmelweis.hu\/hirek\/files\/2025\/11\/RS225675_GV5A2030_scr-768x512.jpg 768w, https:\/\/semmelweis.hu\/hirek\/files\/2025\/11\/RS225675_GV5A2030_scr-753x502.jpg 753w, https:\/\/semmelweis.hu\/hirek\/files\/2025\/11\/RS225675_GV5A2030_scr-203x135.jpg 203w, https:\/\/semmelweis.hu\/hirek\/files\/2025\/11\/RS225675_GV5A2030_scr.jpg 1200w\" >\r\n        <\/a><\/div><\/span><span class=\"gallery-item\"><div class=\"hidden\"><a href=\"https:\/\/semmelweis.hu\/hirek\/files\/2025\/11\/RS225655_GV5A1931_scr.jpg\">\r\n        <img src=https:\/\/semmelweis.hu\/hirek\/files\/2025\/11\/RS225655_GV5A1931_scr.jpg alt=\"dr. Ungv\u00e1ri Zolt\u00e1n\" class=\"attachment-sote-gallery-big size-sote-gallery-big\" srcset=\"https:\/\/semmelweis.hu\/hirek\/files\/2025\/11\/RS225655_GV5A1931_scr-400x267.jpg 400w, https:\/\/semmelweis.hu\/hirek\/files\/2025\/11\/RS225655_GV5A1931_scr-900x600.jpg 900w, https:\/\/semmelweis.hu\/hirek\/files\/2025\/11\/RS225655_GV5A1931_scr-768x512.jpg 768w, https:\/\/semmelweis.hu\/hirek\/files\/2025\/11\/RS225655_GV5A1931_scr-753x502.jpg 753w, https:\/\/semmelweis.hu\/hirek\/files\/2025\/11\/RS225655_GV5A1931_scr-203x135.jpg 203w, https:\/\/semmelweis.hu\/hirek\/files\/2025\/11\/RS225655_GV5A1931_scr.jpg 1200w\" >\r\n        <\/a><\/div><\/span><span class=\"gallery-item\"><div class=\"hidden\"><a href=\"https:\/\/semmelweis.hu\/hirek\/files\/2025\/11\/RS225666_GV5A1993_scr.jpg\">\r\n        <img src=https:\/\/semmelweis.hu\/hirek\/files\/2025\/11\/RS225666_GV5A1993_scr.jpg alt=\"Dr. \u00c1d\u00e1ny R\u00f3za\" class=\"attachment-sote-gallery-big size-sote-gallery-big\" srcset=\"https:\/\/semmelweis.hu\/hirek\/files\/2025\/11\/RS225666_GV5A1993_scr-400x267.jpg 400w, https:\/\/semmelweis.hu\/hirek\/files\/2025\/11\/RS225666_GV5A1993_scr-900x600.jpg 900w, https:\/\/semmelweis.hu\/hirek\/files\/2025\/11\/RS225666_GV5A1993_scr-768x512.jpg 768w, https:\/\/semmelweis.hu\/hirek\/files\/2025\/11\/RS225666_GV5A1993_scr-753x502.jpg 753w, https:\/\/semmelweis.hu\/hirek\/files\/2025\/11\/RS225666_GV5A1993_scr-203x135.jpg 203w, https:\/\/semmelweis.hu\/hirek\/files\/2025\/11\/RS225666_GV5A1993_scr.jpg 1200w\" >\r\n        <\/a><\/div><\/span>\r\n            <\/div>\r\n\r\n            [\/slb_exclude]\r\n\t\n<p>Kiss Melinda Katalin<br \/>\nFot\u00f3: Zellei Bogl\u00e1rka \u2013 Semmelweis Egyetem<\/p>\n","protected":false},"excerpt":{"rendered":"<p>Az err\u0151l sz\u00f3l\u00f3 megb\u00edz\u00f3levelet a WHO eur\u00f3pai igazgat\u00f3ja, dr. Hans Henri P. Kluge \u00fcnnep\u00e9lyes keretek k\u00f6z\u00f6tt adta \u00e1t az egyetem rektor\u00e1nak.<\/p>\n","protected":false},"author":102163,"featured_media":159903,"comment_status":"closed","ping_status":"closed","sticky":false,"template":"","format":"standard","meta":{"_acf_changed":false,"footnotes":""},"categories":[154,168],"tags":[345],"class_list":["post-159900","post","type-post","status-publish","format-standard","has-post-thumbnail","hentry","category-egeszseg","category-kiemelt","tag-esemenyek-es-beszamolok"],"acf":[],"_links":{"self":[{"href":"https:\/\/semmelweis.hu\/hirek\/wp-json\/wp\/v2\/posts\/159900","targetHints":{"allow":["GET"]}}],"collection":[{"href":"https:\/\/semmelweis.hu\/hirek\/wp-json\/wp\/v2\/posts"}],"about":[{"href":"https:\/\/semmelweis.hu\/hirek\/wp-json\/wp\/v2\/types\/post"}],"author":[{"embeddable":true,"href":"https:\/\/semmelweis.hu\/hirek\/wp-json\/wp\/v2\/users\/102163"}],"replies":[{"embeddable":true,"href":"https:\/\/semmelweis.hu\/hirek\/wp-json\/wp\/v2\/comments?post=159900"}],"version-history":[{"count":12,"href":"https:\/\/semmelweis.hu\/hirek\/wp-json\/wp\/v2\/posts\/159900\/revisions"}],"predecessor-version":[{"id":160364,"href":"https:\/\/semmelweis.hu\/hirek\/wp-json\/wp\/v2\/posts\/159900\/revisions\/160364"}],"wp:featuredmedia":[{"embeddable":true,"href":"https:\/\/semmelweis.hu\/hirek\/wp-json\/wp\/v2\/media\/159903"}],"wp:attachment":[{"href":"https:\/\/semmelweis.hu\/hirek\/wp-json\/wp\/v2\/media?parent=159900"}],"wp:term":[{"taxonomy":"category","embeddable":true,"href":"https:\/\/semmelweis.hu\/hirek\/wp-json\/wp\/v2\/categories?post=159900"},{"taxonomy":"post_tag","embeddable":true,"href":"https:\/\/semmelweis.hu\/hirek\/wp-json\/wp\/v2\/tags?post=159900"}],"curies":[{"name":"wp","href":"https:\/\/api.w.org\/{rel}","templated":true}]}}