{"id":15972,"date":"2013-03-08T14:11:57","date_gmt":"2013-03-08T13:11:57","guid":{"rendered":"http:\/\/semmelweis-egyetem.hu\/hirek\/?p=15972"},"modified":"2018-02-13T14:48:08","modified_gmt":"2018-02-13T13:48:08","slug":"nemzeti-kivalosagi-program-osztondijai-het-semmelweises-fiatal-a-tamogatottak-kozt","status":"publish","type":"post","link":"https:\/\/semmelweis.hu\/hirek\/2013\/03\/08\/nemzeti-kivalosagi-program-osztondijai-het-semmelweises-fiatal-a-tamogatottak-kozt\/","title":{"rendered":"Nemzeti Kiv\u00e1l\u00f3s\u00e1gi Program \u00f6szt\u00f6nd\u00edjai: 15 Semmelweises fiatal a t\u00e1mogatottak k\u00f6zt"},"content":{"rendered":"<p><a href=\"https:\/\/semmelweis.hu\/hirek\/files\/2013\/03\/e\u00f6tvos.jpg\"><img loading=\"lazy\" decoding=\"async\" class=\"alignright size-medium wp-image-15973\" alt=\"e\u00f6tvos\" src=\"https:\/\/semmelweis.hu\/hirek\/files\/2013\/03\/e\u00f6tvos-300x200.jpg\" width=\"300\" height=\"200\" srcset=\"https:\/\/semmelweis.hu\/hirek\/files\/2013\/03\/e\u00f6tvos-300x200.jpg 300w, https:\/\/semmelweis.hu\/hirek\/files\/2013\/03\/e\u00f6tvos-600x400.jpg 600w\" sizes=\"auto, (max-width: 300px) 100vw, 300px\" \/><\/a>Kihirdett\u00e9k a Nemzeti Kiv\u00e1l\u00f3s\u00e1g Program (NKP) keret\u00e9ben meghirdetett E\u00f6tv\u00f6s Lor\u00e1nd Hallgat\u00f3i \u00d6szt\u00f6nd\u00edj p\u00e1ly\u00e1zat, az Ap\u00e1czai Csere J\u00e1nos Doktoranduszi \u00d6szt\u00f6nd\u00edj p\u00e1ly\u00e1zat, a Magyary Zolt\u00e1n Posztdoktori \u00d6szt\u00f6nd\u00edj valamint a Jedlik \u00c1nyos Doktorjel\u00f6lt \u00d6szt\u00f6nd\u00edj nyerteseit.<\/p>\n<p>Az E\u00f6tv\u00f6s Lor\u00e1nd Hallgat\u00f3i \u00d6szt\u00f6nd\u00edj p\u00e1ly\u00e1zat c\u00e9lja a tehets\u00e9ges hallgat\u00f3k kutat\u00e1si tev\u00e9kenys\u00e9g\u00e9nek \u00e9s szakmai fejl\u0151d\u00e9s\u00e9nek t\u00e1mogat\u00e1sa, amelynek eredm\u00e9nye magas sz\u00ednvonal\u00fa, figyelemre m\u00e9lt\u00f3 publik\u00e1ci\u00f3 (szakdolgozat, diplomamunka, TDK-dolgozat vagy tudom\u00e1nyos cikk), vagy egy\u00e9b \u2013 az adott tudom\u00e1ny\u00e1gban relev\u00e1ns \u2013 tudom\u00e1nyos, m\u0171v\u00e9szi alkot\u00e1s, illetve a doktori tanulm\u00e1nyok megkezd\u00e9s\u00e9re val\u00f3 felk\u00e9sz\u00fcl\u00e9s.<\/p>\n<p>Szint\u00e9n az NKP keret\u00e9ben hirdett\u00e9k meg az Ap\u00e1czai Csere J\u00e1nos Doktoranduszi \u00d6szt\u00f6nd\u00edj p\u00e1ly\u00e1zatot, amelynek tizenk\u00e9t nyertese k\u00f6z\u00fcl egy k\u00f6t\u0151dik a Semmelweis Egyetemhez. Ez a p\u00e1ly\u00e1zat a kiemelked\u0151 tudom\u00e1nyos eredm\u00e9nyeket felmutat\u00f3 doktoranduszokat t\u00e1mogatja 12 h\u00f3napon \u00e1t.<\/p>\n<p>A Jedlik \u00c1nyos Doktori \u00d6szt\u00f6nd\u00edj a doktorjel\u00f6ltek t\u00e1mogat\u00e1s\u00e1ra j\u00f6tt l\u00e9tre. Azok a doktorjel\u00f6ltek nyerhetik el, akik doktori tanulm\u00e1nyaik alatt kiemelked\u0151 eredm\u00e9nyess\u00e9ggel kutattak, a t\u00e1mogat\u00e1si id\u0151szakban akt\u00edvan r\u00e9szt vesznek egy adott kutat\u00e1si, fejleszt\u00e9si projektben magyarorsz\u00e1gi fels\u0151oktat\u00e1si, akad\u00e9miai vagy nonprofit kutat\u00f3helyen, v\u00e1llalj\u00e1k, hogy az \u00f6szt\u00f6nd\u00edjas id\u0151szak alatt egy adott magyar fels\u0151oktat\u00e1si int\u00e9zm\u00e9nyben v\u00e9gzik \u00e9s\/vagy hasznos\u00edtj\u00e1k tudom\u00e1nyos kutat\u00e1sukat, a t\u00e1mogat\u00e1si id\u0151szak v\u00e9g\u00e9ig beny\u00fajtj\u00e1k disszert\u00e1ci\u00f3jukat.<\/p>\n<p>A Magyary Zolt\u00e1n Posztdoktori \u00d6szt\u00f6nd\u00edj c\u00e9lja a fiatal, tehets\u00e9ges oktat\u00f3-kutat\u00f3k, m\u0171v\u00e9szek anyagi \u00e9s szakmai\u00a0t\u00e1mogat\u00e1sa, a kiemelked\u0151 kutat\u00e1si, fejleszt\u00e9si teljes\u00edtm\u00e9ny \u00f6szt\u00f6nz\u00e9se \u00e9s elismer\u00e9se, valamint a tudom\u00e1nyos ut\u00e1np\u00f3tl\u00e1s k\u00e9pz\u00e9s\u00e9nek \u00e9s biztos\u00edt\u00e1s\u00e1nak el\u0151seg\u00edt\u00e9se.<\/p>\n<p>A T\u00e1rsadalmi Meg\u00fajul\u00e1s Operat\u00edv Program r\u00e9szek\u00e9nt megval\u00f3sul\u00f3 Nemzeti Kiv\u00e1l\u00f3s\u00e1g Program c\u00e9lja a kimagasl\u00f3 oktat\u00e1si, kutat\u00e1si tev\u00e9kenys\u00e9g \u00f6szt\u00f6nz\u00e9se a nemzetgazdas\u00e1gi, valamint az eur\u00f3pai gazdas\u00e1gi t\u00e9rs\u00e9g szempontj\u00e1b\u00f3l jelent\u0151s eredm\u00e9nyek el\u00e9r\u00e9se \u00e9rdek\u00e9ben. DP<br \/>\nForr\u00e1s: K\u00f6zigazgat\u00e1si \u00e9s Igazs\u00e1g\u00fcgyi Hivatal<\/p>\n<p><strong>A Semmelweis Egyetemhez k\u00f6t\u0151d\u0151 \u00f6szt\u00f6nd\u00edjasok \u00e9s kutat\u00e1si t\u00e9m\u00e1ik:<\/strong><\/p>\n<p><span style=\"text-decoration: underline\">E\u00f6tv\u00f6s Lor\u00e1nd Hallgat\u00f3i \u00d6szt\u00f6nd\u00edj<\/span><\/p>\n<p>N\u00e9meth Bal\u00e1zs Tam\u00e1s: A cGMP-jel\u00e1tvitel farmakol\u00f3giai modul\u00e1ci\u00f3ja diabeteses cardiomyopathi\u00e1ban<\/p>\n<p>Sz\u0151nyi Andr\u00e1s: A felsz\u00e1ll\u00f3 szerotonerg rendszer szinapszisainak molekul\u00e1ris neuroanat\u00f3mi\u00e1ja<\/p>\n<p>Schuth G\u00e1bor: Excentrikus combhajl\u00edt\u00f3 edz\u00e9s hat\u00e1sa 10-11 \u00e9ves le\u00e1ny k\u00e9zilabd\u00e1sok hagyom\u00e1nyos \u00e9s funkcion\u00e1lis H\/Q ar\u00e1ny\u00e1ra<\/p>\n<p>Ker\u00e9nyi \u00c1ron: A hiperkapnia szerepe a hipoxi\u00e1s-iszk\u00e9mi\u00e1s agyk\u00e1rosod\u00e1s \u00e1llatmodellj\u00e9ben<\/p>\n<p>Syd\u00f3 N\u00f3ra: Az elektrokardiogr\u00e1fia szerepe a sportol\u00f3k kardiol\u00f3giai sz\u0171r\u00e9s\u00e9ben<\/p>\n<p>Sztupinszki Zs\u00f3fia: G\u00e9nk\u00f3piasz\u00e1m-v\u00e1ltoz\u00e1s \u00f6sszef\u00fcgg\u00e9se tumoros betegek t\u00fal\u00e9l\u00e9s\u00e9vel<\/p>\n<p><span style=\"text-decoration: underline\">Ap\u00e1czai Csere J\u00e1nos Doktoranduszi \u00d6szt\u00f6nd\u00edj<\/span><\/p>\n<p>Dr. K\u00e1rolyi Mih\u00e1ly G\u00e1bor: Hum\u00e1n atheroscleroticus coronaria plakkok vizsg\u00e1lata 256-szeletes CT-vel ex vivo modellen<\/p>\n<p><span style=\"text-decoration: underline\">Jedlik \u00c1nyos Doktorjel\u00f6lt \u00d6szt\u00f6nd\u00edj<\/span><\/p>\n<p>Cs\u00e9p\u00e1nyi-K\u00f6mi Roland:\u00a0A GTP\u00e1z aktiv\u00e1l\u00f3 feh\u00e9rj\u00e9k sejt\u00e9lettani szerep\u00e9nek vizsg\u00e1lata<\/p>\n<p>Futosi Krisztina:\u00a0Tirozin-kin\u00e1z jelp\u00e1ly\u00e1k szerep\u00e9nek vizsg\u00e1lata neutrofil granulocit\u00e1kban<\/p>\n<p>Dr. B\u00e1nki N\u00f3ra Fanni:\u00a0\u00daj patomechanizmusok a diab\u00e9teszes nefrop\u00e1tia kialaku\u00e1s\u00e1ban<\/p>\n<p>Dr. Varga Zolt\u00e1n:\u00a0MikroRNS molekul\u00e1k szerep\u00e9nek tanulm\u00e1nyoz\u00e1sa a sz\u00edv \u00e9lettani \u00e9s patol\u00f3gi\u00e1s \u00e1llapotaiban<\/p>\n<p>Dr. Gy\u00f6rgy Bence:\u00a0Sejt-eredet\u0171 extracellul\u00e1ris vezikul\u00e1k vizsg\u00e1lata<\/p>\n<p><span style=\"text-decoration: underline\">Magyary Zolt\u00e1n Posztdoktori \u00d6szt\u00f6nd\u00edj<\/span><\/p>\n<p>D\u00f6me Bal\u00e1zs:\u00a0Az erythropoietin szerepe a hum\u00e1n nem kissejtes t\u00fcd\u0151r\u00e1k v\u00e9r\u00e9rk\u00e9pz\u0151d\u00e9s\u00e9ben \u00e9s ter\u00e1pi\u00e1j\u00e1ban<\/p>\n<p>Horv\u00e1th G\u00e1bor:\u00a0A l\u00e9g\u00fati pH jelent\u0151s\u00e9g az asztma gy\u00f3gyszeres ter\u00e1pi\u00e1j\u00e1ban<\/p>\n<p>Dr. Maurovich-Horvat P\u00e1l:\u00a0Vulner\u00e1bilis koszor\u00fa\u00e9r-plakkok k\u00eds\u00e9rletes \u00e9s klinikai vizsg\u00e1lata<\/p>\n","protected":false},"excerpt":{"rendered":"<p><a href=\"https:\/\/semmelweis.hu\/hirek\/files\/2013\/03\/e\u00f6tvos.jpg\"><\/a> Kihirdett\u00e9k a Nemzeti Kiv\u00e1l\u00f3s\u00e1g Program (NKP) keret\u00e9ben meghirdetett E\u00f6tv\u00f6s Lor\u00e1nd Hallgat\u00f3i \u00d6szt\u00f6nd\u00edj p\u00e1ly\u00e1zat, az Ap\u00e1czai Csere J\u00e1nos Doktoranduszi \u00d6szt\u00f6nd\u00edj p\u00e1ly\u00e1zat, a Magyary Zolt\u00e1n Posztdoktori \u00d6szt\u00f6nd\u00edj valamint a Jedlik \u00c1nyos Doktorjel\u00f6lt \u00d6szt\u00f6nd\u00edj nyerteseit. Az E\u00f6tv\u00f6s Lor\u00e1nd Hallgat\u00f3i \u00d6szt\u00f6nd\u00edj p\u00e1ly\u00e1zat c\u00e9lja a tehets\u00e9ges hallgat\u00f3k kutat\u00e1si tev\u00e9kenys\u00e9g\u00e9nek \u00e9s szakmai fejl\u0151d\u00e9s\u00e9nek t\u00e1mogat\u00e1sa, amelynek eredm\u00e9nye magas sz\u00ednvonal\u00fa, figyelemre m\u00e9lt\u00f3 publik\u00e1ci\u00f3 &hellip;<\/p>\n","protected":false},"author":13,"featured_media":15973,"comment_status":"closed","ping_status":"open","sticky":false,"template":"","format":"standard","meta":{"_acf_changed":false,"footnotes":""},"categories":[3533,168],"tags":[91,3445],"class_list":["post-15972","post","type-post","status-publish","format-standard","has-post-thumbnail","hentry","category-hallgatok-oktatas","category-kiemelt","tag-osztondij","tag-tehetseg"],"acf":[],"_links":{"self":[{"href":"https:\/\/semmelweis.hu\/hirek\/wp-json\/wp\/v2\/posts\/15972","targetHints":{"allow":["GET"]}}],"collection":[{"href":"https:\/\/semmelweis.hu\/hirek\/wp-json\/wp\/v2\/posts"}],"about":[{"href":"https:\/\/semmelweis.hu\/hirek\/wp-json\/wp\/v2\/types\/post"}],"author":[{"embeddable":true,"href":"https:\/\/semmelweis.hu\/hirek\/wp-json\/wp\/v2\/users\/13"}],"replies":[{"embeddable":true,"href":"https:\/\/semmelweis.hu\/hirek\/wp-json\/wp\/v2\/comments?post=15972"}],"version-history":[{"count":10,"href":"https:\/\/semmelweis.hu\/hirek\/wp-json\/wp\/v2\/posts\/15972\/revisions"}],"predecessor-version":[{"id":38370,"href":"https:\/\/semmelweis.hu\/hirek\/wp-json\/wp\/v2\/posts\/15972\/revisions\/38370"}],"wp:featuredmedia":[{"embeddable":true,"href":"https:\/\/semmelweis.hu\/hirek\/wp-json\/wp\/v2\/media\/15973"}],"wp:attachment":[{"href":"https:\/\/semmelweis.hu\/hirek\/wp-json\/wp\/v2\/media?parent=15972"}],"wp:term":[{"taxonomy":"category","embeddable":true,"href":"https:\/\/semmelweis.hu\/hirek\/wp-json\/wp\/v2\/categories?post=15972"},{"taxonomy":"post_tag","embeddable":true,"href":"https:\/\/semmelweis.hu\/hirek\/wp-json\/wp\/v2\/tags?post=15972"}],"curies":[{"name":"wp","href":"https:\/\/api.w.org\/{rel}","templated":true}]}}