{"id":156973,"date":"2025-08-26T06:00:40","date_gmt":"2025-08-26T04:00:40","guid":{"rendered":"https:\/\/semmelweis.hu\/hirek\/?p=156973"},"modified":"2025-08-26T08:43:39","modified_gmt":"2025-08-26T06:43:39","slug":"sportolasi-lehetosegek-a-semmelweis-egyetemen-az-egeszseges-eletmod-es-a-kozossegi-elmenyek-szolgalataban","status":"publish","type":"post","link":"https:\/\/semmelweis.hu\/hirek\/2025\/08\/26\/sportolasi-lehetosegek-a-semmelweis-egyetemen-az-egeszseges-eletmod-es-a-kozossegi-elmenyek-szolgalataban\/","title":{"rendered":"Sportol\u00e1si lehet\u0151s\u00e9gek a Semmelweis Egyetemen \u2013 az eg\u00e9szs\u00e9ges \u00e9letm\u00f3d \u00e9s a k\u00f6z\u00f6ss\u00e9gi \u00e9lm\u00e9nyek szolg\u00e1lat\u00e1ban"},"content":{"rendered":"<div class=\"lead\">A Semmelweis Egyetem kiemelten fontosnak tartja, hogy hallgat\u00f3i \u00e9s munkat\u00e1rsai sz\u00e1m\u00e1ra egyar\u00e1nt biztos\u00edtsa a rendszeres testmozg\u00e1s \u00e9s az eg\u00e9szs\u00e9ges \u00e9letm\u00f3d felt\u00e9teleit. A sport ugyanis nem csup\u00e1n a fizikai eg\u00e9szs\u00e9g meg\u0151rz\u00e9s\u00e9nek eszk\u00f6ze, hanem hozz\u00e1j\u00e1rul a ment\u00e1lis j\u00f3ll\u00e9thez, a tanulm\u00e1nyi \u00e9s munkahelyi teljes\u00edtm\u00e9nyhez, valamint az egyetemi k\u00f6z\u00f6ss\u00e9g er\u0151s\u00edt\u00e9s\u00e9hez is. Cikk\u00fckben az egyetemen hallgat\u00f3k \u00e9s munkat\u00e1rsak sz\u00e1m\u00e1ra el\u00e9rhet\u0151 sportol\u00e1si lehet\u0151s\u00e9geket mutatjuk be.<\/div>\n<p>A Semmelweis Egyetem hallgat\u00f3i sz\u00e1m\u00e1ra a k\u00e9pz\u00e9si id\u0151szak alatt folyamatosan biztos\u00edtott a sportol\u00e1s lehet\u0151s\u00e9ge. A testnevel\u00e9s \u00a0mindv\u00e9gig krit\u00e9riumt\u00e1rgyk\u00e9nt teljes\u00edtend\u0151: egyes karokon az els\u0151 k\u00e9t \u00e9vben a kreditpontot \u00e9r, m\u00e1shol \u00e9s a fels\u0151bb \u00e9vfolyamokon al\u00e1\u00edr\u00e1s\u00e9rt teljes\u00edtenek a hallgat\u00f3k. Itt sz\u00e9les v\u00e1laszt\u00e9kban \u00e1llnak rendelkez\u00e9sre sport\u00e1gak, amelyekre szabadon jelentkezhetnek. A c\u00e9l, hogy a testmozg\u00e1s szerves r\u00e9sz\u00e9v\u00e9 v\u00e1ljon a mindennapoknak \u2013 ak\u00e1r versenyszer\u0171en, ak\u00e1r szabadid\u0151s form\u00e1ban.<\/p>\n<p><a href=\"https:\/\/semmelweis.hu\/hirek\/files\/2025\/08\/RS57552_IMG_4901-scr.jpg\"><img loading=\"lazy\" decoding=\"async\" class=\"aligncenter size-full wp-image-156976\" src=\"https:\/\/semmelweis.hu\/hirek\/files\/2025\/08\/RS57552_IMG_4901-scr.jpg\" alt=\"\" width=\"1200\" height=\"800\" srcset=\"https:\/\/semmelweis.hu\/hirek\/files\/2025\/08\/RS57552_IMG_4901-scr.jpg 1200w, https:\/\/semmelweis.hu\/hirek\/files\/2025\/08\/RS57552_IMG_4901-scr-400x267.jpg 400w, https:\/\/semmelweis.hu\/hirek\/files\/2025\/08\/RS57552_IMG_4901-scr-900x600.jpg 900w, https:\/\/semmelweis.hu\/hirek\/files\/2025\/08\/RS57552_IMG_4901-scr-768x512.jpg 768w, https:\/\/semmelweis.hu\/hirek\/files\/2025\/08\/RS57552_IMG_4901-scr-753x502.jpg 753w, https:\/\/semmelweis.hu\/hirek\/files\/2025\/08\/RS57552_IMG_4901-scr-203x135.jpg 203w\" sizes=\"auto, (max-width: 1200px) 100vw, 1200px\" \/><\/a><\/p>\n<p>A Semmelweis Egyetem Sport Klubja az egyetemi k\u00f6z\u00f6ss\u00e9gen bel\u00fcl soksz\u00edn\u0171 lehet\u0151s\u00e9gekkel seg\u00edti az \u00e9l\u00e9nk sport\u00e9letet. Jelenleg 16 szakoszt\u00e1llyal m\u0171k\u00f6dik, amelyek a professzion\u00e1lis szint\u0171 felk\u00e9sz\u00fcl\u00e9st\u0151l a hobbisportig k\u00edn\u00e1lnak lehet\u0151s\u00e9geket. A klubba val\u00f3 jelentkez\u00e9s minden hallgat\u00f3 sz\u00e1m\u00e1ra nyitott; r\u00e9szletes inform\u00e1ci\u00f3k \u00e9s el\u00e9rhet\u0151s\u00e9gek a klub hivatalos honlapj\u00e1n tal\u00e1lhat\u00f3k (<a href=\"https:\/\/semmelweis.hu\/sportklub\/\" target=\"_blank\" rel=\"noopener\">a honlap erre a linkre kattintva \u00e9rhet\u0151 el<\/a>).<\/p>\n<div class=\"fontos_div\">\n<p><strong>A szakoszt\u00e1lyok k\u00f6z\u00f6tt szerepel:<\/strong><\/p>\n<p>Aerobic \u00e9s cheerleading<\/p>\n<p>Asztalitenisz<\/p>\n<p>Bridzs<\/p>\n<p>J\u00e9gkorong<\/p>\n<p>K\u00e9zilabda<\/p>\n<p>Kos\u00e1rlabda<\/p>\n<p>K\u00fczd\u0151sportok<\/p>\n<p>Labdar\u00fag\u00e1s<\/p>\n<p>R\u00f6plabda<\/p>\n<p>Sakk<\/p>\n<p>Szabadid\u0151sport (fut\u00e1s, triatlon)<\/p>\n<p>T\u00e1nc<\/p>\n<p>Tenisz<\/p>\n<p>Tollaslabda<\/p>\n<p>\u00dasz\u00e1s<\/p>\n<p>V\u00edzilabda<\/p>\n<\/div>\n<p>A Medikus Kup\u00e1n szerepl\u0151 csapatsport\u00e1gakban \u2013 mint a labdar\u00fag\u00e1s, k\u00e9zilabda, kos\u00e1rlabda, r\u00f6plabda \u00e9s v\u00edzilabda \u2013 az egyetem els\u0151sorban komolyabb sportol\u00f3i m\u00falttal rendelkez\u0151 hallgat\u00f3k jelentkez\u00e9s\u00e9re sz\u00e1m\u00edt, hiszen a c\u00e9l a Medikus Kupa \u00f6sszetett verseny\u00e9ben a c\u00edmv\u00e9d\u00e9s \u00e9s az egyre sz\u00ednvonalasabb orsz\u00e1gos versenyeken val\u00f3 helyt\u00e1ll\u00e1s. Az el\u0151z\u0151 \u00e9vek Semmelweis-sikerei miatt magasak az elv\u00e1r\u00e1sok, hiszen id\u00e9n hazat\u00e9rt a Medikus V\u00e1ndorkupa az Egyetemre, r\u00e1ad\u00e1sul az elm\u00falt n\u00e9gy \u00e9vben h\u00e1romszor a Semmelweis csapata nyerte meg az \u00f6sszetett versenyt a f\u00e9l \u00e9vsz\u00e1zados hagyom\u00e1nyokkal rendelkez\u0151 megm\u00e9rettet\u00e9sen. Err\u0151l r\u00e9szletesen \u00e1prilisi cikk\u00fcnkben \u00edrtunk, ami <a href=\"https:\/\/semmelweis.hu\/hirek\/2025\/04\/14\/hazatert-a-semmelweisre-a-medikus-vandorkupa\/\" target=\"_blank\" rel=\"noopener\">erre a linkre kattintva olvashat\u00f3. <\/a>Ugyanakkor a t\u00f6bbi szakoszt\u00e1ly \u2013 a kezd\u0151 sportol\u00f3kt\u00f3l a halad\u00f3kig \u2013 minden \u00e9rdekl\u0151d\u0151t \u00f6r\u00f6mmel fogad. Az edz\u00e9sek jellemz\u0151en szakk\u00e9pzett edz\u0151k vezet\u00e9s\u00e9vel zajlanak, \u00edgy biztos\u00edtott a megfelel\u0151 elm\u00e9leti \u00e9s gyakorlati h\u00e1tt\u00e9r is.<\/p>\n<p>V\u00e1rszegi Korn\u00e9lia, a Semmelweis Egyetem Testnevel\u00e9si \u00e9s Sportk\u00f6zpont igazgat\u00f3ja szerint az egyetem c\u00e9lja az, hogy a hallgat\u00f3k sz\u00e1m\u00e1ra term\u00e9szetess\u00e9 v\u00e1ljon a rendszeres testmozg\u00e1s. Mint fogalmazott: az egyetemi sport\u00e9let kulcsszavai a szeml\u00e9letform\u00e1l\u00e1s, a p\u00e9ldamutat\u00e1s \u00e9s az eg\u00e9szs\u00e9gtudatoss\u00e1g.<\/p>\n<blockquote>\n<p>Nem felt\u00e9tlen\u00fcl az a c\u00e9l, hogy minden hallgat\u00f3b\u00f3l \u00e9lsportol\u00f3 v\u00e1ljon, de fontos, hogy mindenki megtal\u00e1lja a sz\u00e1m\u00e1ra megfelel\u0151 mozg\u00e1sform\u00e1t. A sportol\u00e1s nemcsak az eg\u00e9szs\u00e9gmeg\u0151rz\u00e9st seg\u00edti, hanem p\u00e9ld\u00e1t is jelenthet: azok a fiatalok, akik ma orvosnak, gy\u00f3gyszer\u00e9sznek vagy m\u00e1s eg\u00e9szs\u00e9g\u00fcgyi szakembernek k\u00e9sz\u00fclnek, holnap m\u00e1r m\u00e1sok eg\u00e9szs\u00e9g\u00e9\u00e9rt felelnek \u2013 ez\u00e9rt k\u00fcl\u00f6n\u00f6sen fontos, hogy saj\u00e1t j\u00f3ll\u00e9t\u00fckre is figyelmet ford\u00edtsanak<\/p>\n<\/blockquote>\n<p>\u2013 emelte ki V\u00e1rszegi Korn\u00e9lia. Azokra a sportol\u00f3kra pedig \u2013 tette hozz\u00e1 \u2013 akik a Medikus Kup\u00e1n, a MEFOB bajnoks\u00e1gain vagy m\u00e1s versenyen k\u00e9pviselik a Semmelweis Egyetemet, az eg\u00e9sz k\u00f6z\u00f6ss\u00e9g nagyon b\u00fcszke \u2013 ezt fejezik ki azok a d\u00edj\u00e1tad\u00f3 \u00fcnneps\u00e9gek is, ahol a sikereket el\u00e9r\u0151 sportol\u00f3inkat \u00fcnnepelj\u00fck. <a href=\"https:\/\/semmelweis.hu\/hirek\/2025\/05\/16\/kupagyoztes-sportoloit-dijazta-a-semmelweis-egyetem\/\" target=\"_blank\" rel=\"noopener\">A 2024\/25-\u00f6s tan\u00e9v kupagy\u0151zteseinek estj\u00e9r\u0151l erre a linkre kattintva<\/a>, a <a href=\"https:\/\/semmelweis.hu\/hirek\/2025\/07\/29\/kiemelkedo-semmelweis-sporteredmenyek-az-orszagos-egyetemi-bajnoksagban\" target=\"_blank\" rel=\"noopener\">MEFOB-on sikereket el\u00e9rt sportol\u00f3k estj\u00e9r\u0151l sz\u00f3l\u00f3 cikk erre a linkre kattintva olvashat\u00f3<\/a>.\u00a0<\/p>\n<p>Az igazgat\u00f3 azt is hangs\u00falyozta, hogy az egyetemi kereteken bel\u00fcl v\u00e9gzett sporttev\u00e9kenys\u00e9g jelent\u0151sen kedvez\u0151bb \u00e1ron \u00e9rhet\u0151 el, mintha a hallgat\u00f3k a piaci \u00e1rat fizetn\u00e9k ezek\u00e9rt az egy\u00e9bk\u00e9nt igen n\u00e9pszer\u0171 szolg\u00e1ltat\u00e1sok\u00e9rt. A szakoszt\u00e1lyok v\u00e1ltoz\u00f3 \u00f6sszeg\u0171, de nem t\u00fals\u00e1gosan magas tagd\u00edjainak befizet\u00e9se mellett nem mer\u00fcl fel m\u00e1s k\u00f6lts\u00e9g, ezen fel\u00fcl pedig kedvezm\u00e9nyes p\u00e1lyab\u00e9rl\u00e9si lehet\u0151s\u00e9g is a hallgat\u00f3k rendelkez\u00e9s\u00e9re \u00e1ll \u2013 mondta el.<\/p>\n<p><a href=\"https:\/\/semmelweis.hu\/hirek\/files\/2025\/08\/RS212815__19A4111-scr.jpg\"><img loading=\"lazy\" decoding=\"async\" class=\"aligncenter size-full wp-image-156977\" src=\"https:\/\/semmelweis.hu\/hirek\/files\/2025\/08\/RS212815__19A4111-scr.jpg\" alt=\"\" width=\"1200\" height=\"800\" srcset=\"https:\/\/semmelweis.hu\/hirek\/files\/2025\/08\/RS212815__19A4111-scr.jpg 1200w, https:\/\/semmelweis.hu\/hirek\/files\/2025\/08\/RS212815__19A4111-scr-400x267.jpg 400w, https:\/\/semmelweis.hu\/hirek\/files\/2025\/08\/RS212815__19A4111-scr-900x600.jpg 900w, https:\/\/semmelweis.hu\/hirek\/files\/2025\/08\/RS212815__19A4111-scr-768x512.jpg 768w, https:\/\/semmelweis.hu\/hirek\/files\/2025\/08\/RS212815__19A4111-scr-753x502.jpg 753w, https:\/\/semmelweis.hu\/hirek\/files\/2025\/08\/RS212815__19A4111-scr-203x135.jpg 203w\" sizes=\"auto, (max-width: 1200px) 100vw, 1200px\" \/><\/a><\/p>\n<p>Az egyetem t\u00e1mogatja az egy\u00e9ni sporttev\u00e9kenys\u00e9geket is. Ha egy hallgat\u00f3 olyan sport\u00e1gban versenyezne, amely m\u00e9g nem szerepel a hivatalos szakoszt\u00e1lyok k\u00f6z\u00f6tt, a Testnevel\u00e9si \u00e9s Sportk\u00f6zpont egy\u00e9ni elb\u00edr\u00e1l\u00e1s alapj\u00e1n t\u00e1mogathatja az indul\u00e1st Semmelweis-sz\u00ednekben. Lehet\u0151s\u00e9g van arra is, hogy az egyetem k\u00e9pviselete mellett, saj\u00e1t edz\u0151 seg\u00edts\u00e9g\u00e9vel k\u00e9sz\u00fclj\u00f6n fel valaki egy adott versenyre.<\/p>\n<p>V\u00e1rszegi Korn\u00e9lia azt is kiemelte, hogy a Z\u00e1gr\u00e1bi \u00fati Sportk\u00f6zpontban azokat a hallgat\u00f3kat is sz\u00edvesen l\u00e1tj\u00e1k, akik \u00e9ppen nem sportolni, csak pihenni, felt\u00f6lt\u0151dni szeretn\u00e9nek a z\u00f6ld k\u00f6rnyezetben. A sportp\u00e1ly\u00e1k mellett erre is van lehet\u0151s\u00e9g.<\/p>\n<div class=\"keretes w-100\">\n<p><strong>Sportol\u00e1si lehet\u0151s\u00e9gek a munkat\u00e1rsak sz\u00e1m\u00e1ra<\/strong><\/p>\n<p>A sportol\u00e1s lehet\u0151s\u00e9ge nemcsak a hallgat\u00f3k sz\u00e1m\u00e1ra el\u00e9rhet\u0151: a Semmelweis Egyetem munkat\u00e1rsai is akt\u00edvan bekapcsol\u00f3dhatnak az egyetemi sport\u00e9letbe. Az int\u00e9zm\u00e9nyi eg\u00e9szs\u00e9gfejleszt\u00e9s r\u00e9szek\u00e9nt a dolgoz\u00f3k sz\u00e1m\u00e1ra k\u00fcl\u00f6n programok, csoportos edz\u00e9sek \u00e9s sportfoglalkoz\u00e1sok \u00e1llnak rendelkez\u00e9sre, kedvezm\u00e9nyes vagy t\u00e9r\u00edt\u00e9smentes form\u00e1ban. A Sport Klub szakoszt\u00e1lyai a hallgat\u00f3k mellett a munkat\u00e1rsak sz\u00e1m\u00e1ra is lehet\u0151s\u00e9get k\u00edn\u00e1lnak a rendszeres edz\u00e9sre, a legjobbak pedig a Magyar Egyetemi-F\u0151iskolai Sportsz\u00f6vets\u00e9g \u00e1ltal rendezett bajnoks\u00e1gokon is megm\u00e9rettethetik magukat.A c\u00e9l, hogy a munkat\u00e1rsak sz\u00e1m\u00e1ra is biztos\u00edtott legyen a rendszeres testmozg\u00e1s lehet\u0151s\u00e9ge, hozz\u00e1j\u00e1rulva a munkahelyi kiegyens\u00falyozotts\u00e1ghoz, eg\u00e9szs\u00e9gesebb \u00e9letm\u00f3dhoz \u00e9s a k\u00f6z\u00f6ss\u00e9gi kapcsolatok er\u0151s\u00edt\u00e9s\u00e9hez.Tov\u00e1bbi inform\u00e1ci\u00f3 \u00e9s bejelentkez\u00e9si lehet\u0151s\u00e9gek az egyetem Testnevel\u00e9si \u00e9s Sportk\u00f6zpontj\u00e1nak honlapj\u00e1n, <a href=\"https:\/\/semmelweis.hu\/sportkozpont\" target=\"_blank\" rel=\"noopener\">erre a linkre kattintva \u00e9rhet\u0151k el<\/a>.<\/p>\n<\/div>\n<p>Pogr\u00e1nyi P\u00e9ter<br \/>\nFot\u00f3: Kov\u00e1cs Attila, Barta B\u00e1lint \u2013 Semmelweis Egyetem<\/p>\n","protected":false},"excerpt":{"rendered":"<p>A sport nem csup\u00e1n a fizikai eg\u00e9szs\u00e9g meg\u0151rz\u00e9s\u00e9nek eszk\u00f6ze, hanem hozz\u00e1j\u00e1rul az egyetemi k\u00f6z\u00f6ss\u00e9g er\u0151s\u00edt\u00e9s\u00e9hez is.<\/p>\n","protected":false},"author":101081,"featured_media":156975,"comment_status":"closed","ping_status":"closed","sticky":false,"template":"","format":"standard","meta":{"_acf_changed":false,"footnotes":""},"categories":[3533,168],"tags":[155],"class_list":["post-156973","post","type-post","status-publish","format-standard","has-post-thumbnail","hentry","category-hallgatok-oktatas","category-kiemelt","tag-sport"],"acf":[],"_links":{"self":[{"href":"https:\/\/semmelweis.hu\/hirek\/wp-json\/wp\/v2\/posts\/156973","targetHints":{"allow":["GET"]}}],"collection":[{"href":"https:\/\/semmelweis.hu\/hirek\/wp-json\/wp\/v2\/posts"}],"about":[{"href":"https:\/\/semmelweis.hu\/hirek\/wp-json\/wp\/v2\/types\/post"}],"author":[{"embeddable":true,"href":"https:\/\/semmelweis.hu\/hirek\/wp-json\/wp\/v2\/users\/101081"}],"replies":[{"embeddable":true,"href":"https:\/\/semmelweis.hu\/hirek\/wp-json\/wp\/v2\/comments?post=156973"}],"version-history":[{"count":6,"href":"https:\/\/semmelweis.hu\/hirek\/wp-json\/wp\/v2\/posts\/156973\/revisions"}],"predecessor-version":[{"id":156988,"href":"https:\/\/semmelweis.hu\/hirek\/wp-json\/wp\/v2\/posts\/156973\/revisions\/156988"}],"wp:featuredmedia":[{"embeddable":true,"href":"https:\/\/semmelweis.hu\/hirek\/wp-json\/wp\/v2\/media\/156975"}],"wp:attachment":[{"href":"https:\/\/semmelweis.hu\/hirek\/wp-json\/wp\/v2\/media?parent=156973"}],"wp:term":[{"taxonomy":"category","embeddable":true,"href":"https:\/\/semmelweis.hu\/hirek\/wp-json\/wp\/v2\/categories?post=156973"},{"taxonomy":"post_tag","embeddable":true,"href":"https:\/\/semmelweis.hu\/hirek\/wp-json\/wp\/v2\/tags?post=156973"}],"curies":[{"name":"wp","href":"https:\/\/api.w.org\/{rel}","templated":true}]}}