{"id":156604,"date":"2025-08-13T06:00:57","date_gmt":"2025-08-13T04:00:57","guid":{"rendered":"https:\/\/semmelweis.hu\/hirek\/?p=156604"},"modified":"2025-08-14T11:47:52","modified_gmt":"2025-08-14T09:47:52","slug":"nagy-imre-richard-a-generacios-valtozasokhoz-igazitjuk-a-hok-mukodeset","status":"publish","type":"post","link":"https:\/\/semmelweis.hu\/hirek\/2025\/08\/13\/nagy-imre-richard-a-generacios-valtozasokhoz-igazitjuk-a-hok-mukodeset\/","title":{"rendered":"Nagy Imre Rich\u00e1rd: a gener\u00e1ci\u00f3s v\u00e1ltoz\u00e1sokhoz igaz\u00edtjuk a H\u00d6K m\u0171k\u00f6d\u00e9s\u00e9t"},"content":{"rendered":"<div class=\"lead\">A lakhat\u00e1si, szoci\u00e1lis \u00e9s \u00f6szt\u00f6nd\u00edj \u00fcgyek el\u0151t\u00e9rbe helyez\u00e9s\u00e9t, valamint a hallgat\u00f3i \u00e9rdekk\u00e9pviselet er\u0151s\u00edt\u00e9s\u00e9t, ut\u00e1np\u00f3tl\u00e1s\u00e1nak megszervez\u00e9s\u00e9t tartja legfontosabb r\u00f6vidt\u00e1v\u00fa feladat\u00e1nak Nagy Imre Rich\u00e1rd, a Semmelweis Egyetem Hallgat\u00f3i \u00d6nkorm\u00e1nyzat \u00fajonnan megv\u00e1lasztott eln\u00f6ke. Emellett szervezeti \u00e9s m\u00f3dszertani v\u00e1ltoz\u00e1sok, valamint t\u00f6bb hallgat\u00f3i rendezv\u00e9ny meg\u00faj\u00edt\u00e1sa is a tervei k\u00f6z\u00f6tt szerepel.<\/div>\n<div><a href=\"https:\/\/semmelweis.hu\/hirek\/files\/2025\/07\/RS219922_0E1A9425-scr.jpg\"><img loading=\"lazy\" decoding=\"async\" class=\"aligncenter size-full wp-image-156608\" src=\"https:\/\/semmelweis.hu\/hirek\/files\/2025\/07\/RS219922_0E1A9425-scr.jpg\" alt=\"\" width=\"1200\" height=\"800\" srcset=\"https:\/\/semmelweis.hu\/hirek\/files\/2025\/07\/RS219922_0E1A9425-scr.jpg 1200w, https:\/\/semmelweis.hu\/hirek\/files\/2025\/07\/RS219922_0E1A9425-scr-400x267.jpg 400w, https:\/\/semmelweis.hu\/hirek\/files\/2025\/07\/RS219922_0E1A9425-scr-900x600.jpg 900w, https:\/\/semmelweis.hu\/hirek\/files\/2025\/07\/RS219922_0E1A9425-scr-768x512.jpg 768w, https:\/\/semmelweis.hu\/hirek\/files\/2025\/07\/RS219922_0E1A9425-scr-753x502.jpg 753w, https:\/\/semmelweis.hu\/hirek\/files\/2025\/07\/RS219922_0E1A9425-scr-203x135.jpg 203w\" sizes=\"auto, (max-width: 1200px) 100vw, 1200px\" \/><\/a><\/div>\n<p>A v\u00e1ltoz\u00f3 hallgat\u00f3i ig\u00e9nyekhez, elv\u00e1r\u00e1sokhoz kell igaz\u00edtani a Hallgat\u00f3i \u00d6nkorm\u00e1nyzat m\u0171k\u00f6d\u00e9s\u00e9t \u2013 hangs\u00falyozta honlapunknak Nagy Imre Rich\u00e1rd, a Semmelweis Egyetem Hallgat\u00f3i \u00d6nkorm\u00e1nyzata (H\u00d6K) <a href=\"https:\/\/semmelweis.hu\/hirek\/2025\/07\/09\/megujult-es-bovult-a-hok-elnoksege\/\" target=\"_blank\" rel=\"noopener\">j\u00faliusban megv\u00e1lasztott \u00faj eln\u00f6ke<\/a>. A H\u00d6K t\u00f6rt\u00e9net\u00e9ben \u0151 az els\u0151, aki gy\u00f3gyszer\u00e9szhallgat\u00f3k\u00e9nt t\u00f6lti be ezt a poz\u00edci\u00f3t. Hozz\u00e1tette: az alfa gener\u00e1ci\u00f3hoz tartoz\u00f3 \u00faj hallgat\u00f3k teljesen m\u00e1s ig\u00e9nyekkel \u00e9s elv\u00e1r\u00e1sokkal \u00e9rkeznek, sz\u00e1mukra m\u00e1s a fontos, m\u00e1shogy lehet \u0151ket motiv\u00e1lni, a figyelm\u00fcket felkelteni \u2013 eln\u00f6kk\u00e9nt pedig az \u00edgy jelentkez\u0151 kih\u00edv\u00e1sokra szeretn\u00e9 felk\u00e9sz\u00edteni a szervezetet. Ennek \u00e9rdek\u00e9ben megv\u00e1laszt\u00e1sa \u00f3ta folyamatosan egyeztet szervezeten bel\u00fcl \u00e9s k\u00edv\u00fcl, egyetemi di\u00e1kszervezetekkel, fels\u0151vezet\u0151kkel egyar\u00e1nt a k\u00e9t \u00e9vre megv\u00e1lasztott H\u00d6K-eln\u00f6k.<\/p>\n<p>Szavai szerint miut\u00e1n az el\u0151z\u0151 ciklusban \u00e1ltal\u00e1nos aleln\u00f6k volt, j\u00f3 r\u00e1l\u00e1t\u00e1sa van arra is, hol kell fejleszteni a szervezet tev\u00e9kenys\u00e9g\u00e9t. A H\u00d6K m\u0171k\u00f6d\u00e9s\u00e9nek \u00fajrastruktur\u00e1l\u00e1s\u00e1hoz m\u00e1r megvannak az alapok, a k\u00fcld\u00f6ttgy\u0171l\u00e9s elfogadta a sz\u00fcks\u00e9ges alapszab\u00e1ly-m\u00f3dos\u00edt\u00e1sokat. Ezek \u00e9rintik az eln\u00f6ks\u00e9g m\u0171k\u00f6d\u00e9s\u00e9t is. Szen\u00e1tusi j\u00f3v\u00e1hagy\u00e1st k\u00f6vet\u0151en v\u00e1rhat\u00f3an szeptembert\u0151l a kor\u00e1bbi strat\u00e9giai \u00e9s gazdas\u00e1gi eln\u00f6ki megb\u00edzott strat\u00e9giai \u00e9s gazdas\u00e1gi aleln\u00f6kk\u00e9nt, m\u00edg a bels\u0151 igazgat\u00e1s\u00e9rt felel\u0151s aleln\u00f6k az \u00faj kih\u00edv\u00e1sok miatt szervezetfejleszt\u00e9si aleln\u00f6kk\u00e9nt folytatja a munk\u00e1j\u00e1t. Emellett l\u00e9trehozz\u00e1k a mentorprogramok\u00e9rt felel\u0151s eln\u00f6ki megb\u00edzotti poz\u00edci\u00f3t is, mivel kiemelt figyelmet ford\u00edtan\u00e1nak a hallgat\u00f3k ment\u00e1lis eg\u00e9szs\u00e9g\u00e9nek jav\u00edt\u00e1s\u00e1ra is.<\/p>\n<p>M\u00e1r a szoci\u00e1lis bizotts\u00e1g tagjak\u00e9nt is j\u00f3l belel\u00e1thattam a hallgat\u00f3k probl\u00e9m\u00e1iba, de miut\u00e1n t\u00f6bb mentorprogramban is r\u00e9szt vettem mentork\u00e9nt \u2013 egyr\u00e9szt a Stipendium Hungaricum program int\u00e9zm\u00e9nyi koordin\u00e1torak\u00e9nt, m\u00e1sr\u00e9szt a Gy\u00f3gyszer\u00e9sztudom\u00e1nyi Kar kari mentorprogramj\u00e1ban is \u2013, m\u00e9g nyilv\u00e1nval\u00f3bb lett sz\u00e1momra, hogy mennyire fontos odafigyelni a hallgat\u00f3k ment\u00e1lis eg\u00e9szs\u00e9gi \u00e1llapot\u00e1ra \u2013 mondta az eln\u00f6k. \u00dagy v\u00e9li, kiemelt figyelmet kell ford\u00edtani arra, hogy megel\u0151zhet\u0151 legyen a teljes\u00edtm\u00e9nyroml\u00e1s, a k\u00fcl\u00f6nf\u00e9le probl\u00e9m\u00e1k miatti szorong\u00e1s, ami be\u00e1rny\u00e9kolja a hallgat\u00f3i \u00e9letet, vagy esetenk\u00e9nt a tanulm\u00e1nyok halaszt\u00e1s\u00e1hoz vezethet.<\/p>\n<blockquote>\n<p>Az\u00e9rt is szorgalmazom a mentorprogramok m\u0171k\u00f6d\u00e9s\u00e9t, l\u00e1that\u00f3bb\u00e1 t\u00e9tel\u00e9t, hogy jelezz\u00fck a hallgat\u00f3knak, vannak lehet\u0151s\u00e9geik: fordulhatnak a mentorokhoz, di\u00e1ktan\u00e1csad\u00f3khoz, komolyabb probl\u00e9m\u00e1k eset\u00e9n pedig egyetemen bel\u00fcl van ak\u00e1r szakmai seg\u00edts\u00e9g is a Magatart\u00e1studom\u00e1nyi Int\u00e9zet, a Ment\u00e1lhigi\u00e9n\u00e9 Int\u00e9zet vagy a Pszichi\u00e1triai \u00e9s Pszichoter\u00e1pi\u00e1s Klinika b\u00e1zis\u00e1n<\/p>\n<\/blockquote>\n<p>\u2013 mondta Nagy Imre Rich\u00e1rd. \u00dagy v\u00e9li, ha H\u00d6K oldalr\u00f3l is t\u00e1mogatj\u00e1k a hallgat\u00f3k ment\u00e1lis eg\u00e9szs\u00e9g\u00e9t, akkor azzal tov\u00e1bb cs\u00f6kkenthet\u0151 a lemorzsol\u00f3d\u00e1s.<\/p>\n<p>Ugyanakkor a mentorprogramok nemcsak a ment\u00e1lis eg\u00e9szs\u00e9g meg\u0151rz\u00e9s\u00e9re koncentr\u00e1lnak, fontosnak tartja, hogy hasznos inform\u00e1ci\u00f3kat k\u00f6zvet\u00edtsen a H\u00d6K az \u00e1llami \u00e9s az egyetemi tehets\u00e9ggondoz\u00f3 programokr\u00f3l, a Stipendium Hungarikum \u00e9s a Diaszp\u00f3ra mentorprogramr\u00f3l, a H\u00d6OK szoci\u00e1lisan neh\u00e9z helyzetb\u0151l \u00e9rkez\u0151 hallgat\u00f3kat c\u00e9lz\u00f3 mentorprogramj\u00e1r\u00f3l, valamint az egyes karokon m\u0171k\u00f6d\u0151, vagy \u00e9pp szervez\u0151d\u0151 mentorprogramokr\u00f3l is. Ezekn\u00e9l a fels\u0151bb \u00e9ves hallgat\u00f3k szervezett keretek k\u00f6z\u00f6tt mentor\u00e1lj\u00e1k a fiatalabb hallgat\u00f3kat. A legr\u00e9gebben \u00e9s a legjobban az \u00c1ltal\u00e1nos Orvostudom\u00e1nyi Karon m\u0171k\u00f6dik ez, de a Gy\u00f3gyszer\u00e9sztudom\u00e1nyi, valamint a Pet\u0151 Andr\u00e1s Karon is elindult m\u00e1r, \u00e9s van, ahol nemcsak kredit, hanem \u00f6szt\u00f6nd\u00edj is j\u00e1r a mentoroknak. A H\u00d6K fontosnak tartja, hogy a t\u00f6bbi karon is legyenek ilyen programok, \u00e9s egyeztet\u00e9st fog kezdeni ezek kiterjeszt\u00e9s\u00e9r\u0151l, t\u00e1mogat\u00e1s\u00e1r\u00f3l \u2013 mondta az eln\u00f6k. T\u00f6bb karon is megvan az ehhez sz\u00fcks\u00e9ges vezet\u0151i t\u00e1mogat\u00e1s, \u00e9s b\u00edzik benne, hogy a j\u00f6v\u0151ben a H\u00d6K akt\u00edvan tud egyeztetni az egyetem vezet\u00e9s\u00e9vel a programok kiterjeszt\u00e9s\u00e9r\u0151l, t\u00e1mogat\u00e1s\u00e1r\u00f3l.<\/p>\n<div class=\"fontos_div\">\n<p>Besz\u00e9lt arr\u00f3l is, hogy k\u00f6z\u00e9p-hossz\u00fa t\u00e1von a Hallgat\u00f3i \u00d6nkorm\u00e1nyzatok Orsz\u00e1gos Konferenci\u00e1j\u00e1val (H\u00d6OK) egy\u00fcttm\u0171k\u00f6dve, a J\u00f6v\u0151k\u00e9p kamp\u00e1ny keret\u00e9ben szeretn\u00e9k el\u00e9rni, hogy a hallgat\u00f3i tanulm\u00e1nyi \u00f6szt\u00f6nd\u00edjak emelkedjenek. Emellett egyeztet\u00e9st kezdem\u00e9nyeztek az egyetem vezet\u00e9s\u00e9vel is az int\u00e9zm\u00e9nyen bel\u00fcli lehet\u0151s\u00e9gekr\u0151l. <span style=\"font-size: 1rem\">Ut\u00f3bbi kapcs\u00e1n a j\u00f3 p\u00e9ld\u00e1k k\u00f6z\u00f6tt eml\u00edtette az id\u00e9n bevezetett klinikai munkav\u00e9gz\u00e9s lehet\u0151s\u00e9g\u00e9t, amelyet egyre t\u00f6bb orvostanhallgat\u00f3 vesz ig\u00e9nybe a kredit- \u00e9s tapasztalatszerz\u00e9s mellett r\u00e9szben anyagi megfontol\u00e1sb\u00f3l is.<\/span><\/p>\n<\/div>\n<p>Az eln\u00f6k a gener\u00e1ci\u00f3s k\u00fcl\u00f6nbs\u00e9gek miatt jelent\u0151s, m\u0171k\u00f6d\u00e9si \u00e9s m\u00f3dszertani v\u00e1ltoz\u00e1st k\u00edv\u00e1n\u00f3 kih\u00edv\u00e1sk\u00e9nt tekint a H\u00d6K ut\u00e1np\u00f3tl\u00e1s\u00e1nak biztos\u00edt\u00e1s\u00e1ra is. \u201eTapasztalataim szerint a fiatalabbak sokkal ink\u00e1bb szeretn\u00e9nek a k\u00f6z\u00f6ss\u00e9g tagjak\u00e9nt, mintsem vezet\u0151jek\u00e9nt tev\u00e9kenykedni, ez\u00e9rt nagyobb figyelmet kell majd ford\u00edtani a potenci\u00e1lis vezet\u0151k toborz\u00e1s\u00e1ra is\u201d \u2013 mondta Nagy Imre Rich\u00e1rd. Ennek \u00e9rdek\u00e9ben m\u00e1r a G\u00f3lyatalin, a Ny\u00e1ri Egyetemen \u00e9s a <a href=\"https:\/\/semmelweis.hu\/hirek\/2025\/07\/25\/tobb-mint-ezer-elsoevest-varnak-a-megujulo-semmelweis-golyataborba\/\" target=\"_blank\" rel=\"noopener\">G\u00f3lyat\u00e1borban<\/a> is igyekeznek majd alaposabban bemutatni a H\u00d6K tev\u00e9kenys\u00e9g\u00e9t, a szoci\u00e1lis \u00e9s tanulm\u00e1nyi \u00f6szt\u00f6nd\u00edjak rendszer\u00e9t, a koll\u00e9giumi elhelyez\u00e9si lehet\u0151s\u00e9geket, \u00e9s azt, hogy b\u00e1rmely hallgat\u00f3 csatlakozhat a H\u00d6K tev\u00e9kenys\u00e9g\u00e9hez.<\/p>\n<p><a href=\"https:\/\/semmelweis.hu\/hirek\/files\/2025\/07\/RS219911_0E1A9364-scr.jpg\"><img loading=\"lazy\" decoding=\"async\" class=\"alignright wp-image-156609 size-medium\" src=\"https:\/\/semmelweis.hu\/hirek\/files\/2025\/07\/RS219911_0E1A9364-scr-400x267.jpg\" alt=\"\" width=\"400\" height=\"267\" srcset=\"https:\/\/semmelweis.hu\/hirek\/files\/2025\/07\/RS219911_0E1A9364-scr-400x267.jpg 400w, https:\/\/semmelweis.hu\/hirek\/files\/2025\/07\/RS219911_0E1A9364-scr-900x600.jpg 900w, https:\/\/semmelweis.hu\/hirek\/files\/2025\/07\/RS219911_0E1A9364-scr-768x512.jpg 768w, https:\/\/semmelweis.hu\/hirek\/files\/2025\/07\/RS219911_0E1A9364-scr-753x502.jpg 753w, https:\/\/semmelweis.hu\/hirek\/files\/2025\/07\/RS219911_0E1A9364-scr-203x135.jpg 203w, https:\/\/semmelweis.hu\/hirek\/files\/2025\/07\/RS219911_0E1A9364-scr.jpg 1200w\" sizes=\"auto, (max-width: 400px) 100vw, 400px\" \/><\/a>\u201eN\u00e1lam ez annyiban m\u00e1s, hogy kicsit munkam\u00e1ni\u00e1s, vagy mondhatni t\u00faltev\u00e9keny ember vagyok, ha nem csin\u00e1lok valamit, rosszul \u00e9rzem magam. A H\u00d6K-\u00f6s munk\u00e1m pedig kikapcsol a gy\u00f3gyszer\u00e9szk\u00e9pz\u00e9s kem\u00e9ny term\u00e9szettudom\u00e1nyos \u00e9s eg\u00e9szs\u00e9g\u00fcgyi terhel\u00e9se ut\u00e1n\u201d \u2013 mondta Nagy Imre Rich\u00e1rd. \u00dagy v\u00e9li azonban, hogy elk\u00f6telezetts\u00e9g, seg\u00edteni akar\u00e1s \u00e9s al\u00e1zat n\u00e9lk\u00fcl nem lehet a H\u00d6K-\u00f6s munk\u00e1t sem sikerre vinni. Ehhez az eln\u00f6ks\u00e9g szeretn\u00e9 megadni a sz\u00fcks\u00e9ges t\u00e1mogat\u00e1st is az \u00e9rdekk\u00e9pviselet munk\u00e1j\u00e1ban akt\u00edv hallgat\u00f3knak az egy\u00e9ni k\u00e9szs\u00e9gfejleszt\u00e9s mellett a k\u00f6z\u00f6ss\u00e9gfejleszt\u00e9shez sz\u00fcks\u00e9ges k\u00e9pz\u00e9sek szervez\u00e9s\u00e9vel is. Ebben lesz jelent\u0151sebb szerepe p\u00e9ld\u00e1ul a szervezetfejleszt\u00e9si aleln\u00f6knek \u2013 tette hozz\u00e1 Nagy Imre Rich\u00e1rd, akinek ugyancsak tervei k\u00f6z\u00f6tt szerepel a kari \u00e9rdekk\u00e9pviseletek er\u0151s\u00edt\u00e9se is.<\/p>\n<p>Hosszabb t\u00e1von szeretn\u00e9 tov\u00e1bbi hallgat\u00f3i fenntarthat\u00f3s\u00e1gi kezdem\u00e9nyez\u00e9sekkel is b\u0151v\u00edteni a Z\u00f6ld Egyetem programot. Els\u0151sorban egy \u00f6tletp\u00e1ly\u00e1zatban gondolkodunk, amelyre a hallgat\u00f3k k\u00e9sz, kidolgozott koncepci\u00f3kkal p\u00e1ly\u00e1zhatn\u00e1nak, amelyeket meg is val\u00f3s\u00edthatnak majd \u2013 mondta Nagy Imre Rich\u00e1rd, visszaid\u00e9zve az el\u0151z\u0151 tan\u00e9vben pilot jelleggel az Elm\u00e9leti Orvostudom\u00e1nyi K\u00f6zpontban megval\u00f3sult h\u00e1l\u00f3zatra k\u00f6t\u00f6tt sz\u0171rt vizes iv\u00f3v\u00edzk\u00fat projektet. Mint elmondta, Feket\u00e9n\u00e9 dr. Szab\u00f3 \u00c9va strat\u00e9giai \u00e9s fejleszt\u00e9si rektorhelyettessel egyeztetve az \u00faj tan\u00e9vben szeretne a H\u00d6K a nagyobb egyetemi \u00e9p\u00fcletekben 8-10 hasonl\u00f3 iv\u00f3v\u00edzkutat l\u00e9tes\u00edteni.<\/p>\n<p>Az \u00faj eln\u00f6k szeretn\u00e9 a t\u00f6bbi egyetemi hallgat\u00f3i szervezettel \u2013 bele\u00e9rtve a nemzetk\u00f6zi hallgat\u00f3k k\u00e9pviseleteit is \u2013 is szorosabbra f\u0171zni az egy\u00fcttm\u0171k\u00f6d\u00e9st p\u00e9ld\u00e1ul a G\u00f3lyab\u00e1l \u00e9s a Tavaszi Karnev\u00e1l n\u00e9pszer\u0171s\u00edt\u00e9se, meg\u00faj\u00edt\u00e1sa, a r\u00e9sztvev\u0151k sz\u00e1m\u00e1nak b\u0151v\u00edt\u00e9se \u00e9rdek\u00e9ben. Fontos lenne, hogy a tanulm\u00e1nyi feladatok mellett min\u00e9l t\u00f6bb hallgat\u00f3 sz\u00e1m\u00e1ra legyen el\u00e9rhet\u0151 a val\u00f3di egyetemi \u00e9lm\u00e9ny is \u2013 mondta az eln\u00f6k. Emellett szorgalmazza azt is, hogy min\u00e9l t\u00f6bb Kari Tan\u00e1csban legyen nemzetk\u00f6zi hallgat\u00f3 is a magyar mellett. Tervei szerint a H\u00d6K K\u00fcl\u00fcgyi Bizotts\u00e1ga is nagyobb szerepet kap majd a szervezet \u00e9let\u00e9ben, fontosnak tartja ugyanis, hogy min\u00e9l t\u00f6bb k\u00f6z\u00f6s kultur\u00e1lis esem\u00e9ny sz\u00f3l\u00edtsa meg a magyar \u00e9s a nemzetk\u00f6zi hallgat\u00f3kat. Emellett a k\u00f6vetkez\u0151 h\u00f3napokban v\u00e1rhat\u00f3an francia nyelvtanul\u00e1si lehet\u0151s\u00e9ggel b\u0151v\u00fcl majd a bizotts\u00e1g \u00e1ltal m\u0171k\u00f6dtetett Language Club.<\/p>\n<p>Nagy Imre Rich\u00e1rd \u00fagy fogalmazott: b\u00edzik benne, hogy a k\u00f6vetkez\u0151 k\u00e9t \u00e9vben eln\u00f6kk\u00e9nt \u00e9rdemben hozz\u00e1 tud majd j\u00e1rulni a H\u00d6K meg\u00faj\u00edt\u00e1s\u00e1hoz, illetve a hallgat\u00f3k \u00e9rdekeinek k\u00e9pviselet\u00e9hez.<\/p>\n<div class=\"keretes w-100\">\n<p>Az eredetileg \u00e9p\u00edt\u00e9sznek k\u00e9sz\u00fcl\u0151 Nagy Imre Rich\u00e1rd \u00e9rdekl\u0151d\u00e9se k\u00f6z\u00e9piskol\u00e1ban, a L\u00f3nyay Utcai Reform\u00e1tus Gimn\u00e1zium tan\u00e1ra hat\u00e1s\u00e1ra fordult a k\u00e9mia \u00e9s a gy\u00f3gyszer\u00e9szettudom\u00e1ny fel\u00e9, \u00e9s m\u00e1r k\u00f6z\u00e9piskol\u00e1sk\u00e9nt is kipr\u00f3b\u00e1lta a patikai munk\u00e1t. Jelenleg harmad\u00e9ves gy\u00f3gyszer\u00e9szhallgat\u00f3. M\u00e1r els\u0151sk\u00e9nt akt\u00edv tagja volt az \u00e9rdekk\u00e9pviseletnek. \u201eK\u00edv\u00e1ncsi voltam, \u00e9rdekelt, hogy milyen lehet\u0151s\u00e9gek vannak az egyetemen, \u00e9s kipr\u00f3b\u00e1ltam magamat\u201d \u2013 id\u00e9zte fel a kezdeteket. Munk\u00e1j\u00e1t az az\u00f3ta is sz\u00edv\u00fcgy\u00e9nek sz\u00e1m\u00edt\u00f3 szoci\u00e1lis bizotts\u00e1gban kezdte, majd r\u00e9szt vett a szoci\u00e1lis \u00e9s es\u00e9lyegyenl\u0151s\u00e9gi bizotts\u00e1g munk\u00e1j\u00e1ban is. K\u00e9s\u0151bb beker\u00fclt a H\u00d6K k\u00fcld\u00f6ttgy\u0171l\u00e9s\u00e9be, illetve a Kari Tan\u00e1cs tagj\u00e1v\u00e1 is v\u00e1lasztott\u00e1k. Komoly szerepe volt a Z\u00f6ld Egyetem Projekt mai strukt\u00far\u00e1j\u00e1nak, \u00e9s azon bel\u00fcl is a K\u00f6rnyezet\u00fcnk\u00e9rt k\u00f6z\u00f6sen c\u00edm\u0171 szabadon v\u00e1laszthat\u00f3 tant\u00e1rgy kialak\u00edt\u00e1s\u00e1ban, \u00e9s a Ny\u00e1ri Egyetem nulladik napjak\u00e9nt m\u0171k\u00f6d\u0151 Z\u00f6ld Egyetem Nap l\u00e9trehoz\u00e1s\u00e1ban is. Hozz\u00e1tette, hogy mindezek eredm\u00e9nyek\u00e9ppen egy\u00e9nileg is sokat fejl\u0151d\u00f6tt, sz\u00e1mos k\u00e9szs\u00e9ggel, tapasztalattal lett gazdagabb. \u00dagy v\u00e9li, hasznosak a mindennapokban megtapasztalt kontrasztok is, amikor reggel a csal\u00e1di kertben v\u00e9gzett munka ut\u00e1n be\u00fcl az \u00f3r\u00e1kra, majd d\u00e9lut\u00e1n esetleg egy bizotts\u00e1gi, vagy szen\u00e1tusi \u00fcl\u00e9sre, mert ezek \u2013 valamint a H\u00d6K-\u00f6s munk\u00e1ja kapcs\u00e1n megismert egy\u00e9ni \u00e9lett\u00f6rt\u00e9netek, sorsok \u2013 val\u00f3s\u00e1g k\u00f6zelben, a f\u00f6ld\u00f6n tartj\u00e1k. M\u00e9g nem d\u00f6nt\u00f6tte el, hogy tanulm\u00e1nyai v\u00e9gezt\u00e9vel merre induljon: tov\u00e1bbra is szeretne k\u00f6zforgalm\u00fa patik\u00e1ban dolgozni, viszont egyre ink\u00e1bb vonzza az egyetemi \u00e9let is. Szabadidej\u00e9ben numizmatik\u00e1val foglalkozik \u00e9s sok id\u0151t t\u00f6lt menyasszony\u00e1val.<\/p>\n<\/div>\n<p>Kiss Melinda Katalin<br \/>\nFot\u00f3: Barta B\u00e1lint \u2013 Semmelweis Egyetem<\/p>\n","protected":false},"excerpt":{"rendered":"<p>A Semmelweis Egyetem Hallgat\u00f3i \u00d6nkorm\u00e1nyzat\u00e1nak \u00fajonnan megv\u00e1lasztott eln\u00f6ke a terveir\u0151l besz\u00e9lt honlapunknak.<\/p>\n","protected":false},"author":102163,"featured_media":156799,"comment_status":"closed","ping_status":"closed","sticky":false,"template":"","format":"standard","meta":{"_acf_changed":false,"footnotes":""},"categories":[3533,168],"tags":[697],"class_list":["post-156604","post","type-post","status-publish","format-standard","has-post-thumbnail","hentry","category-hallgatok-oktatas","category-kiemelt","tag-hok"],"acf":[],"_links":{"self":[{"href":"https:\/\/semmelweis.hu\/hirek\/wp-json\/wp\/v2\/posts\/156604","targetHints":{"allow":["GET"]}}],"collection":[{"href":"https:\/\/semmelweis.hu\/hirek\/wp-json\/wp\/v2\/posts"}],"about":[{"href":"https:\/\/semmelweis.hu\/hirek\/wp-json\/wp\/v2\/types\/post"}],"author":[{"embeddable":true,"href":"https:\/\/semmelweis.hu\/hirek\/wp-json\/wp\/v2\/users\/102163"}],"replies":[{"embeddable":true,"href":"https:\/\/semmelweis.hu\/hirek\/wp-json\/wp\/v2\/comments?post=156604"}],"version-history":[{"count":10,"href":"https:\/\/semmelweis.hu\/hirek\/wp-json\/wp\/v2\/posts\/156604\/revisions"}],"predecessor-version":[{"id":156863,"href":"https:\/\/semmelweis.hu\/hirek\/wp-json\/wp\/v2\/posts\/156604\/revisions\/156863"}],"wp:featuredmedia":[{"embeddable":true,"href":"https:\/\/semmelweis.hu\/hirek\/wp-json\/wp\/v2\/media\/156799"}],"wp:attachment":[{"href":"https:\/\/semmelweis.hu\/hirek\/wp-json\/wp\/v2\/media?parent=156604"}],"wp:term":[{"taxonomy":"category","embeddable":true,"href":"https:\/\/semmelweis.hu\/hirek\/wp-json\/wp\/v2\/categories?post=156604"},{"taxonomy":"post_tag","embeddable":true,"href":"https:\/\/semmelweis.hu\/hirek\/wp-json\/wp\/v2\/tags?post=156604"}],"curies":[{"name":"wp","href":"https:\/\/api.w.org\/{rel}","templated":true}]}}