{"id":154023,"date":"2025-06-06T06:00:47","date_gmt":"2025-06-06T04:00:47","guid":{"rendered":"https:\/\/semmelweis.hu\/hirek\/?p=154023"},"modified":"2025-06-05T20:23:49","modified_gmt":"2025-06-05T18:23:49","slug":"dr-argyris-michaelides-minden-nap-legy-egy-szazalekkal-jobb-mint-elozo-nap","status":"publish","type":"post","link":"https:\/\/semmelweis.hu\/hirek\/2025\/06\/06\/dr-argyris-michaelides-minden-nap-legy-egy-szazalekkal-jobb-mint-elozo-nap\/","title":{"rendered":"Dr. Argyris Michaelides: \u201eMinden nap l\u00e9gy egy sz\u00e1zal\u00e9kkal jobb, mint el\u0151z\u0151 nap\u201d"},"content":{"rendered":"<div class=\"lead\"><a href=\"https:\/\/semmelweis.hu\/hirek\/tag\/alumni-portrek\/\" target=\"_blank\" rel=\"noopener\">Alumni-interj\u00fasorozatunk<\/a> leg\u00fajabb r\u00e9sz\u00e9ben dr. Argyris Michaelides, sok\u00e9ves n\u00e9metorsz\u00e1gi tapasztalattal rendelkez\u0151 b\u0151rgy\u00f3gy\u00e1sz szakorvos \u00e9s a DC Dermatologicumnak, Ciprus legnagyobb, korszer\u0171 b\u0151rgy\u00f3gy\u00e1szati \u00e9s l\u00e9zerk\u00f6zpont klinik\u00e1j\u00e1nak alap\u00edt\u00f3ja sz\u00e1mol be arr\u00f3l, hogy mit jelent sz\u00e1m\u00e1ra a Semmelweis Egyetem, \u00e9s hogy mik\u00e9nt alakult a karrierje.<\/div>\n<p><a href=\"https:\/\/semmelweis.hu\/hirek\/files\/2025\/06\/SE_ALUMNI_sorozat_cover_1-ARGYRIS-MICHAELIDES_HUN_2.jpg\"><img loading=\"lazy\" decoding=\"async\" class=\"aligncenter size-full wp-image-154024\" src=\"https:\/\/semmelweis.hu\/hirek\/files\/2025\/06\/SE_ALUMNI_sorozat_cover_1-ARGYRIS-MICHAELIDES_HUN_2.jpg\" alt=\"\" width=\"1200\" height=\"800\" srcset=\"https:\/\/semmelweis.hu\/hirek\/files\/2025\/06\/SE_ALUMNI_sorozat_cover_1-ARGYRIS-MICHAELIDES_HUN_2.jpg 1200w, https:\/\/semmelweis.hu\/hirek\/files\/2025\/06\/SE_ALUMNI_sorozat_cover_1-ARGYRIS-MICHAELIDES_HUN_2-400x267.jpg 400w, https:\/\/semmelweis.hu\/hirek\/files\/2025\/06\/SE_ALUMNI_sorozat_cover_1-ARGYRIS-MICHAELIDES_HUN_2-900x600.jpg 900w, https:\/\/semmelweis.hu\/hirek\/files\/2025\/06\/SE_ALUMNI_sorozat_cover_1-ARGYRIS-MICHAELIDES_HUN_2-768x512.jpg 768w, https:\/\/semmelweis.hu\/hirek\/files\/2025\/06\/SE_ALUMNI_sorozat_cover_1-ARGYRIS-MICHAELIDES_HUN_2-753x502.jpg 753w, https:\/\/semmelweis.hu\/hirek\/files\/2025\/06\/SE_ALUMNI_sorozat_cover_1-ARGYRIS-MICHAELIDES_HUN_2-203x135.jpg 203w\" sizes=\"auto, (max-width: 1200px) 100vw, 1200px\" \/><\/a><\/p>\n<p><strong>Mi\u00e9rt d\u00f6nt\u00f6tt \u00fagy, hogy b\u0151rgy\u00f3gy\u00e1szattal \u00e9s l\u00e9zerseb\u00e9szettel szeretne foglalkozni?<\/strong><\/p>\n<p>A b\u0151rgy\u00f3gy\u00e1szatban m\u00e1r kezdetben vonz\u00f3nak tartottam azt, hogy val\u00f3ban seg\u00edthetek a betegeimen. Inspir\u00e1l\u00f3 volt belegondolni abba, hogy eg\u00e9szs\u00e9g\u00fcgyi \u00e9s eszt\u00e9tikai probl\u00e9m\u00e1kat is meg tudok oldani, \u00e9s jav\u00edthatom a betegeim \u00e9letmin\u0151s\u00e9g\u00e9t. A szakk\u00e9pz\u00e9s sor\u00e1n azt\u00e1n mag\u00e1val ragadott a cs\u00facstechnol\u00f3gi\u00e1s l\u00e9zerseb\u00e9szet is, valamint annak gyakorlati alkalmaz\u00e1sa a b\u0151rfiatal\u00edt\u00e1sban \u00e9s a r\u00e1kkezel\u00e9sben.<\/p>\n<p><strong>Elmes\u00e9ln\u00e9, hogyan alap\u00edtotta meg saj\u00e1t mag\u00e1n b\u0151rklinik\u00e1j\u00e1t?<\/strong><\/p>\n<p>A csal\u00e1domban sokan dolgoznak az eg\u00e9szs\u00e9g\u00fcgyben, \u00edgy el\u00e9g kor\u00e1n megismerkedtem az orvostudom\u00e1ny alapfogalmaival. Eml\u00e9kszem, hogy fiatalkoromban a tanulm\u00e1nyaim sor\u00e1n mennyire csod\u00e1ltam k\u00fcl\u00f6n\u00f6sen a kardiol\u00f3gus nagyb\u00e1ty\u00e1mat, aki egy nagy g\u00f6r\u00f6gorsz\u00e1gi klinika igazgat\u00f3ja. Ahogy haladtam a tanulm\u00e1nyaimmal, majd k\u00e9s\u0151bb el\u0151rel\u00e9ptem a karrieremben, az \u0151 tan\u00e1csai hat\u00e1s\u00e1ra kezdtem el \u00e9rdekl\u0151dni az \u00fczleti \u00e9let ir\u00e1nt. Miut\u00e1n elkezdtem szenved\u00e9lyesen \u00e9s kem\u00e9nyen dolgozni, kezdett kialakulni egy, a kozmetikai kezel\u00e9sek ir\u00e1nt \u00e9rdekl\u0151d\u0151 \u00fcgyf\u00e9lk\u00f6r, ami arra \u00f6szt\u00f6nz\u00f6tt, hogy megnyissam a saj\u00e1t kis rendel\u0151met. Akkor m\u00e9g nem tudtam elk\u00e9pzelni, hogy ez olyan nagy v\u00e1llalkoz\u00e1ss\u00e1 n\u00f6vi ki mag\u00e1t, mint amilyen ma.<\/p>\n<p><strong><a href=\"https:\/\/semmelweis.hu\/hirek\/files\/2025\/06\/27355897-F473-4DBB-9FD2-0FE8A6618DB9.jpeg\"><img loading=\"lazy\" decoding=\"async\" class=\"alignleft size-medium wp-image-154025\" src=\"https:\/\/semmelweis.hu\/hirek\/files\/2025\/06\/27355897-F473-4DBB-9FD2-0FE8A6618DB9-319x400.jpeg\" alt=\"\" width=\"319\" height=\"400\" srcset=\"https:\/\/semmelweis.hu\/hirek\/files\/2025\/06\/27355897-F473-4DBB-9FD2-0FE8A6618DB9-319x400.jpeg 319w, https:\/\/semmelweis.hu\/hirek\/files\/2025\/06\/27355897-F473-4DBB-9FD2-0FE8A6618DB9-639x800.jpeg 639w, https:\/\/semmelweis.hu\/hirek\/files\/2025\/06\/27355897-F473-4DBB-9FD2-0FE8A6618DB9-768x962.jpeg 768w, https:\/\/semmelweis.hu\/hirek\/files\/2025\/06\/27355897-F473-4DBB-9FD2-0FE8A6618DB9-1227x1536.jpeg 1227w, https:\/\/semmelweis.hu\/hirek\/files\/2025\/06\/27355897-F473-4DBB-9FD2-0FE8A6618DB9-753x943.jpeg 753w, https:\/\/semmelweis.hu\/hirek\/files\/2025\/06\/27355897-F473-4DBB-9FD2-0FE8A6618DB9.jpeg 1273w\" sizes=\"auto, (max-width: 319px) 100vw, 319px\" \/><\/a>Tudna n\u00e9mi j\u00f3 tan\u00e1ccsal szolg\u00e1lni azon hallgat\u00f3k sz\u00e1m\u00e1ra, akik azt tervezik, hogy saj\u00e1t eg\u00e9szs\u00e9g\u00fcgyi v\u00e1llalkoz\u00e1sba kezdenek?<\/strong><\/p>\n<p>V\u00e1llalkoz\u00e1st ind\u00edtani az orvostudom\u00e1ny b\u00e1rmely ter\u00fclet\u00e9n komoly kih\u00edv\u00e1ssokkal j\u00e1r, de megt\u00e9r\u00fcl. Sz\u00edvesen osztom meg tippjeimet abban a rem\u00e9nyben, hogy \u00edgy seg\u00edthetek a hallgat\u00f3knak c\u00e9ljaik el\u00e9r\u00e9s\u00e9ben.<\/p>\n<p>Koncentr\u00e1ljunk a betegk\u00f6zpont\u00fa ell\u00e1t\u00e1sra: \u00fagy tartj\u00e1k, hogy azzal kell foglalkozni, ami a szenved\u00e9ly\u00fcnk is, \u00e9s akkor a siker majd j\u00f6n mag\u00e1t\u00f3l. Az orvostudom\u00e1nyban a szenved\u00e9ly\u00fcnk k\u00f6z\u00e9ppontj\u00e1ban a betegek \u00e1llnak. Szakter\u00fclett\u0151l f\u00fcggetlen\u00fcl, mindig helyezz\u00fck el\u0151t\u00e9rbe a betegell\u00e1t\u00e1st \u00e9s a gy\u00f3gy\u00edt\u00e1st. A betegell\u00e1t\u00e1s nemcsak etikai szempontb\u00f3l kulcsfontoss\u00e1g\u00fa, hanem a v\u00e1llalkoz\u00e1s hossz\u00fa t\u00e1v\u00fa siker\u00e9hez is hozz\u00e1j\u00e1rul.<\/p>\n<p>Ismerj\u00fck meg a betegek t\u00f6rt\u00e9net\u00e9t: ak\u00e1r orvosi szolg\u00e1ltat\u00e1sokat ny\u00fajtunk, term\u00e9keket vagy technol\u00f3gi\u00e1t \u00e1ll\u00edtunk el\u0151, a betegek tapasztalatainak meg\u00e9rt\u00e9se kiemel majd minket koll\u00e9g\u00e1ink k\u00f6z\u00fcl. Az els\u0151 konzult\u00e1ci\u00f3 sor\u00e1n a beteg a kez\u00fcnkbe adja a helyes diagn\u00f3zis \u00e9s a sikeres kezel\u00e9s kulcs\u00e1t, csak hallgatnunk \u00e9s figyeln\u00fcnk kell r\u00e1.<\/p>\n<p>K\u00f6telezz\u00fck el magukat az \u00e9lethosszig tart\u00f3 tanul\u00e1s mellett: az orvostudom\u00e1ny folyamatosan fejl\u0151dik, folyton \u00faj kutat\u00e1sok, kezel\u00e9sek \u00e9s protokollok jelennek meg. Vegy\u00fcnk r\u00e9szt orvosi tov\u00e1bbk\u00e9pz\u00e9seken vagy fizess\u00fcnk el\u0151 a megfelel\u0151 szakfoly\u00f3iratokra!<\/p>\n<p>Az egy\u00fcttm\u0171k\u00f6d\u00e9snek kulcsfontoss\u00e1g\u00fa szerepe van abban, hogy a v\u00e1llalkoz\u00e1s sikeres legyen \u00e9s megfeleljen az orvosi el\u0151\u00edr\u00e1soknak. Egy eg\u00e9szs\u00e9g\u00fcgyi v\u00e1llalkoz\u00e1s ind\u00edt\u00e1sa elk\u00f6telezetts\u00e9get, tud\u00e1st \u00e9s alkalmazkod\u00f3k\u00e9pess\u00e9get ig\u00e9nyel, de mindenk\u00e9ppen meg\u00e9ri.<\/p>\n<p><strong>Szeretne valamilyen m\u00f3don tov\u00e1bbl\u00e9pni a karrierj\u00e9ben? L\u00e1t valahol fejl\u0151d\u00e9si lehet\u0151s\u00e9get?<\/strong><\/p>\n<p>B\u0151rgy\u00f3gy\u00e1szk\u00e9nt \u00e9s v\u00e1llalkoz\u00f3k\u00e9nt egy eg\u00e9szs\u00e9g\u00fcgyi szolg\u00e1ltat\u00e1s b\u0151v\u00edt\u00e9s\u00e9nek nincs hat\u00e1ra! A teledermatol\u00f3gia egy olyan ter\u00fclet, amelyet nemr\u00e9giben kezdt\u00fcnk el kiakn\u00e1zni. A technol\u00f3gia fejl\u0151d\u00e9s\u00e9vel az online konzult\u00e1ci\u00f3k \u00e1thidalj\u00e1k a f\u00f6ldrajzi t\u00e1vols\u00e1gokat. A mesters\u00e9gesintelligencia-alap\u00fa elemz\u0151 \u00e9s k\u00e9palkot\u00f3 eszk\u00f6z\u00f6k lehet\u0151v\u00e9 teszik sz\u00e1munkra, hogy megvizsg\u00e1lhassuk betegeinket \u00e9s konzult\u00e1lhassunk vel\u00fck, b\u00e1rhol is legyenek a vil\u00e1gon.<\/p>\n<p>A kutat\u00e1s-fejleszt\u00e9s is egy olyan ter\u00fclet, amelyet \u00e9rdemes felfedezni. \u00dajabb \u00e9s \u00fajabb kezel\u00e9sek, term\u00e9kek \u00e9s eszk\u00f6z\u00f6k jelennek meg. A leend\u0151 orvosoknak azt tan\u00e1csolom, hogy figyeljenek oda minden hi\u00e1nyoss\u00e1gra, hib\u00e1ra, \u00e9s tekints\u00e9k azokat fejlesztend\u0151, t\u00f6k\u00e9letes\u00edtend\u0151 ter\u00fcleteknek.<\/p>\n<p>V\u00e9g\u00fcl pedig megtanultam, hogy az orvostudom\u00e1ny b\u00e1rmely m\u00e1s szenved\u00e9ly\u00fcnkkel t\u00e1rs\u00edthat\u00f3. Rem\u00e9lem, hogy tov\u00e1bbra is h\u00f3dolhatok az ingatlanpiac ir\u00e1nti \u00e9rdekl\u0151d\u00e9semnek, \u00e9s kombin\u00e1lhatom azt az orvosk\u00e9nt szerzett tapasztalatommal.<\/p>\n<p><strong>Melyik szakmai teljes\u00edtm\u00e9ny\u00e9re a legb\u00fcszk\u00e9bb?<\/strong><\/p>\n<p>Nap mint nap r\u00e1csod\u00e1lkozom arra, hogy milyen fejl\u0151d\u00e9st vitt\u00fcnk v\u00e9ghez a klinik\u00e1nkon. Nagy b\u00fcszkes\u00e9ggel t\u00f6lt el, amikor belegondolok, hogy honnan hova jutottunk. M\u00e9g b\u00fcszk\u00e9bb vagyok arra az &#8222;\u00f6r\u00f6ks\u00e9gre&#8221;, amelyet gyermekeimnek siker\u00fclt \u00e1tadnom, akik most indulnak el az orvostudom\u00e1ny fel\u00e9 vezet\u0151 \u00faton.<\/p>\n<p><strong><a href=\"https:\/\/semmelweis.hu\/hirek\/files\/2025\/06\/original-2748A1DD-D665-4EA9-8CAF-9AFF8A9CE3CE.jpeg\"><img loading=\"lazy\" decoding=\"async\" class=\"alignright size-medium wp-image-154026\" src=\"https:\/\/semmelweis.hu\/hirek\/files\/2025\/06\/original-2748A1DD-D665-4EA9-8CAF-9AFF8A9CE3CE-227x400.jpeg\" alt=\"\" width=\"227\" height=\"400\" srcset=\"https:\/\/semmelweis.hu\/hirek\/files\/2025\/06\/original-2748A1DD-D665-4EA9-8CAF-9AFF8A9CE3CE-227x400.jpeg 227w, https:\/\/semmelweis.hu\/hirek\/files\/2025\/06\/original-2748A1DD-D665-4EA9-8CAF-9AFF8A9CE3CE-454x800.jpeg 454w, https:\/\/semmelweis.hu\/hirek\/files\/2025\/06\/original-2748A1DD-D665-4EA9-8CAF-9AFF8A9CE3CE-768x1354.jpeg 768w, https:\/\/semmelweis.hu\/hirek\/files\/2025\/06\/original-2748A1DD-D665-4EA9-8CAF-9AFF8A9CE3CE-871x1536.jpeg 871w, https:\/\/semmelweis.hu\/hirek\/files\/2025\/06\/original-2748A1DD-D665-4EA9-8CAF-9AFF8A9CE3CE-1162x2048.jpeg 1162w, https:\/\/semmelweis.hu\/hirek\/files\/2025\/06\/original-2748A1DD-D665-4EA9-8CAF-9AFF8A9CE3CE-753x1327.jpeg 753w, https:\/\/semmelweis.hu\/hirek\/files\/2025\/06\/original-2748A1DD-D665-4EA9-8CAF-9AFF8A9CE3CE.jpeg 1290w\" sizes=\"auto, (max-width: 227px) 100vw, 227px\" \/><\/a>Milyen t\u00edpus\u00fa kezel\u00e9st v\u00e9gez legsz\u00edvesebben?<\/strong><\/p>\n<p>A kedvenc beavatkoz\u00e1som a Mohs-m\u0171t\u00e9t. Ez az egyik legt\u00f6bb el\u0151nyt ny\u00fajt\u00f3, prec\u00edz \u00e9s hat\u00e9kony elj\u00e1r\u00e1s, amellyel el lehet t\u00e1vol\u00edtani a r\u00e1kos sz\u00f6veteket, mik\u00f6zben az eg\u00e9szs\u00e9ges sz\u00f6veteket meg\u0151rizz\u00fck. Tekintve, hogy egyre t\u00f6bb a r\u00e1kos megbeteged\u00e9s Cipruson, \u00edgy nem tudom el\u00e9gg\u00e9 hangs\u00falyozni ezeknek az elj\u00e1r\u00e1soknak a fontoss\u00e1g\u00e1t, \u00e9s azt a b\u00fcszkes\u00e9get, amit \u00e9rzek, amikor a sz\u00f6vettani vizsg\u00e1lat meger\u0151s\u00edti, hogy siker\u00fclt m\u00e9g id\u0151ben elkapni egy k\u00f3ros elv\u00e1ltoz\u00e1st.<\/p>\n<p>Sz\u00edvesen v\u00e9gzek l\u00e9zeres b\u0151rfiatal\u00edt\u00f3 kezel\u00e9seket is. Nagy \u00f6r\u00f6m\u00f6mre szolg\u00e1l, ha el\u00e9gedettnek l\u00e1thatom a p\u00e1cienseimet, \u00e9s seg\u00edthetek nekik abban, hogy j\u00f3l \u00e9rezz\u00e9k magukat a b\u0151r\u00fckben \u00e9s magabiztosabb\u00e1 v\u00e1ljanak.<\/p>\n<p><strong>Magyarorsz\u00e1gon \u00e9s N\u00e9metorsz\u00e1gban is tanult. Milyen tud\u00e1sra tett szert ezeken a helyeken, amelyek mind a mai napig elk\u00eds\u00e9rik?<\/strong><\/p>\n<p>A k\u00fcl\u00f6nb\u00f6z\u0151 helyeken szerzett tapasztalataim sok szempontb\u00f3l form\u00e1ltak. Az orvosi egyetemt\u0151l a rezidensi k\u00e9pz\u00e9sig tart\u00f3 id\u0151szakban m\u00e9ly ismereteket szereztem a b\u0151rbetegs\u00e9gek \u00f6sszetetts\u00e9g\u00e9vel \u00e9s az alapos diagn\u00f3zis fontoss\u00e1g\u00e1val kapcsolatban. A k\u00fcl\u00f6nb\u00f6z\u0151 k\u00f3rh\u00e1zakban v\u00e9gzett k\u00e9pz\u00e9sek sor\u00e1n sokf\u00e9le beteggel tal\u00e1lkoztam, ami seg\u00edtett abban, hogy biztos klinikai \u00edt\u00e9l\u0151k\u00e9pess\u00e9gre \u00e9s alkalmazkod\u00f3k\u00e9szs\u00e9gre tegyek szert.<\/p>\n<p>A mag\u00e1npraxisban dolgozva megtanultam, milyen \u00e9rt\u00e9kesek a betegekkel kialak\u00edtott hossz\u00fa t\u00e1v\u00fa kapcsolatok, \u00e9s meg\u00e9rtettem, hogy az orvosi kezel\u00e9sen t\u00fal is vannak sz\u00e1mukra fontos szempontok; \u00f6r\u00f6m\u00f6mre szolg\u00e1l, ha l\u00e1tom, hogy a p\u00e1ciensek magabiztosak \u00e9s j\u00f3l \u00e9rzik magukat a b\u0151r\u00fckben. Mindezek a tapasztalatok ma is form\u00e1lnak engem mint dermatol\u00f3gust, \u00e9s arra \u00f6szt\u00f6n\u00f6znek, hogy legyek tov\u00e1bbra is k\u00edv\u00e1ncsi, egy\u00fctt\u00e9rz\u0151 \u00e9s elk\u00f6telezett a b\u0151r eg\u00e9szs\u00e9g\u00e9nek jav\u00edt\u00e1sa mellett.<\/p>\n<p><strong>Mit jelent \u00f6nnek az, hogy a Semmelweis Egyetemen szerzett diplom\u00e1t?<\/strong><\/p>\n<p>A Semmelweis alumnus\u00e1nak lenni igazi kiv\u00e1lts\u00e1g. Azt jelenti, hogy egy olyan tekint\u00e9lyes int\u00e9zm\u00e9ny r\u00e9szese vagyok, amelynek komoly hagyom\u00e1nyai vannak az orvostudom\u00e1nyi kiv\u00e1l\u00f3s\u00e1g, kutat\u00e1s \u00e9s innov\u00e1ci\u00f3 ter\u00e9n. A Semmelweis Egyetem szigor\u00fa elm\u00e9leti \u00e9s a gyakorlatot el\u0151t\u00e9rbe helyez\u0151 k\u00e9pz\u00e9s\u00e9r\u0151l ismert, aminek k\u00f6sz\u00f6nhet\u0151en sokoldal\u00fa b\u0151rgy\u00f3gy\u00e1sz v\u00e1lt bel\u0151lem.<\/p>\n<p>A Semmelweisen szerzett alapok tov\u00e1bbra is meghat\u00e1rozz\u00e1k az orvostudom\u00e1nyhoz val\u00f3 hozz\u00e1\u00e1ll\u00e1somat, a diagnosztikai k\u00e9pess\u00e9geimt\u0151l az \u00e9lethosszig tart\u00f3 tanul\u00e1s ir\u00e1nti elk\u00f6telezetts\u00e9gemig. Megtiszteltet\u00e9s, hogy egy ilyen elismert int\u00e9zm\u00e9ny k\u00f6z\u00f6ss\u00e9g\u00e9hez tartozhatok.<\/p>\n<p><strong>Van jelmondata a klinik\u00e1j\u00e1nak, vagy egy v\u00edzi\u00f3juk, amelyet igyekeznek k\u00f6vetni?<\/strong><\/p>\n<p>Puszt\u00e1n annyi, hogy minden nap l\u00e9gy egy sz\u00e1zal\u00e9kkal jobb, mint el\u0151z\u0151 nap.<\/p>\n<p>Gyakran el\u0151fordul, hogy a t\u00f6k\u00e9letess\u00e9g hajszol\u00e1sa megb\u00e9n\u00edt minket, ahogy haladunk el\u0151re a saj\u00e1t utunkon. Az alkalmazottaim k\u00fcl\u00f6nb\u00f6z\u0151 h\u00e1tt\u00e9rrel \u00e9s \u00e9let\u00fat-tapasztalattal \u00e9rkeztek a klinik\u00e1imra, de mindannyian egy k\u00f6z\u00f6s c\u00e9l \u00e9rdek\u00e9ben vannak itt. A legjobb m\u00f3dja annak, hogy el\u00e9rj\u00fck ezt a k\u00f6z\u00f6s c\u00e9lt, ha arra koncentr\u00e1lunk, \u00e9s arra \u00f6szt\u00f6n\u00f6zz\u00fck \u0151ket, hogy csak egy kicsivel legyenek jobbak, mint el\u0151z\u0151 nap. Ennek a l\u00e1tsz\u00f3lag kis el\u0151rel\u00e9p\u00e9snek id\u0151vel komoly eredm\u00e9nye lesz.<\/p>\n<p><strong>Milyen gyakran j\u00f6nnek magyarul besz\u00e9l\u0151 p\u00e1ciensek a klinik\u00e1j\u00e1ra?<\/strong><\/p>\n<p>Ciprus egy olyan sziget, amely nyitott a soksz\u00edn\u0171s\u00e9gre, legyen sz\u00f3 munk\u00e1r\u00f3l vagy nyaral\u00e1sr\u00f3l. A magyar k\u00f6z\u00f6ss\u00e9g jelent\u0151s l\u00e9tsz\u00e1m\u00fa \u00e9s nagyon fontos a klinik\u00e1m sz\u00e1m\u00e1ra.<\/p>\n<p><strong>Van olyan hobbija, amely seg\u00edt kikapcsol\u00f3dni \u00e9s felt\u00f6lt\u0151dni a munkanapok ut\u00e1n?<\/strong><\/p>\n<p>B\u0151rgy\u00f3gy\u00e1szk\u00e9nt is elengedhetetlen a munka \u00e9s a mag\u00e1n\u00e9let egyens\u00faly\u00e1nak fenntart\u00e1sa. Munka ut\u00e1n szeretek olyan tev\u00e9kenys\u00e9geket \u0171zni, amelyek seg\u00edtenek kikapcsol\u00f3dni \u00e9s felt\u00f6lt\u0151dni. Kedvenc id\u0151t\u00f6lt\u00e9seim k\u00f6z\u00e9 tartozik az olvas\u00e1s \u00e9s a kutat\u00e1s. Szenved\u00e9lyesen k\u00f6vetem a b\u0151rgy\u00f3gy\u00e1szat, a t\u00e1pl\u00e1lkoz\u00e1stan, a politika \u00e9s az \u00e9p\u00edt\u00e9szet \u00fajdons\u00e1gait. Sz\u00edvesen t\u00f6lt\u00f6k id\u0151t a csal\u00e1dommal, szeretteimmel is, ami elengedhetetlen az eml\u00edtett egyens\u00faly fenntart\u00e1s\u00e1hoz.<\/p>\n<p>Szekeres Hanna, Alumni Igazgat\u00f3s\u00e1g<br \/>\nFord\u00edtotta: dr. Csizmadia Bal\u00e1zs<br \/>\nFot\u00f3: Argyris Michaelides, DC Dermatologicum<\/p>\n","protected":false},"excerpt":{"rendered":"<p>A b\u0151rgy\u00f3gy\u00e1sz szakorvos Ciprus legnagyobb b\u0151rklinik\u00e1j\u00e1nak alap\u00edt\u00f3ja.<\/p>\n","protected":false},"author":102369,"featured_media":154024,"comment_status":"closed","ping_status":"closed","sticky":false,"template":"","format":"standard","meta":{"_acf_changed":false,"footnotes":""},"categories":[157,168],"tags":[1271,4303],"class_list":["post-154023","post","type-post","status-publish","format-standard","has-post-thumbnail","hentry","category-semmelweis-vilag","category-kiemelt","tag-alumni","tag-alumni-portrek"],"acf":[],"_links":{"self":[{"href":"https:\/\/semmelweis.hu\/hirek\/wp-json\/wp\/v2\/posts\/154023","targetHints":{"allow":["GET"]}}],"collection":[{"href":"https:\/\/semmelweis.hu\/hirek\/wp-json\/wp\/v2\/posts"}],"about":[{"href":"https:\/\/semmelweis.hu\/hirek\/wp-json\/wp\/v2\/types\/post"}],"author":[{"embeddable":true,"href":"https:\/\/semmelweis.hu\/hirek\/wp-json\/wp\/v2\/users\/102369"}],"replies":[{"embeddable":true,"href":"https:\/\/semmelweis.hu\/hirek\/wp-json\/wp\/v2\/comments?post=154023"}],"version-history":[{"count":6,"href":"https:\/\/semmelweis.hu\/hirek\/wp-json\/wp\/v2\/posts\/154023\/revisions"}],"predecessor-version":[{"id":154038,"href":"https:\/\/semmelweis.hu\/hirek\/wp-json\/wp\/v2\/posts\/154023\/revisions\/154038"}],"wp:featuredmedia":[{"embeddable":true,"href":"https:\/\/semmelweis.hu\/hirek\/wp-json\/wp\/v2\/media\/154024"}],"wp:attachment":[{"href":"https:\/\/semmelweis.hu\/hirek\/wp-json\/wp\/v2\/media?parent=154023"}],"wp:term":[{"taxonomy":"category","embeddable":true,"href":"https:\/\/semmelweis.hu\/hirek\/wp-json\/wp\/v2\/categories?post=154023"},{"taxonomy":"post_tag","embeddable":true,"href":"https:\/\/semmelweis.hu\/hirek\/wp-json\/wp\/v2\/tags?post=154023"}],"curies":[{"name":"wp","href":"https:\/\/api.w.org\/{rel}","templated":true}]}}