{"id":152968,"date":"2025-05-13T06:00:37","date_gmt":"2025-05-13T04:00:37","guid":{"rendered":"https:\/\/semmelweis.hu\/hirek\/?p=152968"},"modified":"2025-05-12T15:56:22","modified_gmt":"2025-05-12T13:56:22","slug":"a-semmelweis-adott-otthont-az-europai-egyetemek-innovacio-temaju-csucstalalkozojanak","status":"publish","type":"post","link":"https:\/\/semmelweis.hu\/hirek\/2025\/05\/13\/a-semmelweis-adott-otthont-az-europai-egyetemek-innovacio-temaju-csucstalalkozojanak\/","title":{"rendered":"A Semmelweis adott otthont az eur\u00f3pai egyetemek innov\u00e1ci\u00f3 t\u00e9m\u00e1j\u00fa cs\u00facstal\u00e1lkoz\u00f3j\u00e1nak"},"content":{"rendered":"<div class=\"lead\">H\u00e1rom napon \u00e1t k\u00e9t helysz\u00ednen, 42 szekci\u00f3ban felsz\u00f3lal\u00f3 70 el\u0151ad\u00f3val, ezen bel\u00fcl keynote el\u0151ad\u00e1sokkal, panelbesz\u00e9lget\u00e9sekkel, workshopokkal \u00e9s masterclass el\u0151ad\u00e1sokkal v\u00e1rta az innov\u00e1ci\u00f3 \u00e9s a fels\u0151oktat\u00e1s j\u00f6v\u0151je ir\u00e1nt \u00e9rdekl\u0151d\u0151 szakmabelieket, 40 orsz\u00e1gb\u00f3l mintegy 350 r\u00e9sztvev\u0151t a 2025. \u00e9vi THE Europe Universities Summit, amely a Semmelweis Egyetem, az \u00d3budai Egyetem \u00e9s a Times Higher Education k\u00f6z\u00f6s szervez\u00e9s\u00e9ben val\u00f3sult meg.<\/div>\n<p><a href=\"https:\/\/semmelweis.hu\/hirek\/files\/2025\/05\/RS214209__19A3200-scr.jpg\"><img loading=\"lazy\" decoding=\"async\" class=\"aligncenter size-full wp-image-152970\" src=\"https:\/\/semmelweis.hu\/hirek\/files\/2025\/05\/RS214209__19A3200-scr.jpg\" alt=\"\" width=\"1200\" height=\"800\" srcset=\"https:\/\/semmelweis.hu\/hirek\/files\/2025\/05\/RS214209__19A3200-scr.jpg 1200w, https:\/\/semmelweis.hu\/hirek\/files\/2025\/05\/RS214209__19A3200-scr-400x267.jpg 400w, https:\/\/semmelweis.hu\/hirek\/files\/2025\/05\/RS214209__19A3200-scr-900x600.jpg 900w, https:\/\/semmelweis.hu\/hirek\/files\/2025\/05\/RS214209__19A3200-scr-768x512.jpg 768w, https:\/\/semmelweis.hu\/hirek\/files\/2025\/05\/RS214209__19A3200-scr-753x502.jpg 753w, https:\/\/semmelweis.hu\/hirek\/files\/2025\/05\/RS214209__19A3200-scr-203x135.jpg 203w\" sizes=\"auto, (max-width: 1200px) 100vw, 1200px\" \/><\/a><\/p>\n<div class=\"fontos_div\">\n<p>A THE Europe Universities Summit tal\u00e1lkoz\u00f3t azzal a c\u00e9llal h\u00edvt\u00e1k \u00f6ssze, hogy megvizsg\u00e1lja, Eur\u00f3pa fels\u0151oktat\u00e1si int\u00e9zm\u00e9nyei mik\u00e9nt tudj\u00e1k k\u00f6z\u00f6s er\u0151forr\u00e1saikat az innov\u00e1ci\u00f3 szolg\u00e1lat\u00e1ba \u00e1ll\u00edtani, hogy hozz\u00e1j\u00e1ruljanak a t\u00e1rsadalom leg\u00e9get\u0151bb probl\u00e9m\u00e1inak megold\u00e1s\u00e1hoz.<\/p>\n<\/div>\n<p>A mostani konferencia a Times Higher Education \u00e9s a Semmelweis Egyetem <a href=\"https:\/\/semmelweis.hu\/hirek\/2024\/08\/19\/az-egeszseg-es-jollet-trendjeit-elemzi-a-times-higher-education-es-a-semmelweis-budapesti-foruma\/\">m\u00e1sodik k\u00f6z\u00f6s rendezv\u00e9nye<\/a>, miut\u00e1n tavaly szeptemberben szint\u00e9n az egyetem Elm\u00e9leti Orvostudom\u00e1nyi K\u00f6zpontj\u00e1ban (EOK) tartott\u00e1k meg a THE University Impact Forum konferenci\u00e1t.<\/p>\n<p>A mostani cs\u00facstal\u00e1lkoz\u00f3 felvezet\u0151 napj\u00e1n az \u00d3budai Egyetemre l\u00e1togat\u00f3 r\u00e9sztvev\u0151k az innov\u00e1ci\u00f3r\u00f3l, ezen bel\u00fcl az innov\u00e1ci\u00f3s \u00f6kosziszt\u00e9m\u00e1r\u00f3l, az innov\u00e1ci\u00f3 kil\u00e1t\u00e1sair\u00f3l folytathattak eszmecser\u00e9t. Dr. Ferdinandy P\u00e9ter, a Semmelweis Egyetem tudom\u00e1nyos \u00e9s innov\u00e1ci\u00f3s rektorhelyettese k\u00f6sz\u00f6nt\u0151j\u00e9ben kiemelte, hogy nemcsak az egyes \u00faj\u00edt\u00e1sokhoz van sz\u00fcks\u00e9g a k\u00f6z\u00f6s gondolkod\u00e1sra, a tud\u00e1s megoszt\u00e1s\u00e1ra, hanem ahhoz is, hogy glob\u00e1lis szinten lend\u00fcletet adjunk az innov\u00e1ci\u00f3nak \u00e9s \u00e9l\u00e9nk\u00edts\u00fck az ezt t\u00e1mogat\u00f3 k\u00f6rnyezetet. Hangs\u00falyozta, hogy a Semmelweis Egyetem KFI-strat\u00e9gi\u00e1j\u00e1nak is az innov\u00e1ci\u00f3s k\u00f6rnyezet \u00e9l\u00e9nk\u00edt\u00e9se, az \u00fczletfejleszt\u00e9s, a technol\u00f3giai transzfer a c\u00e9lja. \u201eJ\u00f3l tudjuk ugyanis, hogy \u00fczlet n\u00e9lk\u00fcl nincs innov\u00e1ci\u00f3. Vagyis a tudom\u00e1nyos eredm\u00e9nyeket piacra kell vinni ahhoz, hogy a betegeken is seg\u00edteni lehessen vel\u00fck\u201d \u2013 eml\u00e9keztetett a rektorhelyettes.<\/p>\n<p><a href=\"https:\/\/semmelweis.hu\/hirek\/files\/2025\/05\/RS214174__19A2992-scr.jpg\"><img loading=\"lazy\" decoding=\"async\" class=\"alignright size-medium wp-image-152969\" src=\"https:\/\/semmelweis.hu\/hirek\/files\/2025\/05\/RS214174__19A2992-scr-400x267.jpg\" alt=\"\" width=\"400\" height=\"267\" srcset=\"https:\/\/semmelweis.hu\/hirek\/files\/2025\/05\/RS214174__19A2992-scr-400x267.jpg 400w, https:\/\/semmelweis.hu\/hirek\/files\/2025\/05\/RS214174__19A2992-scr-900x600.jpg 900w, https:\/\/semmelweis.hu\/hirek\/files\/2025\/05\/RS214174__19A2992-scr-768x512.jpg 768w, https:\/\/semmelweis.hu\/hirek\/files\/2025\/05\/RS214174__19A2992-scr-753x502.jpg 753w, https:\/\/semmelweis.hu\/hirek\/files\/2025\/05\/RS214174__19A2992-scr-203x135.jpg 203w, https:\/\/semmelweis.hu\/hirek\/files\/2025\/05\/RS214174__19A2992-scr.jpg 1200w\" sizes=\"auto, (max-width: 400px) 100vw, 400px\" \/><\/a>A rendezv\u00e9ny m\u00e1jus 7-\u00e9n az EOK-ban folyat\u00f3dott innov\u00e1ci\u00f3s t\u00e9m\u00e1j\u00fa szekci\u00f3kkal. Dr. Merkely B\u00e9la, a Semmelweis Egyetem rektora a hivatalos megnyit\u00f3n lesz\u00f6gezte: a THE Europe Universities Summit 2025 egyik f\u0151 c\u00e9lkit\u0171z\u00e9se az, hogy a cs\u00facsteljes\u00edtm\u00e9nyt ny\u00fajt\u00f3 int\u00e9zm\u00e9nyeket, a vil\u00e1g elitj\u00e9be tartoz\u00f3 el\u0151ad\u00f3kat egyes\u00edtve a lehet\u0151 legmagasabb szint\u0171 \u00f6sszefog\u00e1sra \u00f6szt\u00f6n\u00f6zz\u00f6n. \u201eAzzal ugyanis, hogy a h\u00e1romnapos esem\u00e9ny\u00fcnk sor\u00e1n a r\u00e9sztvev\u0151k megosztj\u00e1k egym\u00e1ssal legjobb gyakorlataikat, bev\u00e1lt m\u00f3dszereiket \u00e9s kutat\u00e1si eredm\u00e9nyeiket, hozz\u00e1j\u00e1rulnak a tudom\u00e1ny, az oktat\u00e1s el\u0151menetel\u00e9hez \u00e9s a t\u00f6bbi r\u00e9sztvev\u0151 fejl\u0151d\u00e9s\u00e9hez is\u201d \u2013 fogalmazott a rektor.<\/p>\n<p>Dr. Kov\u00e1cs Levente, az \u00d3budai Egyetem rektora felid\u00e9zte a 15 \u00e9ves int\u00e9zm\u00e9ny k\u00f6z\u00e9pkorra visszany\u00fal\u00f3 t\u00f6rt\u00e9nelmi gy\u00f6kereit, majd n\u00e9h\u00e1ny p\u00e9ld\u00e1val szeml\u00e9ltette, hogy milyen sok tal\u00e1lm\u00e1nyt adtak magyar tud\u00f3sok a vil\u00e1gnak az olyan h\u00e9tk\u00f6znapi t\u00e1rgyakt\u00f3l kezdve, mint a goly\u00f3stoll, eg\u00e9szen a Nobel-d\u00edjas felfedez\u00e9sekig. Ezen tud\u00e1stranszferben a magyar fels\u0151oktat\u00e1si int\u00e9zm\u00e9nyeknek is kiemelt szerep jutott, ez\u00e9rt rem\u00e9ny\u00e9t fejezte ki, hogy a jelenkor tudom\u00e1nyos egy\u00fcttm\u0171k\u00f6d\u00e9sei, mint amilyen a mostani eszmecsere is, szint\u00e9n hozz\u00e1j\u00e1rulnak az innovat\u00edv \u00f6tletek t\u00e9rnyer\u00e9s\u00e9hez.<\/p>\n<p><a href=\"https:\/\/semmelweis.hu\/hirek\/files\/2025\/05\/RS214192__19A3115-scr.jpg\"><img loading=\"lazy\" decoding=\"async\" class=\"aligncenter size-full wp-image-152971\" src=\"https:\/\/semmelweis.hu\/hirek\/files\/2025\/05\/RS214192__19A3115-scr.jpg\" alt=\"\" width=\"1200\" height=\"800\" srcset=\"https:\/\/semmelweis.hu\/hirek\/files\/2025\/05\/RS214192__19A3115-scr.jpg 1200w, https:\/\/semmelweis.hu\/hirek\/files\/2025\/05\/RS214192__19A3115-scr-400x267.jpg 400w, https:\/\/semmelweis.hu\/hirek\/files\/2025\/05\/RS214192__19A3115-scr-900x600.jpg 900w, https:\/\/semmelweis.hu\/hirek\/files\/2025\/05\/RS214192__19A3115-scr-768x512.jpg 768w, https:\/\/semmelweis.hu\/hirek\/files\/2025\/05\/RS214192__19A3115-scr-753x502.jpg 753w, https:\/\/semmelweis.hu\/hirek\/files\/2025\/05\/RS214192__19A3115-scr-203x135.jpg 203w\" sizes=\"auto, (max-width: 1200px) 100vw, 1200px\" \/><\/a><\/p>\n<p>Kih\u00edv\u00e1sokkal teli id\u0151szakot \u00e9l \u00e1t a fels\u0151oktat\u00e1s, hiszen nemcsak a n\u00f6vekv\u0151 t\u00e1rsadalmi elv\u00e1r\u00e1soknak kell megfelelnie, hanem geopolitikai v\u00e1ltoz\u00e1sok mellett sz\u00fcks\u00e9ges biztos\u00edtania, hogy az \u00f6tletek \u00e9s a tehets\u00e9g hat\u00e1rok n\u00e9lk\u00fcl \u00e1ramolhasson \u2013 h\u00edvta fel a figyelmet megnyit\u00f3 besz\u00e9d\u00e9ben Phil Baty, a Times Higher Education glob\u00e1lis \u00fcgyek\u00e9rt felel\u0151s igazgat\u00f3ja. A kih\u00edv\u00e1s teh\u00e1t az, hogy hogyan lehet a kiv\u00e1l\u00f3s\u00e1got, az innov\u00e1ci\u00f3t olyan \u00f6tletekre, technol\u00f3gi\u00e1ra \u00e9s partners\u00e9gre v\u00e1ltani, amellyel az emberek \u00e9letmin\u0151s\u00e9ge is jav\u00edthat\u00f3 \u2013 mondta, hozz\u00e1t\u00e9ve: Eur\u00f3pa ereje az egy\u00fcttm\u0171k\u00f6d\u00e9sben rejlik, \u00edgy az er\u0151s korm\u00e1nyz\u00e1ssal \u00e9s digit\u00e1lis \u00e1talakul\u00e1ssal t\u00e1rsul\u00f3 nemzetk\u00f6zi kutat\u00e1s fogja meghat\u00e1rozni annak j\u00f6v\u0151j\u00e9t.<\/p>\n<p>Dr. Hank\u00f3 Bal\u00e1zs kult\u00far\u00e1\u00e9rt \u00e9s innov\u00e1ci\u00f3\u00e9rt felel\u0151s miniszter a magyar fels\u0151oktat\u00e1si rendszer reformj\u00e1t v\u00e1zolta fel, amelynek eredm\u00e9nyek\u00e9ppen 40 sz\u00e1zal\u00e9kkal n\u0151tt a fels\u0151oktat\u00e1sban r\u00e9sztvev\u0151k sz\u00e1ma, ezen bel\u00fcl is 63 sz\u00e1zal\u00e9kkal emelkedett az orvosi \u00e9s STEM (term\u00e9szettudom\u00e1ny, technol\u00f3gia, m\u00e9rn\u00f6ki tudom\u00e1nyok \u00e9s matematika) ter\u00fcleteket v\u00e1laszt\u00f3k, illetve 20 sz\u00e1zal\u00e9kkal a nemzetk\u00f6zi hallgat\u00f3k ar\u00e1nya. Kit\u00e9rt a Pann\u00f3nia \u00d6szt\u00f6nd\u00edjprogram \u00e9s a HU-Rizont program k\u00edn\u00e1lta lehet\u0151s\u00e9gekre is, amelyek a magyar egyetemek nemzetk\u00f6zi l\u00e1that\u00f3s\u00e1g\u00e1t \u00e9s szerepv\u00e1llal\u00e1s\u00e1t mozd\u00edtj\u00e1k el\u0151. Kiemelte, hogy a hazai fels\u0151oktat\u00e1si int\u00e9zm\u00e9nyek egyre jobban teljes\u00edtenek a nemzetk\u00f6zi rangsorokban is, \u00edgy ma m\u00e1r 12 magyar egyetem szerepel a vil\u00e1g fels\u0151 5 sz\u00e1zal\u00e9k\u00e1ban, ezen bel\u00fcl a Semmelweis Egyetem a top 1 sz\u00e1zal\u00e9kban. Eml\u00e9keztetett, a c\u00e9l az, hogy 2030-ig legyen magyar egyetem a vil\u00e1g els\u0151 100 int\u00e9zm\u00e9nye k\u00f6z\u00f6tt, 3 pedig az eur\u00f3pai top 100-ban.<\/p>\n<p><a href=\"https:\/\/semmelweis.hu\/hirek\/files\/2025\/05\/RS214155__19A2869-scr.jpg\"><img loading=\"lazy\" decoding=\"async\" class=\"alignleft size-medium wp-image-152972\" src=\"https:\/\/semmelweis.hu\/hirek\/files\/2025\/05\/RS214155__19A2869-scr-400x267.jpg\" alt=\"\" width=\"400\" height=\"267\" srcset=\"https:\/\/semmelweis.hu\/hirek\/files\/2025\/05\/RS214155__19A2869-scr-400x267.jpg 400w, https:\/\/semmelweis.hu\/hirek\/files\/2025\/05\/RS214155__19A2869-scr-900x600.jpg 900w, https:\/\/semmelweis.hu\/hirek\/files\/2025\/05\/RS214155__19A2869-scr-768x512.jpg 768w, https:\/\/semmelweis.hu\/hirek\/files\/2025\/05\/RS214155__19A2869-scr-753x502.jpg 753w, https:\/\/semmelweis.hu\/hirek\/files\/2025\/05\/RS214155__19A2869-scr-203x135.jpg 203w, https:\/\/semmelweis.hu\/hirek\/files\/2025\/05\/RS214155__19A2869-scr.jpg 1200w\" sizes=\"auto, (max-width: 400px) 100vw, 400px\" \/><\/a>A szekci\u00f3k sor\u00e1t dr. Merkely B\u00e9la \u201e\u00datban a top 100 fel\u00e9\u201d c\u00edm\u0171 keynote el\u0151ad\u00e1sa nyitotta meg, amelyben az egyetem strat\u00e9giai c\u00e9ljait \u00e9s az azok megval\u00f3s\u00edt\u00e1sa \u00e9rdek\u00e9ben tett int\u00e9zked\u00e9seket mutatta be. A konferenci\u00e1n sz\u00e1mos tov\u00e1bbi el\u0151ad\u00f3 sz\u00f3lalt fel a Semmelweis Egyetem k\u00e9pviselet\u00e9ben. Dr. Ferdinandy P\u00e9ter a kiv\u00e1l\u00f3s\u00e1g \u00e9s a kutat\u00e1s-innov\u00e1ci\u00f3 kapcsolat\u00e1t taglal\u00f3 p\u00f3diumbesz\u00e9lget\u00e9sen vett r\u00e9szt, dr. Maurovich Horvat P\u00e1l, az Orvosi K\u00e9palkot\u00f3 Klinika igazgat\u00f3ja az eur\u00f3pai kutat\u00f3i h\u00e1l\u00f3zatokr\u00f3l sz\u00f3l\u00f3 szekci\u00f3ban adott el\u0151. Dr. Pollner P\u00e9ter, az Eg\u00e9szs\u00e9g\u00fcgyi Menedzserk\u00e9pz\u0151 K\u00f6zpont docense a koronav\u00edrussal kezd\u0151d\u0151 digit\u00e1lis \u00e1talakul\u00e1s kapcs\u00e1n osztotta meg tapasztalatait, m\u00edg dr. Alp\u00e1r Al\u00e1n nemzetk\u00f6zi kapcsolatok\u00e9rt felel\u0151s rektorhelyettes a nemzetk\u00f6ziesed\u00e9s kih\u00edv\u00e1sair\u00f3l sz\u00f3l\u00f3 kerekasztal-besz\u00e9lget\u00e9st moder\u00e1lta.<\/p>\n<p>Az esem\u00e9nysorozat z\u00e1r\u00f3 napja az oktat\u00e1s n\u00e9z\u0151pontj\u00e1t helyezte k\u00f6z\u00e9ppontba. Dr. Hermann P\u00e9ter oktat\u00e1si rektorhelyettes az egyetemek \u00fan. \u201eharmadik k\u00fcldet\u00e9s\u00e9r\u0151l\u201d sz\u00f3l\u00f3 besz\u00e9lget\u00e9st, dr. Purebl Gy\u00f6rgy, a Magatart\u00e1studom\u00e1nyi Int\u00e9zet igazgat\u00f3ja pedig a ment\u00e1lis eg\u00e9szs\u00e9get g\u00f3rcs\u0151 al\u00e1 vev\u0151 szekci\u00f3t moder\u00e1lta, amelyen szint\u00e9n a Semmelweis Egyetem r\u00e9sz\u00e9r\u0151l felsz\u00f3lalt dr. T\u00f6r\u00f6k Szabolcs, a Ment\u00e1lhigi\u00e9n\u00e9 Int\u00e9zet egyetemi tan\u00e1ra.<\/p>\n\r\n        [slb_exclude]\r\n        <div class=\"row galeria-wrapper mx-0 h-auto\">\r\n            <div class=\"col-9 pl-0 pr-2\">\r\n            <span class=\"gallery-item frame\">\r\n\t\t\t\t<div class=\"galeria-left-img\"><a href=\"https:\/\/semmelweis.hu\/hirek\/files\/2025\/05\/RS214233__19A3498-scr.jpg\"><img src=https:\/\/semmelweis.hu\/hirek\/files\/2025\/05\/RS214233__19A3498-scr.jpg  \r\n                            alt=\"\" \r\n                            class=\"attachment-sote-gallery-big size-sote-gallery-big\" \r\n                            srcset=\"https:\/\/semmelweis.hu\/hirek\/files\/2025\/05\/RS214233__19A3498-scr-400x267.jpg 400w, https:\/\/semmelweis.hu\/hirek\/files\/2025\/05\/RS214233__19A3498-scr-900x600.jpg 900w, https:\/\/semmelweis.hu\/hirek\/files\/2025\/05\/RS214233__19A3498-scr-768x512.jpg 768w, https:\/\/semmelweis.hu\/hirek\/files\/2025\/05\/RS214233__19A3498-scr-753x502.jpg 753w, https:\/\/semmelweis.hu\/hirek\/files\/2025\/05\/RS214233__19A3498-scr-203x135.jpg 203w, https:\/\/semmelweis.hu\/hirek\/files\/2025\/05\/RS214233__19A3498-scr.jpg 1200w\" ><\/a><\/div>\r\n            <\/span>\r\n\r\n            <\/div>\r\n\r\n\t\t\t<div class=\"col-3 pl-0 pr-0\">\r\n\t\t\t\t<div class=\"galeria-right-img d-flex justify-content-between flex-column h-100 w-100 px-0 mx-0 \">\r\n                <div class=\"galeria-box\">\r\n\t\t\t\t\t<h3 class=\"galeria-title\">Gal\u00e9ria<\/h3>\r\n\t\t\t\t\t<div class=\"galeria-subtitle\">\r\n\r\n\t\t\t\t\t\t<div class=\"galeria-page-counter\"><span>29<\/span>k\u00e9p<\/div>\r\n                    <\/div> <\/div>\r\n                    <span class=\"gallery-item frame d-none d-md-flex\">\r\n\t\t\t\t\t<div class=\"galeria-small-img mt-0\"><a href=\"https:\/\/semmelweis.hu\/hirek\/files\/2025\/05\/RS214200__19A3161-scr.jpg\"><img src=https:\/\/semmelweis.hu\/hirek\/files\/2025\/05\/RS214200__19A3161-scr.jpg \r\n                                alt=\"\"  \r\n                                class=\"attachment-sote-gallery-small size-sote-gallery-small\" \r\n                                srcset=\"https:\/\/semmelweis.hu\/hirek\/files\/2025\/05\/RS214200__19A3161-scr-400x267.jpg 400w, https:\/\/semmelweis.hu\/hirek\/files\/2025\/05\/RS214200__19A3161-scr-900x600.jpg 900w, https:\/\/semmelweis.hu\/hirek\/files\/2025\/05\/RS214200__19A3161-scr-768x512.jpg 768w, https:\/\/semmelweis.hu\/hirek\/files\/2025\/05\/RS214200__19A3161-scr-753x502.jpg 753w, https:\/\/semmelweis.hu\/hirek\/files\/2025\/05\/RS214200__19A3161-scr-203x135.jpg 203w, https:\/\/semmelweis.hu\/hirek\/files\/2025\/05\/RS214200__19A3161-scr.jpg 1200w\" ><\/a><\/div>\r\n                    <\/span>\r\n                    <span class=\"gallery-item frame d-none d-md-flex\">\r\n\t\t\t\t\t<div class=\"galeria-small-img mt-0\"><a href=\"https:\/\/semmelweis.hu\/hirek\/files\/2025\/05\/RS214268__19A3431-scr.jpg\"><img src=https:\/\/semmelweis.hu\/hirek\/files\/2025\/05\/RS214268__19A3431-scr.jpg \r\n                                alt=\"\" \r\n                                class=\"attachment-sote-gallery-small size-sote-gallery-small\" \r\n                                srcset=\"https:\/\/semmelweis.hu\/hirek\/files\/2025\/05\/RS214268__19A3431-scr-400x267.jpg 400w, https:\/\/semmelweis.hu\/hirek\/files\/2025\/05\/RS214268__19A3431-scr-900x600.jpg 900w, https:\/\/semmelweis.hu\/hirek\/files\/2025\/05\/RS214268__19A3431-scr-768x512.jpg 768w, https:\/\/semmelweis.hu\/hirek\/files\/2025\/05\/RS214268__19A3431-scr-753x502.jpg 753w, https:\/\/semmelweis.hu\/hirek\/files\/2025\/05\/RS214268__19A3431-scr-203x135.jpg 203w, https:\/\/semmelweis.hu\/hirek\/files\/2025\/05\/RS214268__19A3431-scr.jpg 1200w\" ><\/a><\/div>\r\n                    <\/span>\r\n\r\n                <\/div>\r\n\r\n            <\/div>\r\n\r\n            <span class=\"gallery-item\"><div class=\"hidden\"><a href=\"https:\/\/semmelweis.hu\/hirek\/files\/2025\/05\/RS214160__19A2886-scr.jpg\">\r\n        <img src=https:\/\/semmelweis.hu\/hirek\/files\/2025\/05\/RS214160__19A2886-scr.jpg alt=\"\" class=\"attachment-sote-gallery-big size-sote-gallery-big\" srcset=\"https:\/\/semmelweis.hu\/hirek\/files\/2025\/05\/RS214160__19A2886-scr-400x267.jpg 400w, https:\/\/semmelweis.hu\/hirek\/files\/2025\/05\/RS214160__19A2886-scr-900x600.jpg 900w, https:\/\/semmelweis.hu\/hirek\/files\/2025\/05\/RS214160__19A2886-scr-768x512.jpg 768w, https:\/\/semmelweis.hu\/hirek\/files\/2025\/05\/RS214160__19A2886-scr-753x502.jpg 753w, https:\/\/semmelweis.hu\/hirek\/files\/2025\/05\/RS214160__19A2886-scr-203x135.jpg 203w, https:\/\/semmelweis.hu\/hirek\/files\/2025\/05\/RS214160__19A2886-scr.jpg 1200w\" >\r\n        <\/a><\/div><\/span><span class=\"gallery-item\"><div class=\"hidden\"><a href=\"https:\/\/semmelweis.hu\/hirek\/files\/2025\/05\/RS214169__19A2945-scr.jpg\">\r\n        <img src=https:\/\/semmelweis.hu\/hirek\/files\/2025\/05\/RS214169__19A2945-scr.jpg alt=\"\" class=\"attachment-sote-gallery-big size-sote-gallery-big\" srcset=\"https:\/\/semmelweis.hu\/hirek\/files\/2025\/05\/RS214169__19A2945-scr-400x267.jpg 400w, https:\/\/semmelweis.hu\/hirek\/files\/2025\/05\/RS214169__19A2945-scr-900x600.jpg 900w, https:\/\/semmelweis.hu\/hirek\/files\/2025\/05\/RS214169__19A2945-scr-768x512.jpg 768w, https:\/\/semmelweis.hu\/hirek\/files\/2025\/05\/RS214169__19A2945-scr-753x502.jpg 753w, https:\/\/semmelweis.hu\/hirek\/files\/2025\/05\/RS214169__19A2945-scr-203x135.jpg 203w, https:\/\/semmelweis.hu\/hirek\/files\/2025\/05\/RS214169__19A2945-scr.jpg 1200w\" >\r\n        <\/a><\/div><\/span><span class=\"gallery-item\"><div class=\"hidden\"><a href=\"https:\/\/semmelweis.hu\/hirek\/files\/2025\/05\/RS214471_GV5A2828-scr.jpg\">\r\n        <img src=https:\/\/semmelweis.hu\/hirek\/files\/2025\/05\/RS214471_GV5A2828-scr.jpg alt=\"\" class=\"attachment-sote-gallery-big size-sote-gallery-big\" srcset=\"https:\/\/semmelweis.hu\/hirek\/files\/2025\/05\/RS214471_GV5A2828-scr-400x267.jpg 400w, https:\/\/semmelweis.hu\/hirek\/files\/2025\/05\/RS214471_GV5A2828-scr-900x600.jpg 900w, https:\/\/semmelweis.hu\/hirek\/files\/2025\/05\/RS214471_GV5A2828-scr-768x512.jpg 768w, https:\/\/semmelweis.hu\/hirek\/files\/2025\/05\/RS214471_GV5A2828-scr-753x502.jpg 753w, https:\/\/semmelweis.hu\/hirek\/files\/2025\/05\/RS214471_GV5A2828-scr-203x135.jpg 203w, https:\/\/semmelweis.hu\/hirek\/files\/2025\/05\/RS214471_GV5A2828-scr.jpg 1200w\" >\r\n        <\/a><\/div><\/span><span class=\"gallery-item\"><div class=\"hidden\"><a href=\"https:\/\/semmelweis.hu\/hirek\/files\/2025\/05\/RS214177__19A3018-scr.jpg\">\r\n        <img src=https:\/\/semmelweis.hu\/hirek\/files\/2025\/05\/RS214177__19A3018-scr.jpg alt=\"\" class=\"attachment-sote-gallery-big size-sote-gallery-big\" srcset=\"https:\/\/semmelweis.hu\/hirek\/files\/2025\/05\/RS214177__19A3018-scr-400x267.jpg 400w, https:\/\/semmelweis.hu\/hirek\/files\/2025\/05\/RS214177__19A3018-scr-900x600.jpg 900w, https:\/\/semmelweis.hu\/hirek\/files\/2025\/05\/RS214177__19A3018-scr-768x512.jpg 768w, https:\/\/semmelweis.hu\/hirek\/files\/2025\/05\/RS214177__19A3018-scr-753x502.jpg 753w, https:\/\/semmelweis.hu\/hirek\/files\/2025\/05\/RS214177__19A3018-scr-203x135.jpg 203w, https:\/\/semmelweis.hu\/hirek\/files\/2025\/05\/RS214177__19A3018-scr.jpg 1200w\" >\r\n        <\/a><\/div><\/span><span class=\"gallery-item\"><div class=\"hidden\"><a href=\"https:\/\/semmelweis.hu\/hirek\/files\/2025\/05\/RS214186__19A3061-scr.jpg\">\r\n        <img src=https:\/\/semmelweis.hu\/hirek\/files\/2025\/05\/RS214186__19A3061-scr.jpg alt=\"\" class=\"attachment-sote-gallery-big size-sote-gallery-big\" srcset=\"https:\/\/semmelweis.hu\/hirek\/files\/2025\/05\/RS214186__19A3061-scr-400x267.jpg 400w, https:\/\/semmelweis.hu\/hirek\/files\/2025\/05\/RS214186__19A3061-scr-900x600.jpg 900w, https:\/\/semmelweis.hu\/hirek\/files\/2025\/05\/RS214186__19A3061-scr-768x512.jpg 768w, https:\/\/semmelweis.hu\/hirek\/files\/2025\/05\/RS214186__19A3061-scr-753x502.jpg 753w, https:\/\/semmelweis.hu\/hirek\/files\/2025\/05\/RS214186__19A3061-scr-203x135.jpg 203w, https:\/\/semmelweis.hu\/hirek\/files\/2025\/05\/RS214186__19A3061-scr.jpg 1200w\" >\r\n        <\/a><\/div><\/span><span class=\"gallery-item\"><div class=\"hidden\"><a href=\"https:\/\/semmelweis.hu\/hirek\/files\/2025\/05\/RS214366__19A3564-scr.jpg\">\r\n        <img src=https:\/\/semmelweis.hu\/hirek\/files\/2025\/05\/RS214366__19A3564-scr.jpg alt=\"\" class=\"attachment-sote-gallery-big size-sote-gallery-big\" srcset=\"https:\/\/semmelweis.hu\/hirek\/files\/2025\/05\/RS214366__19A3564-scr-400x267.jpg 400w, https:\/\/semmelweis.hu\/hirek\/files\/2025\/05\/RS214366__19A3564-scr-900x600.jpg 900w, https:\/\/semmelweis.hu\/hirek\/files\/2025\/05\/RS214366__19A3564-scr-768x512.jpg 768w, https:\/\/semmelweis.hu\/hirek\/files\/2025\/05\/RS214366__19A3564-scr-753x502.jpg 753w, https:\/\/semmelweis.hu\/hirek\/files\/2025\/05\/RS214366__19A3564-scr-203x135.jpg 203w, https:\/\/semmelweis.hu\/hirek\/files\/2025\/05\/RS214366__19A3564-scr.jpg 1200w\" >\r\n        <\/a><\/div><\/span><span class=\"gallery-item\"><div class=\"hidden\"><a href=\"https:\/\/semmelweis.hu\/hirek\/files\/2025\/05\/RS214229__19A3510-scr.jpg\">\r\n        <img src=https:\/\/semmelweis.hu\/hirek\/files\/2025\/05\/RS214229__19A3510-scr.jpg alt=\"\" class=\"attachment-sote-gallery-big size-sote-gallery-big\" srcset=\"https:\/\/semmelweis.hu\/hirek\/files\/2025\/05\/RS214229__19A3510-scr-400x267.jpg 400w, https:\/\/semmelweis.hu\/hirek\/files\/2025\/05\/RS214229__19A3510-scr-900x600.jpg 900w, https:\/\/semmelweis.hu\/hirek\/files\/2025\/05\/RS214229__19A3510-scr-768x512.jpg 768w, https:\/\/semmelweis.hu\/hirek\/files\/2025\/05\/RS214229__19A3510-scr-753x502.jpg 753w, https:\/\/semmelweis.hu\/hirek\/files\/2025\/05\/RS214229__19A3510-scr-203x135.jpg 203w, https:\/\/semmelweis.hu\/hirek\/files\/2025\/05\/RS214229__19A3510-scr.jpg 1200w\" >\r\n        <\/a><\/div><\/span><span class=\"gallery-item\"><div class=\"hidden\"><a href=\"https:\/\/semmelweis.hu\/hirek\/files\/2025\/05\/RS214202__19A3168-scr.jpg\">\r\n        <img src=https:\/\/semmelweis.hu\/hirek\/files\/2025\/05\/RS214202__19A3168-scr.jpg alt=\"\" class=\"attachment-sote-gallery-big size-sote-gallery-big\" srcset=\"https:\/\/semmelweis.hu\/hirek\/files\/2025\/05\/RS214202__19A3168-scr-400x267.jpg 400w, https:\/\/semmelweis.hu\/hirek\/files\/2025\/05\/RS214202__19A3168-scr-900x600.jpg 900w, https:\/\/semmelweis.hu\/hirek\/files\/2025\/05\/RS214202__19A3168-scr-768x512.jpg 768w, https:\/\/semmelweis.hu\/hirek\/files\/2025\/05\/RS214202__19A3168-scr-753x502.jpg 753w, https:\/\/semmelweis.hu\/hirek\/files\/2025\/05\/RS214202__19A3168-scr-203x135.jpg 203w, https:\/\/semmelweis.hu\/hirek\/files\/2025\/05\/RS214202__19A3168-scr.jpg 1200w\" >\r\n        <\/a><\/div><\/span><span class=\"gallery-item\"><div class=\"hidden\"><a href=\"https:\/\/semmelweis.hu\/hirek\/files\/2025\/05\/RS214201__19A3163-scr.jpg\">\r\n        <img src=https:\/\/semmelweis.hu\/hirek\/files\/2025\/05\/RS214201__19A3163-scr.jpg alt=\"\" class=\"attachment-sote-gallery-big size-sote-gallery-big\" srcset=\"https:\/\/semmelweis.hu\/hirek\/files\/2025\/05\/RS214201__19A3163-scr-400x267.jpg 400w, https:\/\/semmelweis.hu\/hirek\/files\/2025\/05\/RS214201__19A3163-scr-900x600.jpg 900w, https:\/\/semmelweis.hu\/hirek\/files\/2025\/05\/RS214201__19A3163-scr-768x512.jpg 768w, https:\/\/semmelweis.hu\/hirek\/files\/2025\/05\/RS214201__19A3163-scr-753x502.jpg 753w, https:\/\/semmelweis.hu\/hirek\/files\/2025\/05\/RS214201__19A3163-scr-203x135.jpg 203w, https:\/\/semmelweis.hu\/hirek\/files\/2025\/05\/RS214201__19A3163-scr.jpg 1200w\" >\r\n        <\/a><\/div><\/span><span class=\"gallery-item\"><div class=\"hidden\"><a href=\"https:\/\/semmelweis.hu\/hirek\/files\/2025\/05\/RS214143__19A2807-scr.jpg\">\r\n        <img src=https:\/\/semmelweis.hu\/hirek\/files\/2025\/05\/RS214143__19A2807-scr.jpg alt=\"\" class=\"attachment-sote-gallery-big size-sote-gallery-big\" srcset=\"https:\/\/semmelweis.hu\/hirek\/files\/2025\/05\/RS214143__19A2807-scr-400x267.jpg 400w, https:\/\/semmelweis.hu\/hirek\/files\/2025\/05\/RS214143__19A2807-scr-900x600.jpg 900w, https:\/\/semmelweis.hu\/hirek\/files\/2025\/05\/RS214143__19A2807-scr-768x512.jpg 768w, https:\/\/semmelweis.hu\/hirek\/files\/2025\/05\/RS214143__19A2807-scr-753x502.jpg 753w, https:\/\/semmelweis.hu\/hirek\/files\/2025\/05\/RS214143__19A2807-scr-203x135.jpg 203w, https:\/\/semmelweis.hu\/hirek\/files\/2025\/05\/RS214143__19A2807-scr.jpg 1200w\" >\r\n        <\/a><\/div><\/span><span class=\"gallery-item\"><div class=\"hidden\"><a href=\"https:\/\/semmelweis.hu\/hirek\/files\/2025\/05\/RS214162__19A2902-scr.jpg\">\r\n        <img src=https:\/\/semmelweis.hu\/hirek\/files\/2025\/05\/RS214162__19A2902-scr.jpg alt=\"\" class=\"attachment-sote-gallery-big size-sote-gallery-big\" srcset=\"https:\/\/semmelweis.hu\/hirek\/files\/2025\/05\/RS214162__19A2902-scr-400x267.jpg 400w, https:\/\/semmelweis.hu\/hirek\/files\/2025\/05\/RS214162__19A2902-scr-900x600.jpg 900w, https:\/\/semmelweis.hu\/hirek\/files\/2025\/05\/RS214162__19A2902-scr-768x512.jpg 768w, https:\/\/semmelweis.hu\/hirek\/files\/2025\/05\/RS214162__19A2902-scr-753x502.jpg 753w, https:\/\/semmelweis.hu\/hirek\/files\/2025\/05\/RS214162__19A2902-scr-203x135.jpg 203w, https:\/\/semmelweis.hu\/hirek\/files\/2025\/05\/RS214162__19A2902-scr.jpg 1200w\" >\r\n        <\/a><\/div><\/span><span class=\"gallery-item\"><div class=\"hidden\"><a href=\"https:\/\/semmelweis.hu\/hirek\/files\/2025\/05\/RS214258__19A3363-scr.jpg\">\r\n        <img src=https:\/\/semmelweis.hu\/hirek\/files\/2025\/05\/RS214258__19A3363-scr.jpg alt=\"\" class=\"attachment-sote-gallery-big size-sote-gallery-big\" srcset=\"https:\/\/semmelweis.hu\/hirek\/files\/2025\/05\/RS214258__19A3363-scr-400x267.jpg 400w, https:\/\/semmelweis.hu\/hirek\/files\/2025\/05\/RS214258__19A3363-scr-900x600.jpg 900w, https:\/\/semmelweis.hu\/hirek\/files\/2025\/05\/RS214258__19A3363-scr-768x512.jpg 768w, https:\/\/semmelweis.hu\/hirek\/files\/2025\/05\/RS214258__19A3363-scr-753x502.jpg 753w, https:\/\/semmelweis.hu\/hirek\/files\/2025\/05\/RS214258__19A3363-scr-203x135.jpg 203w, https:\/\/semmelweis.hu\/hirek\/files\/2025\/05\/RS214258__19A3363-scr.jpg 1200w\" >\r\n        <\/a><\/div><\/span><span class=\"gallery-item\"><div class=\"hidden\"><a href=\"https:\/\/semmelweis.hu\/hirek\/files\/2025\/05\/RS214264__19A3390-scr.jpg\">\r\n        <img src=https:\/\/semmelweis.hu\/hirek\/files\/2025\/05\/RS214264__19A3390-scr.jpg alt=\"\" class=\"attachment-sote-gallery-big size-sote-gallery-big\" srcset=\"https:\/\/semmelweis.hu\/hirek\/files\/2025\/05\/RS214264__19A3390-scr-400x267.jpg 400w, https:\/\/semmelweis.hu\/hirek\/files\/2025\/05\/RS214264__19A3390-scr-900x600.jpg 900w, https:\/\/semmelweis.hu\/hirek\/files\/2025\/05\/RS214264__19A3390-scr-768x512.jpg 768w, https:\/\/semmelweis.hu\/hirek\/files\/2025\/05\/RS214264__19A3390-scr-753x502.jpg 753w, https:\/\/semmelweis.hu\/hirek\/files\/2025\/05\/RS214264__19A3390-scr-203x135.jpg 203w, https:\/\/semmelweis.hu\/hirek\/files\/2025\/05\/RS214264__19A3390-scr.jpg 1200w\" >\r\n        <\/a><\/div><\/span><span class=\"gallery-item\"><div class=\"hidden\"><a href=\"https:\/\/semmelweis.hu\/hirek\/files\/2025\/05\/RS214259__19A3373-scr.jpg\">\r\n        <img src=https:\/\/semmelweis.hu\/hirek\/files\/2025\/05\/RS214259__19A3373-scr.jpg alt=\"\" class=\"attachment-sote-gallery-big size-sote-gallery-big\" srcset=\"https:\/\/semmelweis.hu\/hirek\/files\/2025\/05\/RS214259__19A3373-scr-400x267.jpg 400w, https:\/\/semmelweis.hu\/hirek\/files\/2025\/05\/RS214259__19A3373-scr-900x600.jpg 900w, https:\/\/semmelweis.hu\/hirek\/files\/2025\/05\/RS214259__19A3373-scr-768x512.jpg 768w, https:\/\/semmelweis.hu\/hirek\/files\/2025\/05\/RS214259__19A3373-scr-753x502.jpg 753w, https:\/\/semmelweis.hu\/hirek\/files\/2025\/05\/RS214259__19A3373-scr-203x135.jpg 203w, https:\/\/semmelweis.hu\/hirek\/files\/2025\/05\/RS214259__19A3373-scr.jpg 1200w\" >\r\n        <\/a><\/div><\/span><span class=\"gallery-item\"><div class=\"hidden\"><a href=\"https:\/\/semmelweis.hu\/hirek\/files\/2025\/05\/RS214191__19A3098-scr.jpg\">\r\n        <img src=https:\/\/semmelweis.hu\/hirek\/files\/2025\/05\/RS214191__19A3098-scr.jpg alt=\"\" class=\"attachment-sote-gallery-big size-sote-gallery-big\" srcset=\"https:\/\/semmelweis.hu\/hirek\/files\/2025\/05\/RS214191__19A3098-scr-400x267.jpg 400w, https:\/\/semmelweis.hu\/hirek\/files\/2025\/05\/RS214191__19A3098-scr-900x600.jpg 900w, https:\/\/semmelweis.hu\/hirek\/files\/2025\/05\/RS214191__19A3098-scr-768x512.jpg 768w, https:\/\/semmelweis.hu\/hirek\/files\/2025\/05\/RS214191__19A3098-scr-753x502.jpg 753w, https:\/\/semmelweis.hu\/hirek\/files\/2025\/05\/RS214191__19A3098-scr-203x135.jpg 203w, https:\/\/semmelweis.hu\/hirek\/files\/2025\/05\/RS214191__19A3098-scr.jpg 1200w\" >\r\n        <\/a><\/div><\/span><span class=\"gallery-item\"><div class=\"hidden\"><a href=\"https:\/\/semmelweis.hu\/hirek\/files\/2025\/05\/RS214231__19A3506-scr.jpg\">\r\n        <img src=https:\/\/semmelweis.hu\/hirek\/files\/2025\/05\/RS214231__19A3506-scr.jpg alt=\"\" class=\"attachment-sote-gallery-big size-sote-gallery-big\" srcset=\"https:\/\/semmelweis.hu\/hirek\/files\/2025\/05\/RS214231__19A3506-scr-400x267.jpg 400w, https:\/\/semmelweis.hu\/hirek\/files\/2025\/05\/RS214231__19A3506-scr-900x600.jpg 900w, https:\/\/semmelweis.hu\/hirek\/files\/2025\/05\/RS214231__19A3506-scr-768x512.jpg 768w, https:\/\/semmelweis.hu\/hirek\/files\/2025\/05\/RS214231__19A3506-scr-753x502.jpg 753w, https:\/\/semmelweis.hu\/hirek\/files\/2025\/05\/RS214231__19A3506-scr-203x135.jpg 203w, https:\/\/semmelweis.hu\/hirek\/files\/2025\/05\/RS214231__19A3506-scr.jpg 1200w\" >\r\n        <\/a><\/div><\/span><span class=\"gallery-item\"><div class=\"hidden\"><a href=\"https:\/\/semmelweis.hu\/hirek\/files\/2025\/05\/RS214359__19A3535-scr.jpg\">\r\n        <img src=https:\/\/semmelweis.hu\/hirek\/files\/2025\/05\/RS214359__19A3535-scr.jpg alt=\"\" class=\"attachment-sote-gallery-big size-sote-gallery-big\" srcset=\"https:\/\/semmelweis.hu\/hirek\/files\/2025\/05\/RS214359__19A3535-scr-400x267.jpg 400w, https:\/\/semmelweis.hu\/hirek\/files\/2025\/05\/RS214359__19A3535-scr-900x600.jpg 900w, https:\/\/semmelweis.hu\/hirek\/files\/2025\/05\/RS214359__19A3535-scr-768x512.jpg 768w, https:\/\/semmelweis.hu\/hirek\/files\/2025\/05\/RS214359__19A3535-scr-753x502.jpg 753w, https:\/\/semmelweis.hu\/hirek\/files\/2025\/05\/RS214359__19A3535-scr-203x135.jpg 203w, https:\/\/semmelweis.hu\/hirek\/files\/2025\/05\/RS214359__19A3535-scr.jpg 1200w\" >\r\n        <\/a><\/div><\/span><span class=\"gallery-item\"><div class=\"hidden\"><a href=\"https:\/\/semmelweis.hu\/hirek\/files\/2025\/05\/RS214375__19A3605-scr.jpg\">\r\n        <img src=https:\/\/semmelweis.hu\/hirek\/files\/2025\/05\/RS214375__19A3605-scr.jpg alt=\"\" class=\"attachment-sote-gallery-big size-sote-gallery-big\" srcset=\"https:\/\/semmelweis.hu\/hirek\/files\/2025\/05\/RS214375__19A3605-scr-400x267.jpg 400w, https:\/\/semmelweis.hu\/hirek\/files\/2025\/05\/RS214375__19A3605-scr-900x600.jpg 900w, https:\/\/semmelweis.hu\/hirek\/files\/2025\/05\/RS214375__19A3605-scr-768x512.jpg 768w, https:\/\/semmelweis.hu\/hirek\/files\/2025\/05\/RS214375__19A3605-scr-753x502.jpg 753w, https:\/\/semmelweis.hu\/hirek\/files\/2025\/05\/RS214375__19A3605-scr-203x135.jpg 203w, https:\/\/semmelweis.hu\/hirek\/files\/2025\/05\/RS214375__19A3605-scr.jpg 1200w\" >\r\n        <\/a><\/div><\/span><span class=\"gallery-item\"><div class=\"hidden\"><a href=\"https:\/\/semmelweis.hu\/hirek\/files\/2025\/05\/RS214395__19A3708-scr.jpg\">\r\n        <img src=https:\/\/semmelweis.hu\/hirek\/files\/2025\/05\/RS214395__19A3708-scr.jpg alt=\"\" class=\"attachment-sote-gallery-big size-sote-gallery-big\" srcset=\"https:\/\/semmelweis.hu\/hirek\/files\/2025\/05\/RS214395__19A3708-scr-400x267.jpg 400w, https:\/\/semmelweis.hu\/hirek\/files\/2025\/05\/RS214395__19A3708-scr-900x600.jpg 900w, https:\/\/semmelweis.hu\/hirek\/files\/2025\/05\/RS214395__19A3708-scr-768x512.jpg 768w, https:\/\/semmelweis.hu\/hirek\/files\/2025\/05\/RS214395__19A3708-scr-753x502.jpg 753w, https:\/\/semmelweis.hu\/hirek\/files\/2025\/05\/RS214395__19A3708-scr-203x135.jpg 203w, https:\/\/semmelweis.hu\/hirek\/files\/2025\/05\/RS214395__19A3708-scr.jpg 1200w\" >\r\n        <\/a><\/div><\/span><span class=\"gallery-item\"><div class=\"hidden\"><a href=\"https:\/\/semmelweis.hu\/hirek\/files\/2025\/05\/RS214389__19A3668-scr.jpg\">\r\n        <img src=https:\/\/semmelweis.hu\/hirek\/files\/2025\/05\/RS214389__19A3668-scr.jpg alt=\"\" class=\"attachment-sote-gallery-big size-sote-gallery-big\" srcset=\"https:\/\/semmelweis.hu\/hirek\/files\/2025\/05\/RS214389__19A3668-scr-400x267.jpg 400w, https:\/\/semmelweis.hu\/hirek\/files\/2025\/05\/RS214389__19A3668-scr-900x600.jpg 900w, https:\/\/semmelweis.hu\/hirek\/files\/2025\/05\/RS214389__19A3668-scr-768x512.jpg 768w, https:\/\/semmelweis.hu\/hirek\/files\/2025\/05\/RS214389__19A3668-scr-753x502.jpg 753w, https:\/\/semmelweis.hu\/hirek\/files\/2025\/05\/RS214389__19A3668-scr-203x135.jpg 203w, https:\/\/semmelweis.hu\/hirek\/files\/2025\/05\/RS214389__19A3668-scr.jpg 1200w\" >\r\n        <\/a><\/div><\/span><span class=\"gallery-item\"><div class=\"hidden\"><a href=\"https:\/\/semmelweis.hu\/hirek\/files\/2025\/05\/RS214398__19A3728-scr.jpg\">\r\n        <img src=https:\/\/semmelweis.hu\/hirek\/files\/2025\/05\/RS214398__19A3728-scr.jpg alt=\"\" class=\"attachment-sote-gallery-big size-sote-gallery-big\" srcset=\"https:\/\/semmelweis.hu\/hirek\/files\/2025\/05\/RS214398__19A3728-scr-400x267.jpg 400w, https:\/\/semmelweis.hu\/hirek\/files\/2025\/05\/RS214398__19A3728-scr-900x600.jpg 900w, https:\/\/semmelweis.hu\/hirek\/files\/2025\/05\/RS214398__19A3728-scr-768x512.jpg 768w, https:\/\/semmelweis.hu\/hirek\/files\/2025\/05\/RS214398__19A3728-scr-753x502.jpg 753w, https:\/\/semmelweis.hu\/hirek\/files\/2025\/05\/RS214398__19A3728-scr-203x135.jpg 203w, https:\/\/semmelweis.hu\/hirek\/files\/2025\/05\/RS214398__19A3728-scr.jpg 1200w\" >\r\n        <\/a><\/div><\/span><span class=\"gallery-item\"><div class=\"hidden\"><a href=\"https:\/\/semmelweis.hu\/hirek\/files\/2025\/05\/RS214437__19A3854-scr.jpg\">\r\n        <img src=https:\/\/semmelweis.hu\/hirek\/files\/2025\/05\/RS214437__19A3854-scr.jpg alt=\"\" class=\"attachment-sote-gallery-big size-sote-gallery-big\" srcset=\"https:\/\/semmelweis.hu\/hirek\/files\/2025\/05\/RS214437__19A3854-scr-400x267.jpg 400w, https:\/\/semmelweis.hu\/hirek\/files\/2025\/05\/RS214437__19A3854-scr-900x600.jpg 900w, https:\/\/semmelweis.hu\/hirek\/files\/2025\/05\/RS214437__19A3854-scr-768x512.jpg 768w, https:\/\/semmelweis.hu\/hirek\/files\/2025\/05\/RS214437__19A3854-scr-753x502.jpg 753w, https:\/\/semmelweis.hu\/hirek\/files\/2025\/05\/RS214437__19A3854-scr-203x135.jpg 203w, https:\/\/semmelweis.hu\/hirek\/files\/2025\/05\/RS214437__19A3854-scr.jpg 1200w\" >\r\n        <\/a><\/div><\/span><span class=\"gallery-item\"><div class=\"hidden\"><a href=\"https:\/\/semmelweis.hu\/hirek\/files\/2025\/05\/RS214467_GV5A2767-scr.jpg\">\r\n        <img src=https:\/\/semmelweis.hu\/hirek\/files\/2025\/05\/RS214467_GV5A2767-scr.jpg alt=\"\" class=\"attachment-sote-gallery-big size-sote-gallery-big\" srcset=\"https:\/\/semmelweis.hu\/hirek\/files\/2025\/05\/RS214467_GV5A2767-scr-400x267.jpg 400w, https:\/\/semmelweis.hu\/hirek\/files\/2025\/05\/RS214467_GV5A2767-scr-900x600.jpg 900w, https:\/\/semmelweis.hu\/hirek\/files\/2025\/05\/RS214467_GV5A2767-scr-768x512.jpg 768w, https:\/\/semmelweis.hu\/hirek\/files\/2025\/05\/RS214467_GV5A2767-scr-753x502.jpg 753w, https:\/\/semmelweis.hu\/hirek\/files\/2025\/05\/RS214467_GV5A2767-scr-203x135.jpg 203w, https:\/\/semmelweis.hu\/hirek\/files\/2025\/05\/RS214467_GV5A2767-scr.jpg 1200w\" >\r\n        <\/a><\/div><\/span><span class=\"gallery-item\"><div class=\"hidden\"><a href=\"https:\/\/semmelweis.hu\/hirek\/files\/2025\/05\/RS214383__19A3644-scr.jpg\">\r\n        <img src=https:\/\/semmelweis.hu\/hirek\/files\/2025\/05\/RS214383__19A3644-scr.jpg alt=\"\" class=\"attachment-sote-gallery-big size-sote-gallery-big\" srcset=\"https:\/\/semmelweis.hu\/hirek\/files\/2025\/05\/RS214383__19A3644-scr-400x267.jpg 400w, https:\/\/semmelweis.hu\/hirek\/files\/2025\/05\/RS214383__19A3644-scr-900x600.jpg 900w, https:\/\/semmelweis.hu\/hirek\/files\/2025\/05\/RS214383__19A3644-scr-768x512.jpg 768w, https:\/\/semmelweis.hu\/hirek\/files\/2025\/05\/RS214383__19A3644-scr-753x502.jpg 753w, https:\/\/semmelweis.hu\/hirek\/files\/2025\/05\/RS214383__19A3644-scr-203x135.jpg 203w, https:\/\/semmelweis.hu\/hirek\/files\/2025\/05\/RS214383__19A3644-scr.jpg 1200w\" >\r\n        <\/a><\/div><\/span><span class=\"gallery-item\"><div class=\"hidden\"><a href=\"https:\/\/semmelweis.hu\/hirek\/files\/2025\/05\/IMG_1402-scaled.jpg\">\r\n        <img src=https:\/\/semmelweis.hu\/hirek\/files\/2025\/05\/IMG_1402-scaled.jpg alt=\"\" class=\"attachment-sote-gallery-big size-sote-gallery-big\" srcset=\"https:\/\/semmelweis.hu\/hirek\/files\/2025\/05\/IMG_1402-400x267.jpg 400w, https:\/\/semmelweis.hu\/hirek\/files\/2025\/05\/IMG_1402-900x600.jpg 900w, https:\/\/semmelweis.hu\/hirek\/files\/2025\/05\/IMG_1402-768x512.jpg 768w, https:\/\/semmelweis.hu\/hirek\/files\/2025\/05\/IMG_1402-1536x1024.jpg 1536w, https:\/\/semmelweis.hu\/hirek\/files\/2025\/05\/IMG_1402-2048x1365.jpg 2048w, https:\/\/semmelweis.hu\/hirek\/files\/2025\/05\/IMG_1402-753x502.jpg 753w, https:\/\/semmelweis.hu\/hirek\/files\/2025\/05\/IMG_1402-203x135.jpg 203w\" >\r\n        <\/a><\/div><\/span><span class=\"gallery-item\"><div class=\"hidden\"><a href=\"https:\/\/semmelweis.hu\/hirek\/files\/2025\/05\/IMG_1537-scaled.jpg\">\r\n        <img src=https:\/\/semmelweis.hu\/hirek\/files\/2025\/05\/IMG_1537-scaled.jpg alt=\"\" class=\"attachment-sote-gallery-big size-sote-gallery-big\" srcset=\"https:\/\/semmelweis.hu\/hirek\/files\/2025\/05\/IMG_1537-400x267.jpg 400w, https:\/\/semmelweis.hu\/hirek\/files\/2025\/05\/IMG_1537-900x600.jpg 900w, https:\/\/semmelweis.hu\/hirek\/files\/2025\/05\/IMG_1537-768x512.jpg 768w, https:\/\/semmelweis.hu\/hirek\/files\/2025\/05\/IMG_1537-1536x1024.jpg 1536w, https:\/\/semmelweis.hu\/hirek\/files\/2025\/05\/IMG_1537-2048x1365.jpg 2048w, https:\/\/semmelweis.hu\/hirek\/files\/2025\/05\/IMG_1537-753x502.jpg 753w, https:\/\/semmelweis.hu\/hirek\/files\/2025\/05\/IMG_1537-203x135.jpg 203w\" >\r\n        <\/a><\/div><\/span>\r\n            <\/div>\r\n\r\n            [\/slb_exclude]\r\n\t\n<p>A \u201eHallgat\u00f3k a k\u00f6z\u00e9ppontban: a v\u00e1ltoz\u00f3 pedag\u00f3giai ig\u00e9nyek t\u00e1mogat\u00e1sa\u201d c\u00edmmel tartott szekci\u00f3 szak\u00e9rt\u0151i a ma m\u00e1r t\u00f6bbs\u00e9g\u00e9ben a Z gener\u00e1ci\u00f3b\u00f3l kiker\u00fcl\u0151 egyetemi hallgat\u00f3k megv\u00e1ltozott tanul\u00e1sai szok\u00e1saira, az interkultur\u00e1lis k\u00e9szs\u00e9gek, emp\u00e1tia, az eg\u00e9sz \u00e9leten \u00e1t tart\u00f3 tanul\u00e1s, az inkluzivit\u00e1s \u00e9s rugalmass\u00e1g fontoss\u00e1g\u00e1ra, valamint az e-learning t\u00e9rnyer\u00e9s\u00e9re h\u00edvt\u00e1k fel a figyelmet. Dr. Nyir\u00e1dy P\u00e9ter, az \u00c1ltal\u00e1nos Orvostudom\u00e1nyi Kar d\u00e9k\u00e1nja ismertette a Semmelweis Egyetemen bevezetett kurrikulumreformot, amelyet a hallgat\u00f3-k\u00f6zpont\u00fa, holisztikus pedag\u00f3gia szellem\u00e9ben, a hallgat\u00f3i visszajelz\u00e9seket figyelembe v\u00e9ve \u00e1ll\u00edtottak \u00f6ssze, felismerve, hogy minden hallgat\u00f3t elt\u00e9r\u0151 tanul\u00e1si ig\u00e9ny \u00e9s st\u00edlus jellemez. A d\u00e9k\u00e1n felid\u00e9zte, hogy a digit\u00e1lis technol\u00f3gia alkalmaz\u00e1sa a koronav\u00edrus-j\u00e1rv\u00e1ny idej\u00e9n v\u00e1lt \u00e1ltal\u00e1noss\u00e1 az oktat\u00e1sban. \u201eA virtu\u00e1lis oktat\u00e1s a j\u00f6v\u0151, ez ugyanis lehet\u0151v\u00e9 teszi, hogy a medikusok akkor tal\u00e1lkozzanak \u00e9les helyzetben a p\u00e1ciensekkel, amikor m\u00e1r siker\u00fclt kell\u0151en elsaj\u00e1t\u00edtaniuk a sz\u00fcks\u00e9ges k\u00e9szs\u00e9geket\u201d \u2013 mondta. Dr. Nyir\u00e1dy P\u00e9ter kit\u00e9rt a hallgat\u00f3k ment\u00e1lis eg\u00e9szs\u00e9g\u00e9nek t\u00e1mogat\u00e1s\u00e1ra is, amely elengedhetetlen a sikeres orvosi p\u00e1ly\u00e1hoz, ezt tan\u00e1csad\u00f3, stresszkezel\u0151, mentor- \u00e9s reziliencia programokkal seg\u00edti a Semmelweis. Mindezek mellett az egyetem pedag\u00f3giai koncepci\u00f3ja kiemelt figyelmet ford\u00edt az \u00e9rzelmi intelligencia, emp\u00e1tia, a kritikai gondolkod\u00e1s, alkalmazkod\u00f3k\u00e9pess\u00e9g \u00e9s a kommunik\u00e1ci\u00f3s k\u00e9szs\u00e9gek fejleszt\u00e9s\u00e9re is.<\/p>\n<blockquote>\n<p>A h\u00e1rom nap sor\u00e1n sz\u00e1mtalan inspir\u00e1l\u00f3 el\u0151ad\u00e1st, mer\u00e9sz gondolatot \u00e9s megfontoland\u00f3 j\u00f3gyakorlatot hallhattunk, melyek azt is bizony\u00edtott\u00e1k, hogy Eur\u00f3pa fels\u0151oktat\u00e1s\u00e1ban \u00e9s tudom\u00e1nyos \u00e9let\u00e9ben elk\u00e9peszt\u0151 lehet\u0151s\u00e9gek rejlenek<\/p>\n<\/blockquote>\n<p>\u2013 \u00e9rt\u00e9kelte a cs\u00facstal\u00e1lkoz\u00f3t dr. Merkely B\u00e9la rektor.<\/p>\n<p>Szabados-D\u0151tsch Judit<br \/>\nFot\u00f3: Barta B\u00e1lint, Zellei Bogl\u00e1rka \u2013 Semmelweis Egyetem; S\u00e1rai Judit \u2013 \u00d3budai Egyetem<\/p>\n","protected":false},"excerpt":{"rendered":"<p>A konferencia az \u00d3budai Egyetemmel \u00e9s a Times Higher Educationnel egy\u00fcttm\u0171k\u00f6d\u00e9sben val\u00f3sult meg.<\/p>\n","protected":false},"author":102255,"featured_media":152978,"comment_status":"closed","ping_status":"closed","sticky":false,"template":"","format":"standard","meta":{"_acf_changed":false,"footnotes":""},"categories":[157,168],"tags":[2836],"class_list":["post-152968","post","type-post","status-publish","format-standard","has-post-thumbnail","hentry","category-semmelweis-vilag","category-kiemelt","tag-nemzetkozi-kapcsolatok"],"acf":[],"_links":{"self":[{"href":"https:\/\/semmelweis.hu\/hirek\/wp-json\/wp\/v2\/posts\/152968","targetHints":{"allow":["GET"]}}],"collection":[{"href":"https:\/\/semmelweis.hu\/hirek\/wp-json\/wp\/v2\/posts"}],"about":[{"href":"https:\/\/semmelweis.hu\/hirek\/wp-json\/wp\/v2\/types\/post"}],"author":[{"embeddable":true,"href":"https:\/\/semmelweis.hu\/hirek\/wp-json\/wp\/v2\/users\/102255"}],"replies":[{"embeddable":true,"href":"https:\/\/semmelweis.hu\/hirek\/wp-json\/wp\/v2\/comments?post=152968"}],"version-history":[{"count":6,"href":"https:\/\/semmelweis.hu\/hirek\/wp-json\/wp\/v2\/posts\/152968\/revisions"}],"predecessor-version":[{"id":153032,"href":"https:\/\/semmelweis.hu\/hirek\/wp-json\/wp\/v2\/posts\/152968\/revisions\/153032"}],"wp:featuredmedia":[{"embeddable":true,"href":"https:\/\/semmelweis.hu\/hirek\/wp-json\/wp\/v2\/media\/152978"}],"wp:attachment":[{"href":"https:\/\/semmelweis.hu\/hirek\/wp-json\/wp\/v2\/media?parent=152968"}],"wp:term":[{"taxonomy":"category","embeddable":true,"href":"https:\/\/semmelweis.hu\/hirek\/wp-json\/wp\/v2\/categories?post=152968"},{"taxonomy":"post_tag","embeddable":true,"href":"https:\/\/semmelweis.hu\/hirek\/wp-json\/wp\/v2\/tags?post=152968"}],"curies":[{"name":"wp","href":"https:\/\/api.w.org\/{rel}","templated":true}]}}