{"id":152707,"date":"2025-05-08T07:54:43","date_gmt":"2025-05-08T05:54:43","guid":{"rendered":"https:\/\/semmelweis.hu\/hirek\/?p=152707"},"modified":"2025-07-15T14:15:07","modified_gmt":"2025-07-15T12:15:07","slug":"dr-igor-r-blum-strategiara-van-szukseg-celjaink-eleresehez","status":"publish","type":"post","link":"https:\/\/semmelweis.hu\/hirek\/2025\/05\/08\/dr-igor-r-blum-strategiara-van-szukseg-celjaink-eleresehez\/","title":{"rendered":"Dr. Igor R. Blum: \u201eStrat\u00e9gi\u00e1ra van sz\u00fcks\u00e9g c\u00e9ljaink el\u00e9r\u00e9s\u00e9hez\u201d"},"content":{"rendered":"<div class=\"lead\"><a href=\"https:\/\/semmelweis.hu\/hirek\/tag\/alumni-portrek\/\">Alumni-interj\u00fasorozatunk<\/a>\u00a0leg\u00fajabb r\u00e9sz\u00e9ben dr. Igor R. Blum egyetemi tan\u00e1r, a King&#8217;s College K\u00f3rh\u00e1z oszt\u00e1lyvezet\u0151 f\u0151orvosa \u00e9s a Primary Dental Journal foly\u00f3irat f\u0151szerkeszt\u0151je sz\u00e1mol be tapasztalatair\u00f3l, amelyeket egykori Semmelweis-hallgat\u00f3k\u00e9nt szerzett, valamint arr\u00f3l, mik\u00e9nt alakult karrierje.<\/div>\n<p><a href=\"https:\/\/semmelweis.hu\/hirek\/files\/2025\/04\/Alumni-portrek-Igor-R.-Blum.jpg\"><img loading=\"lazy\" decoding=\"async\" class=\"aligncenter size-full wp-image-152708\" src=\"https:\/\/semmelweis.hu\/hirek\/files\/2025\/04\/Alumni-portrek-Igor-R.-Blum.jpg\" alt=\"\" width=\"1200\" height=\"800\" srcset=\"https:\/\/semmelweis.hu\/hirek\/files\/2025\/04\/Alumni-portrek-Igor-R.-Blum.jpg 1200w, https:\/\/semmelweis.hu\/hirek\/files\/2025\/04\/Alumni-portrek-Igor-R.-Blum-400x267.jpg 400w, https:\/\/semmelweis.hu\/hirek\/files\/2025\/04\/Alumni-portrek-Igor-R.-Blum-900x600.jpg 900w, https:\/\/semmelweis.hu\/hirek\/files\/2025\/04\/Alumni-portrek-Igor-R.-Blum-768x512.jpg 768w, https:\/\/semmelweis.hu\/hirek\/files\/2025\/04\/Alumni-portrek-Igor-R.-Blum-753x502.jpg 753w, https:\/\/semmelweis.hu\/hirek\/files\/2025\/04\/Alumni-portrek-Igor-R.-Blum-203x135.jpg 203w\" sizes=\"auto, (max-width: 1200px) 100vw, 1200px\" \/><\/a><\/p>\n<p><strong>Hogyan szeretett bele a fog\u00e1szatba?<\/strong><\/p>\n<p>Az orvostudom\u00e1ny ir\u00e1nti \u00e9rdekl\u0151d\u00e9st a sz\u00fcleim pl\u00e1nt\u00e1lt\u00e1k bel\u00e9m, szerett\u00e9k volna, hogy \u00e9n is orvos legyek, ak\u00e1rcsak a nagyap\u00e1m. A fogorvosl\u00e1s a k\u00f6z\u00e9piskolai biol\u00f3gia\u00f3r\u00e1kon kezdett el \u00e9rdekelni, ott tanultam el\u0151sz\u00f6r a sz\u00e1j\u00fcregr\u0151l, az emberi fogazatr\u00f3l, a fog fel\u00e9p\u00edt\u00e9s\u00e9r\u0151l. Leny\u0171g\u00f6z\u00f6tt a tananyag, ekkor fordult meg el\u0151sz\u00f6r a fejemben, hogy fogorvostant hallgassak. Az\u00e9rt is vonzott a fog\u00e1szat mint p\u00e1lya, mert tetszett a gondolat, hogy seg\u00edthetek az embereknek a sz\u00e1jhigi\u00e9n\u00e9 \u00e9s ez\u00e1ltal a j\u00f3ll\u00e9t\u00fck el\u0151mozd\u00edt\u00e1s\u00e1ban. Nem mellesleg szeretek a kezeimmel dolgozni \u00e9s k\u00e9zzel foghat\u00f3 eredm\u00e9nyt el\u00e9rni.<\/p>\n<p><strong>Hogyan esett a v\u00e1laszt\u00e1sa a Semmelweis Egyetemre? <\/strong><\/p>\n<p>A Semmelweis Egyetem \u00e1ltal\u00e1nos orvosi \u00e9s fogorvosi k\u00e9pz\u00e9s\u00e9nek is j\u00f3 h\u00edre volt. Az \u00e1ltal\u00e1nos orvosi k\u00e9pz\u00e9ssel ellent\u00e9tben a fogorvostudom\u00e1ny ter\u00e9n nem sok lehet\u0151s\u00e9g volt angol nyelven tanulni az 1990-es \u00e9vek Magyarorsz\u00e1g\u00e1n. Mivel a Semmelweis Egyetemen el\u00e9rhet\u0151 volt ilyen nemzetk\u00f6zi k\u00e9pz\u00e9s, \u00edgy egy\u00e9rtelm\u0171 volt a v\u00e1laszt\u00e1s. Az egyetemen t\u00fal vonzott Budapest pezsg\u00e9se \u00e9s gazdag kultur\u00e1lis \u00e9lete is. Ezenk\u00edv\u00fcl az\u00e9rt is k\u00f6t\u0151d\u00f6m mai napig a v\u00e1roshoz, mert \u00e9desany\u00e1m Budapesten n\u0151tt fel.<\/p>\n<p><strong><a href=\"https:\/\/semmelweis.hu\/hirek\/files\/2025\/04\/Eloadas-a-Semmelweis-Egyetemen.jpg\"><img loading=\"lazy\" decoding=\"async\" class=\"alignleft size-medium wp-image-152709\" src=\"https:\/\/semmelweis.hu\/hirek\/files\/2025\/04\/Eloadas-a-Semmelweis-Egyetemen-267x400.jpg\" alt=\"\" width=\"267\" height=\"400\" srcset=\"https:\/\/semmelweis.hu\/hirek\/files\/2025\/04\/Eloadas-a-Semmelweis-Egyetemen-267x400.jpg 267w, https:\/\/semmelweis.hu\/hirek\/files\/2025\/04\/Eloadas-a-Semmelweis-Egyetemen-533x800.jpg 533w, https:\/\/semmelweis.hu\/hirek\/files\/2025\/04\/Eloadas-a-Semmelweis-Egyetemen-768x1152.jpg 768w, https:\/\/semmelweis.hu\/hirek\/files\/2025\/04\/Eloadas-a-Semmelweis-Egyetemen-1024x1536.jpg 1024w, https:\/\/semmelweis.hu\/hirek\/files\/2025\/04\/Eloadas-a-Semmelweis-Egyetemen-1366x2048.jpg 1366w, https:\/\/semmelweis.hu\/hirek\/files\/2025\/04\/Eloadas-a-Semmelweis-Egyetemen-753x1129.jpg 753w, https:\/\/semmelweis.hu\/hirek\/files\/2025\/04\/Eloadas-a-Semmelweis-Egyetemen.jpg 1707w\" sizes=\"auto, (max-width: 267px) 100vw, 267px\" \/><\/a>Mit vitt mag\u00e1val a Semmelweis Egyetem fogorvosk\u00e9pz\u00e9s\u00e9r\u0151l? Milyen sz\u00e1lon \u00e9rez k\u00f6t\u0151d\u00e9st a volt egyetem\u00e9hez?<\/strong><\/p>\n<p>A Semmelweis Egyetemen gyorsan nyilv\u00e1nval\u00f3v\u00e1 v\u00e1lt, hogy \u2013 Benjamin Franklin szavaival \u00e9lve \u2013 a tervez\u00e9s kudarca a kudarc tervez\u00e9se. \u00cdgy h\u00e1t megtanultam, hogy strat\u00e9gikusan kell gondolkodnom ahhoz, hogy el\u00e9rjem a c\u00e9ljaimat \u00e9s lediplom\u00e1zzak, legyen sz\u00f3 a felk\u00e9sz\u00fcl\u00e9sr\u0151l vagy mag\u00e1r\u00f3l a vizsg\u00e1z\u00e1sr\u00f3l. Ez az \u00fajonnan elsaj\u00e1t\u00edtott k\u00e9szs\u00e9g roppant hasznosnak bizonyult akkor is, amikor az Egyes\u00fclt Kir\u00e1lys\u00e1gban vagy m\u00e1shol k\u00e9sz\u00fcltem a tov\u00e1bbi vizsg\u00e1imra.<\/p>\n<p>Szorosan k\u00f6t\u0151d\u00f6m a Semmelweis Egyetemhez az itt \u00e1t\u00e9lt tapasztalataim \u00e9s az itt v\u00e9gbement fejl\u0151d\u00e9sem miatt. Itt k\u00f6t\u00f6ttem maradand\u00f3 bar\u00e1ts\u00e1gokat, fedeztem fel \u00faj szenved\u00e9lyeket, \u00e9s itt birk\u00f3ztam meg olyan kih\u00edv\u00e1sokkal, amelyek a szem\u00e9lyis\u00e9gemet is form\u00e1lt\u00e1k. B\u00fcszkes\u00e9ggel t\u00f6lt el, hogy r\u00e9szese lehetek a volt egyetemem k\u00f6z\u00f6ss\u00e9g\u00e9nek, amely hozz\u00e1j\u00e1rult ahhoz, hogy id\u00e1ig jutottam.<\/p>\n<p><strong>\u00d6n szerint mi a legfontosabb k\u00fcldet\u00e9se a fogorvosi hivat\u00e1snak?<\/strong><\/p>\n<p>A p\u00e1ly\u00e1m k\u00e9t legfontosabb sarokk\u00f6ve az oktat\u00e1s \u00e9s a betegell\u00e1t\u00e1s. Mint fogorvosl\u00e1ssal foglalkoz\u00f3 klinikai egyetemi tan\u00e1r, a fogorvosok \u00faj gener\u00e1ci\u00f3j\u00e1nak k\u00e9pz\u00e9s\u00e9\u00e9rt felelek \u2013 az a feladatom, hogy stabil alapot adjak nekik a technikai tud\u00e1s, az etikus hivat\u00e1sgyakorl\u00e1s, a kritikai gondolkod\u00e1s \u00e9s az empatikus betegell\u00e1t\u00e1s ter\u00e9n. Nagyon fontosnak tartom, hogy a hallgat\u00f3im meg\u00e9rts\u00e9k, milyen sz\u00e9lesebb k\u00f6r\u0171 hat\u00e1st gyakorol a fog\u00e1szat a k\u00f6z\u00f6ss\u00e9gekre \u00e9s az egy\u00e9nekre egyar\u00e1nt. De a v\u00e9gs\u0151 c\u00e9lom az, hogy olyan fog\u00e1szati szakembereket ind\u00edtsunk \u00fatnak, akik szakmailag k\u00e9pzettek, empatikusak, valamint elhivatottak az ir\u00e1nt, hogy a sz\u00e1jhigi\u00e9n\u00e9 \u00fcgy\u00e9t a vil\u00e1g minden r\u00e9sz\u00e9n el\u0151mozd\u00edts\u00e1k. M\u00e1sik k\u00fcldet\u00e9sem, hogy tov\u00e1bbra is r\u00e9szt vegyek a szakter\u00fcletemen, a helyre\u00e1ll\u00edt\u00f3 fog\u00e1szatban \u00e9s fogp\u00f3tl\u00e1stanban foly\u00f3 kutat\u00e1si \u00e9s innov\u00e1ci\u00f3s tev\u00e9kenys\u00e9gben. A kutat\u00e1s, az \u00faj technik\u00e1k megoszt\u00e1sa, a leg\u00fajabb technol\u00f3gi\u00e1k \u00e9s m\u00f3dszerek be\u00e9p\u00edt\u00e9se a tananyagba lehet\u0151v\u00e9 teszi, hogy a szakter\u00fclet fejl\u0151dj\u00f6n, a betegell\u00e1t\u00e1s \u00e9s annak min\u0151s\u00e9ge pedig hossz\u00fa t\u00e1von is javuljon.<\/p>\n<p><strong>Mit tekint p\u00e1ly\u00e1ja cs\u00facspontj\u00e1nak?<\/strong><\/p>\n<p>\u00dagy v\u00e9lem, a karrierem egyik cs\u00facsa az volt, amikor egy nemzetk\u00f6zi h\u00edr\u0171 egyetem, a King\u2019s College fogorvosi kar\u00e1n \u2013 amelyet a QS \u00e9s a ShanghaiRanking k\u00f6vetkezetesen a vil\u00e1g \u00f6t legjobbja k\u00f6z\u00f6tt tart sz\u00e1mon \u2013 tansz\u00e9kvezet\u0151v\u00e9 \u00e9s egyetemi tan\u00e1rr\u00e1 neveztek ki. Szint\u00e9n ide sorolom, hogy az oktat\u00e1si \u00e9s kutat\u00f3i tev\u00e9kenys\u00e9gemet nagy preszt\u00edzs\u0171 nemzetk\u00f6zi d\u00edjakkal ismert\u00e9k el olyan szervezetek, mint amilyen az Association for Dental Education (Eur\u00f3pai Fogorvosk\u00e9pz\u00e9si Egyes\u00fclet, ADEE), az International Association for Dental, Oral, and Craniofacial Research (Nemzetk\u00f6zi Fog\u00e1szati, Or\u00e1lis \u00e9s Craniofaci\u00e1lis Kutat\u00e1si T\u00e1rsas\u00e1g, IADR), \u00e9s a Royal College of Surgeons in Ireland (RCSI) egyetem.<\/p>\n<p><a href=\"https:\/\/semmelweis.hu\/hirek\/files\/2025\/04\/Munkaban.jpg\"><img loading=\"lazy\" decoding=\"async\" class=\"alignright wp-image-152710 size-medium\" src=\"https:\/\/semmelweis.hu\/hirek\/files\/2025\/04\/Munkaban-267x400.jpg\" alt=\"\" width=\"267\" height=\"400\" srcset=\"https:\/\/semmelweis.hu\/hirek\/files\/2025\/04\/Munkaban-267x400.jpg 267w, https:\/\/semmelweis.hu\/hirek\/files\/2025\/04\/Munkaban-533x800.jpg 533w, https:\/\/semmelweis.hu\/hirek\/files\/2025\/04\/Munkaban-768x1152.jpg 768w, https:\/\/semmelweis.hu\/hirek\/files\/2025\/04\/Munkaban-1024x1536.jpg 1024w, https:\/\/semmelweis.hu\/hirek\/files\/2025\/04\/Munkaban-1366x2048.jpg 1366w, https:\/\/semmelweis.hu\/hirek\/files\/2025\/04\/Munkaban-753x1129.jpg 753w, https:\/\/semmelweis.hu\/hirek\/files\/2025\/04\/Munkaban.jpg 1707w\" sizes=\"auto, (max-width: 267px) 100vw, 267px\" \/><\/a><\/p>\n<p><strong>El\u00e9g sokr\u00e9t\u0171 \u00e9s gazdag p\u00e1ly\u00e1t tudhat maga m\u00f6g\u00f6tt. \u00d6n ir\u00e1ny\u00edtja t\u00f6bbek k\u00f6z\u00f6tt a King\u2019s College Hospital helyre\u00e1ll\u00edt\u00f3 fog\u00e1szati \u00e9s fog\u00e1szati alapell\u00e1t\u00e1si r\u00e9szlegeit, egy nemzetk\u00f6zi foly\u00f3irat f\u0151szerkeszt\u0151je, vil\u00e1gszerte tart el\u0151ad\u00e1sokat, az alap- \u00e9s posztgradu\u00e1lis k\u00e9pz\u00e9s oktat\u00e1s\u00e1ban is r\u00e9szt vesz, mindemellett kutat is. A munk\u00e1j\u00e1nak mely r\u00e9sze lelkes\u00edti a legink\u00e1bb \u00e9s mi\u00e9rt?<\/strong><\/p>\n<p>Minden feladathoz m\u00e1s felel\u0151ss\u00e9g, k\u00f6teless\u00e9g, kih\u00edv\u00e1s \u00e9s elv\u00e1r\u00e1s t\u00e1rsul \u00e9s mindegyik m\u00e1s k\u00e9szs\u00e9geket ig\u00e9nyel. Minden feladatk\u00f6r\u00f6met kedvelem, de mindezek sokf\u00e9les\u00e9ge az, amit k\u00fcl\u00f6n\u00f6sen szeretek, mivel minden egyes szerep elt\u00e9r\u0151 tapasztalatszerz\u00e9st \u00e9s kiteljesed\u00e9st tesz lehet\u0151v\u00e9.<\/p>\n<p><strong>Sz\u00e1mos eur\u00f3pai \u00e9s egyes\u00fclt \u00e1llamokbeli egyetem vend\u00e9gprofesszora, milyen \u00e9rz\u00e9s \u201ehat\u00e1rok n\u00e9lk\u00fcli el\u0151ad\u00f3nak\u201d lenni?<\/strong><\/p>\n<p>Az orvostudom\u00e1nyt \u00e9s a fogorvostudom\u00e1nyt nem k\u00f6tik hat\u00e1rok, ez\u00e9rt az, hogy a szakter\u00fcletemr\u0151l adhatok el\u0151 k\u00fcl\u00f6nb\u00f6z\u0151 orsz\u00e1gokba utazva vagy \u00e9pp virtu\u00e1lisan, hihetetlen\u00fcl h\u00e1l\u00e1s, ugyanakkor kih\u00edv\u00e1sokkal teli feladat. Egyes\u00edti a felfedez\u00e9s izgalm\u00e1t, a tud\u00e1smegoszt\u00e1s \u00f6r\u00f6m\u00e9t \u00e9s a kultur\u00e1lis adapt\u00e1ci\u00f3 kih\u00edv\u00e1sait. Hat\u00e1rok n\u00e9lk\u00fcli el\u0151ad\u00f3k\u00e9nt \u00e9lvezem, hogy nem vagyok egyetlen int\u00e9zm\u00e9nyhez, orsz\u00e1ghoz vagy rendszerhez k\u00f6tve. B\u00e1rhol a vil\u00e1gon oktathatok \u2013 jelenl\u00e9ti vagy online form\u00e1ban \u2013, k\u00fcl\u00f6nf\u00e9le h\u00e1tter\u0171 hallgat\u00f3kat \u00e9s klinikai szakembereket sz\u00f3l\u00edthatok meg \u00e9s inspir\u00e1lhatok, ezzel vil\u00e1gszerte hat\u00e1st \u00e9rhetek el. Ez pedig c\u00e9lt ad.<\/p>\n<p><strong>Milyen \u00e9rz\u00e9s volt, amikor elnyerte az ADEE fog\u00e1szati oktat\u00e1si \u00e9letm\u0171d\u00edj\u00e1t? Mi vezetett id\u00e1ig?<\/strong><\/p>\n<p>Megtisztel\u0151 volt, hogy elnyerhettem az Eur\u00f3pai Fogorvosk\u00e9pz\u00e9si Egyes\u00fclet legrangosabb d\u00edj\u00e1t, az Excellence in Dental Education Mature Career Awardot, ami elismeri a fogorvosk\u00e9pz\u00e9s ir\u00e1nt eg\u00e9sz szakmai p\u00e1ly\u00e1m sor\u00e1n tan\u00fas\u00edtott elhivatotts\u00e1gomat \u00e9s hozz\u00e1j\u00e1rul\u00e1somat a szakter\u00fclet fejl\u0151d\u00e9s\u00e9hez. Ez visszaigazolta sz\u00e1momra az oktat\u00e1skutat\u00e1s ter\u00e9n v\u00e9gzett, sok \u00e9vnyi kem\u00e9ny munk\u00e1mat \u00e9s visszajelezte nemzetk\u00f6zi szinten is a kutat\u00f3t\u00e1rsaim elismer\u00e9s\u00e9t.<\/p>\n<p><strong>Hogyan tud kikapcsol\u00f3dni, ha a munka t\u00fal megterhel\u0151v\u00e9 v\u00e1lna? Van valamilyen hobbija vagy egy\u00e9b szok\u00e1sa, amely seg\u00edti ebben?<\/strong><\/p>\n<p>El\u0151szeretettel alkalmazok ment\u00e1lis \u00e9s \u00e9rzelmi relax\u00e1ci\u00f3s technik\u00e1kat, szeretek olvasni, utazni, s\u00e9t\u00e1kat tenni, filmeket n\u00e9zni, m\u00e9ly besz\u00e9lget\u00e9seket folytatni. Szabadid\u0151mben szeretek \u00faj dolgokat tanulni a vil\u00e1gr\u00f3l, ny\u00edlt v\u00edzi b\u00fav\u00e1rkodni, filoz\u00f3fiai, pszichol\u00f3giai \u00e9s \u00e9rzelmi intelligenci\u00e1r\u00f3l sz\u00f3l\u00f3 k\u00f6nyveket olvasni.<\/p>\n<p><strong>Van-e valamilyen tan\u00e1csa azok sz\u00e1m\u00e1ra, akik az \u00d6n szakter\u00fclet\u00e9n kezdik meg tanulm\u00e1nyaikat?<\/strong><\/p>\n<p>Konfuciusz egyik mond\u00e1s\u00e1t aj\u00e1nlom figyelm\u00fckbe: \u201eNem az a legnagyobb dics\u0151s\u00e9g, ha soha nem bukunk el, hanem az, ha valah\u00e1nyszor elbukunk, mindig talpra \u00e1llunk.\u201d<\/p>\n<p>Szekeres Hanna, Alumni Igazgat\u00f3s\u00e1g<br \/>\nFord\u00edtotta: Szabados-D\u0151tsch Judit<br \/>\nFot\u00f3: Igor R. Blum, c<span style=\"font-size: 1rem\">gdent.uk<\/span><\/p>\n","protected":false},"excerpt":{"rendered":"<p>Semmelweises \u00e9veir\u0151l \u00e9s p\u00e1ly\u00e1j\u00e1r\u00f3l mes\u00e9l a King&#8217;s College K\u00f3rh\u00e1z oszt\u00e1lyvezet\u0151 f\u0151orvosa.<\/p>\n","protected":false},"author":102255,"featured_media":152708,"comment_status":"closed","ping_status":"closed","sticky":false,"template":"","format":"standard","meta":{"_acf_changed":false,"footnotes":""},"categories":[157,168],"tags":[1271,4303],"class_list":["post-152707","post","type-post","status-publish","format-standard","has-post-thumbnail","hentry","category-semmelweis-vilag","category-kiemelt","tag-alumni","tag-alumni-portrek"],"acf":[],"_links":{"self":[{"href":"https:\/\/semmelweis.hu\/hirek\/wp-json\/wp\/v2\/posts\/152707","targetHints":{"allow":["GET"]}}],"collection":[{"href":"https:\/\/semmelweis.hu\/hirek\/wp-json\/wp\/v2\/posts"}],"about":[{"href":"https:\/\/semmelweis.hu\/hirek\/wp-json\/wp\/v2\/types\/post"}],"author":[{"embeddable":true,"href":"https:\/\/semmelweis.hu\/hirek\/wp-json\/wp\/v2\/users\/102255"}],"replies":[{"embeddable":true,"href":"https:\/\/semmelweis.hu\/hirek\/wp-json\/wp\/v2\/comments?post=152707"}],"version-history":[{"count":5,"href":"https:\/\/semmelweis.hu\/hirek\/wp-json\/wp\/v2\/posts\/152707\/revisions"}],"predecessor-version":[{"id":156052,"href":"https:\/\/semmelweis.hu\/hirek\/wp-json\/wp\/v2\/posts\/152707\/revisions\/156052"}],"wp:featuredmedia":[{"embeddable":true,"href":"https:\/\/semmelweis.hu\/hirek\/wp-json\/wp\/v2\/media\/152708"}],"wp:attachment":[{"href":"https:\/\/semmelweis.hu\/hirek\/wp-json\/wp\/v2\/media?parent=152707"}],"wp:term":[{"taxonomy":"category","embeddable":true,"href":"https:\/\/semmelweis.hu\/hirek\/wp-json\/wp\/v2\/categories?post=152707"},{"taxonomy":"post_tag","embeddable":true,"href":"https:\/\/semmelweis.hu\/hirek\/wp-json\/wp\/v2\/tags?post=152707"}],"curies":[{"name":"wp","href":"https:\/\/api.w.org\/{rel}","templated":true}]}}