{"id":152499,"date":"2025-04-23T06:00:06","date_gmt":"2025-04-23T04:00:06","guid":{"rendered":"https:\/\/semmelweis.hu\/hirek\/?p=152499"},"modified":"2025-05-06T15:08:26","modified_gmt":"2025-05-06T13:08:26","slug":"a-chicagoi-egyetem-professzora-is-eloadast-tartott-a-semmelweis-hematopatologiai-miniszimpoziuman","status":"publish","type":"post","link":"https:\/\/semmelweis.hu\/hirek\/2025\/04\/23\/a-chicagoi-egyetem-professzora-is-eloadast-tartott-a-semmelweis-hematopatologiai-miniszimpoziuman\/","title":{"rendered":"A Chicag\u00f3i Egyetem professzora is el\u0151ad\u00e1st tartott a Semmelweis hematopatol\u00f3giai miniszimp\u00f3zium\u00e1n"},"content":{"rendered":"<div class=\"lead\">A Semmelweis Egyetem Patol\u00f3giai \u00e9s K\u00eds\u00e9rleti R\u00e1kkutat\u00f3 Int\u00e9zet\u00e9ben hematopatol\u00f3gia miniszimp\u00f3ziumot tartottak a t\u00e9m\u00e1ban nemzetk\u00f6zileg elismert szaktekint\u00e9ly, dr. Daniel A. Arber r\u00e9szv\u00e9tel\u00e9vel. A Chicag\u00f3i Egyetem professzora \u00e9s a patol\u00f3gia tansz\u00e9k vezet\u0151je el\u0151ad\u00e1s\u00e1ban az akut leuk\u00e9mi\u00e1k oszt\u00e1lyoz\u00e1s\u00e1nak leg\u00fajabb ir\u00e1nyait taglalta, melyben egyre fontosabb szerepet t\u00f6ltenek be a citogenetikai \u00e9s molekul\u00e1ris genetikai elt\u00e9r\u00e9sek. Ezt k\u00f6vet\u0151en dr. B\u00f6d\u00f6r Csaba, a Patol\u00f3giai \u00e9s K\u00eds\u00e9rleti R\u00e1kkutat\u00f3 Int\u00e9zet egyetemi tan\u00e1ra besz\u00e9lt a Semmelweis Egyetemen zajl\u00f3 molekul\u00e1ris onkohematol\u00f3giai diagnosztikus, kutat\u00e1si \u00e9s innov\u00e1ci\u00f3s aktivit\u00e1sr\u00f3l, melynek r\u00e9sze az elm\u00falt \u00e9vekben fel\u00e9p\u00edtett korszer\u0171 genomikai infrastrukt\u00fara alkalmaz\u00e1sa a mindennapi gyakorlatban. Mindez a Patol\u00f3giai Int\u00e9zetben m\u0171k\u00f6d\u0151 orsz\u00e1gos hematopatol\u00f3giai k\u00f6zpont keretein bel\u00fcl zajlik.<\/div>\n<p><a href=\"https:\/\/semmelweis.hu\/hirek\/files\/2025\/04\/RS213007__19A5261-scr.jpg\"><img loading=\"lazy\" decoding=\"async\" class=\"aligncenter size-full wp-image-152504\" src=\"https:\/\/semmelweis.hu\/hirek\/files\/2025\/04\/RS213007__19A5261-scr.jpg\" alt=\"\" width=\"1200\" height=\"800\" srcset=\"https:\/\/semmelweis.hu\/hirek\/files\/2025\/04\/RS213007__19A5261-scr.jpg 1200w, https:\/\/semmelweis.hu\/hirek\/files\/2025\/04\/RS213007__19A5261-scr-400x267.jpg 400w, https:\/\/semmelweis.hu\/hirek\/files\/2025\/04\/RS213007__19A5261-scr-900x600.jpg 900w, https:\/\/semmelweis.hu\/hirek\/files\/2025\/04\/RS213007__19A5261-scr-768x512.jpg 768w, https:\/\/semmelweis.hu\/hirek\/files\/2025\/04\/RS213007__19A5261-scr-753x502.jpg 753w, https:\/\/semmelweis.hu\/hirek\/files\/2025\/04\/RS213007__19A5261-scr-203x135.jpg 203w\" sizes=\"auto, (max-width: 1200px) 100vw, 1200px\" \/><\/a><\/p>\n<p>A hematopatol\u00f3gia miniszimp\u00f3ziumnak a Patol\u00f3giai \u00e9s K\u00eds\u00e9rleti R\u00e1kkutat\u00f3 Int\u00e9zet adott otthont, melynek igazgat\u00f3ja, dr. Matolcsy Andr\u00e1s r\u00f6viden \u00fcdv\u00f6z\u00f6lte az el\u0151ad\u00f3kat. Ezt k\u00f6vette dr. Merkely B\u00e9la k\u00f6sz\u00f6nt\u0151je. A rektor besz\u00e9d\u00e9ben eml\u00e9keztetett arra, hogy az esem\u00e9ny f\u00f3kusz\u00e1ban \u00e1ll\u00f3 hematopatol\u00f3gia \u00fajabb \u00e9s \u00fajabb felfedez\u00e9sek r\u00e9v\u00e9n j\u00f6tt l\u00e9tre \u00e9s v\u00e1lt k\u00fcl\u00f6n tudom\u00e1nyter\u00fclett\u00e9 a patol\u00f3gi\u00e1n bel\u00fcl.<\/p>\n<blockquote>\n<p>Ez a diszcipl\u00edna ugyan viszonylag fiatalnak mondhat\u00f3, \u00e1m gy\u00f6kerei t\u00f6bb mint egy \u00e9vsz\u00e1zadra ny\u00falnak vissza. A Nobel-d\u00edjas n\u00e9met Paul Ehrlich, aki els\u0151k k\u00f6z\u00f6tt tanulm\u00e1nyozta a v\u00e9rsejteket \u00e9s azok fest\u00e9si tulajdons\u00e1gait, 10 \u00e9vvel azut\u00e1n sz\u00fcletett, hogy 1844-ben Ar\u00e1nyi Lajos Magyarorsz\u00e1gon megtartotta sz\u00e9kfoglal\u00f3 el\u0151ad\u00e1s\u00e1t, elind\u00edtva ezzel a patol\u00f3gia mint \u00f6n\u00e1ll\u00f3 diszcipl\u00edna \u00fatj\u00e1t<\/p>\n<\/blockquote>\n<p><img loading=\"lazy\" decoding=\"async\" class=\"alignright size-medium wp-image-152503\" src=\"https:\/\/semmelweis.hu\/hirek\/files\/2025\/04\/RS212994__19A5205-scr-400x267.jpg\" alt=\"\" width=\"400\" height=\"267\" srcset=\"https:\/\/semmelweis.hu\/hirek\/files\/2025\/04\/RS212994__19A5205-scr-400x267.jpg 400w, https:\/\/semmelweis.hu\/hirek\/files\/2025\/04\/RS212994__19A5205-scr-900x600.jpg 900w, https:\/\/semmelweis.hu\/hirek\/files\/2025\/04\/RS212994__19A5205-scr-768x512.jpg 768w, https:\/\/semmelweis.hu\/hirek\/files\/2025\/04\/RS212994__19A5205-scr-753x502.jpg 753w, https:\/\/semmelweis.hu\/hirek\/files\/2025\/04\/RS212994__19A5205-scr-203x135.jpg 203w, https:\/\/semmelweis.hu\/hirek\/files\/2025\/04\/RS212994__19A5205-scr.jpg 1200w\" sizes=\"auto, (max-width: 400px) 100vw, 400px\" \/>\u2013 hangs\u00falyozta. A Times Higher Education legfrissebb rangsora a vil\u00e1g 300 legjobb egyeteme k\u00f6z\u00e9 sorolja a Semmelweist, ugyanezen a list\u00e1n pedig a Chicag\u00f3i Egyetem, ahol dr. Daniel A. Arber a patol\u00f3gi\u00e1t vezeti, a 14. helyen \u00e1ll. \u00c9ppen ez\u00e9rt tartom nemcsak kiemelked\u0151en fontosnak mostani el\u0151ad\u00e1s\u00e1t, de egyben remek lehet\u0151s\u00e9gnek is, hogy val\u00f3ban a legjobbakt\u00f3l tanulhassunk \u2013 tette hozz\u00e1. A rendezv\u00e9nyen r\u00e9szt vettek a Magyar Patol\u00f3gusok T\u00e1rsas\u00e1ga \u00e9s a Magyar Hematol\u00f3giai \u00e9s Transzfuziol\u00f3giai T\u00e1rsas\u00e1g (MHTT) vezet\u0151i \u00e9s tagjai, a Semmelweis Egyetem tansz\u00e9kvezet\u0151i, valamint a molekul\u00e1ris onkohematol\u00f3gia kutat\u00e1sban \u00e9rintett szakemberek a hazai t\u00e1rsegyetemekr\u0151l. Dr. Merkely B\u00e9la elmondta, ez nagy \u00f6r\u00f6m sz\u00e1m\u00e1ra, hiszen az egyetem c\u00e9lja, hogy a hasonl\u00f3, nemzetk\u00f6zi kapcsolat\u00e9p\u00edt\u00e9s a magyar eg\u00e9szs\u00e9g\u00fcgy eg\u00e9sz\u00e9t, azon kereszt\u00fcl pedig a magyar betegek \u00fcgy\u00e9t szolg\u00e1lja.<\/p>\n<p>A hematol\u00f3giai daganatok korszer\u0171 diagnosztik\u00e1j\u00e1nak, rizik\u00f3becsl\u00e9s\u00e9nek \u00e9s ter\u00e1piatervez\u00e9s\u00e9nek k\u00f6zponti eleme a betegs\u00e9gek egyre prec\u00edzebb, molekul\u00e1ris alapokon t\u00f6rt\u00e9n\u0151 besorol\u00e1sa. Dr. Daniel A. Arber e ter\u00fclet nemzetk\u00f6zileg elismert k\u00e9pvisel\u0151je, aki \u00fatt\u00f6r\u0151 szerepet j\u00e1tszik a v\u00e9rr\u00e1k egyik legs\u00falyosabb t\u00edpusa, az akut myeloid leuk\u00e9mi\u00e1k (AML) oszt\u00e1lyoz\u00e1s\u00e1nak fejleszt\u00e9s\u00e9ben. El\u0151ad\u00e1s\u00e1ban el\u0151sz\u00f6r azt vizsg\u00e1lta, hogy a korai, pontatlan megfigyel\u00e9sekt\u0151l a kifinomult, genetikai alap\u00fa oszt\u00e1lyoz\u00e1si rendszerekig hogyan v\u00e1ltozott a myeloid neoplazm\u00e1kr\u00f3l \u2013 \u00e9s k\u00fcl\u00f6n\u00f6sen az AML-r\u0151l \u2013 kialakult k\u00e9p. V\u00e9gigk\u00f6vette a myeloid neoplazm\u00e1k t\u00f6rt\u00e9net\u00e9t az 1800-as \u00e9vekt\u0151l, amikor a leuk\u00e9mi\u00e1t mikroszk\u00f3p haszn\u00e1lata n\u00e9lk\u00fcl vizsg\u00e1lt\u00e1k, a patol\u00f3gi\u00e1ban el\u00e9rt jelent\u0151s \u00e1tt\u00f6r\u00e9seken \u00e1t a szisztematikus oszt\u00e1lyoz\u00e1sok bevezet\u00e9s\u00e9ig. Kiemelte, hogy a modern klasszifik\u00e1ci\u00f3s rendszerek, mint az Eg\u00e9szs\u00e9g\u00fcgyi Vil\u00e1gszervezet\u00e9 (WHO) \u00e9s a myeloid \u00e9s limfoid neoplazm\u00e1kat oszt\u00e1lyoz\u00f3 International Consensus Classification (ICC), egyre nagyobb m\u00e9rt\u00e9kben veszik figyelembe a genetikai adatokat a helyes diagn\u00f3zis fel\u00e1ll\u00edt\u00e1sa \u00e9s a megfelel\u0151 kezel\u00e9s kialak\u00edt\u00e1sa \u00e9rdek\u00e9ben. B\u00e1r ma m\u00e1r k\u00e9t rendszer is l\u00e9tezik, t\u00f6bb mint 90 sz\u00e1zal\u00e9kos \u00e1tfed\u00e9s van k\u00f6z\u00f6tt\u00fck, ami az egyre nagyobb tudom\u00e1nyos precizit\u00e1s \u00e9s megb\u00edzhat\u00f3s\u00e1g jele. Dr. Daniel A. Arber a diagnosztikai krit\u00e9riumokat \u00e9s az egyes betegs\u00e9gek klinikai jelent\u0151s\u00e9g\u00e9t taglal\u00f3 <em>The International Consensus Classification of Myeloid and Lymphoid Neoplasms<\/em> c\u00edm\u0171 k\u00f6tet f\u0151szerkeszt\u0151je.<\/p>\n<p><a href=\"https:\/\/semmelweis.hu\/hirek\/files\/2025\/04\/RS213011__19A5276-scr.jpg\"><img loading=\"lazy\" decoding=\"async\" class=\"alignleft size-medium wp-image-152505\" src=\"https:\/\/semmelweis.hu\/hirek\/files\/2025\/04\/RS213011__19A5276-scr-400x267.jpg\" alt=\"\" width=\"400\" height=\"267\" srcset=\"https:\/\/semmelweis.hu\/hirek\/files\/2025\/04\/RS213011__19A5276-scr-400x267.jpg 400w, https:\/\/semmelweis.hu\/hirek\/files\/2025\/04\/RS213011__19A5276-scr-900x600.jpg 900w, https:\/\/semmelweis.hu\/hirek\/files\/2025\/04\/RS213011__19A5276-scr-768x512.jpg 768w, https:\/\/semmelweis.hu\/hirek\/files\/2025\/04\/RS213011__19A5276-scr-753x502.jpg 753w, https:\/\/semmelweis.hu\/hirek\/files\/2025\/04\/RS213011__19A5276-scr-203x135.jpg 203w, https:\/\/semmelweis.hu\/hirek\/files\/2025\/04\/RS213011__19A5276-scr.jpg 1200w\" sizes=\"auto, (max-width: 400px) 100vw, 400px\" \/><\/a>A Chicag\u00f3i Egyetem professzora \u00e9s a patol\u00f3gia tansz\u00e9k vezet\u0151je a tov\u00e1bbiakban azt a k\u00e9rd\u00e9st j\u00e1rta k\u00f6rbe, hogy a genetikai mut\u00e1ci\u00f3k hogyan \u00e9rintik az AML oszt\u00e1lyoz\u00e1s\u00e1t \u00e9s kezel\u00e9s\u00e9t. E mut\u00e1ci\u00f3k egym\u00e1sra gyakorolt hat\u00e1sa ugyanis dr\u00e1mai m\u00e9rt\u00e9kben befoly\u00e1solhatja a progn\u00f3zist \u00e9s megszabhatja a kezel\u00e9s ir\u00e1ny\u00e1t. A kutat\u00f3k ma m\u00e1r nem els\u0151sorban a sejtek megjelen\u00e9s\u00e9re (azaz a diszpl\u00e1zi\u00e1ra, a k\u00f3ros sejtek sz\u00f6vetben vagy szervben val\u00f3 jelenl\u00e9t\u00e9re) t\u00e1maszkodnak a diagn\u00f3zis fel\u00e1ll\u00edt\u00e1sa sor\u00e1n, az AML-t a pontosabb mutat\u00f3knak tekinthet\u0151 genetikai mut\u00e1ci\u00f3k alapj\u00e1n oszt\u00e1lyozz\u00e1k. E v\u00e1ltoz\u00e1s k\u00f6vetkezt\u00e9ben egyes besorol\u00e1si kateg\u00f3ri\u00e1k egyszer\u0171bbek, m\u00e1sok viszont bonyolultabbak lettek, k\u00fcl\u00f6n\u00f6sen a rosszindulat\u00fa daganatokhoz k\u00f6thet\u0151 TP53 g\u00e9nt \u00e9rint\u0151 mut\u00e1ci\u00f3k eset\u00e9ben. A szakemberek egyre ink\u00e1bb felismerik azt, hogy az AML-nek bizonyos ter\u00e1pi\u00e1kkal \u00f6sszef\u00fcgg\u00e9sbe hozhat\u00f3 \u00e9s \u00f6r\u00f6kl\u00f6tt form\u00e1i is l\u00e9teznek, ami most m\u00e1r egy\u00e9rtelm\u0171en megjelenik a diagn\u00f3zisokban. B\u00e1r a jelenlegi oszt\u00e1lyoz\u00e1si rendszerek csak kis m\u00e9rt\u00e9kben t\u00e9rnek el egym\u00e1st\u00f3l, 2026-ra egys\u00e9ges glob\u00e1lis szabv\u00e1ny k\u00e9sz\u00fcl, amelynek c\u00e9lja, hogy az AML diagn\u00f3zisa m\u00e9g gyorsabb\u00e1, pontosabb\u00e1 \u00e9s a vil\u00e1gon mindenhol egys\u00e9gess\u00e9 v\u00e1ljon.<\/p>\n<p><a href=\"https:\/\/semmelweis.hu\/hirek\/files\/2025\/04\/RS213014__19A5290-scr.jpg\"><img loading=\"lazy\" decoding=\"async\" class=\"alignright size-medium wp-image-152506\" src=\"https:\/\/semmelweis.hu\/hirek\/files\/2025\/04\/RS213014__19A5290-scr-400x267.jpg\" alt=\"\" width=\"400\" height=\"267\" srcset=\"https:\/\/semmelweis.hu\/hirek\/files\/2025\/04\/RS213014__19A5290-scr-400x267.jpg 400w, https:\/\/semmelweis.hu\/hirek\/files\/2025\/04\/RS213014__19A5290-scr-900x600.jpg 900w, https:\/\/semmelweis.hu\/hirek\/files\/2025\/04\/RS213014__19A5290-scr-768x512.jpg 768w, https:\/\/semmelweis.hu\/hirek\/files\/2025\/04\/RS213014__19A5290-scr-753x502.jpg 753w, https:\/\/semmelweis.hu\/hirek\/files\/2025\/04\/RS213014__19A5290-scr-203x135.jpg 203w, https:\/\/semmelweis.hu\/hirek\/files\/2025\/04\/RS213014__19A5290-scr.jpg 1200w\" sizes=\"auto, (max-width: 400px) 100vw, 400px\" \/><\/a>Dr. B\u00f6d\u00f6r Csaba, a Patol\u00f3giai \u00e9s K\u00eds\u00e9rleti R\u00e1kkutat\u00f3 Int\u00e9zet egyetemi tan\u00e1ra arr\u00f3l besz\u00e9lt, hogy az int\u00e9zetnek orsz\u00e1gos szinten is egyre meghat\u00e1roz\u00f3bb szerepe van a v\u00e9rr\u00e1k, p\u00e9ld\u00e1ul a leuk\u00e9mia \u00e9s a limf\u00f3ma fejlett diagnosztik\u00e1j\u00e1ban. Egyetemi kutat\u00f3csoportja az orsz\u00e1g k\u00f3rh\u00e1zaival egy\u00fcttm\u0171k\u00f6dve gyermekeket \u00e9s feln\u0151tteket egyar\u00e1nt vizsg\u00e1l, olyan nagy teljes\u00edtm\u00e9ny\u0171 genetikai eszk\u00f6z\u00f6kkel, mint az \u00fajgener\u00e1ci\u00f3s szekven\u00e1l\u00e1s (NGS) \u00e9s az optikai genomt\u00e9rk\u00e9pez\u00e9s. Ezek az eszk\u00f6z\u00f6k seg\u00edtenek az orvosoknak felt\u00e1rni a rejtett mut\u00e1ci\u00f3kat, \u00e9s jobban meg\u00e9rteni az egyes r\u00e1kos megbeteged\u00e9seket. A gyermekek eset\u00e9ben ez \u00faj genetikai markerek felfedez\u00e9s\u00e9hez \u00e9s a betegs\u00e9g alakul\u00e1s\u00e1nak jobb el\u0151rejelz\u00e9s\u00e9hez vezetett. A feln\u0151ttekn\u00e9l a kutat\u00f3csoport azt vizsg\u00e1lja, hogy az \u00faj technol\u00f3gi\u00e1k k\u00e9pesek-e fel\u00fclm\u00falni a r\u00e9gebbi genetikai teszteket. Az egyes csal\u00e1dokban el\u0151fordul\u00f3 ritka \u00f6r\u00f6kletes mut\u00e1ci\u00f3kat is tanulm\u00e1nyozz\u00e1k, ami seg\u00edt a megfelel\u0151 kezel\u00e9s \u00e9s donor kiv\u00e1laszt\u00e1s\u00e1ban. A leuk\u00e9mi\u00e1n t\u00fal a csoport a limf\u00f3ma diagn\u00f3zis\u00e1nak jav\u00edt\u00e1s\u00e1n is dolgozik sz\u00f6vet- \u00e9s v\u00e9rmint\u00e1k felhaszn\u00e1l\u00e1s\u00e1val, azzal a c\u00e9llal, hogy a betegek \u00e1llapot\u00e1nak esetleges roml\u00e1s\u00e1t kor\u00e1n el\u0151re tudj\u00e1k jelezni. Dr. B\u00f6d\u00f6r Csaba hangs\u00falyozta, hogy a szem\u00e9lyre szabott gy\u00f3gy\u00e1szat eset\u00e9ben az egy\u00fcttm\u0171k\u00f6d\u00e9s \u00e9s az innov\u00e1ci\u00f3 kulcsfontoss\u00e1g\u00faak.<\/p>\n<div class=\"keretes w-100\">\n<p><a href=\"https:\/\/semmelweis.hu\/hirek\/2024\/06\/10\/emlekevvel-unnepli-jubileumat-a-patologiai-es-kiserleti-rakkutato-intezet\/\" target=\"_blank\" rel=\"noopener\">A t\u00f6bb mint 180 \u00e9ves Patol\u00f3giai \u00e9s K\u00eds\u00e9rleti R\u00e1kkutat\u00f3 Int\u00e9zet<\/a> az orsz\u00e1g sz\u00e1mos klinikai hematol\u00f3giai centrum\u00e1nak ny\u00fajt diagnosztikus szolg\u00e1ltat\u00e1st az akut leuk\u00e9mi\u00e1k eset\u00e9ben, a Belgy\u00f3gy\u00e1szati \u00e9s Hematol\u00f3giai Klinika pedig nagy sz\u00e1m\u00fa akut leuk\u00e9mi\u00e1s beteg kezel\u00e9s\u00e9ben v\u00e1llal szerepet. Dr. Matolcsy Andr\u00e1s vezet\u00e9s\u00e9vel t\u00f6bb mint 20 \u00e9ve m\u0171k\u00f6dik az orsz\u00e1gos hematopatol\u00f3giai diagnosztikus centrum. Az elm\u00falt \u00f6t \u00e9vben pedig kialak\u00edtottak egy modern molekul\u00e1ris onkohematol\u00f3giai kutat\u00e1si \u00e9s diagnosztikus m\u0171szeres infrastrukt\u00far\u00e1t, melynek alkalmaz\u00e1s\u00e1val a legmagasabb nemzetk\u00f6zi szinten k\u00e9pes az int\u00e9zet <a href=\"https:\/\/www.youtube.com\/watch?v=8zULGe5AOb8&amp;t=44s\" target=\"_blank\" rel=\"noopener\">az akut leuk\u00e9mi\u00e1s betegek diagnosztik\u00e1j\u00e1ra<\/a>. Emellett t\u00e1mogat\u00e1st ny\u00fajt az orsz\u00e1g m\u00e1s hematol\u00f3giai centrumaiban kezelt betegek \u00e9s kezel\u0151orvosaik sz\u00e1m\u00e1ra is.<\/p>\n<\/div>\n\r\n        [slb_exclude]\r\n        <div class=\"row galeria-wrapper mx-0 h-auto\">\r\n            <div class=\"col-9 pl-0 pr-2\">\r\n            <span class=\"gallery-item frame\">\r\n\t\t\t\t<div class=\"galeria-left-img\"><a href=\"https:\/\/semmelweis.hu\/hirek\/files\/2025\/04\/RS213004__19A5246-scr.jpg\"><img src=https:\/\/semmelweis.hu\/hirek\/files\/2025\/04\/RS213004__19A5246-scr.jpg  \r\n                            alt=\"\" \r\n                            class=\"attachment-sote-gallery-big size-sote-gallery-big\" \r\n                            srcset=\"https:\/\/semmelweis.hu\/hirek\/files\/2025\/04\/RS213004__19A5246-scr-400x267.jpg 400w, https:\/\/semmelweis.hu\/hirek\/files\/2025\/04\/RS213004__19A5246-scr-900x600.jpg 900w, https:\/\/semmelweis.hu\/hirek\/files\/2025\/04\/RS213004__19A5246-scr-768x512.jpg 768w, https:\/\/semmelweis.hu\/hirek\/files\/2025\/04\/RS213004__19A5246-scr-753x502.jpg 753w, https:\/\/semmelweis.hu\/hirek\/files\/2025\/04\/RS213004__19A5246-scr-203x135.jpg 203w, https:\/\/semmelweis.hu\/hirek\/files\/2025\/04\/RS213004__19A5246-scr.jpg 1200w\" ><\/a><\/div>\r\n            <\/span>\r\n\r\n            <\/div>\r\n\r\n\t\t\t<div class=\"col-3 pl-0 pr-0\">\r\n\t\t\t\t<div class=\"galeria-right-img d-flex justify-content-between flex-column h-100 w-100 px-0 mx-0 \">\r\n                <div class=\"galeria-box\">\r\n\t\t\t\t\t<h3 class=\"galeria-title\">Gal\u00e9ria<\/h3>\r\n\t\t\t\t\t<div class=\"galeria-subtitle\">\r\n\r\n\t\t\t\t\t\t<div class=\"galeria-page-counter\"><span>8<\/span>k\u00e9p<\/div>\r\n                    <\/div> <\/div>\r\n                    <span class=\"gallery-item frame d-none d-md-flex\">\r\n\t\t\t\t\t<div class=\"galeria-small-img mt-0\"><a href=\"https:\/\/semmelweis.hu\/hirek\/files\/2025\/04\/RS213006__19A5256-scr.jpg\"><img src=https:\/\/semmelweis.hu\/hirek\/files\/2025\/04\/RS213006__19A5256-scr.jpg \r\n                                alt=\"\"  \r\n                                class=\"attachment-sote-gallery-small size-sote-gallery-small\" \r\n                                srcset=\"https:\/\/semmelweis.hu\/hirek\/files\/2025\/04\/RS213006__19A5256-scr-400x267.jpg 400w, https:\/\/semmelweis.hu\/hirek\/files\/2025\/04\/RS213006__19A5256-scr-900x600.jpg 900w, https:\/\/semmelweis.hu\/hirek\/files\/2025\/04\/RS213006__19A5256-scr-768x512.jpg 768w, https:\/\/semmelweis.hu\/hirek\/files\/2025\/04\/RS213006__19A5256-scr-753x502.jpg 753w, https:\/\/semmelweis.hu\/hirek\/files\/2025\/04\/RS213006__19A5256-scr-203x135.jpg 203w, https:\/\/semmelweis.hu\/hirek\/files\/2025\/04\/RS213006__19A5256-scr.jpg 1200w\" ><\/a><\/div>\r\n                    <\/span>\r\n                    <span class=\"gallery-item frame d-none d-md-flex\">\r\n\t\t\t\t\t<div class=\"galeria-small-img mt-0\"><a href=\"https:\/\/semmelweis.hu\/hirek\/files\/2025\/04\/RS212999__19A5226-scr.jpg\"><img src=https:\/\/semmelweis.hu\/hirek\/files\/2025\/04\/RS212999__19A5226-scr.jpg \r\n                                alt=\"\" \r\n                                class=\"attachment-sote-gallery-small size-sote-gallery-small\" \r\n                                srcset=\"https:\/\/semmelweis.hu\/hirek\/files\/2025\/04\/RS212999__19A5226-scr-400x267.jpg 400w, https:\/\/semmelweis.hu\/hirek\/files\/2025\/04\/RS212999__19A5226-scr-900x600.jpg 900w, https:\/\/semmelweis.hu\/hirek\/files\/2025\/04\/RS212999__19A5226-scr-768x512.jpg 768w, https:\/\/semmelweis.hu\/hirek\/files\/2025\/04\/RS212999__19A5226-scr-753x502.jpg 753w, https:\/\/semmelweis.hu\/hirek\/files\/2025\/04\/RS212999__19A5226-scr-203x135.jpg 203w, https:\/\/semmelweis.hu\/hirek\/files\/2025\/04\/RS212999__19A5226-scr.jpg 1200w\" ><\/a><\/div>\r\n                    <\/span>\r\n\r\n                <\/div>\r\n\r\n            <\/div>\r\n\r\n            <span class=\"gallery-item\"><div class=\"hidden\"><a href=\"https:\/\/semmelweis.hu\/hirek\/files\/2025\/04\/RS212988__19A5177-scr.jpg\">\r\n        <img src=https:\/\/semmelweis.hu\/hirek\/files\/2025\/04\/RS212988__19A5177-scr.jpg alt=\"\" class=\"attachment-sote-gallery-big size-sote-gallery-big\" srcset=\"https:\/\/semmelweis.hu\/hirek\/files\/2025\/04\/RS212988__19A5177-scr-267x400.jpg 267w, https:\/\/semmelweis.hu\/hirek\/files\/2025\/04\/RS212988__19A5177-scr-533x800.jpg 533w, https:\/\/semmelweis.hu\/hirek\/files\/2025\/04\/RS212988__19A5177-scr.jpg 600w\" >\r\n        <\/a><\/div><\/span><span class=\"gallery-item\"><div class=\"hidden\"><a href=\"https:\/\/semmelweis.hu\/hirek\/files\/2025\/04\/RS212993__19A5198-scr.jpg\">\r\n        <img src=https:\/\/semmelweis.hu\/hirek\/files\/2025\/04\/RS212993__19A5198-scr.jpg alt=\"\" class=\"attachment-sote-gallery-big size-sote-gallery-big\" srcset=\"https:\/\/semmelweis.hu\/hirek\/files\/2025\/04\/RS212993__19A5198-scr-400x267.jpg 400w, https:\/\/semmelweis.hu\/hirek\/files\/2025\/04\/RS212993__19A5198-scr-900x600.jpg 900w, https:\/\/semmelweis.hu\/hirek\/files\/2025\/04\/RS212993__19A5198-scr-768x512.jpg 768w, https:\/\/semmelweis.hu\/hirek\/files\/2025\/04\/RS212993__19A5198-scr-753x502.jpg 753w, https:\/\/semmelweis.hu\/hirek\/files\/2025\/04\/RS212993__19A5198-scr-203x135.jpg 203w, https:\/\/semmelweis.hu\/hirek\/files\/2025\/04\/RS212993__19A5198-scr.jpg 1200w\" >\r\n        <\/a><\/div><\/span><span class=\"gallery-item\"><div class=\"hidden\"><a href=\"https:\/\/semmelweis.hu\/hirek\/files\/2025\/04\/RS213012__19A5280-scr.jpg\">\r\n        <img src=https:\/\/semmelweis.hu\/hirek\/files\/2025\/04\/RS213012__19A5280-scr.jpg alt=\"\" class=\"attachment-sote-gallery-big size-sote-gallery-big\" srcset=\"https:\/\/semmelweis.hu\/hirek\/files\/2025\/04\/RS213012__19A5280-scr-400x267.jpg 400w, https:\/\/semmelweis.hu\/hirek\/files\/2025\/04\/RS213012__19A5280-scr-900x600.jpg 900w, https:\/\/semmelweis.hu\/hirek\/files\/2025\/04\/RS213012__19A5280-scr-768x512.jpg 768w, https:\/\/semmelweis.hu\/hirek\/files\/2025\/04\/RS213012__19A5280-scr-753x502.jpg 753w, https:\/\/semmelweis.hu\/hirek\/files\/2025\/04\/RS213012__19A5280-scr-203x135.jpg 203w, https:\/\/semmelweis.hu\/hirek\/files\/2025\/04\/RS213012__19A5280-scr.jpg 1200w\" >\r\n        <\/a><\/div><\/span><span class=\"gallery-item\"><div class=\"hidden\"><a href=\"https:\/\/semmelweis.hu\/hirek\/files\/2025\/04\/RS213010__19A5272-scr.jpg\">\r\n        <img src=https:\/\/semmelweis.hu\/hirek\/files\/2025\/04\/RS213010__19A5272-scr.jpg alt=\"\" class=\"attachment-sote-gallery-big size-sote-gallery-big\" srcset=\"https:\/\/semmelweis.hu\/hirek\/files\/2025\/04\/RS213010__19A5272-scr-400x267.jpg 400w, https:\/\/semmelweis.hu\/hirek\/files\/2025\/04\/RS213010__19A5272-scr-900x600.jpg 900w, https:\/\/semmelweis.hu\/hirek\/files\/2025\/04\/RS213010__19A5272-scr-768x512.jpg 768w, https:\/\/semmelweis.hu\/hirek\/files\/2025\/04\/RS213010__19A5272-scr-753x502.jpg 753w, https:\/\/semmelweis.hu\/hirek\/files\/2025\/04\/RS213010__19A5272-scr-203x135.jpg 203w, https:\/\/semmelweis.hu\/hirek\/files\/2025\/04\/RS213010__19A5272-scr.jpg 1200w\" >\r\n        <\/a><\/div><\/span><span class=\"gallery-item\"><div class=\"hidden\"><a href=\"https:\/\/semmelweis.hu\/hirek\/files\/2025\/04\/RS213018__19A5312-scr.jpg\">\r\n        <img src=https:\/\/semmelweis.hu\/hirek\/files\/2025\/04\/RS213018__19A5312-scr.jpg alt=\"\" class=\"attachment-sote-gallery-big size-sote-gallery-big\" srcset=\"https:\/\/semmelweis.hu\/hirek\/files\/2025\/04\/RS213018__19A5312-scr-400x267.jpg 400w, https:\/\/semmelweis.hu\/hirek\/files\/2025\/04\/RS213018__19A5312-scr-900x600.jpg 900w, https:\/\/semmelweis.hu\/hirek\/files\/2025\/04\/RS213018__19A5312-scr-768x512.jpg 768w, https:\/\/semmelweis.hu\/hirek\/files\/2025\/04\/RS213018__19A5312-scr-753x502.jpg 753w, https:\/\/semmelweis.hu\/hirek\/files\/2025\/04\/RS213018__19A5312-scr-203x135.jpg 203w, https:\/\/semmelweis.hu\/hirek\/files\/2025\/04\/RS213018__19A5312-scr.jpg 1200w\" >\r\n        <\/a><\/div><\/span>\r\n            <\/div>\r\n\r\n            [\/slb_exclude]\r\n\t\n<p>Dr. Csizmadia Bal\u00e1zs<br \/>\nFot\u00f3: Barta B\u00e1lint \u2013 Semmelweis Egyetem<\/p>\n","protected":false},"excerpt":{"rendered":"<p>A vil\u00e1gh\u00edr\u0171 kutat\u00f3, dr. Daniel A. Arber az akut leuk\u00e9mi\u00e1k oszt\u00e1lyoz\u00e1s\u00e1nak leg\u00fajabb ir\u00e1nyait is bemutatta.<\/p>\n","protected":false},"author":102369,"featured_media":152504,"comment_status":"closed","ping_status":"closed","sticky":false,"template":"","format":"standard","meta":{"_acf_changed":false,"footnotes":""},"categories":[161,168],"tags":[188],"class_list":["post-152499","post","type-post","status-publish","format-standard","has-post-thumbnail","hentry","category-tudomany","category-kiemelt","tag-tudomanyos-hirek-rendezvenyek"],"acf":[],"_links":{"self":[{"href":"https:\/\/semmelweis.hu\/hirek\/wp-json\/wp\/v2\/posts\/152499","targetHints":{"allow":["GET"]}}],"collection":[{"href":"https:\/\/semmelweis.hu\/hirek\/wp-json\/wp\/v2\/posts"}],"about":[{"href":"https:\/\/semmelweis.hu\/hirek\/wp-json\/wp\/v2\/types\/post"}],"author":[{"embeddable":true,"href":"https:\/\/semmelweis.hu\/hirek\/wp-json\/wp\/v2\/users\/102369"}],"replies":[{"embeddable":true,"href":"https:\/\/semmelweis.hu\/hirek\/wp-json\/wp\/v2\/comments?post=152499"}],"version-history":[{"count":10,"href":"https:\/\/semmelweis.hu\/hirek\/wp-json\/wp\/v2\/posts\/152499\/revisions"}],"predecessor-version":[{"id":153090,"href":"https:\/\/semmelweis.hu\/hirek\/wp-json\/wp\/v2\/posts\/152499\/revisions\/153090"}],"wp:featuredmedia":[{"embeddable":true,"href":"https:\/\/semmelweis.hu\/hirek\/wp-json\/wp\/v2\/media\/152504"}],"wp:attachment":[{"href":"https:\/\/semmelweis.hu\/hirek\/wp-json\/wp\/v2\/media?parent=152499"}],"wp:term":[{"taxonomy":"category","embeddable":true,"href":"https:\/\/semmelweis.hu\/hirek\/wp-json\/wp\/v2\/categories?post=152499"},{"taxonomy":"post_tag","embeddable":true,"href":"https:\/\/semmelweis.hu\/hirek\/wp-json\/wp\/v2\/tags?post=152499"}],"curies":[{"name":"wp","href":"https:\/\/api.w.org\/{rel}","templated":true}]}}