{"id":152387,"date":"2025-04-22T06:00:13","date_gmt":"2025-04-22T04:00:13","guid":{"rendered":"https:\/\/semmelweis.hu\/hirek\/?p=152387"},"modified":"2025-04-17T20:25:50","modified_gmt":"2025-04-17T18:25:50","slug":"kulondijat-kapott-a-semmelweis-egyetem-harom-szakorvosa-a-richter-erdemerem-palyazaton","status":"publish","type":"post","link":"https:\/\/semmelweis.hu\/hirek\/2025\/04\/22\/kulondijat-kapott-a-semmelweis-egyetem-harom-szakorvosa-a-richter-erdemerem-palyazaton\/","title":{"rendered":"K\u00fcl\u00f6nd\u00edjat kapott a Semmelweis Egyetem h\u00e1rom szakorvosa a Richter \u00c9rdem\u00e9rem p\u00e1ly\u00e1zaton"},"content":{"rendered":"<div class=\"lead\">A Semmelweis Egyetem h\u00e1rom szakorvosa nyert el k\u00fcl\u00f6nd\u00edjat a Richter \u00c9rdem\u00e9rem 2025-\u00f6s p\u00e1ly\u00e1zat\u00e1n. Dr. Pilling J\u00e1nost, a Magatart\u00e1studom\u00e1nyi Int\u00e9zet egyetemi docens\u00e9t a betegkommunik\u00e1ci\u00f3 jav\u00edt\u00e1sa ter\u00e9n el\u00e9rt eredm\u00e9nyei, dr. Szab\u00f3 G\u00e1bort, a Sz\u00fcl\u00e9szeti \u00e9s N\u0151gy\u00f3gy\u00e1szati Klinika egyetemi adjunktus\u00e1t a n\u0151gy\u00f3gy\u00e1szati ultrahangdiagnosztika, dr. B\u00e1lint P\u00e9ter Vinc\u00e9t, a Reumatol\u00f3giai \u00e9s Immunol\u00f3giai Klinika oszt\u00e1lyvezet\u0151 f\u0151orvos\u00e1t pedig a reumatol\u00f3giai ultrahangdiagnosztika ter\u00e9n el\u00e9rt kiemelked\u0151 tudom\u00e1nyos tev\u00e9kenys\u00e9g\u00e9\u00e9rt d\u00edjazt\u00e1k.<\/div>\n<div><a href=\"https:\/\/semmelweis.hu\/hirek\/files\/2025\/04\/RS213162_Richter_E\u2560urdeme\u2560urem_szakorvosok_2025_072_web-scr.jpg\"><img loading=\"lazy\" decoding=\"async\" class=\"aligncenter size-full wp-image-152395\" src=\"https:\/\/semmelweis.hu\/hirek\/files\/2025\/04\/RS213162_Richter_E\u2560urdeme\u2560urem_szakorvosok_2025_072_web-scr.jpg\" alt=\"\" width=\"1200\" height=\"800\" srcset=\"https:\/\/semmelweis.hu\/hirek\/files\/2025\/04\/RS213162_Richter_E\u2560urdeme\u2560urem_szakorvosok_2025_072_web-scr.jpg 1200w, https:\/\/semmelweis.hu\/hirek\/files\/2025\/04\/RS213162_Richter_E\u2560urdeme\u2560urem_szakorvosok_2025_072_web-scr-400x267.jpg 400w, https:\/\/semmelweis.hu\/hirek\/files\/2025\/04\/RS213162_Richter_E\u2560urdeme\u2560urem_szakorvosok_2025_072_web-scr-900x600.jpg 900w, https:\/\/semmelweis.hu\/hirek\/files\/2025\/04\/RS213162_Richter_E\u2560urdeme\u2560urem_szakorvosok_2025_072_web-scr-768x512.jpg 768w, https:\/\/semmelweis.hu\/hirek\/files\/2025\/04\/RS213162_Richter_E\u2560urdeme\u2560urem_szakorvosok_2025_072_web-scr-753x502.jpg 753w, https:\/\/semmelweis.hu\/hirek\/files\/2025\/04\/RS213162_Richter_E\u2560urdeme\u2560urem_szakorvosok_2025_072_web-scr-203x135.jpg 203w\" sizes=\"auto, (max-width: 1200px) 100vw, 1200px\" \/><\/a><\/div>\n<div>\u00a0<\/div>\n<div>Imm\u00e1r harmadik alkalommal ismerte el a Richter Gedeon Nyrt. azon Magyarorsz\u00e1gon tev\u00e9kenyked\u0151 szakorvosok teljes\u00edtm\u00e9ny\u00e9t, akik kiv\u00e9teles szakmai tud\u00e1sukkal, innovat\u00edv szeml\u00e9let\u00fckkel \u00e9s p\u00e9lda\u00e9rt\u00e9k\u0171 embers\u00e9g\u00fckkel, munk\u00e1jukkal nap mint nap hozz\u00e1j\u00e1rulnak a betegell\u00e1t\u00e1s sz\u00ednvonal\u00e1nak emel\u00e9s\u00e9hez, a tudom\u00e1nyos eredm\u00e9nyek gyakorlati hasznos\u00edt\u00e1s\u00e1hoz \u00e9s az orvosl\u00e1s emberk\u00f6zpont\u00fa szeml\u00e9let\u00e9nek er\u0151s\u00edt\u00e9s\u00e9hez. A Richter \u00c9rdem\u00e9rmet elnyer\u0151 p\u00e1ly\u00e1zatok brutt\u00f3 2 milli\u00f3 forint, a k\u00fcl\u00f6nd\u00edjjal kit\u00fcntetett p\u00e1ly\u00e1z\u00f3k pedig brutt\u00f3 500 ezer forint d\u00edjaz\u00e1sban r\u00e9szes\u00fclnek. Id\u00e9n h\u00e1rom, a Semmelweis Egyetem k\u00f6tel\u00e9k\u00e9be tartoz\u00f3 szakorvos eredm\u00e9nyeit is k\u00fcl\u00f6nd\u00edjjal ismerte el a gy\u00f3gyszergy\u00e1rt\u00f3 c\u00e9g.<\/div>\n<div>\u00a0<\/div>\n<p><a href=\"https:\/\/semmelweis.hu\/hirek\/files\/2025\/04\/RS213166_Richter_E\u2560urdeme\u2560urem_szakorvosok_2025_144_web-scr-1.jpg\"><img loading=\"lazy\" decoding=\"async\" class=\"alignright size-medium wp-image-152391\" src=\"https:\/\/semmelweis.hu\/hirek\/files\/2025\/04\/RS213166_Richter_E\u2560urdeme\u2560urem_szakorvosok_2025_144_web-scr-1-267x400.jpg\" alt=\"\" width=\"267\" height=\"400\" srcset=\"https:\/\/semmelweis.hu\/hirek\/files\/2025\/04\/RS213166_Richter_E\u2560urdeme\u2560urem_szakorvosok_2025_144_web-scr-1-267x400.jpg 267w, https:\/\/semmelweis.hu\/hirek\/files\/2025\/04\/RS213166_Richter_E\u2560urdeme\u2560urem_szakorvosok_2025_144_web-scr-1-533x800.jpg 533w, https:\/\/semmelweis.hu\/hirek\/files\/2025\/04\/RS213166_Richter_E\u2560urdeme\u2560urem_szakorvosok_2025_144_web-scr-1.jpg 600w\" sizes=\"auto, (max-width: 267px) 100vw, 267px\" \/><\/a>Az \u00e9v leghat\u00e9konyabb betegkommunik\u00e1ci\u00f3j\u00e1t folytat\u00f3 szakorvosa k\u00fcl\u00f6nd\u00edjat <a href=\"https:\/\/richtererdemerem.hu\/index.php\/dijazottak-szakorvos\/2025\/betegkommunikacio-kategoria-szakorvos-kulondijas\" target=\"_blank\" rel=\"noopener\">dr. Pilling J\u00e1nos, a Semmelweis Egyetem Magatart\u00e1studom\u00e1nyi Int\u00e9zet\u00e9nek egyetemi docense<\/a>, oktat\u00e1si igazgat\u00f3helyettese kapta az orvosi kommunik\u00e1ci\u00f3 oktat\u00e1sa ter\u00e9n kifejtett 24 \u00e9ves tev\u00e9kenys\u00e9ge elismer\u00e9sek\u00e9ppen. A pszichi\u00e1ter m\u00e9g orvostanhallgat\u00f3 kor\u00e1ban kezdett \u00e9rdekl\u0151dni a hal\u00e1lk\u00f6zeli \u00e9lm\u00e9nyek kutat\u00e1sa ir\u00e1nt, majd ennek k\u00f6sz\u00f6nhet\u0151en ismerkedett meg Polcz Alaine-nel, akinek h\u00edv\u00e1s\u00e1ra frissdiplom\u00e1sk\u00e9nt csatlakozott a Magyar Hospice Alap\u00edtv\u00e1nyhoz, f\u0151\u00e1ll\u00e1s\u00fa hospice orvosk\u00e9nt. R\u00e9szt vett a Magyar Hospice Egyes\u00fclet, majd k\u00e9s\u0151bb a gy\u00e1szol\u00f3kat seg\u00edt\u0151 Napfogyatkoz\u00e1s Egyes\u00fclet, illetve t\u00f6bb, a szakter\u00fclethez k\u00f6t\u0151d\u0151 foly\u00f3irat \u2013 k\u00f6zt\u00fck a tanatol\u00f3giai ismeretek terjeszt\u00e9s\u00e9ben meghat\u00e1roz\u00f3 Khar\u00f3n c\u00edm\u0171 lap \u2013 megalap\u00edt\u00e1s\u00e1ban. Tanatol\u00f3giai \u00e9rdekl\u0151d\u00e9se miatt ker\u00fclt kapcsolatba a Semmelweis Egyetem Magatart\u00e1studom\u00e1nyi Int\u00e9zet\u00e9vel, majd Kopp M\u00e1ria int\u00e9zetvezet\u0151 h\u00edv\u00e1s\u00e1ra csatlakozott is az int\u00e9zm\u00e9nyhez. Orvosi kommunik\u00e1ci\u00f3t kezdett oktatni, melynek tartalm\u00e1t egyre ink\u00e1bb gyakorlatorient\u00e1lt, a mindennapi munka sor\u00e1n hasznos\u00edthat\u00f3 ismeretek fel\u00e9 pozicion\u00e1lta. 2001-ben kinevezt\u00e9k a kommunik\u00e1ci\u00f3 oktat\u00f3csoport vezet\u0151j\u00e9v\u00e9, 2004-ben pedig megjelent az \u00e1ltala szerkesztett els\u0151 hazai orvosi kommunik\u00e1ci\u00f3 tank\u00f6nyv. K\u00f6zrem\u0171k\u00f6d\u00f6tt a gy\u00f3gyszer\u00e9szek gradu\u00e1lis \u00e9s posztgradu\u00e1lis kommunik\u00e1ci\u00f3s, szakkommunik\u00e1ci\u00f3s k\u00e9pz\u00e9s\u00e9nek elind\u00edt\u00e1s\u00e1ba is. Szakmai \u00e9rdekl\u0151d\u00e9se a gy\u00e1szol\u00f3k seg\u00edt\u00e9se mellett k\u00e9s\u0151bb a csal\u00e1dter\u00e1pia, majd a szexu\u00e1lis zavarok pszichoter\u00e1pi\u00e1ja fel\u00e9 fordult. Bekapcsol\u00f3dott a Magyar Szexu\u00e1lis Medicina T\u00e1rsas\u00e1g munk\u00e1j\u00e1ba, amelynek 2018-ban az eln\u00f6k\u00e9v\u00e9 v\u00e1lasztott\u00e1k. A Semmelweis Egyetemen az Urol\u00f3giai Klinika igazgat\u00f3j\u00e1val, dr. Nyir\u00e1dy P\u00e9terrel egy\u00fcttm\u0171k\u00f6dve elind\u00edtotta az egyetem els\u0151 szexu\u00e1lis medicina kurzus\u00e1t. T\u00e1rsszerkeszt\u0151je a 2022-ben megjelent Szexu\u00e1lis medicina c\u00edm\u0171 k\u00f6nyvnek, ami az els\u0151 hazai szakk\u00f6nyv ezen a ter\u00fcleten.<\/p>\n<p>Az \u00e9v legkiemelked\u0151bb tudom\u00e1nyos vagy innov\u00e1ci\u00f3s munk\u00e1j\u00e1t v\u00e9gz\u0151 szakorvosa kateg\u00f3ri\u00e1ban k\u00fcl\u00f6nd\u00edjjal ismert\u00e9k el <a href=\"https:\/\/richtererdemerem.hu\/index.php\/dijazottak-szakorvos\/2025\/tudomany-innovacio-kategoria-szakorvos-kulondijas-2\" target=\"_blank\" rel=\"noopener\">dr. Szab\u00f3 G\u00e1bor, a Sz\u00fcl\u00e9szeti \u00e9s N\u0151gy\u00f3gy\u00e1szati Klinika Baross utcai r\u00e9szleg egyetemi adjunktusa<\/a> munk\u00e1ss\u00e1g\u00e1t a medd\u0151s\u00e9g \u00e9s az alhasi, kismedencei f\u00e1jdalom ok\u00e1nak felt\u00e1r\u00e1sa, kezel\u00e9se ter\u00e9n. A sz\u00fcl\u00e9sz-n\u0151gy\u00f3gy\u00e1sz szakvizsg\u00e1j\u00e1t az I. Sz. Sz\u00fcl\u00e9szeti \u00e9s N\u0151gy\u00f3gy\u00e1szati Klinik\u00e1n 2007-ben megszerz\u0151 szakember \u00e9rdekl\u0151d\u00e9se kor\u00e1n az ultrahangdiagnosztika fel\u00e9 fordult, klinikai munk\u00e1ja mellett v\u00e9gzett kutat\u00e1sai, tudom\u00e1nyos eredm\u00e9nyei is ehhez k\u00f6t\u0151dnek. Rezidens kora \u00f3ta r\u00e9szt vesz az egyetemi oktat\u00e1sban, a magyar mellett angol \u00e9s n\u00e9met nyelven, valamint a TDK- \u00e9s PhD-programokban is t\u00e9mavezet\u0151k\u00e9nt. A Semmelweis Egyetem Baross utcai N\u0151gy\u00f3gy\u00e1szati Klinik\u00e1j\u00e1n 2013 szeptember\u00e9ben oszt\u00e1lyvezet\u0151i, 2016-ban \u00fcgyeletvezet\u0151i st\u00e1tuszba nevezt\u00e9k ki. 2014 \u00f3ta a klinika traszf\u00fazi\u00f3s felel\u0151se, 2017-t\u0151l pedig az ultrahanglabor vezet\u0151je. Kinevez\u00e9s\u00e9t k\u00f6vet\u0151en a klinika Endometri\u00f3zis Ambulanci\u00e1ja vezet\u0151j\u00e9vel szoros egy\u00fcttm\u0171k\u00f6d\u00e9sben \u00faj szintre emelt\u00e9k a betegs\u00e9g diagnosztiz\u00e1l\u00e1s\u00e1t, kutat\u00e1s\u00e1t \u00e9s interdiszciplin\u00e1ris megk\u00f6zel\u00edt\u00e9s\u0171 kezel\u00e9s\u00e9t. Vil\u00e1gszerte els\u0151k\u00e9nt mutatt\u00e1k ki, hogy a transzvagin\u00e1lis ultrahangvizsg\u00e1lat sor\u00e1n a kismedencei idegek kimutat\u00e1sa lehets\u00e9ges, l\u00e9trehozva ezzel a pelveoneuroszonogr\u00e1fia szakter\u00fcletet. Munkacsoportjuk az endometri\u00f3zis hat\u00e9kony besorol\u00e1s\u00e1ra alkalmas interdiszciplin\u00e1ris Enzian klasszifik\u00e1ci\u00f3 leg\u00fajabb verzi\u00f3j\u00e1nak (#Enzian) kidolgoz\u00e1s\u00e1ban \u00e9s valid\u00e1l\u00e1sban szint\u00e9n tev\u00e9kenyen vett r\u00e9szt. Felk\u00e9rt\u00e9k \u0151ket, hogy az Eur\u00f3pai Endometri\u00f3zis Liga Kelet-K\u00f6z\u00e9p Eur\u00f3pai oktat\u00f3 k\u00f6zpontj\u00e1v\u00e1 v\u00e1ljon a klinika. Dr. Szab\u00f3 G\u00e1bor 2022 \u00e9s 2025 k\u00f6z\u00f6tt a Magyar Magzati Orvostudom\u00e1nyi T\u00e1rsas\u00e1g (MMOT) f\u0151titk\u00e1ra volt, jelenleg vezet\u0151s\u00e9gi tagja. A m\u00e9lyen infiltr\u00e1l\u00f3 endometri\u00f3zis ultrahangdiagnosztik\u00e1j\u00e1ban v\u00e9gzett munk\u00e1ja eredm\u00e9nyek\u00e9nt 2024-ben az Eur\u00f3pai Endometri\u00f3zis Liga vezet\u0151s\u00e9gi tagj\u00e1nak v\u00e1lasztott\u00e1k. (Az elismer\u00e9s\u00e9t k\u00fclf\u00f6ldi tanulm\u00e1ny\u00fatja miatt dr. Mad\u00e1r Istv\u00e1n vette \u00e1t.)<\/p>\n<p><a href=\"https:\/\/semmelweis.hu\/hirek\/files\/2025\/04\/RS213167_Richter_E\u2560urdeme\u2560urem_szakorvosok_2025_147_web-scr.jpg\"><img loading=\"lazy\" decoding=\"async\" class=\"alignleft size-medium wp-image-152392\" src=\"https:\/\/semmelweis.hu\/hirek\/files\/2025\/04\/RS213167_Richter_E\u2560urdeme\u2560urem_szakorvosok_2025_147_web-scr-267x400.jpg\" alt=\"\" width=\"267\" height=\"400\" srcset=\"https:\/\/semmelweis.hu\/hirek\/files\/2025\/04\/RS213167_Richter_E\u2560urdeme\u2560urem_szakorvosok_2025_147_web-scr-267x400.jpg 267w, https:\/\/semmelweis.hu\/hirek\/files\/2025\/04\/RS213167_Richter_E\u2560urdeme\u2560urem_szakorvosok_2025_147_web-scr-533x800.jpg 533w, https:\/\/semmelweis.hu\/hirek\/files\/2025\/04\/RS213167_Richter_E\u2560urdeme\u2560urem_szakorvosok_2025_147_web-scr.jpg 600w\" sizes=\"auto, (max-width: 267px) 100vw, 267px\" \/><\/a>Szint\u00e9n az \u00e9v legkiemelked\u0151bb tudom\u00e1nyos vagy innov\u00e1ci\u00f3s munk\u00e1j\u00e1t v\u00e9gz\u0151 szakorvosa kateg\u00f3ri\u00e1ban kapott k\u00fcl\u00f6nd\u00edjat <a href=\"https:\/\/richtererdemerem.hu\/index.php\/dijazottak-szakorvos\/2025\/tudomany-innovacio-kategoria-szakorvos-kulondijas-4\" target=\"_blank\" rel=\"noopener\">dr. B\u00e1lint P\u00e9ter Vince, a Semmelweis Egyetem egyetemi tan\u00e1ra,<\/a> a Reumatol\u00f3giai \u00e9s Immunol\u00f3giai Klinika oszt\u00e1lyvezet\u0151 f\u0151orvosa a reumatol\u00f3giai ultrahangdiagnosztika ter\u00e9n v\u00e9gzett \u00e9vtizedes tudom\u00e1nyos tev\u00e9kenys\u00e9g\u00e9\u00e9rt, valamint a reumatol\u00f3giai ultrahang labor magyarorsz\u00e1gi bevezet\u00e9s\u00e9\u00e9rt. A reumatol\u00f3gus szakorvos lassan h\u00e1rom \u00e9vtizedes p\u00e1lyafut\u00e1sa alatt a klinikai betegell\u00e1t\u00e1s mellett folyamatosan kutatott, oszt\u00e1lya 2015 \u00f3ta a reumatol\u00f3gusok eur\u00f3pai szervezet\u00e9nek, az EULAR (European Alliance of Associations for Rheumatology) Network of Imaging Centres kutat\u00f3 k\u00f6zpontja. Dr. B\u00e1lint Vince P\u00e9ter jelenleg is tagja a European Cooperation in Science and Technology NetwOArk (The European Network on OsteoArthritis) programj\u00e1nak. P\u00e1lyafut\u00e1sa alatt t\u00f6bb mint 50 olyan, nem gy\u00f3gyszervizsg\u00e1lati kutat\u00e1sban dolgozott, amelyekben a betegek is szem\u00e9lyesen r\u00e9szt vettek. Ezek els\u0151sorban a reumatol\u00f3giai \u00e9s ultrahangos defin\u00edci\u00f3k, klasszifik\u00e1ci\u00f3k, intervenci\u00f3k, monitoroz\u00e1s, komorbidit\u00e1sok vizsg\u00e1lat\u00e1t c\u00e9lozt\u00e1k, a legt\u00f6bb a rheumatoid arthritist, polymyalgia rheumatic\u00e1t, az arthritis psoriatic\u00e1t, a spondarthritiseket, k\u00f6szv\u00e9nyt, arthrosist \u00e9s l\u00e1gyr\u00e9szbetegs\u00e9geket, p\u00e9ld\u00e1ul \u00ednbetegs\u00e9geket, enthesopathi\u00e1t vizsg\u00e1lta. Kutat\u00e1sai nyom\u00e1n most kezd a klinikai gyakorlatba beker\u00fclni az emberi k\u00e9z leveg\u0151n kereszt\u00fcli lek\u00e9pez\u00e9s\u00e9t biztos\u00edt\u00f3 elj\u00e1r\u00e1s zsel\u00e9s raszteres klinikai k\u00e9pk\u00e9nt. Bizony\u00edtotta t\u00f6bbek k\u00f6z\u00f6tt, hogy az ultrahang k\u00e9pes a norm\u00e1l mozg\u00e1sszervi sz\u00f6veteket \u00e1br\u00e1zolni \u00e9s a k\u00e9pek korrel\u00e1lnak az anat\u00f3miai strukt\u00far\u00e1kkal, az ultrahangvez\u00e9relt punkci\u00f3 jelent\u0151s\u00e9g\u00e9t, illetve azt, hogy az \u00edgy beadott injekci\u00f3k a betegeknek is kevesebb f\u00e1jdalmat okoznak. C\u00e9lja, hogy az orsz\u00e1g \u00f6sszes reumatol\u00f3giai centrum\u00e1ban bevezess\u00e9k ezt a technik\u00e1t.\u00a0<\/p>\n<p>Kiss Melinda Katalin<br \/>\nFot\u00f3: Sorok P\u00e9ter, richtererdemerem.hu<\/p>\n","protected":false},"excerpt":{"rendered":"<p>A betegkommunik\u00e1ci\u00f3 \u00e9s az ultrahangdiagnosztika ter\u00e9n el\u00e9rt eredm\u00e9nyeiket d\u00edjazt\u00e1k.<\/p>\n","protected":false},"author":102163,"featured_media":152389,"comment_status":"closed","ping_status":"closed","sticky":false,"template":"","format":"standard","meta":{"_acf_changed":false,"footnotes":""},"categories":[157,168],"tags":[158],"class_list":["post-152387","post","type-post","status-publish","format-standard","has-post-thumbnail","hentry","category-semmelweis-vilag","category-kiemelt","tag-dijak-kituntetesek"],"acf":[],"_links":{"self":[{"href":"https:\/\/semmelweis.hu\/hirek\/wp-json\/wp\/v2\/posts\/152387","targetHints":{"allow":["GET"]}}],"collection":[{"href":"https:\/\/semmelweis.hu\/hirek\/wp-json\/wp\/v2\/posts"}],"about":[{"href":"https:\/\/semmelweis.hu\/hirek\/wp-json\/wp\/v2\/types\/post"}],"author":[{"embeddable":true,"href":"https:\/\/semmelweis.hu\/hirek\/wp-json\/wp\/v2\/users\/102163"}],"replies":[{"embeddable":true,"href":"https:\/\/semmelweis.hu\/hirek\/wp-json\/wp\/v2\/comments?post=152387"}],"version-history":[{"count":8,"href":"https:\/\/semmelweis.hu\/hirek\/wp-json\/wp\/v2\/posts\/152387\/revisions"}],"predecessor-version":[{"id":152400,"href":"https:\/\/semmelweis.hu\/hirek\/wp-json\/wp\/v2\/posts\/152387\/revisions\/152400"}],"wp:featuredmedia":[{"embeddable":true,"href":"https:\/\/semmelweis.hu\/hirek\/wp-json\/wp\/v2\/media\/152389"}],"wp:attachment":[{"href":"https:\/\/semmelweis.hu\/hirek\/wp-json\/wp\/v2\/media?parent=152387"}],"wp:term":[{"taxonomy":"category","embeddable":true,"href":"https:\/\/semmelweis.hu\/hirek\/wp-json\/wp\/v2\/categories?post=152387"},{"taxonomy":"post_tag","embeddable":true,"href":"https:\/\/semmelweis.hu\/hirek\/wp-json\/wp\/v2\/tags?post=152387"}],"curies":[{"name":"wp","href":"https:\/\/api.w.org\/{rel}","templated":true}]}}