{"id":152221,"date":"2025-04-15T06:00:05","date_gmt":"2025-04-15T04:00:05","guid":{"rendered":"https:\/\/semmelweis.hu\/hirek\/?p=152221"},"modified":"2025-05-21T08:05:42","modified_gmt":"2025-05-21T06:05:42","slug":"a-legkorszerubb-gyermekbarat-mr-keszulekre-gyujt-idei-1-os-kampanyaban-a-semmelweis-egyetem-alapitvanya","status":"publish","type":"post","link":"https:\/\/semmelweis.hu\/hirek\/2025\/04\/15\/a-legkorszerubb-gyermekbarat-mr-keszulekre-gyujt-idei-1-os-kampanyaban-a-semmelweis-egyetem-alapitvanya\/","title":{"rendered":"A legkorszer\u0171bb, gyermekbar\u00e1t MR-k\u00e9sz\u00fcl\u00e9kre gy\u0171jt 1%-os kamp\u00e1ny\u00e1ban az egyetem alap\u00edtv\u00e1nya"},"content":{"rendered":"<div class=\"lead\">Saj\u00e1t forr\u00e1s biztos\u00edt\u00e1s\u00e1n t\u00fal egyebek mellett <a href=\"https:\/\/semmelweis.hu\/alapitvany\/mrrefutok\/\" target=\"_blank\" rel=\"noopener\">az ad\u00f3felaj\u00e1nl\u00e1sb\u00f3l szerezn\u00e9k be<\/a> azt a modern, besug\u00e1rz\u00e1smentes vizsg\u00e1latot lehet\u0151v\u00e9 tev\u0151 MR k\u00e9palkot\u00f3 berendez\u00e9st, amely s\u00falyos, daganatos vagy k\u00f6zponti idegrendszeri s\u00e9r\u00fcl\u00e9ssel \u00e9l\u0151 gyermekek gyors diagnosztik\u00e1j\u00e1t \u00e9s gy\u00f3gy\u00edt\u00e1s\u00e1t seg\u00edten\u00e9 a Semmelweis Egyetem Gyermekgy\u00f3gy\u00e1szati Klinik\u00e1j\u00e1n. A kamp\u00e1ny nagyk\u00f6vetei \u00d3nodi Eszter, Szab\u00f3 Zs\u00f3fi \u00e9s Kamar\u00e1s Iv\u00e1n.\u00a0 \u00a0<\/div>\n<figure id=\"attachment_152246\" aria-describedby=\"caption-attachment-152246\" style=\"width: 1200px\" class=\"wp-caption aligncenter\"><a href=\"https:\/\/semmelweis.hu\/hirek\/files\/2025\/04\/DSCF3345_vagott.jpg\"><img loading=\"lazy\" decoding=\"async\" class=\"wp-image-152246 size-full\" src=\"https:\/\/semmelweis.hu\/hirek\/files\/2025\/04\/DSCF3345_vagott.jpg\" alt=\"\" width=\"1200\" height=\"800\" srcset=\"https:\/\/semmelweis.hu\/hirek\/files\/2025\/04\/DSCF3345_vagott.jpg 1200w, https:\/\/semmelweis.hu\/hirek\/files\/2025\/04\/DSCF3345_vagott-400x267.jpg 400w, https:\/\/semmelweis.hu\/hirek\/files\/2025\/04\/DSCF3345_vagott-900x600.jpg 900w, https:\/\/semmelweis.hu\/hirek\/files\/2025\/04\/DSCF3345_vagott-768x512.jpg 768w, https:\/\/semmelweis.hu\/hirek\/files\/2025\/04\/DSCF3345_vagott-753x502.jpg 753w, https:\/\/semmelweis.hu\/hirek\/files\/2025\/04\/DSCF3345_vagott-203x135.jpg 203w\" sizes=\"auto, (max-width: 1200px) 100vw, 1200px\" \/><\/a><figcaption id=\"caption-attachment-152246\" class=\"wp-caption-text\">Fot\u00f3: Ritter Doron<\/figcaption><\/figure>\n<p>A Semmelweis Egyetem a klinikai betegell\u00e1t\u00e1s sz\u00ednvonal\u00e1nak tov\u00e1bbi fejleszt\u00e9se c\u00e9lj\u00e1b\u00f3l egy, csak a gyermekek sz\u00e1m\u00e1ra rendelkez\u00e9sre \u00e1ll\u00f3 \u00faj MR-k\u00e9sz\u00fcl\u00e9ket k\u00edv\u00e1n beszerezni, amely sz\u00e1mos betegs\u00e9g korai diagnosztik\u00e1j\u00e1ban, illetve a kezel\u00e9s eredm\u00e9nyess\u00e9g\u00e9nek k\u00f6vet\u00e9s\u00e9ben seg\u00edten\u00e9 a Gyermekgy\u00f3gy\u00e1szati Klinika szakembereinek munk\u00e1j\u00e1t. Gyermekek eset\u00e9ben k\u00fcl\u00f6n\u00f6sen fontos, hogy erre a c\u00e9lra els\u0151dleges besug\u00e1rz\u00e1ssal nem j\u00e1r\u00f3 k\u00e9palkot\u00f3 berendez\u00e9s \u00e1lljon rendelkez\u00e9sre, amely el tudja l\u00e1tni a kezel\u00e9sre \u00e9rkez\u0151 kis p\u00e1cienseket.\u00a0\u00a0<\/p>\n<div class=\"fontos_div\">\n<p>Az egyetemi saj\u00e1t forr\u00e1s mellett egyebek mellett 1%-os felaj\u00e1nl\u00e1sb\u00f3l beszerzend\u0151 berendez\u00e9s havonta legal\u00e1bb 300 gyermek vizsg\u00e1lat\u00e1t tenn\u00e9 lehet\u0151v\u00e9 nemcsak megfelel\u0151 min\u0151s\u00e9ggel, de a gyerekek sz\u00e1m\u00e1ra kialak\u00edtott gyermekbar\u00e1t, biztons\u00e1gos k\u00f6r\u00fclm\u00e9nyek k\u00f6z\u00f6tt. Az \u00faj MR-k\u00e9sz\u00fcl\u00e9k a havi 300 gyermek vizsg\u00e1lat\u00e1n t\u00fal a kezel\u00e9shez sz\u00fcks\u00e9ges speci\u00e1lis ig\u00e9nyek miatt k\u00f6zel 1000 MR-felv\u00e9telt, \u00fagynevezett r\u00e9gi\u00f3 vizsg\u00e1latot tud biztos\u00edtani, amely az \u00fajsz\u00fcl\u00f6tt kort\u00f3l 18 \u00e9ves korig a k\u00f6zponti idegrendszer vizsg\u00e1lat\u00e1t\u00f3l a gyermekr\u00e1k diagnosztik\u00e1ig \u00e9s a kezel\u00e9s eredm\u00e9nyess\u00e9g\u00e9nek k\u00f6vet\u00e9s\u00e9ig sz\u00e9les k\u00f6rben ny\u00fajthat seg\u00edts\u00e9get a betegell\u00e1t\u00e1sban.\u00a0<\/p>\n<\/div>\n<p>Az idei \u00e9vben a kamp\u00e1ny nagyk\u00f6vetei, \u00d3nodi Eszter, Szab\u00f3 Zs\u00f3fi \u00e9s Kamar\u00e1s Iv\u00e1n is bekapcsol\u00f3dtak az ad\u00f3felaj\u00e1nl\u00e1s n\u00e9pszer\u0171s\u00edt\u00e9s\u00e9be, amellyel egy\u00fattal a sport \u00e9s a testmozg\u00e1s eg\u00e9szs\u00e9gv\u00e9d\u0151, betegs\u00e9gmegel\u0151z\u0151 szerep\u00e9re is felh\u00edvj\u00e1k a figyelmet.\u00a0\u00a0<\/p>\n<p><iframe loading=\"lazy\" title=\"#MRrefutunk - ad\u00f3 1% a s\u00falyosan beteg gyermekek\u00e9rt!\" width=\"753\" height=\"424\" src=\"https:\/\/www.youtube.com\/embed\/5XI_7vZm8VA?start=5&#038;feature=oembed\" frameborder=\"0\" allow=\"accelerometer; autoplay; clipboard-write; encrypted-media; gyroscope; picture-in-picture; web-share\" referrerpolicy=\"strict-origin-when-cross-origin\" allowfullscreen><\/iframe><\/p>\n<p>A Semmelweis Egyetem Gyermekgy\u00f3gy\u00e1szati Klinik\u00e1ja haz\u00e1nk els\u0151 sz\u00e1m\u00fa gyermekgy\u00f3gy\u00e1szati int\u00e9zete, amely el\u0151dj\u00e9nek 1837-es alap\u00edt\u00e1sa \u00f3ta folyamatosan m\u0171k\u00f6dik. A hazai gyermekgy\u00f3gy\u00e1szati betegell\u00e1t\u00e1s k\u00f6zel 15 sz\u00e1zal\u00e9k\u00e1t a klinika biztos\u00edtja, azaz csaknem 20 ezer fekv\u0151beteg esetet l\u00e1tnak el az int\u00e9zm\u00e9ny falai k\u00f6z\u00f6tt. Ezen bel\u00fcl sz\u00e1mtalan ter\u00fcleten orsz\u00e1gos vagy region\u00e1lis centrumk\u00e9nt m\u0171k\u00f6dik. Itt tal\u00e1lhat\u00f3 t\u00f6bbek k\u00f6z\u00f6tt haz\u00e1nk egyik legnagyobb kora- \u00e9s \u00fajsz\u00fcl\u00f6tt intenz\u00edv centruma, ahol az orsz\u00e1g minden r\u00e9sz\u00e9r\u0151l fogadj\u00e1k az oxig\u00e9nhi\u00e1nnyal vil\u00e1gra j\u00f6tt \u00fajsz\u00fcl\u00f6tteket, valamint m\u0171t\u00fcd\u0151 program keret\u00e9ben kezelik a legs\u00falyosabb l\u00e9g\u00fati \u00e9s t\u00fcd\u0151-magasv\u00e9rnyom\u00e1s probl\u00e9m\u00e1val sz\u00fcletetteket. A klinika haz\u00e1nk gyermek-m\u00e1jbeteg k\u00f6zpontja, tov\u00e1bb\u00e1 a<span style=\"font-size: 1rem\"> szervtranszplant\u00e1lt gyermekek csaknem 90 sz\u00e1zal\u00e9k\u00e1t itt gondozz\u00e1k, \u00e9s ebben az int\u00e9zm\u00e9nyben v\u00e9gzik<\/span><span style=\"font-size: 1rem\"> az \u00fajsz\u00fcl\u00f6tt kori anyagcseresz\u0171r\u00e9s 60 sz\u00e1zal\u00e9k\u00e1t. Itt alakult meg a gyermek-reumatol\u00f3giai k\u00f6zpont, \u00e9s az onkol\u00f3giai megbeteged\u00e9sben szenved\u0151 gyermekek 60 sz\u00e1zal\u00e9k\u00e1t is a klinik\u00e1n gy\u00f3gy\u00edtj\u00e1k.<\/span><\/p>\n<div class=\"fontos_div\">\n<p>A gyermek MR-vizsg\u00e1latok jelenleg is priorit\u00e1st \u00e9lveznek az egyetemen, p\u00e9ld\u00e1ul orsz\u00e1gosan a gyermekonkol\u00f3giai MR-vizsg\u00e1latok 50 sz\u00e1zal\u00e9k\u00e1t itt v\u00e9gzik, de nagysz\u00e1m\u00fa gyermek MR-vizsg\u00e1lat t\u00f6rt\u00e9nik a gyomor-b\u00e9lrendszeri megbeteged\u00e9sek miatt, valamint oxig\u00e9nhi\u00e1nyos \u00fajsz\u00fcl\u00f6ttekn\u00e9l. 2024-ben 3400 gyermek MR-vizsg\u00e1lat t\u00f6rt\u00e9nt, az int\u00e9zm\u00e9ny c\u00e9lja, hogy ezt a sz\u00e1mot 4000 f\u00f6l\u00e9 emelje az \u00faj, dedik\u00e1lt gyermek MR-berendez\u00e9s beszerz\u00e9s\u00e9vel.\u00a0<\/p>\n<\/div>\n\r\n        [slb_exclude]\r\n        <div class=\"row galeria-wrapper mx-0 h-auto\">\r\n            <div class=\"col-9 pl-0 pr-2\">\r\n            <span class=\"gallery-item frame\">\r\n\t\t\t\t<div class=\"galeria-left-img\"><a href=\"https:\/\/semmelweis.hu\/hirek\/files\/2025\/04\/RS193987__19A4713-scr.jpg\"><img src=https:\/\/semmelweis.hu\/hirek\/files\/2025\/04\/RS193987__19A4713-scr.jpg  \r\n                            alt=\"\" \r\n                            class=\"attachment-sote-gallery-big size-sote-gallery-big\" \r\n                            srcset=\"https:\/\/semmelweis.hu\/hirek\/files\/2025\/04\/RS193987__19A4713-scr-400x267.jpg 400w, https:\/\/semmelweis.hu\/hirek\/files\/2025\/04\/RS193987__19A4713-scr-900x600.jpg 900w, https:\/\/semmelweis.hu\/hirek\/files\/2025\/04\/RS193987__19A4713-scr-768x512.jpg 768w, https:\/\/semmelweis.hu\/hirek\/files\/2025\/04\/RS193987__19A4713-scr-753x502.jpg 753w, https:\/\/semmelweis.hu\/hirek\/files\/2025\/04\/RS193987__19A4713-scr-203x135.jpg 203w, https:\/\/semmelweis.hu\/hirek\/files\/2025\/04\/RS193987__19A4713-scr.jpg 1200w\" ><\/a><\/div>\r\n            <\/span>\r\n\r\n            <\/div>\r\n\r\n\t\t\t<div class=\"col-3 pl-0 pr-0\">\r\n\t\t\t\t<div class=\"galeria-right-img d-flex justify-content-between flex-column h-100 w-100 px-0 mx-0 \">\r\n                <div class=\"galeria-box\">\r\n\t\t\t\t\t<h3 class=\"galeria-title\">Gal\u00e9ria<\/h3>\r\n\t\t\t\t\t<div class=\"galeria-subtitle\">\r\n\r\n\t\t\t\t\t\t<div class=\"galeria-page-counter\"><span>7<\/span>k\u00e9p<\/div>\r\n                    <\/div> <\/div>\r\n                    <span class=\"gallery-item frame d-none d-md-flex\">\r\n\t\t\t\t\t<div class=\"galeria-small-img mt-0\"><a href=\"https:\/\/semmelweis.hu\/hirek\/files\/2025\/04\/RS96000_IMG_0314-scr.jpg\"><img src=https:\/\/semmelweis.hu\/hirek\/files\/2025\/04\/RS96000_IMG_0314-scr.jpg \r\n                                alt=\"\"  \r\n                                class=\"attachment-sote-gallery-small size-sote-gallery-small\" \r\n                                srcset=\"https:\/\/semmelweis.hu\/hirek\/files\/2025\/04\/RS96000_IMG_0314-scr-400x267.jpg 400w, https:\/\/semmelweis.hu\/hirek\/files\/2025\/04\/RS96000_IMG_0314-scr-900x600.jpg 900w, https:\/\/semmelweis.hu\/hirek\/files\/2025\/04\/RS96000_IMG_0314-scr-768x512.jpg 768w, https:\/\/semmelweis.hu\/hirek\/files\/2025\/04\/RS96000_IMG_0314-scr-753x502.jpg 753w, https:\/\/semmelweis.hu\/hirek\/files\/2025\/04\/RS96000_IMG_0314-scr-203x135.jpg 203w, https:\/\/semmelweis.hu\/hirek\/files\/2025\/04\/RS96000_IMG_0314-scr.jpg 1200w\" ><\/a><\/div>\r\n                    <\/span>\r\n                    <span class=\"gallery-item frame d-none d-md-flex\">\r\n\t\t\t\t\t<div class=\"galeria-small-img mt-0\"><a href=\"https:\/\/semmelweis.hu\/hirek\/files\/2025\/04\/RS109360_KT_20200208_0428-scr.jpg\"><img src=https:\/\/semmelweis.hu\/hirek\/files\/2025\/04\/RS109360_KT_20200208_0428-scr.jpg \r\n                                alt=\"\" \r\n                                class=\"attachment-sote-gallery-small size-sote-gallery-small\" \r\n                                srcset=\"https:\/\/semmelweis.hu\/hirek\/files\/2025\/04\/RS109360_KT_20200208_0428-scr-400x267.jpg 400w, https:\/\/semmelweis.hu\/hirek\/files\/2025\/04\/RS109360_KT_20200208_0428-scr-900x600.jpg 900w, https:\/\/semmelweis.hu\/hirek\/files\/2025\/04\/RS109360_KT_20200208_0428-scr-768x512.jpg 768w, https:\/\/semmelweis.hu\/hirek\/files\/2025\/04\/RS109360_KT_20200208_0428-scr-753x502.jpg 753w, https:\/\/semmelweis.hu\/hirek\/files\/2025\/04\/RS109360_KT_20200208_0428-scr-203x135.jpg 203w, https:\/\/semmelweis.hu\/hirek\/files\/2025\/04\/RS109360_KT_20200208_0428-scr.jpg 1200w\" ><\/a><\/div>\r\n                    <\/span>\r\n\r\n                <\/div>\r\n\r\n            <\/div>\r\n\r\n            <span class=\"gallery-item\"><div class=\"hidden\"><a href=\"https:\/\/semmelweis.hu\/hirek\/files\/2025\/04\/RS96020_IMG_0259-scr.jpg\">\r\n        <img src=https:\/\/semmelweis.hu\/hirek\/files\/2025\/04\/RS96020_IMG_0259-scr.jpg alt=\"\" class=\"attachment-sote-gallery-big size-sote-gallery-big\" srcset=\"https:\/\/semmelweis.hu\/hirek\/files\/2025\/04\/RS96020_IMG_0259-scr-400x267.jpg 400w, https:\/\/semmelweis.hu\/hirek\/files\/2025\/04\/RS96020_IMG_0259-scr-900x600.jpg 900w, https:\/\/semmelweis.hu\/hirek\/files\/2025\/04\/RS96020_IMG_0259-scr-768x512.jpg 768w, https:\/\/semmelweis.hu\/hirek\/files\/2025\/04\/RS96020_IMG_0259-scr-753x502.jpg 753w, https:\/\/semmelweis.hu\/hirek\/files\/2025\/04\/RS96020_IMG_0259-scr-203x135.jpg 203w, https:\/\/semmelweis.hu\/hirek\/files\/2025\/04\/RS96020_IMG_0259-scr.jpg 1200w\" >\r\n        <\/a><\/div><\/span><span class=\"gallery-item\"><div class=\"hidden\"><a href=\"https:\/\/semmelweis.hu\/hirek\/files\/2025\/04\/RS44221_KA-20160203-IMG_3973-scr.jpg\">\r\n        <img src=https:\/\/semmelweis.hu\/hirek\/files\/2025\/04\/RS44221_KA-20160203-IMG_3973-scr.jpg alt=\"\" class=\"attachment-sote-gallery-big size-sote-gallery-big\" srcset=\"https:\/\/semmelweis.hu\/hirek\/files\/2025\/04\/RS44221_KA-20160203-IMG_3973-scr-400x267.jpg 400w, https:\/\/semmelweis.hu\/hirek\/files\/2025\/04\/RS44221_KA-20160203-IMG_3973-scr-900x600.jpg 900w, https:\/\/semmelweis.hu\/hirek\/files\/2025\/04\/RS44221_KA-20160203-IMG_3973-scr-768x512.jpg 768w, https:\/\/semmelweis.hu\/hirek\/files\/2025\/04\/RS44221_KA-20160203-IMG_3973-scr-753x502.jpg 753w, https:\/\/semmelweis.hu\/hirek\/files\/2025\/04\/RS44221_KA-20160203-IMG_3973-scr-203x135.jpg 203w, https:\/\/semmelweis.hu\/hirek\/files\/2025\/04\/RS44221_KA-20160203-IMG_3973-scr.jpg 1200w\" >\r\n        <\/a><\/div><\/span><span class=\"gallery-item\"><div class=\"hidden\"><a href=\"https:\/\/semmelweis.hu\/hirek\/files\/2025\/04\/RS144222_C19A2581-scr.jpg\">\r\n        <img src=https:\/\/semmelweis.hu\/hirek\/files\/2025\/04\/RS144222_C19A2581-scr.jpg alt=\"\" class=\"attachment-sote-gallery-big size-sote-gallery-big\" srcset=\"https:\/\/semmelweis.hu\/hirek\/files\/2025\/04\/RS144222_C19A2581-scr-400x266.jpg 400w, https:\/\/semmelweis.hu\/hirek\/files\/2025\/04\/RS144222_C19A2581-scr-900x599.jpg 900w, https:\/\/semmelweis.hu\/hirek\/files\/2025\/04\/RS144222_C19A2581-scr-768x511.jpg 768w, https:\/\/semmelweis.hu\/hirek\/files\/2025\/04\/RS144222_C19A2581-scr-753x501.jpg 753w, https:\/\/semmelweis.hu\/hirek\/files\/2025\/04\/RS144222_C19A2581-scr-203x135.jpg 203w, https:\/\/semmelweis.hu\/hirek\/files\/2025\/04\/RS144222_C19A2581-scr.jpg 1200w\" >\r\n        <\/a><\/div><\/span><span class=\"gallery-item\"><div class=\"hidden\"><a href=\"https:\/\/semmelweis.hu\/hirek\/files\/2025\/04\/RS194279__19A5223-scr.jpg\">\r\n        <img src=https:\/\/semmelweis.hu\/hirek\/files\/2025\/04\/RS194279__19A5223-scr.jpg alt=\"\" class=\"attachment-sote-gallery-big size-sote-gallery-big\" srcset=\"https:\/\/semmelweis.hu\/hirek\/files\/2025\/04\/RS194279__19A5223-scr-400x267.jpg 400w, https:\/\/semmelweis.hu\/hirek\/files\/2025\/04\/RS194279__19A5223-scr-900x600.jpg 900w, https:\/\/semmelweis.hu\/hirek\/files\/2025\/04\/RS194279__19A5223-scr-768x512.jpg 768w, https:\/\/semmelweis.hu\/hirek\/files\/2025\/04\/RS194279__19A5223-scr-753x502.jpg 753w, https:\/\/semmelweis.hu\/hirek\/files\/2025\/04\/RS194279__19A5223-scr-203x135.jpg 203w, https:\/\/semmelweis.hu\/hirek\/files\/2025\/04\/RS194279__19A5223-scr.jpg 1200w\" >\r\n        <\/a><\/div><\/span>\r\n            <\/div>\r\n\r\n            [\/slb_exclude]\r\n\t\n<p>Mivel nagy\u00e9rt\u00e9k\u0171 beszerz\u00e9sr\u0151l van sz\u00f3, az erre a c\u00e9lra t\u00f6rt\u00e9n\u0151 adom\u00e1nygy\u0171jt\u00e9s m\u00e1r m\u00falt kar\u00e1csonykor elindult, \u00e9s m\u00e9g az \u00e9v v\u00e9g\u00e9ig v\u00e1rhat\u00f3k ezzel kapcsolatos aktivit\u00e1sok. Most, az ad\u00f3felaj\u00e1nl\u00e1s kapcs\u00e1n tov\u00e1bbi \u00f6szt\u00f6nz\u00e9st jelenthet az adakoz\u00e1shoz, hogy a Semmelweis Egyetem Alap\u00edtv\u00e1ny nyerem\u00e9nyj\u00e1t\u00e9kot is meghirdetett az 1%-r\u00f3l rendelkez\u0151k k\u00f6z\u00f6tt. A felaj\u00e1nl\u00e1ssal \u00e9s a nyerem\u00e9nyj\u00e1t\u00e9kkal kapcsolatos <a href=\"https:\/\/semmelweis.hu\/alapitvany\/1-szazalek-felajanlas\/\" target=\"_blank\" rel=\"noopener\">r\u00e9szletes tudnival\u00f3kr\u00f3l az alap\u00edtv\u00e1ny honlapj\u00e1n<\/a> olvashat.\u00a0<\/p>\n<p>Tasn\u00e1di R\u00f3bert<br \/>\nK\u00e9pek forr\u00e1sa: Ritter Doron (werkfot\u00f3); Semmelweis Egyetem Alap\u00edtv\u00e1ny<\/p>\n","protected":false},"excerpt":{"rendered":"<p>Az adom\u00e1nygy\u0171jt\u00e9shez k\u00e9sz\u00fclt kisfilmben \u00d3nodi Eszter, Szab\u00f3 Zs\u00f3fi \u00e9s Kamar\u00e1s Iv\u00e1n buzd\u00edt ad\u00f3felaj\u00e1nl\u00e1sra. <\/p>\n","protected":false},"author":102073,"featured_media":152246,"comment_status":"closed","ping_status":"closed","sticky":false,"template":"","format":"standard","meta":{"_acf_changed":false,"footnotes":""},"categories":[154,4278],"tags":[3895],"class_list":["post-152221","post","type-post","status-publish","format-standard","has-post-thumbnail","hentry","category-egeszseg","category-x-fokuszban","tag-jotekonysag"],"acf":[],"_links":{"self":[{"href":"https:\/\/semmelweis.hu\/hirek\/wp-json\/wp\/v2\/posts\/152221","targetHints":{"allow":["GET"]}}],"collection":[{"href":"https:\/\/semmelweis.hu\/hirek\/wp-json\/wp\/v2\/posts"}],"about":[{"href":"https:\/\/semmelweis.hu\/hirek\/wp-json\/wp\/v2\/types\/post"}],"author":[{"embeddable":true,"href":"https:\/\/semmelweis.hu\/hirek\/wp-json\/wp\/v2\/users\/102073"}],"replies":[{"embeddable":true,"href":"https:\/\/semmelweis.hu\/hirek\/wp-json\/wp\/v2\/comments?post=152221"}],"version-history":[{"count":12,"href":"https:\/\/semmelweis.hu\/hirek\/wp-json\/wp\/v2\/posts\/152221\/revisions"}],"predecessor-version":[{"id":152276,"href":"https:\/\/semmelweis.hu\/hirek\/wp-json\/wp\/v2\/posts\/152221\/revisions\/152276"}],"wp:featuredmedia":[{"embeddable":true,"href":"https:\/\/semmelweis.hu\/hirek\/wp-json\/wp\/v2\/media\/152246"}],"wp:attachment":[{"href":"https:\/\/semmelweis.hu\/hirek\/wp-json\/wp\/v2\/media?parent=152221"}],"wp:term":[{"taxonomy":"category","embeddable":true,"href":"https:\/\/semmelweis.hu\/hirek\/wp-json\/wp\/v2\/categories?post=152221"},{"taxonomy":"post_tag","embeddable":true,"href":"https:\/\/semmelweis.hu\/hirek\/wp-json\/wp\/v2\/tags?post=152221"}],"curies":[{"name":"wp","href":"https:\/\/api.w.org\/{rel}","templated":true}]}}