{"id":15157,"date":"2013-02-08T09:41:02","date_gmt":"2013-02-08T09:41:02","guid":{"rendered":"http:\/\/semmelweis-egyetem.hu\/hirek\/?p=15157"},"modified":"2015-05-08T11:43:30","modified_gmt":"2015-05-08T09:43:30","slug":"generaciok-kozotti-parbeszed-kotetlen-beszelgetes-a-semmelweis-egyetemen","status":"publish","type":"post","link":"https:\/\/semmelweis.hu\/hirek\/2013\/02\/08\/generaciok-kozotti-parbeszed-kotetlen-beszelgetes-a-semmelweis-egyetemen\/","title":{"rendered":"Gener\u00e1ci\u00f3k k\u00f6z\u00f6tti p\u00e1rbesz\u00e9d: K\u00f6tetlen besz\u00e9lget\u00e9s a Semmelweis Symposiumon \/VIDE\u00d3\/"},"content":{"rendered":"<p><iframe loading=\"lazy\" width=\"753\" height=\"424\" src=\"https:\/\/www.youtube.com\/embed\/TwiUGaGashI?feature=oembed\" frameborder=\"0\" allow=\"autoplay; encrypted-media\" allowfullscreen><\/iframe><\/p>\n<p>A szem\u00e9lyre szabott orvosl\u00e1s volt a f\u0151 t\u00e9m\u00e1ja a 21. Semmelweis Symposiumnak, amely a Semmelweis Egyetem egyik legrangosabb nemzetk\u00f6zi rendezv\u00e9nye. A hallgat\u00f3knak, fiatal kutat\u00f3knak lehet\u0151s\u00e9g\u00fck volt arra is, hogy k\u00f6tetlen\u00fcl besz\u00e9lgessenek dr. Olga Golubnitschajaval, az EPMA f\u0151titk\u00e1r\u00e1val, aki a predikt\u00edv diagnosztika, c\u00e9lzott prevent\u00edv int\u00e9zked\u00e9sek \u00e9s szem\u00e9lyre szabott kezel\u00e9sek: \u00faj filoz\u00f3fia az ell\u00e1t\u00e1sban c\u00edmmel tartott el\u0151ad\u00e1st a szimp\u00f3ziumon.<\/p>\n","protected":false},"excerpt":{"rendered":"<p>A szem\u00e9lyre szabott orvosl\u00e1s volt a f\u0151 t\u00e9m\u00e1ja a 21. Semmelweis Symposiumnak, amely a Semmelweis Egyetem egyik legrangosabb nemzetk\u00f6zi rendezv\u00e9nye. A hallgat\u00f3knak, fiatal kutat\u00f3knak lehet\u0151s\u00e9g\u00fck volt arra is, hogy k\u00f6tetlen\u00fcl besz\u00e9lgessenek dr. Olga Golubnitschajaval, az EPMA f\u0151titk\u00e1r\u00e1val, aki a predikt\u00edv diagnosztika, c\u00e9lzott prevent\u00edv int\u00e9zked\u00e9sek \u00e9s szem\u00e9lyre szabott kezel\u00e9sek: \u00faj filoz\u00f3fia az ell\u00e1t\u00e1sban c\u00edmmel tartott el\u0151ad\u00e1st &hellip;<\/p>\n","protected":false},"author":10,"featured_media":15159,"comment_status":"closed","ping_status":"open","sticky":false,"template":"","format":"standard","meta":{"_acf_changed":false,"footnotes":""},"categories":[161,168],"tags":[188],"class_list":["post-15157","post","type-post","status-publish","format-standard","has-post-thumbnail","hentry","category-tudomany","category-kiemelt","tag-tudomanyos-hirek-rendezvenyek"],"acf":[],"_links":{"self":[{"href":"https:\/\/semmelweis.hu\/hirek\/wp-json\/wp\/v2\/posts\/15157","targetHints":{"allow":["GET"]}}],"collection":[{"href":"https:\/\/semmelweis.hu\/hirek\/wp-json\/wp\/v2\/posts"}],"about":[{"href":"https:\/\/semmelweis.hu\/hirek\/wp-json\/wp\/v2\/types\/post"}],"author":[{"embeddable":true,"href":"https:\/\/semmelweis.hu\/hirek\/wp-json\/wp\/v2\/users\/10"}],"replies":[{"embeddable":true,"href":"https:\/\/semmelweis.hu\/hirek\/wp-json\/wp\/v2\/comments?post=15157"}],"version-history":[{"count":5,"href":"https:\/\/semmelweis.hu\/hirek\/wp-json\/wp\/v2\/posts\/15157\/revisions"}],"predecessor-version":[{"id":40863,"href":"https:\/\/semmelweis.hu\/hirek\/wp-json\/wp\/v2\/posts\/15157\/revisions\/40863"}],"wp:featuredmedia":[{"embeddable":true,"href":"https:\/\/semmelweis.hu\/hirek\/wp-json\/wp\/v2\/media\/15159"}],"wp:attachment":[{"href":"https:\/\/semmelweis.hu\/hirek\/wp-json\/wp\/v2\/media?parent=15157"}],"wp:term":[{"taxonomy":"category","embeddable":true,"href":"https:\/\/semmelweis.hu\/hirek\/wp-json\/wp\/v2\/categories?post=15157"},{"taxonomy":"post_tag","embeddable":true,"href":"https:\/\/semmelweis.hu\/hirek\/wp-json\/wp\/v2\/tags?post=15157"}],"curies":[{"name":"wp","href":"https:\/\/api.w.org\/{rel}","templated":true}]}}