{"id":15143,"date":"2013-02-07T15:27:20","date_gmt":"2013-02-07T14:27:20","guid":{"rendered":"http:\/\/semmelweis-egyetem.hu\/hirek\/?p=15143"},"modified":"2018-02-13T14:50:17","modified_gmt":"2018-02-13T13:50:17","slug":"astellas-dij-az-ev-orvosa-szamos-elismeres-a-semmelweises-gyogyitoknak","status":"publish","type":"post","link":"https:\/\/semmelweis.hu\/hirek\/2013\/02\/07\/astellas-dij-az-ev-orvosa-szamos-elismeres-a-semmelweises-gyogyitoknak\/","title":{"rendered":"Astellas d\u00edj \u2013 Az \u00e9v orvosa: sz\u00e1mos elismer\u00e9s Semmelweises gy\u00f3gy\u00edt\u00f3knak"},"content":{"rendered":"<figure id=\"attachment_15144\" aria-describedby=\"caption-attachment-15144\" style=\"width: 300px\" class=\"wp-caption alignleft\"><a href=\"https:\/\/semmelweis.hu\/hirek\/files\/2013\/02\/astellas-kulka-janina.jpg\"><img loading=\"lazy\" decoding=\"async\" class=\"size-medium wp-image-15144 \" alt=\"astellas kulka janina\" src=\"https:\/\/semmelweis.hu\/hirek\/files\/2013\/02\/astellas-kulka-janina-300x199.jpg\" width=\"300\" height=\"199\" srcset=\"https:\/\/semmelweis.hu\/hirek\/files\/2013\/02\/astellas-kulka-janina-300x199.jpg 300w, https:\/\/semmelweis.hu\/hirek\/files\/2013\/02\/astellas-kulka-janina-600x400.jpg 600w, https:\/\/semmelweis.hu\/hirek\/files\/2013\/02\/astellas-kulka-janina.jpg 1024w\" sizes=\"auto, (max-width: 300px) 100vw, 300px\" \/><\/a><figcaption id=\"caption-attachment-15144\" class=\"wp-caption-text\">dr. Kulka Janina<\/figcaption><\/figure>\n<p>T\u00f6bb kateg\u00f3ri\u00e1ban is d\u00edjazt\u00e1k a Semmelweis Egyetem orvosait az idei &#8222;Astellas d\u00edj \u2013 Az \u00e9v orvosa&#8221; p\u00e1ly\u00e1zat z\u00e1r\u00f3 g\u00e1l\u00e1j\u00e1n. A szakmai zs\u0171ri d\u00edj\u00e1t az orvosi diagnosztika kateg\u00f3ri\u00e1ban dr. Kulka Janina patol\u00f3gus egyetemi tan\u00e1r, a II. Sz. Patol\u00f3giai Int\u00e9zet igazgat\u00f3helyettese nyerte el, m\u00edg a seb\u00e9szeti ell\u00e1t\u00e1sok kateg\u00f3ria gy\u0151ztese dr. Vereb\u00e9ly Tibor gyermekseb\u00e9sz szakorvos, egyetemi tan\u00e1r (I. sz. Gyermekgy\u00f3gy\u00e1szati Klinika, Budapest) lett. Az alapell\u00e1t\u00e1s kateg\u00f3ria gy\u0151ztese dr. \u00c1d\u00e1m \u00c1gnes belgy\u00f3gy\u00e1sz-h\u00e1ziorvos, aki r\u00e9szt vesz az egyetem Csal\u00e1dorvosi Tansz\u00e9k\u00e9nek oktat\u00e1si tev\u00e9kenys\u00e9g\u00e9ben is. Elismer\u0151 oklevelet kapott valamennyi kateg\u00f3ria m\u00e1sodik \u00e9s harmadik helyezettje, \u00edgy a Semmelweis Egyetemr\u0151l dr. Budai M\u00e1ria (Gyermekfog\u00e1szati \u00e9s Fogszab\u00e1lyoz\u00e1si Klinika) \u00e9s dr. Szondy Kl\u00e1ra (Pulmonol\u00f3giai Klinika).<\/p>\n<figure id=\"attachment_15146\" aria-describedby=\"caption-attachment-15146\" style=\"width: 199px\" class=\"wp-caption alignright\"><a href=\"https:\/\/semmelweis.hu\/hirek\/files\/2013\/02\/astellas-verebely.jpg\"><img loading=\"lazy\" decoding=\"async\" class=\"size-medium wp-image-15146\" alt=\"Dr. Vereb\u00e9ly Tibor \" src=\"https:\/\/semmelweis.hu\/hirek\/files\/2013\/02\/astellas-verebely-199x300.jpg\" width=\"199\" height=\"300\" srcset=\"https:\/\/semmelweis.hu\/hirek\/files\/2013\/02\/astellas-verebely-199x300.jpg 199w, https:\/\/semmelweis.hu\/hirek\/files\/2013\/02\/astellas-verebely-266x400.jpg 266w, https:\/\/semmelweis.hu\/hirek\/files\/2013\/02\/astellas-verebely.jpg 511w\" sizes=\"auto, (max-width: 199px) 100vw, 199px\" \/><\/a><figcaption id=\"caption-attachment-15146\" class=\"wp-caption-text\">dr. Vereb\u00e9ly Tibor<\/figcaption><\/figure>\n<p>Egy k\u00f6z\u00f6ns\u00e9gszavaz\u00e1sra bek\u00fcld\u00f6tt, sikeres gy\u00f3gyul\u00e1sr\u00f3l sz\u00f3l\u00f3 betegt\u00f6rt\u00e9net alapj\u00e1n pedig az Aneszteziol\u00f3giai \u00e9s Intenz\u00edv Ter\u00e1pi\u00e1s Klinika teljes csapata is elismer\u0151 oklevelet vehetett \u00e1t, az ell\u00e1t\u00e1s sor\u00e1n mutatott helyt\u00e1ll\u00e1s\u00e9rt \u00e9s embers\u00e9g\u00e9rt.<\/p>\n<p>Az Astellas k\u00fcl\u00f6nd\u00edj\u00e1t az \u0150rz\u0151k K\u00f6zhaszn\u00fa Alap\u00edtv\u00e1ny kapta, amely a Semmelweis Egyetem T\u0171zolt\u00f3 utcai, II. Sz. Gyermekgy\u00f3gy\u00e1szati Klinik\u00e1n kezelt leuk\u00e9mi\u00e1s \u00e9s daganatos gyermekek megseg\u00edt\u00e9s\u00e9\u00e9rt j\u00f6tt l\u00e9tre.<\/p>\n<p><strong>Tov\u00e1bbi d\u00edjazottak:<\/strong><\/p>\n<p>A k\u00f6z\u00f6ns\u00e9g szavazatai alapj\u00e1n els\u0151 helyezett: dr. Garain\u00e9 dr. P\u00e1mer Zsuzsanna p\u00e9csi szem\u00e9sz szakorvos, a PTE Klinikai K\u00f6zpont Szem\u00e9szeti Klinika docense<\/p>\n<p>Szakmai d\u00edj, konzervat\u00edv orvosi szakter\u00fcletek kateg\u00f3ria: prof. dr. Csiba L\u00e1szl\u00f3 pszichi\u00e1ter, neurol\u00f3gus szakorvos, int\u00e9zetigazgat\u00f3 egyetemi tan\u00e1r (Debreceni Egyetem Orvos- \u00e9s Eg\u00e9szs\u00e9gtudom\u00e1nyi Centrum, Neurol\u00f3giai Klinika)<br \/>\nSzakmai d\u00edj, rehabilit\u00e1ci\u00f3 \u00e9s kr\u00f3nikus ell\u00e1t\u00e1s kateg\u00f3ria: dr. Barna G\u00e1bor belgy\u00f3gy\u00e1sz, kardiol\u00f3gus \u00e9s kardiol\u00f3giai rehabilit\u00e1ci\u00f3s szakorvos (Budapesti Szent Ferenc K\u00f3rh\u00e1z, Kardiol\u00f3giai Rehabilit\u00e1ci\u00f3s Oszt\u00e1ly)<\/p>\n<figure id=\"attachment_15145\" aria-describedby=\"caption-attachment-15145\" style=\"width: 540px\" class=\"wp-caption aligncenter\"><a href=\"https:\/\/semmelweis.hu\/hirek\/files\/2013\/02\/astellas-1.jpg\"><img loading=\"lazy\" decoding=\"async\" class=\" wp-image-15145\" alt=\"astellas 1\" src=\"https:\/\/semmelweis.hu\/hirek\/files\/2013\/02\/astellas-1-600x400.jpg\" width=\"540\" height=\"360\" srcset=\"https:\/\/semmelweis.hu\/hirek\/files\/2013\/02\/astellas-1-600x400.jpg 600w, https:\/\/semmelweis.hu\/hirek\/files\/2013\/02\/astellas-1-300x199.jpg 300w, https:\/\/semmelweis.hu\/hirek\/files\/2013\/02\/astellas-1.jpg 1024w\" sizes=\"auto, (max-width: 540px) 100vw, 540px\" \/><\/a><figcaption id=\"caption-attachment-15145\" class=\"wp-caption-text\">Az Aneszteziol\u00f3giai \u00e9s Intenz\u00edv Ter\u00e1pi\u00e1s Klinika csapata<\/figcaption><\/figure>\n<p style=\"text-align: left\">A betegt\u00f6rt\u00e9netek alapj\u00e1n nemcsak a k\u00f6z\u00f6ns\u00e9g, hanem a szakmai zs\u0171ri is szavazott \u00e9s \u00edgy, rangsor n\u00e9lk\u00fcl m\u00e9g h\u00e1rom orvos ker\u00fclt az idei legjobbak k\u00f6z\u00e9: dr. Bogn\u00e1r L\u00e1szl\u00f3, a Debreceni Egyetem Orvos- \u00e9s Eg\u00e9szs\u00e9gtudom\u00e1nyi Centrum, Idegseb\u00e9szeti Klinika gyermek-idegseb\u00e9sz szakorvosa, a klinika igazgat\u00f3ja, dr. Csupor Em\u0151ke, a Budav\u00e1ri \u00d6nkorm\u00e1nyzat Eg\u00e9szs\u00e9g\u00fcgyi Szolg\u00e1lat h\u00e1ziorvosa (Budapest) \u00e9s dr. Kassai Tam\u00e1s gyermek-traumatol\u00f3gus szakorvos, a P\u00e9terfy S\u00e1ndor utcai K\u00f3rh\u00e1z-Rendel\u0151int\u00e9zet \u00e9s Baleseti K\u00f6zpont, gyermek-traumatol\u00f3giai oszt\u00e1ly\u00e1nak f\u0151orvosa.<\/p>\n<p style=\"text-align: left\">A k\u00fcl\u00f6nd\u00edjasok k\u00f6z\u00fcl kiemelt\u00e9k dr. Egri L\u00e1szl\u00f3 f\u0151orvost, k\u00e9zseb\u00e9szt, traumatol\u00f3gus szakorvost, aki, mint a szakmai zs\u0171ri eln\u00f6ke, dr. Perner Ferenc professzor emeritus (Transzplant\u00e1ci\u00f3s \u00e9s Seb\u00e9szeti Klinika) elmondta: \u201ea testi panaszok mellett a l\u00e9leknek is a gy\u00f3gy\u00edt\u00f3ja\u201d. A p\u00e1ly\u00e1zat f\u0151v\u00e9dn\u00f6ke dr. S\u00f3tonyi P\u00e9ter rector emeritus.<\/p>\n<p>A m\u00e9dia p\u00e1ly\u00e1zat f\u0151d\u00edj\u00e1t Pungor Andr\u00e1s, a 168 \u00f3ra szerz\u0151je \u201eA sz\u00e1guld\u00f3 orvos&#8221; c\u00edm\u0171 \u00edr\u00e1s\u00e1\u00e9rt kapta. DP<\/p>\n<p>Fot\u00f3k: Astellas az orvosok\u00e9rt<\/p>\n","protected":false},"excerpt":{"rendered":"<p>T\u00f6bb kateg\u00f3ri\u00e1ban is d\u00edjazt\u00e1k a Semmelweis Egyetem orvosait az idei &#8222;Astellas d\u00edj \u2013 Az \u00e9v orvosa&#8221; p\u00e1ly\u00e1zat z\u00e1r\u00f3 g\u00e1l\u00e1j\u00e1n. A szakmai zs\u0171ri d\u00edj\u00e1t az orvosi diagnosztika kateg\u00f3ri\u00e1ban dr. Kulka Janina patol\u00f3gus egyetemi tan\u00e1r, a II. Sz. Patol\u00f3giai Int\u00e9zet igazgat\u00f3helyettese nyerte el, m\u00edg a seb\u00e9szeti ell\u00e1t\u00e1sok kateg\u00f3ria gy\u0151ztese dr. Vereb\u00e9ly Tibor gyermekseb\u00e9sz szakorvos, egyetemi tan\u00e1r (I. &hellip;<\/p>\n","protected":false},"author":13,"featured_media":15147,"comment_status":"closed","ping_status":"open","sticky":false,"template":"","format":"standard","meta":{"_acf_changed":false,"footnotes":""},"categories":[157,168],"tags":[2128,158],"class_list":["post-15143","post","type-post","status-publish","format-standard","has-post-thumbnail","hentry","category-semmelweis-vilag","category-kiemelt","tag-astellas-dij","tag-dijak-kituntetesek"],"acf":[],"_links":{"self":[{"href":"https:\/\/semmelweis.hu\/hirek\/wp-json\/wp\/v2\/posts\/15143","targetHints":{"allow":["GET"]}}],"collection":[{"href":"https:\/\/semmelweis.hu\/hirek\/wp-json\/wp\/v2\/posts"}],"about":[{"href":"https:\/\/semmelweis.hu\/hirek\/wp-json\/wp\/v2\/types\/post"}],"author":[{"embeddable":true,"href":"https:\/\/semmelweis.hu\/hirek\/wp-json\/wp\/v2\/users\/13"}],"replies":[{"embeddable":true,"href":"https:\/\/semmelweis.hu\/hirek\/wp-json\/wp\/v2\/comments?post=15143"}],"version-history":[{"count":8,"href":"https:\/\/semmelweis.hu\/hirek\/wp-json\/wp\/v2\/posts\/15143\/revisions"}],"predecessor-version":[{"id":15155,"href":"https:\/\/semmelweis.hu\/hirek\/wp-json\/wp\/v2\/posts\/15143\/revisions\/15155"}],"wp:featuredmedia":[{"embeddable":true,"href":"https:\/\/semmelweis.hu\/hirek\/wp-json\/wp\/v2\/media\/15147"}],"wp:attachment":[{"href":"https:\/\/semmelweis.hu\/hirek\/wp-json\/wp\/v2\/media?parent=15143"}],"wp:term":[{"taxonomy":"category","embeddable":true,"href":"https:\/\/semmelweis.hu\/hirek\/wp-json\/wp\/v2\/categories?post=15143"},{"taxonomy":"post_tag","embeddable":true,"href":"https:\/\/semmelweis.hu\/hirek\/wp-json\/wp\/v2\/tags?post=15143"}],"curies":[{"name":"wp","href":"https:\/\/api.w.org\/{rel}","templated":true}]}}