{"id":151123,"date":"2025-03-15T08:00:17","date_gmt":"2025-03-15T07:00:17","guid":{"rendered":"https:\/\/semmelweis.hu\/hirek\/?p=151123"},"modified":"2025-04-03T11:14:32","modified_gmt":"2025-04-03T09:14:32","slug":"allami-kituntetesek-a-semmelweis-egyetem-munkatarsainak-marcius-15-e-alkalmabol","status":"publish","type":"post","link":"https:\/\/semmelweis.hu\/hirek\/2025\/03\/15\/allami-kituntetesek-a-semmelweis-egyetem-munkatarsainak-marcius-15-e-alkalmabol\/","title":{"rendered":"\u00c1llami kit\u00fcntet\u00e9sek a Semmelweis Egyetem munkat\u00e1rsainak m\u00e1rcius 15-e alkalm\u00e1b\u00f3l"},"content":{"rendered":"<div class=\"lead\">A nemzeti \u00fcnnep alkalm\u00e1b\u00f3l a Semmelweis Egyetem t\u00f6bb munkat\u00e1rsa is \u00e1llami kit\u00fcntet\u00e9st vehetett \u00e1t. Magyar \u00c9rdemrend tisztikereszt polg\u00e1ri tagozat kit\u00fcntet\u00e9sben r\u00e9szes\u00fclt dr. Csala Mikl\u00f3s, dr. Geiszt Mikl\u00f3s \u00e9s dr. Lakatos P\u00e9ter Andr\u00e1s. Magyar \u00c9rdemrend lovagkereszt polg\u00e1ri tagozat kit\u00fcntet\u00e9st vehetett \u00e1t dr. Kivovics P\u00e9ter, dr. Perczel-Forintos D\u00f3ra, dr. Ag\u00f3cs L\u00e1szl\u00f3 \u00e9s <strong>dr. Kor\u00e1nyi Katalin \u00c1gnes<\/strong>. A Magyar Ez\u00fcst \u00c9rdemkereszt polg\u00e1ri tagozat\u00e1ban r\u00e9szes\u00fclt dr. Somogyi Orsolya. Magyar \u00c9rdemrend tisztikereszt kit\u00fcntet\u00e9st vehetett \u00e1t Orb\u00e1n G\u00e1bor, az egyetemet fenntart\u00f3 alap\u00edtv\u00e1ny eln\u00f6ke. Magyar \u00c9rdemrend parancsnoki keresztje polg\u00e1ri tagozat kit\u00fcntet\u00e9st kapott <strong>dr. F\u00fcrst Zsuzsanna<\/strong>, a Magyar Arany \u00c9rdemkereszt polg\u00e1ri tagozat kit\u00fcntet\u00e9sben r\u00e9szes\u00fclt d<strong>r. Ker\u00e9nyi \u00c1gnes M\u00e1ria<\/strong>.<\/div>\n<p>Hank\u00f3 Bal\u00e1zs kultur\u00e1lis \u00e9s innov\u00e1ci\u00f3s miniszter, Varga-Bajusz Veronika fels\u0151oktat\u00e1s\u00e9rt, szak- \u00e9s feln\u0151ttk\u00e9pz\u00e9s\u00e9rt, fiatalok\u00e9rt felel\u0151s \u00e1llamtitk\u00e1rral \u00e9s Z\u00e1vogy\u00e1n Magdolna kult\u00far\u00e1\u00e9rt felel\u0151s \u00e1llamtitk\u00e1rral <a href=\"https:\/\/cdn.kormany.hu\/\/uploads\/sheets\/\/4\/4c\/4ca\/4ca6f1a27ef9daaccd6b928b9b7e4de.pdf\" target=\"_blank\" rel=\"noopener\">\u00e1llami elismer\u00e9seket adott \u00e1t<\/a> m\u00e1rcius 15. alkalm\u00e1b\u00f3l a Pesti Vigad\u00f3ban cs\u00fct\u00f6rt\u00f6k\u00f6n.\u00a0<\/p>\n<p>A haza \u00e9rdekeinek el\u0151mozd\u00edt\u00e1s\u00e1ban \u00e9s az egyetemes emberi \u00e9rt\u00e9kek gyarap\u00edt\u00e1s\u00e1ban v\u00e9gzett tev\u00e9kenys\u00e9ge elismer\u00e9sek\u00e9nt Magyar \u00c9rdemrend tisztikereszt polg\u00e1ri tagozat kit\u00fcntet\u00e9st vehetett \u00e1t: <strong>dr. Csala Mikl\u00f3s<\/strong> biok\u00e9mikus, molekul\u00e1ris biol\u00f3gus, a Magyar Tudom\u00e1nyos Akad\u00e9mia doktora, a Semmelweis Egyetem \u00c1ltal\u00e1nos Orvostudom\u00e1nyi Kara Molekul\u00e1ris Biol\u00f3giai Tansz\u00e9k\u00e9nek tansz\u00e9kvezet\u0151 egyetemi tan\u00e1ra, Nemzetk\u00f6zi Tanulm\u00e1nyi Igazgat\u00f3s\u00e1g\u00e1nak igazgat\u00f3ja;<\/p>\n<p><a href=\"https:\/\/semmelweis.hu\/hirek\/files\/2025\/03\/Csala-Miklos.jpg\"><img loading=\"lazy\" decoding=\"async\" class=\"aligncenter size-full wp-image-151125\" src=\"https:\/\/semmelweis.hu\/hirek\/files\/2025\/03\/Csala-Miklos.jpg\" alt=\"\" width=\"2048\" height=\"1366\" srcset=\"https:\/\/semmelweis.hu\/hirek\/files\/2025\/03\/Csala-Miklos.jpg 2048w, https:\/\/semmelweis.hu\/hirek\/files\/2025\/03\/Csala-Miklos-400x267.jpg 400w, https:\/\/semmelweis.hu\/hirek\/files\/2025\/03\/Csala-Miklos-900x600.jpg 900w, https:\/\/semmelweis.hu\/hirek\/files\/2025\/03\/Csala-Miklos-768x512.jpg 768w, https:\/\/semmelweis.hu\/hirek\/files\/2025\/03\/Csala-Miklos-1536x1025.jpg 1536w, https:\/\/semmelweis.hu\/hirek\/files\/2025\/03\/Csala-Miklos-753x502.jpg 753w, https:\/\/semmelweis.hu\/hirek\/files\/2025\/03\/Csala-Miklos-203x135.jpg 203w\" sizes=\"auto, (max-width: 2048px) 100vw, 2048px\" \/><\/a><\/p>\n<p><strong>dr. Geiszt Mikl\u00f3s<\/strong> kutat\u00f3orvos, a Magyar Tudom\u00e1nyos Akad\u00e9mia doktora, a Semmelweis Egyetem \u00c1ltal\u00e1nos Orvostudom\u00e1nyi Kara \u00c9lettani Int\u00e9zet\u00e9nek tudom\u00e1nyos igazgat\u00f3helyettese, egyetemi tan\u00e1r;<\/p>\n<p><a href=\"https:\/\/semmelweis.hu\/hirek\/files\/2025\/03\/Geiszt-Miklos.jpg\"><img loading=\"lazy\" decoding=\"async\" class=\"aligncenter size-full wp-image-151126\" src=\"https:\/\/semmelweis.hu\/hirek\/files\/2025\/03\/Geiszt-Miklos.jpg\" alt=\"\" width=\"2048\" height=\"1366\" srcset=\"https:\/\/semmelweis.hu\/hirek\/files\/2025\/03\/Geiszt-Miklos.jpg 2048w, https:\/\/semmelweis.hu\/hirek\/files\/2025\/03\/Geiszt-Miklos-400x267.jpg 400w, https:\/\/semmelweis.hu\/hirek\/files\/2025\/03\/Geiszt-Miklos-900x600.jpg 900w, https:\/\/semmelweis.hu\/hirek\/files\/2025\/03\/Geiszt-Miklos-768x512.jpg 768w, https:\/\/semmelweis.hu\/hirek\/files\/2025\/03\/Geiszt-Miklos-1536x1025.jpg 1536w, https:\/\/semmelweis.hu\/hirek\/files\/2025\/03\/Geiszt-Miklos-753x502.jpg 753w, https:\/\/semmelweis.hu\/hirek\/files\/2025\/03\/Geiszt-Miklos-203x135.jpg 203w\" sizes=\"auto, (max-width: 2048px) 100vw, 2048px\" \/><\/a><\/p>\n<p>valamint <strong>dr. Lakatos P\u00e9ter Andr\u00e1s<\/strong> biol\u00f3gus, belgy\u00f3gy\u00e1sz, endokrinol\u00f3gus, a Magyar Tudom\u00e1nyos Akad\u00e9mia doktora, a Semmelweis Egyetem \u00c1ltal\u00e1nos Orvostudom\u00e1nyi Kara Belgy\u00f3gy\u00e1szati \u00e9s Onkol\u00f3giai Klinik\u00e1j\u00e1nak igazgat\u00f3helyettese, klinikai f\u0151orvosa, egyetemi tan\u00e1r.<\/p>\n<p><a href=\"https:\/\/semmelweis.hu\/hirek\/files\/2025\/03\/Lakatos-Peter-Andras.jpg\"><img loading=\"lazy\" decoding=\"async\" class=\"aligncenter size-full wp-image-151124\" src=\"https:\/\/semmelweis.hu\/hirek\/files\/2025\/03\/Lakatos-Peter-Andras.jpg\" alt=\"\" width=\"2048\" height=\"1366\" srcset=\"https:\/\/semmelweis.hu\/hirek\/files\/2025\/03\/Lakatos-Peter-Andras.jpg 2048w, https:\/\/semmelweis.hu\/hirek\/files\/2025\/03\/Lakatos-Peter-Andras-400x267.jpg 400w, https:\/\/semmelweis.hu\/hirek\/files\/2025\/03\/Lakatos-Peter-Andras-900x600.jpg 900w, https:\/\/semmelweis.hu\/hirek\/files\/2025\/03\/Lakatos-Peter-Andras-768x512.jpg 768w, https:\/\/semmelweis.hu\/hirek\/files\/2025\/03\/Lakatos-Peter-Andras-1536x1025.jpg 1536w, https:\/\/semmelweis.hu\/hirek\/files\/2025\/03\/Lakatos-Peter-Andras-753x502.jpg 753w, https:\/\/semmelweis.hu\/hirek\/files\/2025\/03\/Lakatos-Peter-Andras-203x135.jpg 203w\" sizes=\"auto, (max-width: 2048px) 100vw, 2048px\" \/><\/a><\/p>\n<p>Zsig\u00f3 R\u00f3bert, a Kultur\u00e1lis \u00e9s Innov\u00e1ci\u00f3s Miniszt\u00e9rium parlamenti \u00e1llamtitk\u00e1ra a haza \u00e9rdekeinek el\u0151mozd\u00edt\u00e1s\u00e1ban \u00e9s az egyetemes emberi \u00e9rt\u00e9kek gyarap\u00edt\u00e1s\u00e1ban v\u00e9gzett tev\u00e9kenys\u00e9ge elismer\u00e9sek\u00e9nt Magyar \u00c9rdemrend lovagkereszt polg\u00e1ri tagozat kit\u00fcntet\u00e9st adott \u00e1t <strong>dr. Kivovics P\u00e9ter<\/strong> fog- \u00e9s sz\u00e1jbetegs\u00e9gek szakorvosnak, a Semmelweis Egyetem Fogorvostudom\u00e1nyi Kara Fog\u00e1szati \u00e9s Sz\u00e1jseb\u00e9szeti Oktat\u00f3 Int\u00e9zet\u00e9nek r\u00e9szlegvezet\u0151 f\u0151orvos\u00e1nak, c\u00edmzetes egyetemi tan\u00e1rnak;<\/p>\n<figure id=\"attachment_151127\" aria-describedby=\"caption-attachment-151127\" style=\"width: 1200px\" class=\"wp-caption aligncenter\"><a href=\"https:\/\/semmelweis.hu\/hirek\/files\/2025\/03\/RS124800_C19A9790-scr.jpg\"><img loading=\"lazy\" decoding=\"async\" class=\"size-full wp-image-151127\" src=\"https:\/\/semmelweis.hu\/hirek\/files\/2025\/03\/RS124800_C19A9790-scr.jpg\" alt=\"\" width=\"1200\" height=\"775\" srcset=\"https:\/\/semmelweis.hu\/hirek\/files\/2025\/03\/RS124800_C19A9790-scr.jpg 1200w, https:\/\/semmelweis.hu\/hirek\/files\/2025\/03\/RS124800_C19A9790-scr-400x258.jpg 400w, https:\/\/semmelweis.hu\/hirek\/files\/2025\/03\/RS124800_C19A9790-scr-900x581.jpg 900w, https:\/\/semmelweis.hu\/hirek\/files\/2025\/03\/RS124800_C19A9790-scr-768x496.jpg 768w, https:\/\/semmelweis.hu\/hirek\/files\/2025\/03\/RS124800_C19A9790-scr-753x486.jpg 753w\" sizes=\"auto, (max-width: 1200px) 100vw, 1200px\" \/><\/a><figcaption id=\"caption-attachment-151127\" class=\"wp-caption-text\">Fot\u00f3: Kov\u00e1cs Attila &#8211; Semmelweis Egyetem (kor\u00e1bbi <span style=\"font-size: 10pt\">felv\u00e9tel)<\/span><\/figcaption><\/figure>\n<p>valamint <strong>dr. Perczel-Forintos D\u00f3ra<\/strong> klinikai szakpszichol\u00f3gusnak, pszichoterapeut\u00e1nak, a Semmelweis Egyetem \u00c1ltal\u00e1nos Orvostudom\u00e1nyi Kar Klinikai Pszichol\u00f3gia Tansz\u00e9k egyetemi tan\u00e1r\u00e1nak \u00e9s Klinikai Pszichol\u00f3giai Szakambulanci\u00e1j\u00e1nak vezet\u0151j\u00e9nek.<\/p>\n<p><a href=\"https:\/\/semmelweis.hu\/hirek\/files\/2025\/03\/RS211127_67609scr_wm_8a90b3e067b6e97.jpg\"><img loading=\"lazy\" decoding=\"async\" class=\"aligncenter size-full wp-image-151142\" src=\"https:\/\/semmelweis.hu\/hirek\/files\/2025\/03\/RS211127_67609scr_wm_8a90b3e067b6e97.jpg\" alt=\"\" width=\"1200\" height=\"800\" srcset=\"https:\/\/semmelweis.hu\/hirek\/files\/2025\/03\/RS211127_67609scr_wm_8a90b3e067b6e97.jpg 1200w, https:\/\/semmelweis.hu\/hirek\/files\/2025\/03\/RS211127_67609scr_wm_8a90b3e067b6e97-400x267.jpg 400w, https:\/\/semmelweis.hu\/hirek\/files\/2025\/03\/RS211127_67609scr_wm_8a90b3e067b6e97-900x600.jpg 900w, https:\/\/semmelweis.hu\/hirek\/files\/2025\/03\/RS211127_67609scr_wm_8a90b3e067b6e97-768x512.jpg 768w, https:\/\/semmelweis.hu\/hirek\/files\/2025\/03\/RS211127_67609scr_wm_8a90b3e067b6e97-753x502.jpg 753w, https:\/\/semmelweis.hu\/hirek\/files\/2025\/03\/RS211127_67609scr_wm_8a90b3e067b6e97-203x135.jpg 203w\" sizes=\"auto, (max-width: 1200px) 100vw, 1200px\" \/><\/a><span style=\"font-size: 12pt\">Fot\u00f3: Kov\u00e1cs Attila &#8211; Semmelweis Egyetem (kor\u00e1bbi felv\u00e9tel)<\/span><\/p>\n<p>\u00c1llami kit\u00fcntet\u00e9seket, miniszteri elismer\u00e9seket adott \u00e1t m\u00e1rcius 15-e, az 1848-49-es forradalom \u00e9s szabads\u00e1gharc 177. \u00e9vfordul\u00f3j\u00e1nak alkalm\u00e1b\u00f3l rendezett <a href=\"https:\/\/cdn.kormany.hu\/\/uploads\/sheets\/\/0\/03\/031\/0313534cb1db4ccd140651e786a9283.pdf\" target=\"_blank\" rel=\"noopener\">t\u00e1rca\u00fcnneps\u00e9gen dr. Pint\u00e9r S\u00e1ndor bel\u00fcgyminiszter is<\/a>, a Bel\u00fcgyminiszt\u00e9rium d\u00edszterm\u00e9ben. Az esem\u00e9nyen Sulyok Tam\u00e1s, Magyarorsz\u00e1g k\u00f6zt\u00e1rsas\u00e1gi eln\u00f6ke \u2013 a bel\u00fcgyminiszter el\u0151terjeszt\u00e9s\u00e9re \u2013 nemzeti \u00fcnnep\u00fcnk alkalm\u00e1b\u00f3l Magyar \u00c9rdemrend lovagkeresztje polg\u00e1ri tagozat\u00e1t adom\u00e1nyozta a hazai mellkasseb\u00e9szet ter\u00fclet\u00e9n v\u00e9gzett meghat\u00e1roz\u00f3 munk\u00e1ja, a t\u00fcd\u0151r\u00e1kos betegek gy\u00f3gy\u00edt\u00e1sa mellett a j\u00f6v\u0151 orvosainak k\u00e9pz\u00e9s\u00e9ben is kiemelked\u0151 szakmai tev\u00e9kenys\u00e9ge elismer\u00e9s\u00e9\u00fcl <strong>dr. Ag\u00f3cs L\u00e1szl\u00f3<\/strong> mellkasseb\u00e9sz szakorvosnak, az Orsz\u00e1gos Onkol\u00f3giai Int\u00e9zet Mellkasi K\u00f6zpont Onkol\u00f3giai Mellkasseb\u00e9szeti Egys\u00e9g vezet\u0151 f\u0151orvos\u00e1nak \u00e9s a Semmelweis Egyetem \u00c1ltal\u00e1nos Orvostudom\u00e1nyi Kar Mellkasseb\u00e9szeti Klinika f\u0151orvos\u00e1nak.<\/p>\n<figure id=\"attachment_151148\" aria-describedby=\"caption-attachment-151148\" style=\"width: 1344px\" class=\"wp-caption aligncenter\"><a href=\"https:\/\/semmelweis.hu\/hirek\/files\/2025\/03\/Agocs-Laszlo_.jpg\"><img loading=\"lazy\" decoding=\"async\" class=\"wp-image-151148 size-full\" src=\"https:\/\/semmelweis.hu\/hirek\/files\/2025\/03\/Agocs-Laszlo_.jpg\" alt=\"\" width=\"1344\" height=\"911\" srcset=\"https:\/\/semmelweis.hu\/hirek\/files\/2025\/03\/Agocs-Laszlo_.jpg 1344w, https:\/\/semmelweis.hu\/hirek\/files\/2025\/03\/Agocs-Laszlo_-400x271.jpg 400w, https:\/\/semmelweis.hu\/hirek\/files\/2025\/03\/Agocs-Laszlo_-900x610.jpg 900w, https:\/\/semmelweis.hu\/hirek\/files\/2025\/03\/Agocs-Laszlo_-768x521.jpg 768w, https:\/\/semmelweis.hu\/hirek\/files\/2025\/03\/Agocs-Laszlo_-175x120.jpg 175w, https:\/\/semmelweis.hu\/hirek\/files\/2025\/03\/Agocs-Laszlo_-753x510.jpg 753w\" sizes=\"auto, (max-width: 1344px) 100vw, 1344px\" \/><\/a><figcaption id=\"caption-attachment-151148\" class=\"wp-caption-text\">Fot\u00f3: OOI b\u00e1zis\u00e1n m\u0171k\u00f6d\u0151 Mellkasseb\u00e9szeti Klinika<\/figcaption><\/figure>\n<p>Orvosszakmai tev\u00e9kenys\u00e9ge elismer\u00e9s\u00e9\u00fcl szint\u00e9n a Magyar \u00c9rdemrend lovagkeresztje polg\u00e1ri tagozat\u00e1t adom\u00e1nyozt\u00e1k <strong>dr. Kor\u00e1nyi Katalin \u00c1gnesnek<\/strong>, a Semmelweis Egyetem \u00c1ltal\u00e1nos Orvostudom\u00e1nyi Kar Szem\u00e9szeti Klinika klinikai f\u0151orvos\u00e1nak.<\/p>\n<p>A Magyar Ez\u00fcst \u00c9rdemkereszt polg\u00e1ri tagozat\u00e1ban r\u00e9szes\u00fclt a gy\u00f3gyszer\u00e9szet szakmai sz\u00ednvonal\u00e1nak emel\u00e9se \u00e9rdek\u00e9ben, illetve az oktat\u00e1sfejleszt\u00e9s ter\u00fclet\u00e9n v\u00e9gzett magas sz\u00ednvonal\u00fa munk\u00e1ja elismer\u00e9s\u00e9\u00fcl <strong>dr. Somogyi Orsolya<\/strong>, a Semmelweis Egyetem Gy\u00f3gyszer\u00e9sztudom\u00e1nyi Kar Egyetemi Gy\u00f3gyszert\u00e1r Gy\u00f3gyszer\u00fcgyi Szervez\u00e9si Int\u00e9zet egyetemi adjunktusa, a r\u00e1calm\u00e1si Patika 52 Gy\u00f3gyszert\u00e1r szakgy\u00f3gyszer\u00e9sze.<\/p>\n<figure id=\"attachment_151129\" aria-describedby=\"caption-attachment-151129\" style=\"width: 1200px\" class=\"wp-caption aligncenter\"><a href=\"https:\/\/semmelweis.hu\/hirek\/files\/2025\/03\/RS98383_IMG_6114-scr.jpg\"><img loading=\"lazy\" decoding=\"async\" class=\"size-full wp-image-151129\" src=\"https:\/\/semmelweis.hu\/hirek\/files\/2025\/03\/RS98383_IMG_6114-scr.jpg\" alt=\"\" width=\"1200\" height=\"800\" srcset=\"https:\/\/semmelweis.hu\/hirek\/files\/2025\/03\/RS98383_IMG_6114-scr.jpg 1200w, https:\/\/semmelweis.hu\/hirek\/files\/2025\/03\/RS98383_IMG_6114-scr-400x267.jpg 400w, https:\/\/semmelweis.hu\/hirek\/files\/2025\/03\/RS98383_IMG_6114-scr-900x600.jpg 900w, https:\/\/semmelweis.hu\/hirek\/files\/2025\/03\/RS98383_IMG_6114-scr-768x512.jpg 768w, https:\/\/semmelweis.hu\/hirek\/files\/2025\/03\/RS98383_IMG_6114-scr-753x502.jpg 753w, https:\/\/semmelweis.hu\/hirek\/files\/2025\/03\/RS98383_IMG_6114-scr-203x135.jpg 203w\" sizes=\"auto, (max-width: 1200px) 100vw, 1200px\" \/><\/a><figcaption id=\"caption-attachment-151129\" class=\"wp-caption-text\">Fot\u00f3: Kov\u00e1cs Attila &#8211; Semmelweis Egyetem (kor\u00e1bbi felv\u00e9tel)<\/figcaption><\/figure>\n<p>Magyar \u00c9rdemrend tisztikereszt kit\u00fcntet\u00e9st vehetett \u00e1t Lantos Csaba energia\u00fcgyi minisztert\u0151l <strong>Orb\u00e1n G\u00e1bor<\/strong>, a Richter Gedeon Nyrt. vez\u00e9rigazgat\u00f3ja, a Semmelweis Egyetemet fenntart\u00f3 Nemzeti Eg\u00e9szs\u00e9g\u00fcgyi \u00e9s Orvosk\u00e9pz\u00e9s\u00e9rt Alap\u00edtv\u00e1ny eln\u00f6ke.<\/p>\n<figure id=\"attachment_151154\" aria-describedby=\"caption-attachment-151154\" style=\"width: 857px\" class=\"wp-caption aligncenter\"><a href=\"https:\/\/semmelweis.hu\/hirek\/files\/2025\/03\/Orban_Lantos_mti_focuspoint_760x570.jpg\"><img loading=\"lazy\" decoding=\"async\" class=\"size-full wp-image-151154\" src=\"https:\/\/semmelweis.hu\/hirek\/files\/2025\/03\/Orban_Lantos_mti_focuspoint_760x570.jpg\" alt=\"\" width=\"857\" height=\"570\" srcset=\"https:\/\/semmelweis.hu\/hirek\/files\/2025\/03\/Orban_Lantos_mti_focuspoint_760x570.jpg 857w, https:\/\/semmelweis.hu\/hirek\/files\/2025\/03\/Orban_Lantos_mti_focuspoint_760x570-400x266.jpg 400w, https:\/\/semmelweis.hu\/hirek\/files\/2025\/03\/Orban_Lantos_mti_focuspoint_760x570-768x511.jpg 768w, https:\/\/semmelweis.hu\/hirek\/files\/2025\/03\/Orban_Lantos_mti_focuspoint_760x570-753x501.jpg 753w, https:\/\/semmelweis.hu\/hirek\/files\/2025\/03\/Orban_Lantos_mti_focuspoint_760x570-203x135.jpg 203w\" sizes=\"auto, (max-width: 857px) 100vw, 857px\" \/><\/a><figcaption id=\"caption-attachment-151154\" class=\"wp-caption-text\">Forr\u00e1s: MTI<\/figcaption><\/figure>\n<p>Magyar \u00c9rdemrend parancsnoki keresztje polg\u00e1ri tagozat kit\u00fcntet\u00e9st kapott <strong>dr. F\u00fcrst Zsuzsanna <\/strong>professor emerita, a Farmakol\u00f3giai \u00e9s Farmakoter\u00e1pi\u00e1s Int\u00e9zet volt igazgat\u00f3ja, az Eg\u00e9szs\u00e9g\u00fcgyi Tudom\u00e1nyos Tan\u00e1cs Klinikai Farmakol\u00f3giai Etikai Bizotts\u00e1g\u00e1nak aleln\u00f6ke, kor\u00e1bbi eln\u00f6ke az egyetemi oktat\u00e1s \u00e9s tudom\u00e1nypolitika ter\u00fclet\u00e9n v\u00e9gzett odaad\u00f3 gy\u00f3gyszerkutat\u00f3i \u00e9s oktat\u00f3i tev\u00e9kenys\u00e9ge, valamint a hazai klinikai farmakol\u00f3giai kutat\u00e1sok \u00e9s gy\u00f3gyszervizsg\u00e1latok nemzetk\u00f6zi elismerts\u00e9g\u00e9t szolg\u00e1l\u00f3 szakmai munk\u00e1ja elismer\u00e9sek\u00e9nt.\u00a0<\/p>\n<figure id=\"attachment_90690\" aria-describedby=\"caption-attachment-90690\" style=\"width: 950px\" class=\"wp-caption aligncenter\"><a href=\"https:\/\/semmelweis.hu\/hirek\/files\/2019\/11\/RS103417_IMG_8912-scr.jpg\"><img loading=\"lazy\" decoding=\"async\" class=\"wp-image-90690 size-full\" src=\"https:\/\/semmelweis.hu\/hirek\/files\/2019\/11\/RS103417_IMG_8912-scr.jpg\" alt=\"\" width=\"950\" height=\"623\" srcset=\"https:\/\/semmelweis.hu\/hirek\/files\/2019\/11\/RS103417_IMG_8912-scr.jpg 950w, https:\/\/semmelweis.hu\/hirek\/files\/2019\/11\/RS103417_IMG_8912-scr-400x262.jpg 400w, https:\/\/semmelweis.hu\/hirek\/files\/2019\/11\/RS103417_IMG_8912-scr-768x504.jpg 768w, https:\/\/semmelweis.hu\/hirek\/files\/2019\/11\/RS103417_IMG_8912-scr-900x590.jpg 900w, https:\/\/semmelweis.hu\/hirek\/files\/2019\/11\/RS103417_IMG_8912-scr-600x393.jpg 600w, https:\/\/semmelweis.hu\/hirek\/files\/2019\/11\/RS103417_IMG_8912-scr-753x494.jpg 753w\" sizes=\"auto, (max-width: 950px) 100vw, 950px\" \/><\/a><figcaption id=\"caption-attachment-90690\" class=\"wp-caption-text\">Fot\u00f3: Kov\u00e1cs Attila \u2013 Semmelweis Egyetem (kor\u00e1bbi felv\u00e9tel)<\/figcaption><\/figure>\n<p><strong>Dr. Ker\u00e9nyi \u00c1gnes M\u00e1ria<\/strong> szem\u00e9sz szakorvos, a Semmelweis Egyetem c\u00edmzetes egyetemi docense, a Budapesti Bajcsy-Zsilinszky K\u00f3rh\u00e1z \u00e9s Rendel\u0151int\u00e9zet Szem\u00e9szeti Oszt\u00e1ly\u00e1nak f\u0151orvosa a betegek ir\u00e1nti nagy emp\u00e1ti\u00e1val t\u00f6bb mint n\u00e9gy \u00e9vtizeden \u00e1t v\u00e9gzett gy\u00f3gy\u00edt\u00f3 szolg\u00e1lata elismer\u00e9sek\u00e9nt a Magyar Arany \u00c9rdemkereszt polg\u00e1ri tagozat kit\u00fcntet\u00e9st kapta meg.<\/p>\n<p>Szab\u00f3 \u00c1d\u00e1m<br \/>\nForr\u00e1s: kormany.hu<br \/>\nFot\u00f3: Hank\u00f3 Bal\u00e1zs kult\u00far\u00e1\u00e9rt \u00e9s innov\u00e1ci\u00f3\u00e9rt felel\u0151s miniszter Facebook-oldala; Kov\u00e1cs Attila \u2013 Semmelweis Egyetem<span style=\"font-size: 1rem\"><br \/>\n<\/span><span style=\"font-size: 1rem\">Kiemelt k\u00e9p: Barta B\u00e1lint \u2013 Semmelweis Egyetem (illusztr\u00e1ci\u00f3)<\/span><\/p>\n","protected":false},"excerpt":{"rendered":"<p>Az int\u00e9zm\u00e9ny nyolc munkat\u00e1rsa r\u00e9szes\u00fclt Magyar \u00c9rdemrend, illetve Magyar Ez\u00fcst \u00c9rdemkereszt kit\u00fcntet\u00e9sekben.<\/p>\n","protected":false},"author":101751,"featured_media":151130,"comment_status":"closed","ping_status":"closed","sticky":false,"template":"","format":"standard","meta":{"_acf_changed":false,"footnotes":""},"categories":[157,168],"tags":[158],"class_list":["post-151123","post","type-post","status-publish","format-standard","has-post-thumbnail","hentry","category-semmelweis-vilag","category-kiemelt","tag-dijak-kituntetesek"],"acf":[],"_links":{"self":[{"href":"https:\/\/semmelweis.hu\/hirek\/wp-json\/wp\/v2\/posts\/151123","targetHints":{"allow":["GET"]}}],"collection":[{"href":"https:\/\/semmelweis.hu\/hirek\/wp-json\/wp\/v2\/posts"}],"about":[{"href":"https:\/\/semmelweis.hu\/hirek\/wp-json\/wp\/v2\/types\/post"}],"author":[{"embeddable":true,"href":"https:\/\/semmelweis.hu\/hirek\/wp-json\/wp\/v2\/users\/101751"}],"replies":[{"embeddable":true,"href":"https:\/\/semmelweis.hu\/hirek\/wp-json\/wp\/v2\/comments?post=151123"}],"version-history":[{"count":12,"href":"https:\/\/semmelweis.hu\/hirek\/wp-json\/wp\/v2\/posts\/151123\/revisions"}],"predecessor-version":[{"id":151816,"href":"https:\/\/semmelweis.hu\/hirek\/wp-json\/wp\/v2\/posts\/151123\/revisions\/151816"}],"wp:featuredmedia":[{"embeddable":true,"href":"https:\/\/semmelweis.hu\/hirek\/wp-json\/wp\/v2\/media\/151130"}],"wp:attachment":[{"href":"https:\/\/semmelweis.hu\/hirek\/wp-json\/wp\/v2\/media?parent=151123"}],"wp:term":[{"taxonomy":"category","embeddable":true,"href":"https:\/\/semmelweis.hu\/hirek\/wp-json\/wp\/v2\/categories?post=151123"},{"taxonomy":"post_tag","embeddable":true,"href":"https:\/\/semmelweis.hu\/hirek\/wp-json\/wp\/v2\/tags?post=151123"}],"curies":[{"name":"wp","href":"https:\/\/api.w.org\/{rel}","templated":true}]}}