{"id":151071,"date":"2025-03-14T06:00:05","date_gmt":"2025-03-14T05:00:05","guid":{"rendered":"https:\/\/semmelweis.hu\/hirek\/?p=151071"},"modified":"2025-06-11T10:27:53","modified_gmt":"2025-06-11T08:27:53","slug":"semmelweis-ignac-szobrot-avattak-thaifoldon","status":"publish","type":"post","link":"https:\/\/semmelweis.hu\/hirek\/2025\/03\/14\/semmelweis-ignac-szobrot-avattak-thaifoldon\/","title":{"rendered":"Semmelweis Ign\u00e1c-szobrot avattak Thaif\u00f6ld\u00f6n"},"content":{"rendered":"<div class=\"lead\"><strong>A thaif\u00f6ldi Naresuan Egyetem Orvostudom\u00e1nyi Kar\u00e1nak kampusz\u00e1n \u00fcnnep\u00e9lyes keretek k\u00f6z\u00f6tt avatt\u00e1k fel Panumat Kwandee alkot\u00e1s\u00e1t, amely imm\u00e1r a 26., a Semmelweis Egyetem t\u00e1mogat\u00e1s\u00e1val k\u00e9sz\u00fclt Semmelweis-szobor vil\u00e1gszerte. A cerem\u00f3ni\u00e1n dr. Merkely B\u00e9la, a Semmelweis Egyetem rektora m\u00e9ltatta Semmelweis Ign\u00e1c \u00f6r\u00f6ks\u00e9g\u00e9t. A szoboravat\u00e1s a Semmelweis Egyetem-k\u00fcld\u00f6tts\u00e9g thaif\u00f6ldi l\u00e1togat\u00e1s\u00e1nak kiemelt esem\u00e9nye volt, amelynek sor\u00e1n a deleg\u00e1ci\u00f3 egy\u00fcttm\u0171k\u00f6d\u00e9si meg\u00e1llapod\u00e1st \u00edrt al\u00e1 a Mahidol Egyetemmel, valamint a Naresuan Egyetemmel val\u00f3 szakmai kapcsolatok elm\u00e9ly\u00edt\u00e9s\u00e9r\u0151l is t\u00e1rgyaltak.<\/strong><\/div>\n<div><a href=\"https:\/\/semmelweis.hu\/hirek\/files\/2025\/03\/RS210979_484438999_1041741337978846_1203961111959165265_n-scr.jpg\"><img loading=\"lazy\" decoding=\"async\" class=\"aligncenter size-full wp-image-151072\" src=\"https:\/\/semmelweis.hu\/hirek\/files\/2025\/03\/RS210979_484438999_1041741337978846_1203961111959165265_n-scr.jpg\" alt=\"\" width=\"1200\" height=\"800\" srcset=\"https:\/\/semmelweis.hu\/hirek\/files\/2025\/03\/RS210979_484438999_1041741337978846_1203961111959165265_n-scr.jpg 1200w, https:\/\/semmelweis.hu\/hirek\/files\/2025\/03\/RS210979_484438999_1041741337978846_1203961111959165265_n-scr-400x267.jpg 400w, https:\/\/semmelweis.hu\/hirek\/files\/2025\/03\/RS210979_484438999_1041741337978846_1203961111959165265_n-scr-900x600.jpg 900w, https:\/\/semmelweis.hu\/hirek\/files\/2025\/03\/RS210979_484438999_1041741337978846_1203961111959165265_n-scr-768x512.jpg 768w, https:\/\/semmelweis.hu\/hirek\/files\/2025\/03\/RS210979_484438999_1041741337978846_1203961111959165265_n-scr-753x502.jpg 753w, https:\/\/semmelweis.hu\/hirek\/files\/2025\/03\/RS210979_484438999_1041741337978846_1203961111959165265_n-scr-203x135.jpg 203w\" sizes=\"auto, (max-width: 1200px) 100vw, 1200px\" \/><\/a><\/div>\n<p>\u201eA Semmelweis Egyetem rektorak\u00e9nt k\u00fcl\u00f6n\u00f6sen megtisztel\u0151 feladatomnak \u00e9rzem, hogy a vil\u00e1g egyik legismertebb orvos\u00e1nak nev\u00e9t visel\u0151 egyetemet k\u00e9pviselve itt lehetek. A most felavatott alkot\u00e1s imm\u00e1r a 26. Semmelweis-szobor a vil\u00e1gon, amely a Semmelweis Egyetem t\u00e1mogat\u00e1s\u00e1val val\u00f3sult meg. Ez is jelzi, hogy Semmelweis felfedez\u00e9se, \u00e9let\u00fatj\u00e1nak tanuls\u00e1gai hat\u00e1rokon \u00e1t\u00edvelve a vil\u00e1gon mindenhol \u00f6sszek\u00f6ti azokat, akik \u00e9let\u00fcket a vil\u00e1g legszebb hivat\u00e1s\u00e1nak, az orvos- \u00e9s eg\u00e9szs\u00e9gtudom\u00e1nynak szentelt\u00e9k\u201d \u2013 fogalmazott az esem\u00e9nyen mondott k\u00f6sz\u00f6nt\u0151j\u00e9ben dr. Merkely B\u00e9la. A rektor felh\u00edvta a figyelmet: a most felavatott szobor alkot\u00f3ja, Panumat Kwandee kor\u00e1bban eml\u00e9ket \u00e1ll\u00edtott m\u00e1r egy m\u00e1sik kiemelked\u0151 magyarnak: \u0151 k\u00e9sz\u00edtette azt a X\u00e1ntus J\u00e1nost, a kiv\u00e1l\u00f3 term\u00e9szettud\u00f3st \u00e1br\u00e1zol\u00f3 szobrot, amelyet 2024-ben adtak \u00e1t a bangkoki Suan Phlu Parkban.<\/p>\n<p><a href=\"https:\/\/semmelweis.hu\/hirek\/files\/2025\/03\/RS210961_482984330_1041740994645547_7968461916343458873_n-scr.jpg\"><img loading=\"lazy\" decoding=\"async\" class=\"alignleft size-medium wp-image-151074\" src=\"https:\/\/semmelweis.hu\/hirek\/files\/2025\/03\/RS210961_482984330_1041740994645547_7968461916343458873_n-scr-400x267.jpg\" alt=\"\" width=\"400\" height=\"267\" srcset=\"https:\/\/semmelweis.hu\/hirek\/files\/2025\/03\/RS210961_482984330_1041740994645547_7968461916343458873_n-scr-400x267.jpg 400w, https:\/\/semmelweis.hu\/hirek\/files\/2025\/03\/RS210961_482984330_1041740994645547_7968461916343458873_n-scr-900x600.jpg 900w, https:\/\/semmelweis.hu\/hirek\/files\/2025\/03\/RS210961_482984330_1041740994645547_7968461916343458873_n-scr-768x512.jpg 768w, https:\/\/semmelweis.hu\/hirek\/files\/2025\/03\/RS210961_482984330_1041740994645547_7968461916343458873_n-scr-753x502.jpg 753w, https:\/\/semmelweis.hu\/hirek\/files\/2025\/03\/RS210961_482984330_1041740994645547_7968461916343458873_n-scr-203x135.jpg 203w, https:\/\/semmelweis.hu\/hirek\/files\/2025\/03\/RS210961_482984330_1041740994645547_7968461916343458873_n-scr.jpg 1200w\" sizes=\"auto, (max-width: 400px) 100vw, 400px\" \/><\/a>Dr. Merkely B\u00e9la kiemelte: az egyetem 1969-ben, 200. sz\u00fclet\u00e9snapj\u00e1n vette fel Semmelweis Ign\u00e1c nev\u00e9t, \u00e9s az\u00f3ta is azon munk\u00e1lkodnak, hogy Semmelweis \u00e9s el\u0151deinek \u00f6r\u00f6ks\u00e9g\u00e9t ne csak meg\u0151rizz\u00e9k, de b\u0151v\u00edts\u00e9k is. \u201eMa nincs olyan m\u0171t\u00e9t, amely ne a Semmelweis-f\u00e9le k\u00e9zmos\u00e1ssal kezd\u0151dne. Semmelweis Ign\u00e1c \u00e9let\u00fatja ennek ellen\u00e9re megpr\u00f3b\u00e1ltat\u00e1sokkal terhes volt: felfedez\u00e9s\u00e9t, hogy a megfelel\u0151 k\u00e9zmos\u00e1s hi\u00e1nya okozza a gyermek\u00e1gyi l\u00e1zat, kora orvost\u00e1rsadalma elutas\u00edtotta. Semmelweis azonban kitartott igaza mellett, mert meggy\u0151z\u0151d\u00f6tt r\u00f3la, hogy a tudom\u00e1ny \u0151t igazolja. Ezt tan\u00edtja nek\u00fcnk t\u00f6rt\u00e9nete: hogy soha ne el\u00e9gedj\u00fcnk meg azzal, hogy puszt\u00e1n elv\u00e9gezz\u00fck a k\u00f6telez\u0151 feladatainkat, mindig t\u00f6rekedj\u00fcnk m\u00e9g t\u00f6bbet tenni, m\u00e9g jobban dolgozni. A felmer\u00fcl\u0151 probl\u00e9m\u00e1kat pedig ne megker\u00fclj\u00fck, ink\u00e1bb igyekezz\u00fcnk megoldani azokat\u201d \u2013 mutatott r\u00e1 a rektor. M\u00e1ra a Semmelweis Magyarorsz\u00e1g \u00e9s a k\u00f6z\u00e9p-kelet-eur\u00f3pai r\u00e9gi\u00f3 egyik legjobb egyetem\u00e9nek sz\u00e1m\u00edt, amely a Times Higher Education legfrissebb list\u00e1ja szerint is a vil\u00e1g 300 legjobb fels\u0151oktat\u00e1si int\u00e9zm\u00e9nye k\u00f6z\u00e9 tartozik.<\/p>\n<p><a href=\"https:\/\/semmelweis.hu\/hirek\/files\/2025\/03\/RS210965_482987482_1041741057978874_5887461384470128267_n-scr.jpg\"><img loading=\"lazy\" decoding=\"async\" class=\"alignright size-medium wp-image-151075\" src=\"https:\/\/semmelweis.hu\/hirek\/files\/2025\/03\/RS210965_482987482_1041741057978874_5887461384470128267_n-scr-400x267.jpg\" alt=\"\" width=\"400\" height=\"267\" srcset=\"https:\/\/semmelweis.hu\/hirek\/files\/2025\/03\/RS210965_482987482_1041741057978874_5887461384470128267_n-scr-400x267.jpg 400w, https:\/\/semmelweis.hu\/hirek\/files\/2025\/03\/RS210965_482987482_1041741057978874_5887461384470128267_n-scr-900x600.jpg 900w, https:\/\/semmelweis.hu\/hirek\/files\/2025\/03\/RS210965_482987482_1041741057978874_5887461384470128267_n-scr-768x512.jpg 768w, https:\/\/semmelweis.hu\/hirek\/files\/2025\/03\/RS210965_482987482_1041741057978874_5887461384470128267_n-scr-753x502.jpg 753w, https:\/\/semmelweis.hu\/hirek\/files\/2025\/03\/RS210965_482987482_1041741057978874_5887461384470128267_n-scr-203x135.jpg 203w, https:\/\/semmelweis.hu\/hirek\/files\/2025\/03\/RS210965_482987482_1041741057978874_5887461384470128267_n-scr.jpg 1200w\" sizes=\"auto, (max-width: 400px) 100vw, 400px\" \/><\/a>Sarintip Tantanee, a Naresuan Egyetem eln\u00f6ke megtisztel\u0151 esem\u00e9nyk\u00e9nt jellemezte, hogy a forradalmi felfedez\u00e9s\u00e9vel milli\u00f3k \u00e9let\u00e9t megment\u0151 Semmelweis Ign\u00e1c szobr\u00e1nak az Orvostudom\u00e1nyi Kar kampusza adhat otthont, ezzel is szimboliz\u00e1lva a k\u00e9t fels\u0151oktat\u00e1si int\u00e9zm\u00e9ny k\u00f6z\u00f6tti szoros egy\u00fcttm\u0171k\u00f6d\u00e9st. A szobor megval\u00f3sul\u00e1s\u00e1ban nagy szerepe volt dr. Sipos S\u00e1ndor thaif\u00f6ldi nagyk\u00f6vetnek, akinek ez\u00faton is k\u00f6sz\u00f6ni t\u00e1mogat\u00e1s\u00e1t a Semmelweis Egyetem.<\/p>\n<p>Az esem\u00e9nyre a Semmelweis Egyetem deleg\u00e1ci\u00f3j\u00e1nak thaif\u00f6ldi utaz\u00e1sa keret\u00e9ben ker\u00fclt sor, melyet az egyetem rektora vezetett. Az utaz\u00e1s c\u00e9lja az int\u00e9zm\u00e9ny \u00e9s Semmelweis Ign\u00e1c nemzetk\u00f6zi h\u00edrnev\u00e9nek \u00f6regb\u00edt\u00e9se mellett az volt, hogy tov\u00e1bb er\u0151s\u00edts\u00e9k a magyar-thai kapcsolatokat \u00e9s a k\u00e9t orsz\u00e1g egyetemei k\u00f6z\u00f6tti tudom\u00e1nyos-oktat\u00e1si egy\u00fcttm\u0171k\u00f6d\u00e9st.<\/p>\n\r\n        [slb_exclude]\r\n        <div class=\"row galeria-wrapper mx-0 h-auto\">\r\n            <div class=\"col-9 pl-0 pr-2\">\r\n            <span class=\"gallery-item frame\">\r\n\t\t\t\t<div class=\"galeria-left-img\"><a href=\"https:\/\/semmelweis.hu\/hirek\/files\/2025\/03\/RS210953_482976382_1041740201312293_5014097486856505753_n-scr.jpg\"><img src=https:\/\/semmelweis.hu\/hirek\/files\/2025\/03\/RS210953_482976382_1041740201312293_5014097486856505753_n-scr.jpg  \r\n                            alt=\"\" \r\n                            class=\"attachment-sote-gallery-big size-sote-gallery-big\" \r\n                            srcset=\"https:\/\/semmelweis.hu\/hirek\/files\/2025\/03\/RS210953_482976382_1041740201312293_5014097486856505753_n-scr-400x267.jpg 400w, https:\/\/semmelweis.hu\/hirek\/files\/2025\/03\/RS210953_482976382_1041740201312293_5014097486856505753_n-scr-900x600.jpg 900w, https:\/\/semmelweis.hu\/hirek\/files\/2025\/03\/RS210953_482976382_1041740201312293_5014097486856505753_n-scr-768x512.jpg 768w, https:\/\/semmelweis.hu\/hirek\/files\/2025\/03\/RS210953_482976382_1041740201312293_5014097486856505753_n-scr-753x502.jpg 753w, https:\/\/semmelweis.hu\/hirek\/files\/2025\/03\/RS210953_482976382_1041740201312293_5014097486856505753_n-scr-203x135.jpg 203w, https:\/\/semmelweis.hu\/hirek\/files\/2025\/03\/RS210953_482976382_1041740201312293_5014097486856505753_n-scr.jpg 1200w\" ><\/a><\/div>\r\n            <\/span>\r\n\r\n            <\/div>\r\n\r\n\t\t\t<div class=\"col-3 pl-0 pr-0\">\r\n\t\t\t\t<div class=\"galeria-right-img d-flex justify-content-between flex-column h-100 w-100 px-0 mx-0 \">\r\n                <div class=\"galeria-box\">\r\n\t\t\t\t\t<h3 class=\"galeria-title\">Gal\u00e9ria<\/h3>\r\n\t\t\t\t\t<div class=\"galeria-subtitle\">\r\n\r\n\t\t\t\t\t\t<div class=\"galeria-page-counter\"><span>5<\/span>k\u00e9p<\/div>\r\n                    <\/div> <\/div>\r\n                    <span class=\"gallery-item frame d-none d-md-flex\">\r\n\t\t\t\t\t<div class=\"galeria-small-img mt-0\"><a href=\"https:\/\/semmelweis.hu\/hirek\/files\/2025\/03\/RS210949_482974358_1041741727978807_4794020028730195859_n-scr.jpg\"><img src=https:\/\/semmelweis.hu\/hirek\/files\/2025\/03\/RS210949_482974358_1041741727978807_4794020028730195859_n-scr.jpg \r\n                                alt=\"\"  \r\n                                class=\"attachment-sote-gallery-small size-sote-gallery-small\" \r\n                                srcset=\"https:\/\/semmelweis.hu\/hirek\/files\/2025\/03\/RS210949_482974358_1041741727978807_4794020028730195859_n-scr-400x267.jpg 400w, https:\/\/semmelweis.hu\/hirek\/files\/2025\/03\/RS210949_482974358_1041741727978807_4794020028730195859_n-scr-900x600.jpg 900w, https:\/\/semmelweis.hu\/hirek\/files\/2025\/03\/RS210949_482974358_1041741727978807_4794020028730195859_n-scr-768x512.jpg 768w, https:\/\/semmelweis.hu\/hirek\/files\/2025\/03\/RS210949_482974358_1041741727978807_4794020028730195859_n-scr-753x502.jpg 753w, https:\/\/semmelweis.hu\/hirek\/files\/2025\/03\/RS210949_482974358_1041741727978807_4794020028730195859_n-scr-203x135.jpg 203w, https:\/\/semmelweis.hu\/hirek\/files\/2025\/03\/RS210949_482974358_1041741727978807_4794020028730195859_n-scr.jpg 1200w\" ><\/a><\/div>\r\n                    <\/span>\r\n                    <span class=\"gallery-item frame d-none d-md-flex\">\r\n\t\t\t\t\t<div class=\"galeria-small-img mt-0\"><a href=\"https:\/\/semmelweis.hu\/hirek\/files\/2025\/03\/RS210959_482981580_1041740087978971_4558227908847321145_n-4-scr.jpg\"><img src=https:\/\/semmelweis.hu\/hirek\/files\/2025\/03\/RS210959_482981580_1041740087978971_4558227908847321145_n-4-scr.jpg \r\n                                alt=\"\" \r\n                                class=\"attachment-sote-gallery-small size-sote-gallery-small\" \r\n                                srcset=\"https:\/\/semmelweis.hu\/hirek\/files\/2025\/03\/RS210959_482981580_1041740087978971_4558227908847321145_n-4-scr-400x267.jpg 400w, https:\/\/semmelweis.hu\/hirek\/files\/2025\/03\/RS210959_482981580_1041740087978971_4558227908847321145_n-4-scr-900x600.jpg 900w, https:\/\/semmelweis.hu\/hirek\/files\/2025\/03\/RS210959_482981580_1041740087978971_4558227908847321145_n-4-scr-768x512.jpg 768w, https:\/\/semmelweis.hu\/hirek\/files\/2025\/03\/RS210959_482981580_1041740087978971_4558227908847321145_n-4-scr-753x502.jpg 753w, https:\/\/semmelweis.hu\/hirek\/files\/2025\/03\/RS210959_482981580_1041740087978971_4558227908847321145_n-4-scr-203x135.jpg 203w, https:\/\/semmelweis.hu\/hirek\/files\/2025\/03\/RS210959_482981580_1041740087978971_4558227908847321145_n-4-scr.jpg 1200w\" ><\/a><\/div>\r\n                    <\/span>\r\n\r\n                <\/div>\r\n\r\n            <\/div>\r\n\r\n            <span class=\"gallery-item\"><div class=\"hidden\"><a href=\"https:\/\/semmelweis.hu\/hirek\/files\/2025\/03\/RS210946_482960531_1041740704645576_2368510327993177855_n-scr.jpg\">\r\n        <img src=https:\/\/semmelweis.hu\/hirek\/files\/2025\/03\/RS210946_482960531_1041740704645576_2368510327993177855_n-scr.jpg alt=\"\" class=\"attachment-sote-gallery-big size-sote-gallery-big\" srcset=\"https:\/\/semmelweis.hu\/hirek\/files\/2025\/03\/RS210946_482960531_1041740704645576_2368510327993177855_n-scr-400x267.jpg 400w, https:\/\/semmelweis.hu\/hirek\/files\/2025\/03\/RS210946_482960531_1041740704645576_2368510327993177855_n-scr-900x600.jpg 900w, https:\/\/semmelweis.hu\/hirek\/files\/2025\/03\/RS210946_482960531_1041740704645576_2368510327993177855_n-scr-768x512.jpg 768w, https:\/\/semmelweis.hu\/hirek\/files\/2025\/03\/RS210946_482960531_1041740704645576_2368510327993177855_n-scr-753x502.jpg 753w, https:\/\/semmelweis.hu\/hirek\/files\/2025\/03\/RS210946_482960531_1041740704645576_2368510327993177855_n-scr-203x135.jpg 203w, https:\/\/semmelweis.hu\/hirek\/files\/2025\/03\/RS210946_482960531_1041740704645576_2368510327993177855_n-scr.jpg 1200w\" >\r\n        <\/a><\/div><\/span><span class=\"gallery-item\"><div class=\"hidden\"><a href=\"https:\/\/semmelweis.hu\/hirek\/files\/2025\/03\/RS210945_482960051_1041741094645537_7896637466222164419_n-scr.jpg\">\r\n        <img src=https:\/\/semmelweis.hu\/hirek\/files\/2025\/03\/RS210945_482960051_1041741094645537_7896637466222164419_n-scr.jpg alt=\"\" class=\"attachment-sote-gallery-big size-sote-gallery-big\" srcset=\"https:\/\/semmelweis.hu\/hirek\/files\/2025\/03\/RS210945_482960051_1041741094645537_7896637466222164419_n-scr-400x267.jpg 400w, https:\/\/semmelweis.hu\/hirek\/files\/2025\/03\/RS210945_482960051_1041741094645537_7896637466222164419_n-scr-900x600.jpg 900w, https:\/\/semmelweis.hu\/hirek\/files\/2025\/03\/RS210945_482960051_1041741094645537_7896637466222164419_n-scr-768x512.jpg 768w, https:\/\/semmelweis.hu\/hirek\/files\/2025\/03\/RS210945_482960051_1041741094645537_7896637466222164419_n-scr-753x502.jpg 753w, https:\/\/semmelweis.hu\/hirek\/files\/2025\/03\/RS210945_482960051_1041741094645537_7896637466222164419_n-scr-203x135.jpg 203w, https:\/\/semmelweis.hu\/hirek\/files\/2025\/03\/RS210945_482960051_1041741094645537_7896637466222164419_n-scr.jpg 1200w\" >\r\n        <\/a><\/div><\/span>\r\n            <\/div>\r\n\r\n            [\/slb_exclude]\r\n\t\n<div class=\"fontos_div\">\n<p>A 3 napos szakmai \u00fat keret\u00e9ben a k\u00fcld\u00f6tts\u00e9g k\u00e9t egyetemet l\u00e1togatott meg: a Mahidol \u00e9s a Naresuan Egyetemeket, ahol dr. Merkely B\u00e9la t\u00f6bb el\u0151ad\u00e1st tartott a Semmelweis Egyetemr\u0151l, valamint sz\u0171kebb szakm\u00e1ja, a magyar kardiol\u00f3gia fejl\u0151d\u00e9s\u00e9r\u0151l.<\/p>\n<\/div>\n<p>M\u00edg az el\u0151bbi int\u00e9zm\u00e9nyben al\u00e1\u00edrt\u00e1k a k\u00e9t egyetem k\u00f6z\u00f6tti egy\u00fcttm\u0171k\u00f6d\u00e9si meg\u00e1llapod\u00e1st, az ut\u00f3bbin\u00e1l az \u00fcnnep\u00e9lyes szoboravat\u00e1s mellett a nap tov\u00e1bbi r\u00e9sz\u00e9ben az egyetemi vezet\u0151k \u00e9s a magyar deleg\u00e1ci\u00f3 tagjai egyeztettek a tov\u00e1bbi egy\u00fcttm\u0171k\u00f6d\u00e9si lehet\u0151s\u00e9gekr\u0151l is. A l\u00e1togat\u00e1s sor\u00e1n a Semmelweis Ign\u00e1c \u00e9let\u00e9r\u0151l sz\u00f3l\u00f3 nagysiker\u0171 filmet is levet\u00edtett\u00e9k a k\u00e9t egyetemen a hallgat\u00f3k \u00e9s oktat\u00f3k sz\u00e1m\u00e1ra, akik ez\u00e1ltal megismerhett\u00e9k Semmelweis felfedez\u00e9s\u00e9t a gyermek\u00e1gyi l\u00e1z ok\u00e1r\u00f3l \u00e9s megel\u0151z\u00e9s\u00e9r\u0151l<strong>.<\/strong><\/p>\n<p>A Thaif\u00f6ld \u00e9szaki r\u00e9sz\u00e9n tal\u00e1lhat\u00f3, \u00e1llami Naresuan Egyetemet 1990-ben alap\u00edtott\u00e1k, Naresuan kir\u00e1ly tr\u00f3nra l\u00e9p\u00e9s\u00e9nek 400. \u00e9vfordul\u00f3ja alkalm\u00e1b\u00f3l, akir\u0151l az egyetem a nev\u00e9t is kapta. 16 kar\u00e1n k\u00f6zel 20 ezer hallgat\u00f3 tanul. Az int\u00e9zm\u00e9ny k\u00e9pvisel\u0151i 2016-ban tettek l\u00e1togat\u00e1st Budapestre, ahol dr. Merkely B\u00e9la akkor m\u00e9g rektorhelyettesk\u00e9nt fogadta \u0151ket. 2021-ben m\u00e1r a Naresuan Egyetem n\u00e9gy hallgat\u00f3ja szerezte meg tudom\u00e1nyos fokozat\u00e1t a Semmelweis Egyetemen.<\/p>\n\r\n        [slb_exclude]\r\n        <div class=\"row galeria-wrapper mx-0 h-auto\">\r\n            <div class=\"col-9 pl-0 pr-2\">\r\n            <span class=\"gallery-item frame\">\r\n\t\t\t\t<div class=\"galeria-left-img\"><a href=\"https:\/\/semmelweis.hu\/hirek\/files\/2025\/03\/DSC03372.jpg\"><img src=https:\/\/semmelweis.hu\/hirek\/files\/2025\/03\/DSC03372.jpg  \r\n                            alt=\"\" \r\n                            class=\"attachment-sote-gallery-big size-sote-gallery-big\" \r\n                            srcset=\"https:\/\/semmelweis.hu\/hirek\/files\/2025\/03\/DSC03372-400x267.jpg 400w, https:\/\/semmelweis.hu\/hirek\/files\/2025\/03\/DSC03372-900x600.jpg 900w, https:\/\/semmelweis.hu\/hirek\/files\/2025\/03\/DSC03372-768x512.jpg 768w, https:\/\/semmelweis.hu\/hirek\/files\/2025\/03\/DSC03372-1536x1024.jpg 1536w, https:\/\/semmelweis.hu\/hirek\/files\/2025\/03\/DSC03372-753x502.jpg 753w, https:\/\/semmelweis.hu\/hirek\/files\/2025\/03\/DSC03372-203x135.jpg 203w, https:\/\/semmelweis.hu\/hirek\/files\/2025\/03\/DSC03372.jpg 2048w\" ><\/a><\/div>\r\n            <\/span>\r\n\r\n            <\/div>\r\n\r\n\t\t\t<div class=\"col-3 pl-0 pr-0\">\r\n\t\t\t\t<div class=\"galeria-right-img d-flex justify-content-between flex-column h-100 w-100 px-0 mx-0 \">\r\n                <div class=\"galeria-box\">\r\n\t\t\t\t\t<h3 class=\"galeria-title\">Gal\u00e9ria<\/h3>\r\n\t\t\t\t\t<div class=\"galeria-subtitle\">\r\n\r\n\t\t\t\t\t\t<div class=\"galeria-page-counter\"><span>13<\/span>k\u00e9p<\/div>\r\n                    <\/div> <\/div>\r\n                    <span class=\"gallery-item frame d-none d-md-flex\">\r\n\t\t\t\t\t<div class=\"galeria-small-img mt-0\"><a href=\"https:\/\/semmelweis.hu\/hirek\/files\/2025\/03\/DSC03364.jpg\"><img src=https:\/\/semmelweis.hu\/hirek\/files\/2025\/03\/DSC03364.jpg \r\n                                alt=\"\"  \r\n                                class=\"attachment-sote-gallery-small size-sote-gallery-small\" \r\n                                srcset=\"https:\/\/semmelweis.hu\/hirek\/files\/2025\/03\/DSC03364-400x267.jpg 400w, https:\/\/semmelweis.hu\/hirek\/files\/2025\/03\/DSC03364-900x600.jpg 900w, https:\/\/semmelweis.hu\/hirek\/files\/2025\/03\/DSC03364-768x512.jpg 768w, https:\/\/semmelweis.hu\/hirek\/files\/2025\/03\/DSC03364-1536x1024.jpg 1536w, https:\/\/semmelweis.hu\/hirek\/files\/2025\/03\/DSC03364-753x502.jpg 753w, https:\/\/semmelweis.hu\/hirek\/files\/2025\/03\/DSC03364-203x135.jpg 203w, https:\/\/semmelweis.hu\/hirek\/files\/2025\/03\/DSC03364.jpg 2048w\" ><\/a><\/div>\r\n                    <\/span>\r\n                    <span class=\"gallery-item frame d-none d-md-flex\">\r\n\t\t\t\t\t<div class=\"galeria-small-img mt-0\"><a href=\"https:\/\/semmelweis.hu\/hirek\/files\/2025\/03\/DSC03237.jpg\"><img src=https:\/\/semmelweis.hu\/hirek\/files\/2025\/03\/DSC03237.jpg \r\n                                alt=\"\" \r\n                                class=\"attachment-sote-gallery-small size-sote-gallery-small\" \r\n                                srcset=\"https:\/\/semmelweis.hu\/hirek\/files\/2025\/03\/DSC03237-400x267.jpg 400w, https:\/\/semmelweis.hu\/hirek\/files\/2025\/03\/DSC03237-900x600.jpg 900w, https:\/\/semmelweis.hu\/hirek\/files\/2025\/03\/DSC03237-768x512.jpg 768w, https:\/\/semmelweis.hu\/hirek\/files\/2025\/03\/DSC03237-1536x1024.jpg 1536w, https:\/\/semmelweis.hu\/hirek\/files\/2025\/03\/DSC03237-753x502.jpg 753w, https:\/\/semmelweis.hu\/hirek\/files\/2025\/03\/DSC03237-203x135.jpg 203w, https:\/\/semmelweis.hu\/hirek\/files\/2025\/03\/DSC03237.jpg 2048w\" ><\/a><\/div>\r\n                    <\/span>\r\n\r\n                <\/div>\r\n\r\n            <\/div>\r\n\r\n            <span class=\"gallery-item\"><div class=\"hidden\"><a href=\"https:\/\/semmelweis.hu\/hirek\/files\/2025\/03\/DSC03265.jpg\">\r\n        <img src=https:\/\/semmelweis.hu\/hirek\/files\/2025\/03\/DSC03265.jpg alt=\"\" class=\"attachment-sote-gallery-big size-sote-gallery-big\" srcset=\"https:\/\/semmelweis.hu\/hirek\/files\/2025\/03\/DSC03265-400x267.jpg 400w, https:\/\/semmelweis.hu\/hirek\/files\/2025\/03\/DSC03265-900x600.jpg 900w, https:\/\/semmelweis.hu\/hirek\/files\/2025\/03\/DSC03265-768x512.jpg 768w, https:\/\/semmelweis.hu\/hirek\/files\/2025\/03\/DSC03265-1536x1024.jpg 1536w, https:\/\/semmelweis.hu\/hirek\/files\/2025\/03\/DSC03265-753x502.jpg 753w, https:\/\/semmelweis.hu\/hirek\/files\/2025\/03\/DSC03265-203x135.jpg 203w, https:\/\/semmelweis.hu\/hirek\/files\/2025\/03\/DSC03265.jpg 2048w\" >\r\n        <\/a><\/div><\/span><span class=\"gallery-item\"><div class=\"hidden\"><a href=\"https:\/\/semmelweis.hu\/hirek\/files\/2025\/03\/DSC03274.jpg\">\r\n        <img src=https:\/\/semmelweis.hu\/hirek\/files\/2025\/03\/DSC03274.jpg alt=\"\" class=\"attachment-sote-gallery-big size-sote-gallery-big\" srcset=\"https:\/\/semmelweis.hu\/hirek\/files\/2025\/03\/DSC03274-400x267.jpg 400w, https:\/\/semmelweis.hu\/hirek\/files\/2025\/03\/DSC03274-900x600.jpg 900w, https:\/\/semmelweis.hu\/hirek\/files\/2025\/03\/DSC03274-768x512.jpg 768w, https:\/\/semmelweis.hu\/hirek\/files\/2025\/03\/DSC03274-1536x1024.jpg 1536w, https:\/\/semmelweis.hu\/hirek\/files\/2025\/03\/DSC03274-753x502.jpg 753w, https:\/\/semmelweis.hu\/hirek\/files\/2025\/03\/DSC03274-203x135.jpg 203w, https:\/\/semmelweis.hu\/hirek\/files\/2025\/03\/DSC03274.jpg 2048w\" >\r\n        <\/a><\/div><\/span><span class=\"gallery-item\"><div class=\"hidden\"><a href=\"https:\/\/semmelweis.hu\/hirek\/files\/2025\/03\/DSC03277.jpg\">\r\n        <img src=https:\/\/semmelweis.hu\/hirek\/files\/2025\/03\/DSC03277.jpg alt=\"\" class=\"attachment-sote-gallery-big size-sote-gallery-big\" srcset=\"https:\/\/semmelweis.hu\/hirek\/files\/2025\/03\/DSC03277-400x267.jpg 400w, https:\/\/semmelweis.hu\/hirek\/files\/2025\/03\/DSC03277-900x600.jpg 900w, https:\/\/semmelweis.hu\/hirek\/files\/2025\/03\/DSC03277-768x512.jpg 768w, https:\/\/semmelweis.hu\/hirek\/files\/2025\/03\/DSC03277-1536x1024.jpg 1536w, https:\/\/semmelweis.hu\/hirek\/files\/2025\/03\/DSC03277-753x502.jpg 753w, https:\/\/semmelweis.hu\/hirek\/files\/2025\/03\/DSC03277-203x135.jpg 203w, https:\/\/semmelweis.hu\/hirek\/files\/2025\/03\/DSC03277.jpg 2048w\" >\r\n        <\/a><\/div><\/span><span class=\"gallery-item\"><div class=\"hidden\"><a href=\"https:\/\/semmelweis.hu\/hirek\/files\/2025\/03\/DSC03322.jpg\">\r\n        <img src=https:\/\/semmelweis.hu\/hirek\/files\/2025\/03\/DSC03322.jpg alt=\"\" class=\"attachment-sote-gallery-big size-sote-gallery-big\" srcset=\"https:\/\/semmelweis.hu\/hirek\/files\/2025\/03\/DSC03322-400x267.jpg 400w, https:\/\/semmelweis.hu\/hirek\/files\/2025\/03\/DSC03322-900x600.jpg 900w, https:\/\/semmelweis.hu\/hirek\/files\/2025\/03\/DSC03322-768x512.jpg 768w, https:\/\/semmelweis.hu\/hirek\/files\/2025\/03\/DSC03322-1536x1024.jpg 1536w, https:\/\/semmelweis.hu\/hirek\/files\/2025\/03\/DSC03322-753x502.jpg 753w, https:\/\/semmelweis.hu\/hirek\/files\/2025\/03\/DSC03322-203x135.jpg 203w, https:\/\/semmelweis.hu\/hirek\/files\/2025\/03\/DSC03322.jpg 2048w\" >\r\n        <\/a><\/div><\/span><span class=\"gallery-item\"><div class=\"hidden\"><a href=\"https:\/\/semmelweis.hu\/hirek\/files\/2025\/03\/DSC03341.jpg\">\r\n        <img src=https:\/\/semmelweis.hu\/hirek\/files\/2025\/03\/DSC03341.jpg alt=\"\" class=\"attachment-sote-gallery-big size-sote-gallery-big\" srcset=\"https:\/\/semmelweis.hu\/hirek\/files\/2025\/03\/DSC03341-400x267.jpg 400w, https:\/\/semmelweis.hu\/hirek\/files\/2025\/03\/DSC03341-900x600.jpg 900w, https:\/\/semmelweis.hu\/hirek\/files\/2025\/03\/DSC03341-768x512.jpg 768w, https:\/\/semmelweis.hu\/hirek\/files\/2025\/03\/DSC03341-1536x1024.jpg 1536w, https:\/\/semmelweis.hu\/hirek\/files\/2025\/03\/DSC03341-753x502.jpg 753w, https:\/\/semmelweis.hu\/hirek\/files\/2025\/03\/DSC03341-203x135.jpg 203w, https:\/\/semmelweis.hu\/hirek\/files\/2025\/03\/DSC03341.jpg 2048w\" >\r\n        <\/a><\/div><\/span><span class=\"gallery-item\"><div class=\"hidden\"><a href=\"https:\/\/semmelweis.hu\/hirek\/files\/2025\/03\/DSC03402.jpg\">\r\n        <img src=https:\/\/semmelweis.hu\/hirek\/files\/2025\/03\/DSC03402.jpg alt=\"\" class=\"attachment-sote-gallery-big size-sote-gallery-big\" srcset=\"https:\/\/semmelweis.hu\/hirek\/files\/2025\/03\/DSC03402-400x267.jpg 400w, https:\/\/semmelweis.hu\/hirek\/files\/2025\/03\/DSC03402-900x600.jpg 900w, https:\/\/semmelweis.hu\/hirek\/files\/2025\/03\/DSC03402-768x512.jpg 768w, https:\/\/semmelweis.hu\/hirek\/files\/2025\/03\/DSC03402-1536x1024.jpg 1536w, https:\/\/semmelweis.hu\/hirek\/files\/2025\/03\/DSC03402-753x502.jpg 753w, https:\/\/semmelweis.hu\/hirek\/files\/2025\/03\/DSC03402-203x135.jpg 203w, https:\/\/semmelweis.hu\/hirek\/files\/2025\/03\/DSC03402.jpg 2048w\" >\r\n        <\/a><\/div><\/span><span class=\"gallery-item\"><div class=\"hidden\"><a href=\"https:\/\/semmelweis.hu\/hirek\/files\/2025\/03\/DSC03411.jpg\">\r\n        <img src=https:\/\/semmelweis.hu\/hirek\/files\/2025\/03\/DSC03411.jpg alt=\"\" class=\"attachment-sote-gallery-big size-sote-gallery-big\" srcset=\"https:\/\/semmelweis.hu\/hirek\/files\/2025\/03\/DSC03411-400x267.jpg 400w, https:\/\/semmelweis.hu\/hirek\/files\/2025\/03\/DSC03411-900x600.jpg 900w, https:\/\/semmelweis.hu\/hirek\/files\/2025\/03\/DSC03411-768x512.jpg 768w, https:\/\/semmelweis.hu\/hirek\/files\/2025\/03\/DSC03411-1536x1024.jpg 1536w, https:\/\/semmelweis.hu\/hirek\/files\/2025\/03\/DSC03411-753x502.jpg 753w, https:\/\/semmelweis.hu\/hirek\/files\/2025\/03\/DSC03411-203x135.jpg 203w, https:\/\/semmelweis.hu\/hirek\/files\/2025\/03\/DSC03411.jpg 2048w\" >\r\n        <\/a><\/div><\/span><span class=\"gallery-item\"><div class=\"hidden\"><a href=\"https:\/\/semmelweis.hu\/hirek\/files\/2025\/03\/DSC03420.jpg\">\r\n        <img src=https:\/\/semmelweis.hu\/hirek\/files\/2025\/03\/DSC03420.jpg alt=\"\" class=\"attachment-sote-gallery-big size-sote-gallery-big\" srcset=\"https:\/\/semmelweis.hu\/hirek\/files\/2025\/03\/DSC03420-400x267.jpg 400w, https:\/\/semmelweis.hu\/hirek\/files\/2025\/03\/DSC03420-900x600.jpg 900w, https:\/\/semmelweis.hu\/hirek\/files\/2025\/03\/DSC03420-768x512.jpg 768w, https:\/\/semmelweis.hu\/hirek\/files\/2025\/03\/DSC03420-1536x1024.jpg 1536w, https:\/\/semmelweis.hu\/hirek\/files\/2025\/03\/DSC03420-753x502.jpg 753w, https:\/\/semmelweis.hu\/hirek\/files\/2025\/03\/DSC03420-203x135.jpg 203w, https:\/\/semmelweis.hu\/hirek\/files\/2025\/03\/DSC03420.jpg 2048w\" >\r\n        <\/a><\/div><\/span><span class=\"gallery-item\"><div class=\"hidden\"><a href=\"https:\/\/semmelweis.hu\/hirek\/files\/2025\/03\/DSC03493.jpg\">\r\n        <img src=https:\/\/semmelweis.hu\/hirek\/files\/2025\/03\/DSC03493.jpg alt=\"\" class=\"attachment-sote-gallery-big size-sote-gallery-big\" srcset=\"https:\/\/semmelweis.hu\/hirek\/files\/2025\/03\/DSC03493-400x267.jpg 400w, https:\/\/semmelweis.hu\/hirek\/files\/2025\/03\/DSC03493-900x600.jpg 900w, https:\/\/semmelweis.hu\/hirek\/files\/2025\/03\/DSC03493-768x512.jpg 768w, https:\/\/semmelweis.hu\/hirek\/files\/2025\/03\/DSC03493-1536x1024.jpg 1536w, https:\/\/semmelweis.hu\/hirek\/files\/2025\/03\/DSC03493-753x502.jpg 753w, https:\/\/semmelweis.hu\/hirek\/files\/2025\/03\/DSC03493-203x135.jpg 203w, https:\/\/semmelweis.hu\/hirek\/files\/2025\/03\/DSC03493.jpg 2048w\" >\r\n        <\/a><\/div><\/span><span class=\"gallery-item\"><div class=\"hidden\"><a href=\"https:\/\/semmelweis.hu\/hirek\/files\/2025\/03\/DSC03207.jpg\">\r\n        <img src=https:\/\/semmelweis.hu\/hirek\/files\/2025\/03\/DSC03207.jpg alt=\"\" class=\"attachment-sote-gallery-big size-sote-gallery-big\" srcset=\"https:\/\/semmelweis.hu\/hirek\/files\/2025\/03\/DSC03207-400x267.jpg 400w, https:\/\/semmelweis.hu\/hirek\/files\/2025\/03\/DSC03207-900x600.jpg 900w, https:\/\/semmelweis.hu\/hirek\/files\/2025\/03\/DSC03207-768x512.jpg 768w, https:\/\/semmelweis.hu\/hirek\/files\/2025\/03\/DSC03207-1536x1024.jpg 1536w, https:\/\/semmelweis.hu\/hirek\/files\/2025\/03\/DSC03207-753x502.jpg 753w, https:\/\/semmelweis.hu\/hirek\/files\/2025\/03\/DSC03207-203x135.jpg 203w, https:\/\/semmelweis.hu\/hirek\/files\/2025\/03\/DSC03207.jpg 2048w\" >\r\n        <\/a><\/div><\/span>\r\n            <\/div>\r\n\r\n            [\/slb_exclude]\r\n\t\n<p>Semmelweis Ign\u00e1c sz\u00fclet\u00e9s\u00e9nek 200. \u00e9vfordul\u00f3ja alkalm\u00e1b\u00f3l 2018-ban a Semmelweis Egyetem \u00fagy d\u00f6nt\u00f6tt, hogy a vil\u00e1g egyik legismertebb orvos\u00e1t, az \u201eany\u00e1k megment\u0151j\u00e9t\u201d \u00e1br\u00e1zol\u00f3 szobrokat adom\u00e1nyoz k\u00fcl\u00f6nb\u00f6z\u0151 orvosegyetemeknek. Magyarorsz\u00e1gon t\u00f6bb Semmelweis-szobor tal\u00e1lhat\u00f3, t\u00f6bbek k\u00f6z\u00f6tt a nev\u00e9t visel\u0151 egyetem \u00dcll\u0151i \u00fati \u00e9p\u00fclett\u00f6mbj\u00e9nek udvar\u00e1n Budapesten, Miskolcon vagy Kiskunhalason. A projektnek k\u00f6sz\u00f6nhet\u0151en imm\u00e1r haz\u00e1nkon k\u00edv\u00fcl \u00f6sszesen n\u00e9gy kontinensen, olyan v\u00e1rosokban is szobra \u00e1ll Semmelweisnek, mint Toki\u00f3, Los Angeles, Teher\u00e1n vagy B\u00e9cs. A thaif\u00f6ldi szoboravat\u00e1st megel\u0151z\u0151en legut\u00f3bb az olaszorsz\u00e1gi Perugi\u00e1ban, a londoni Queen Mary Egyetem orvostudom\u00e1nyi kar\u00e1n, valamint a Szingap\u00fari Nemzeti Egyetemen (NUS) \u00e1ll\u00edtottak hasonl\u00f3 m\u00f3don eml\u00e9ket Semmelweis Ign\u00e1cnak. A k\u00f6vetkez\u0151 szobrot id\u00e9n j\u00faniusban avatja Firenz\u00e9ben a Semmelweis Egyetem.<\/p>\n<p>Szab\u00f3 \u00c1d\u00e1m, Szabados-D\u0151tsch Judit<br \/>\nFot\u00f3: Naresuan Egyetem; Mahidol Egyetem<\/p>\n","protected":false},"excerpt":{"rendered":"<p>A szoboravat\u00e1s a Semmelweis Egyetem-k\u00fcld\u00f6tts\u00e9g thaif\u00f6ldi l\u00e1togat\u00e1s\u00e1nak kiemelt esem\u00e9nye volt.<\/p>\n","protected":false},"author":101751,"featured_media":151072,"comment_status":"closed","ping_status":"closed","sticky":false,"template":"","format":"standard","meta":{"_acf_changed":false,"footnotes":""},"categories":[157,168],"tags":[2836,3439],"class_list":["post-151071","post","type-post","status-publish","format-standard","has-post-thumbnail","hentry","category-semmelweis-vilag","category-kiemelt","tag-nemzetkozi-kapcsolatok","tag-partnerseg"],"acf":[],"_links":{"self":[{"href":"https:\/\/semmelweis.hu\/hirek\/wp-json\/wp\/v2\/posts\/151071","targetHints":{"allow":["GET"]}}],"collection":[{"href":"https:\/\/semmelweis.hu\/hirek\/wp-json\/wp\/v2\/posts"}],"about":[{"href":"https:\/\/semmelweis.hu\/hirek\/wp-json\/wp\/v2\/types\/post"}],"author":[{"embeddable":true,"href":"https:\/\/semmelweis.hu\/hirek\/wp-json\/wp\/v2\/users\/101751"}],"replies":[{"embeddable":true,"href":"https:\/\/semmelweis.hu\/hirek\/wp-json\/wp\/v2\/comments?post=151071"}],"version-history":[{"count":11,"href":"https:\/\/semmelweis.hu\/hirek\/wp-json\/wp\/v2\/posts\/151071\/revisions"}],"predecessor-version":[{"id":154194,"href":"https:\/\/semmelweis.hu\/hirek\/wp-json\/wp\/v2\/posts\/151071\/revisions\/154194"}],"wp:featuredmedia":[{"embeddable":true,"href":"https:\/\/semmelweis.hu\/hirek\/wp-json\/wp\/v2\/media\/151072"}],"wp:attachment":[{"href":"https:\/\/semmelweis.hu\/hirek\/wp-json\/wp\/v2\/media?parent=151071"}],"wp:term":[{"taxonomy":"category","embeddable":true,"href":"https:\/\/semmelweis.hu\/hirek\/wp-json\/wp\/v2\/categories?post=151071"},{"taxonomy":"post_tag","embeddable":true,"href":"https:\/\/semmelweis.hu\/hirek\/wp-json\/wp\/v2\/tags?post=151071"}],"curies":[{"name":"wp","href":"https:\/\/api.w.org\/{rel}","templated":true}]}}