{"id":150718,"date":"2025-03-07T06:50:11","date_gmt":"2025-03-07T05:50:11","guid":{"rendered":"https:\/\/semmelweis.hu\/hirek\/?p=150718"},"modified":"2025-03-31T12:06:23","modified_gmt":"2025-03-31T10:06:23","slug":"tajekoztatas-a-latogatasi-korlatozas-visszavonasarol","status":"publish","type":"post","link":"https:\/\/semmelweis.hu\/hirek\/2025\/03\/07\/tajekoztatas-a-latogatasi-korlatozas-visszavonasarol\/","title":{"rendered":"T\u00e1j\u00e9koztat\u00e1s a l\u00e1togat\u00e1si korl\u00e1toz\u00e1s visszavon\u00e1s\u00e1r\u00f3l"},"content":{"rendered":"<div class=\"lead\">2025. m\u00e1rcius 5-\u00e9n az egyetem betegell\u00e1t\u00f3 egys\u00e9geinek l\u00e1togat\u00e1si korl\u00e1toz\u00e1s\u00e1t \u00e1ltal\u00e1nos jelleggel visszavont\u00e1k, n\u00e9h\u00e1ny egys\u00e9gben azonban az tov\u00e1bbra is \u00e9rv\u00e9nyben marad. A k\u00f6telez\u0151 maszkhaszn\u00e1lat tov\u00e1bbra is fennmarad.<\/div>\n<p>KKE\/2\/2025. (III.05.) sz\u00e1m\u00fa utas\u00edt\u00e1s \u00e9rtelm\u00e9ben a Klinikai K\u00f6zpont eln\u00f6ke az egyetem betegell\u00e1t\u00f3 egys\u00e9geiben \u00e9rv\u00e9nyes l\u00e1togat\u00e1si korl\u00e1toz\u00e1st \u00e1ltal\u00e1nos jelleggel visszavonta.<br \/>\nA l\u00e1togat\u00e1si korl\u00e1toz\u00e1s azonban az al\u00e1bbi esetekben tov\u00e1bbra is \u00e9rv\u00e9nyben marad:<\/p>\n<ul>\n<li>transzplant\u00e1lt betegeket ell\u00e1t\u00f3 szervezeti egys\u00e9gekben;<\/li>\n<li>a gyermekell\u00e1t\u00e1st v\u00e9gz\u0151 szervezeti egys\u00e9gekben;<\/li>\n<li>azokon az oszt\u00e1lyokon, ahol influenz\u00e1s vagy egy\u00e9b fert\u0151z\u0151 l\u00e9g\u00fati betegs\u00e9gben szenved\u0151 betegek ell\u00e1t\u00e1sa folyik.<\/li>\n<\/ul>\n<p>A l\u00e1togat\u00e1si korl\u00e1toz\u00e1s al\u00f3l tov\u00e1bbra is kiv\u00e9telt k\u00e9peznek\/k\u00e9pezhetnek az al\u00e1bbi helyzetek:<\/p>\n<ul>\n<li>\u00e9letvesz\u00e9lyes \u00e1llapot\u00fa vagy \u00e9letv\u00e9gi ell\u00e1t\u00e1sban r\u00e9szes\u00fcl\u0151 betegeket l\u00e1togathatnak hozz\u00e1tartoz\u00f3k, el\u0151zetes klinikavezet\u0151i enged\u00e9ly alapj\u00e1n;<\/li>\n<li>kiskor\u00fa betegek sz\u00fclei vagy t\u00f6rv\u00e9nyes k\u00e9pvisel\u0151i k\u00f6z\u00fcl egy sz\u00fcl\u0151, t\u00f6rv\u00e9nyes k\u00e9pvisel\u0151 folyamatosan a gyermek mellett tart\u00f3zkodhat;<\/li>\n<li>Neonat\u00e1lis Intenz\u00edv Centrumokban (NIC\/PIC) fekv\u0151 \u00fajsz\u00fcl\u00f6ttj\u00e9t megl\u00e1togathatja az \u00e9desanya, \u00e9s a sz\u00fcl\u00e9szeti r\u00e9szlegeken a vaj\u00fad\u00e1s \u00e9s sz\u00fcl\u00e9s idej\u00e9n jelen lehet az apa;<\/li>\n<li>valamint egy\u00e9b k\u00fcl\u00f6nleges esetekben is adhat enged\u00e9lyt a betegell\u00e1t\u00f3 szervezeti egys\u00e9g vezet\u0151je.<\/li>\n<\/ul>\n<p>A k\u00f6telez\u0151 maszkhaszn\u00e1lat az egyetem betegell\u00e1t\u00f3 szervezeti egys\u00e9geiben \u00e1ltal\u00e1nos jelleggel tov\u00e1bbra is megmarad.<\/p>\n<p>Az el\u0151\u00edr\u00e1s 2025. m\u00e1rcius 5-t\u0151l visszavon\u00e1sig \u00e9rv\u00e9nyes.<\/p>\n","protected":false},"excerpt":{"rendered":"<p>A k\u00f6telez\u0151 maszkhaszn\u00e1lat tov\u00e1bbra is fennmarad.<\/p>\n","protected":false},"author":101751,"featured_media":150775,"comment_status":"closed","ping_status":"closed","sticky":false,"template":"","format":"standard","meta":{"_acf_changed":false,"footnotes":""},"categories":[154,168],"tags":[],"class_list":["post-150718","post","type-post","status-publish","format-standard","has-post-thumbnail","hentry","category-egeszseg","category-kiemelt"],"acf":[],"_links":{"self":[{"href":"https:\/\/semmelweis.hu\/hirek\/wp-json\/wp\/v2\/posts\/150718","targetHints":{"allow":["GET"]}}],"collection":[{"href":"https:\/\/semmelweis.hu\/hirek\/wp-json\/wp\/v2\/posts"}],"about":[{"href":"https:\/\/semmelweis.hu\/hirek\/wp-json\/wp\/v2\/types\/post"}],"author":[{"embeddable":true,"href":"https:\/\/semmelweis.hu\/hirek\/wp-json\/wp\/v2\/users\/101751"}],"replies":[{"embeddable":true,"href":"https:\/\/semmelweis.hu\/hirek\/wp-json\/wp\/v2\/comments?post=150718"}],"version-history":[{"count":5,"href":"https:\/\/semmelweis.hu\/hirek\/wp-json\/wp\/v2\/posts\/150718\/revisions"}],"predecessor-version":[{"id":150753,"href":"https:\/\/semmelweis.hu\/hirek\/wp-json\/wp\/v2\/posts\/150718\/revisions\/150753"}],"wp:featuredmedia":[{"embeddable":true,"href":"https:\/\/semmelweis.hu\/hirek\/wp-json\/wp\/v2\/media\/150775"}],"wp:attachment":[{"href":"https:\/\/semmelweis.hu\/hirek\/wp-json\/wp\/v2\/media?parent=150718"}],"wp:term":[{"taxonomy":"category","embeddable":true,"href":"https:\/\/semmelweis.hu\/hirek\/wp-json\/wp\/v2\/categories?post=150718"},{"taxonomy":"post_tag","embeddable":true,"href":"https:\/\/semmelweis.hu\/hirek\/wp-json\/wp\/v2\/tags?post=150718"}],"curies":[{"name":"wp","href":"https:\/\/api.w.org\/{rel}","templated":true}]}}