{"id":15069,"date":"2013-01-28T12:55:55","date_gmt":"2013-01-28T12:55:55","guid":{"rendered":"http:\/\/semmelweis-egyetem.hu\/hirek\/?p=15069"},"modified":"2013-02-05T13:03:15","modified_gmt":"2013-02-05T13:03:15","slug":"a-hmaa-44-kongresszusa-sarasotaban-dr-jermendy-adam-beszamoloja","status":"publish","type":"post","link":"https:\/\/semmelweis.hu\/hirek\/2013\/01\/28\/a-hmaa-44-kongresszusa-sarasotaban-dr-jermendy-adam-beszamoloja\/","title":{"rendered":"A HMAA 44. kongresszusa Sarasot\u00e1ban &#8211; dr. Jermendy \u00c1d\u00e1m besz\u00e1mol\u00f3ja"},"content":{"rendered":"<p><img loading=\"lazy\" decoding=\"async\" class=\"alignleft size-medium wp-image-15070\" alt=\"sarasota\" src=\"https:\/\/semmelweis.hu\/hirek\/files\/2013\/02\/sarasota-300x225.jpg\" width=\"300\" height=\"225\" srcset=\"https:\/\/semmelweis.hu\/hirek\/files\/2013\/02\/sarasota-300x225.jpg 300w, https:\/\/semmelweis.hu\/hirek\/files\/2013\/02\/sarasota-533x400.jpg 533w, https:\/\/semmelweis.hu\/hirek\/files\/2013\/02\/sarasota-600x450.jpg 600w, https:\/\/semmelweis.hu\/hirek\/files\/2013\/02\/sarasota.jpg 800w\" sizes=\"auto, (max-width: 300px) 100vw, 300px\" \/><\/p>\n<p>Minden \u00e9v augusztus\u00e1ban Balatonf\u00fcreden rendezik meg az Amerikai Magyar Orvossz\u00f6vets\u00e9g (HMAA: Hungarian Medical Association of America) magyarorsz\u00e1gi<\/p>\n<p>tagozat\u00e1nak kongresszus\u00e1t. A legjobb angol nyelv\u0171 el\u0151ad\u00e1s d\u00edja hagyom\u00e1nyosan egy, a sz\u00f6vets\u00e9g \u00e1ltal t\u00e1mogatott r\u00e9szv\u00e9tel \u00e9s el\u0151ad\u00e1si lehet\u0151s\u00e9g a f\u00fcredi kongresszus &#8222;nagy testv\u00e9r\u00e9n&#8221;, a floridai Sarasot\u00e1ban. Amikor felt\u00f6lt\u00f6ttem az absztraktomat, hogy jelentkezzek a f\u00fcredi konferenci\u00e1ra, m\u00e9g csak egy t\u00e1voli \u00e1lomnak t\u0171nt, hogy esetleg \u00e9n is eljuthatok az amerikai tal\u00e1lkoz\u00f3ra. Amikor azonban p\u00e1r h\u00f3nappal k\u00e9s\u0151bb szerencs\u00e9m volt elnyerni az Ivan Krisztinicz-d\u00edjat (el\u0151ad\u00e1som c\u00edme: Genetic and Environmental Influences on Cardiometabolic Risk Factors: A Twin Study) mindez val\u00f3ra v\u00e1lhatott sz\u00e1momra.<\/p>\n<figure id=\"attachment_15071\" aria-describedby=\"caption-attachment-15071\" style=\"width: 300px\" class=\"wp-caption alignright\"><a href=\"https:\/\/semmelweis.hu\/hirek\/2013\/01\/28\/a-hmaa-44-kongresszusa-sarasotaban-dr-jermendy-adam-beszamoloja\/sarasota1\/\" rel=\"attachment wp-att-15071\"><img loading=\"lazy\" decoding=\"async\" class=\"size-medium wp-image-15071\" alt=\"sarasota1\" src=\"https:\/\/semmelweis.hu\/hirek\/files\/2013\/02\/sarasota1-300x185.jpg\" width=\"300\" height=\"185\" srcset=\"https:\/\/semmelweis.hu\/hirek\/files\/2013\/02\/sarasota1-300x185.jpg 300w, https:\/\/semmelweis.hu\/hirek\/files\/2013\/02\/sarasota1-600x371.jpg 600w, https:\/\/semmelweis.hu\/hirek\/files\/2013\/02\/sarasota1.jpg 800w\" sizes=\"auto, (max-width: 300px) 100vw, 300px\" \/><\/a><figcaption id=\"caption-attachment-15071\" class=\"wp-caption-text\">dr. Jermendy \u00c1d\u00e1m \u00e9s dr. Krisztinicz Ir\u00e9n, a d\u00edj alap\u00edt\u00f3ja<\/figcaption><\/figure>\n<p>A t\u00e1rsas\u00e1g \u00e9ves kongresszus\u00e1t 2012. okt\u00f3ber v\u00e9g\u00e9n a 44. alkalommal rendezt\u00e9k meg, a helysz\u00ednre z\u00f6kken\u0151mentes utat k\u00f6vet\u0151en siker\u00fclt meg\u00e9rkeznem. Ez a t\u00e9ny annak f\u00e9ny\u00e9ben volt kimondottan j\u00f3 eredm\u00e9ny, hogy ezzel egyid\u0151ben a Sandy hurrik\u00e1n \u00e9ppen \u00c9szak-Amerika keleti partj\u00e1nak nagyv\u00e1rosait ostromolta. Mindannyiunk nagy szerencs\u00e9j\u00e9re azonban Sarasot\u00e1t elker\u00fclte a vihar, \u00edgy gond n\u00e9lk\u00fcl siker\u00fclt lebonyol\u00edtani az \u00f6t napos, multidiszciplin\u00e1ris konferenci\u00e1t.<\/p>\n<p>Ezen a tal\u00e1lkoz\u00f3n is \u2013 a f\u00fcredihez hasonl\u00f3an \u2013 a medikusokt\u00f3l kezdve neves professzorokig sokan lehet\u0151s\u00e9get kaptak arra, hogy besz\u00e1moljanak legfrissebb kutat\u00e1suk, munk\u00e1juk eredm\u00e9nyeir\u0151l. Kiv\u00e1l\u00f3 el\u0151ad\u00e1sokat hallhattunk t\u00f6bbek k\u00f6z\u00f6tt Somk\u00fati Istv\u00e1n, Mechtler L\u00e1szl\u00f3 \u00e9s Falus Andr\u00e1s professzorokt\u00f3l. A fiatal kutat\u00f3k \u00e9s a tapasztalt professzorok el\u0151ad\u00e1sait egyform\u00e1n \u00e9l\u00e9nk szakmai vita k\u00f6vette, amelyb\u0151l mindannyian sokat tanulhattunk.<\/p>\n<p>A tudom\u00e1nyos program ut\u00e1n term\u00e9szetesen maradt lehet\u0151s\u00e9g kultur\u00e1lis \u00e9s szabadid\u0151s tev\u00e9kenys\u00e9gekre is. A k\u00f6zeli Dal\u00ed-m\u00fazeum a vil\u00e1g egyik legnagyobb gy\u0171jtem\u00e9ny\u00e9t mutatja be az \u00e9rdekl\u0151d\u0151k sz\u00e1m\u00e1ra, de eml\u00edthetn\u00e9m a k\u00f6rny\u00e9ken l\u00e9v\u0151 sz\u00e1mos &#8222;jungle park&#8221; b\u00e1rmelyik\u00e9t, ahol a b\u00e1trabbak k\u00f6zelebbr\u0151l is megismerkedhettek krokodilokkal, k\u00edgy\u00f3kkal \u00e9s m\u00e1s egy\u00e9b, Florid\u00e1ban h\u00e9tk\u00f6znapinak sz\u00e1m\u00edt\u00f3 teremtm\u00e9nnyel. Elmaradhatatlan esem\u00e9nye a kongresszusnak a minden \u00e9vben megrendezett v\u00edzilabda-m\u00e9rk\u0151z\u00e9s, amelyen az Amerik\u00e1ban \u00e9l\u0151 orvosok csapnak \u00f6ssze itthoni honfit\u00e1rsainkkal. Sajnos az utols\u00f3 negyedig szoros meccs v\u00e9g\u00e9n az itthoni magyarok maradtak alul, \u00e1m egy nagyszer\u0171 vacsor\u00e1val siker\u00fclt elfeledtetni a veres\u00e9get. Halloween napj\u00e1n a v\u00e1ros \u00f6sszes lak\u00f3ja jelmezbe \u00f6lt\u00f6z\u00f6tt \u2013 m\u00e9g kiskuty\u00e1kat is lehetett Superman jelmezben l\u00e1tni \u2013, az este f\u00e9nypontjak\u00e9nt pedig a sarasotai lakosok egy zombinak \u00f6lt\u00f6z\u00f6tt csoportja Michael Jackson Thriller-\u00e9t t\u00e1ncolta el a f\u0151t\u00e9ren, amely el\u00e9gg\u00e9 \u00e9leth\u0171re sikeredett.<\/p>\n<p>Felsorolni is neh\u00e9z mindazt az \u00e9lm\u00e9nyt, ami ezalatt a gyorsan elrep\u00fcl\u0151 h\u00e9t alatt \u00e9rt, \u00edgy csak k\u00edv\u00e1nni tudom, hogy hasonl\u00f3 \u00e9lm\u00e9nyekben r\u00e9szes\u00fclj\u00f6n a d\u00edj k\u00f6vetkez\u0151 nyertese is, akit a <a href=\" www.amosz.extra.hu\">2013-as f\u00fcredi konferencia<\/a> r\u00e9sztvev\u0151i k\u00f6z\u00fcl v\u00e1laszt majd ki a b\u00edr\u00e1l\u00f3 bizotts\u00e1g.<\/p>\n<p>Jermendy \u00c1d\u00e1m dr.<\/p>\n","protected":false},"excerpt":{"rendered":"<p>Minden \u00e9v augusztus\u00e1ban Balatonf\u00fcreden rendezik meg az Amerikai Magyar Orvossz\u00f6vets\u00e9g (HMAA: Hungarian Medical Association of America) magyarorsz\u00e1gi tagozat\u00e1nak kongresszus\u00e1t. A legjobb angol nyelv\u0171 el\u0151ad\u00e1s d\u00edja hagyom\u00e1nyosan egy, a sz\u00f6vets\u00e9g \u00e1ltal t\u00e1mogatott r\u00e9szv\u00e9tel \u00e9s el\u0151ad\u00e1si lehet\u0151s\u00e9g a f\u00fcredi kongresszus &#8222;nagy testv\u00e9r\u00e9n&#8221;, a floridai Sarasot\u00e1ban. Amikor felt\u00f6lt\u00f6ttem az absztraktomat, hogy jelentkezzek a f\u00fcredi konferenci\u00e1ra, m\u00e9g csak egy &hellip;<\/p>\n","protected":false},"author":11,"featured_media":15070,"comment_status":"closed","ping_status":"open","sticky":false,"template":"","format":"standard","meta":{"_acf_changed":false,"footnotes":""},"categories":[161],"tags":[188],"class_list":["post-15069","post","type-post","status-publish","format-standard","has-post-thumbnail","hentry","category-tudomany","tag-tudomanyos-hirek-rendezvenyek"],"acf":[],"_links":{"self":[{"href":"https:\/\/semmelweis.hu\/hirek\/wp-json\/wp\/v2\/posts\/15069","targetHints":{"allow":["GET"]}}],"collection":[{"href":"https:\/\/semmelweis.hu\/hirek\/wp-json\/wp\/v2\/posts"}],"about":[{"href":"https:\/\/semmelweis.hu\/hirek\/wp-json\/wp\/v2\/types\/post"}],"author":[{"embeddable":true,"href":"https:\/\/semmelweis.hu\/hirek\/wp-json\/wp\/v2\/users\/11"}],"replies":[{"embeddable":true,"href":"https:\/\/semmelweis.hu\/hirek\/wp-json\/wp\/v2\/comments?post=15069"}],"version-history":[{"count":3,"href":"https:\/\/semmelweis.hu\/hirek\/wp-json\/wp\/v2\/posts\/15069\/revisions"}],"predecessor-version":[{"id":15074,"href":"https:\/\/semmelweis.hu\/hirek\/wp-json\/wp\/v2\/posts\/15069\/revisions\/15074"}],"wp:featuredmedia":[{"embeddable":true,"href":"https:\/\/semmelweis.hu\/hirek\/wp-json\/wp\/v2\/media\/15070"}],"wp:attachment":[{"href":"https:\/\/semmelweis.hu\/hirek\/wp-json\/wp\/v2\/media?parent=15069"}],"wp:term":[{"taxonomy":"category","embeddable":true,"href":"https:\/\/semmelweis.hu\/hirek\/wp-json\/wp\/v2\/categories?post=15069"},{"taxonomy":"post_tag","embeddable":true,"href":"https:\/\/semmelweis.hu\/hirek\/wp-json\/wp\/v2\/tags?post=15069"}],"curies":[{"name":"wp","href":"https:\/\/api.w.org\/{rel}","templated":true}]}}