{"id":150516,"date":"2025-02-28T06:00:11","date_gmt":"2025-02-28T05:00:11","guid":{"rendered":"https:\/\/semmelweis.hu\/hirek\/?p=150516"},"modified":"2025-03-05T11:16:13","modified_gmt":"2025-03-05T10:16:13","slug":"jol-van-az-elso-ket-robotasszisztalt-majmuteten-atesett-gyerek","status":"publish","type":"post","link":"https:\/\/semmelweis.hu\/hirek\/2025\/02\/28\/jol-van-az-elso-ket-robotasszisztalt-majmuteten-atesett-gyerek\/","title":{"rendered":"J\u00f3l van az els\u0151 k\u00e9t, robotassziszt\u00e1lt m\u00e1jm\u0171t\u00e9ten \u00e1tesett gyerek"},"content":{"rendered":"<div class=\"lead\">A m\u00falt heti kontrollvizsg\u00e1lat eredm\u00e9nye alapj\u00e1n is sz\u00e9pen gy\u00f3gyul mindk\u00e9t gyerek, akiken Magyarorsz\u00e1gon els\u0151 kiskor\u00fakk\u00e9nt a Semmelweis Egyetemen v\u00e9geztek robotassziszt\u00e1lt m\u00e1jm\u0171t\u00e9tet. Egyik\u00fck, Zita, \u00e9desanyj\u00e1val egy\u00fctt mes\u00e9lt a betegs\u00e9ge diagnosztiz\u00e1l\u00e1s\u00e1t\u00f3l a beavatkoz\u00e1son \u00e1t a gy\u00f3gyul\u00e1sig vezet\u0151 \u00fatr\u00f3l.<\/div>\n<p>\u201eFolyamatban van a gyermek robot m\u00e1jseb\u00e9szeti program elind\u00edt\u00e1sa a Semmelweis Egyetemen, \u00e9s a janu\u00e1ri els\u0151 k\u00e9t Da Vinci robottechnol\u00f3gi\u00e1val gyereken elv\u00e9gzett beavatkoz\u00e1st a tervek szerint hamarosan \u00fajabb k\u00f6vetheti\u201d \u2013 sz\u00e1molt be dr. Hahn Oszk\u00e1r, a Seb\u00e9szeti, Transzplant\u00e1ci\u00f3s \u00e9s Gasztroenterol\u00f3giai Klinika igazgat\u00f3helyettese.<\/p>\n<p><img loading=\"lazy\" decoding=\"async\" class=\"alignleft size-medium wp-image-150517\" src=\"https:\/\/semmelweis.hu\/hirek\/files\/2025\/02\/6-267x400.jpg\" alt=\"\" width=\"267\" height=\"400\" srcset=\"https:\/\/semmelweis.hu\/hirek\/files\/2025\/02\/6-267x400.jpg 267w, https:\/\/semmelweis.hu\/hirek\/files\/2025\/02\/6-533x800.jpg 533w, https:\/\/semmelweis.hu\/hirek\/files\/2025\/02\/6-768x1152.jpg 768w, https:\/\/semmelweis.hu\/hirek\/files\/2025\/02\/6-1024x1536.jpg 1024w, https:\/\/semmelweis.hu\/hirek\/files\/2025\/02\/6-1365x2048.jpg 1365w, https:\/\/semmelweis.hu\/hirek\/files\/2025\/02\/6-753x1130.jpg 753w, https:\/\/semmelweis.hu\/hirek\/files\/2025\/02\/6-scaled.jpg 1707w\" sizes=\"auto, (max-width: 267px) 100vw, 267px\" \/>A 14 \u00e9ves Zita, akin janu\u00e1r v\u00e9g\u00e9n v\u00e9grehajtott\u00e1k az els\u0151 hazai gyereken elv\u00e9gzett robotassziszt\u00e1lt m\u0171t\u00e9tet, j\u00f3l van, \u00e9s a Semmelweis Egyetem Gyermekgy\u00f3gy\u00e1szati Klinika T\u0171zolt\u00f3 utcai r\u00e9szlege honlapj\u00e1nak \u00e9desanyj\u00e1val k\u00f6z\u00f6sen mes\u00e9lte el t\u00f6rt\u00e9net\u00e9t. \u201eEl\u0151sz\u00f6r f\u00e9lelmetes volt, amikor megmutatt\u00e1k nekem a robotot a nagy karokkal. De ami els\u0151re f\u00e9lelmetesnek t\u0171nik, lehet, hogy pont az seg\u00edt \u00e1t t\u00e9ged valamin. Belegondoltam abba, hogy ezt a robotot a legjobb szakemberek rakt\u00e1k \u00f6ssze, \u00e9s sok-sok orvos tud\u00e1sa van benne. \u00cdgy m\u00e1r kev\u00e9sb\u00e9 volt ijeszt\u0151\u201d \u2013 id\u00e9zte fel a 14 \u00e9ves Zita a robottal kapcsolatos \u00e9rz\u00e9seit. Zit\u00e1t f\u00e9l \u00e9vig kezelt\u00e9k a Gyermekgy\u00f3gy\u00e1szati Klinik\u00e1n, ahol kezel\u0151orvosa dr. Garami Mikl\u00f3s oszt\u00e1lyvezet\u0151 gyermekonkol\u00f3gus volt. Ebb\u0151l a kilenc hetes kemoter\u00e1pia id\u0151szaka megviselte ugyan, de a kezel\u00e9s hat\u00e1s\u00e1ra a daganat kevesebb mint fel\u00e9re zsugorodott. <a href=\"https:\/\/semmelweis.hu\/hirek\/2025\/01\/30\/eloszor-vegeztek-gyermeken-robotasszisztalt-mutetet-magyarorszagon\/\" target=\"_blank\" rel=\"noopener\">A m\u00e1jdaganatot Da Vinci robottal t\u00e1vol\u00edtott\u00e1k el<\/a>, a beavatkoz\u00e1st a Seb\u00e9szeti, Transzplant\u00e1ci\u00f3s \u00e9s Gasztroenterol\u00f3giai Klinik\u00e1n dr. Hahn Oszk\u00e1r, a m\u00e1jseb\u00e9szeti profil vezet\u0151je v\u00e9gezte dr. Szij\u00e1rt\u00f3 Attila klinikaigazgat\u00f3, dr. Pekli Damj\u00e1n \u00e9s dr. De\u00e1k-Ilk\u00f3 Zolt\u00e1n seb\u00e9szek asszisztenci\u00e1j\u00e1val \u00e9s felk\u00e9sz\u00fclt aneszteziol\u00f3gus \u00e9s k\u00e9pzett m\u0171t\u0151asszisztensek seg\u00e9dlet\u00e9vel.<\/p>\n<p>A teljes cikk <a href=\"https:\/\/semmelweis.hu\/tuzoltoklinika\/2025\/02\/25\/zita-es-a-jovo-muteti-technologiaja-egy-uttoro-beavatkozas-tortenete\/\" target=\"_blank\" rel=\"noopener\">a Semmelweis Egyetem Gyermekgy\u00f3gy\u00e1szati Klinika T\u0171zolt\u00f3 utcai r\u00e9szleg\u00e9nek honlapj\u00e1n<\/a> olvashat\u00f3.<\/p>\n<p>Semmelweis Egyetem Gyermekgy\u00f3gy\u00e1szati Klinika, T\u0171zolt\u00f3 utcai r\u00e9szleg<br \/>\nFot\u00f3 forr\u00e1sa: Semmelweis Egyetem Gyermekgy\u00f3gy\u00e1szati Klinika, T\u0171zolt\u00f3 utcai r\u00e9szleg; T\u00f3th D\u00e1vid, \u0150rz\u0151k Alap\u00edtv\u00e1ny; Barta B\u00e1lint \u2013 Semmelweis Egyetem<\/p>\n","protected":false},"excerpt":{"rendered":"<p>Egyik\u00fck, Zita, \u00e9desanyj\u00e1val mes\u00e9lte el t\u00f6rt\u00e9net\u00e9t a betegs\u00e9g diagnosztiz\u00e1l\u00e1s\u00e1t\u00f3l a gy\u00f3gyul\u00e1sig.<\/p>\n","protected":false},"author":102015,"featured_media":150519,"comment_status":"closed","ping_status":"closed","sticky":false,"template":"","format":"standard","meta":{"_acf_changed":false,"footnotes":""},"categories":[154,168],"tags":[],"class_list":["post-150516","post","type-post","status-publish","format-standard","has-post-thumbnail","hentry","category-egeszseg","category-kiemelt"],"acf":[],"_links":{"self":[{"href":"https:\/\/semmelweis.hu\/hirek\/wp-json\/wp\/v2\/posts\/150516","targetHints":{"allow":["GET"]}}],"collection":[{"href":"https:\/\/semmelweis.hu\/hirek\/wp-json\/wp\/v2\/posts"}],"about":[{"href":"https:\/\/semmelweis.hu\/hirek\/wp-json\/wp\/v2\/types\/post"}],"author":[{"embeddable":true,"href":"https:\/\/semmelweis.hu\/hirek\/wp-json\/wp\/v2\/users\/102015"}],"replies":[{"embeddable":true,"href":"https:\/\/semmelweis.hu\/hirek\/wp-json\/wp\/v2\/comments?post=150516"}],"version-history":[{"count":10,"href":"https:\/\/semmelweis.hu\/hirek\/wp-json\/wp\/v2\/posts\/150516\/revisions"}],"predecessor-version":[{"id":150605,"href":"https:\/\/semmelweis.hu\/hirek\/wp-json\/wp\/v2\/posts\/150516\/revisions\/150605"}],"wp:featuredmedia":[{"embeddable":true,"href":"https:\/\/semmelweis.hu\/hirek\/wp-json\/wp\/v2\/media\/150519"}],"wp:attachment":[{"href":"https:\/\/semmelweis.hu\/hirek\/wp-json\/wp\/v2\/media?parent=150516"}],"wp:term":[{"taxonomy":"category","embeddable":true,"href":"https:\/\/semmelweis.hu\/hirek\/wp-json\/wp\/v2\/categories?post=150516"},{"taxonomy":"post_tag","embeddable":true,"href":"https:\/\/semmelweis.hu\/hirek\/wp-json\/wp\/v2\/tags?post=150516"}],"curies":[{"name":"wp","href":"https:\/\/api.w.org\/{rel}","templated":true}]}}