{"id":150146,"date":"2025-02-18T06:00:01","date_gmt":"2025-02-18T05:00:01","guid":{"rendered":"https:\/\/semmelweis.hu\/hirek\/?p=150146"},"modified":"2025-02-27T09:32:51","modified_gmt":"2025-02-27T08:32:51","slug":"a-richter-anna-dij-dontosei-kozt-a-gyogyszerhatastani-intezet-csapata","status":"publish","type":"post","link":"https:\/\/semmelweis.hu\/hirek\/2025\/02\/18\/a-richter-anna-dij-dontosei-kozt-a-gyogyszerhatastani-intezet-csapata\/","title":{"rendered":"A Richter Anna D\u00edj d\u00f6nt\u0151sei k\u00f6zt a Gy\u00f3gyszerhat\u00e1stani Int\u00e9zet csapata"},"content":{"rendered":"<div class=\"lead\">Gy\u00f3gyszer\u00e9sz\/kutat\u00f3 kateg\u00f3ri\u00e1ban az idei \u00e9v <a href=\"https:\/\/richterannadij.hu\/\" target=\"_blank\" rel=\"noopener\"><strong>Richter Anna D\u00edj d\u00f6nt\u0151sei<\/strong><\/a> k\u00f6z\u00e9 ker\u00fclt a Semmelweis Egyetem Gy\u00f3gyszer\u00e9sztudom\u00e1nyi Kar Gy\u00f3gyszerhat\u00e1stani Int\u00e9zet\u00e9nek csapata. Projektj\u00fckkel a f\u00e1jdalomcsillap\u00edt\u00f3k nem k\u00edv\u00e1nt hat\u00e1saira, vesz\u00e9lyeire \u00e9s a megfelel\u0151 kezel\u00e9sre szeretn\u00e9k felh\u00edvni a figyelmet. A d\u00edjat \u00e9s az azzal j\u00e1r\u00f3, a projekt megval\u00f3s\u00edt\u00e1s\u00e1ra sz\u00e1nt 4 milli\u00f3 forintot a legt\u00f6bb k\u00f6z\u00f6ns\u00e9gszavazatot begy\u0171jt\u0151 csapat nyerheti el, melyre m\u00e1rcius 9-ig lehet szavazni. <em>(<a href=\"https:\/\/semmelweis.hu\/hirek\/2025\/02\/26\/a-nogyogyaszati-rakszuresekre-fokuszal-a-richter-anna-dij-dontos-csapata-a-semmelweisrol\/\" target=\"_blank\" rel=\"noopener\">A m\u00e1sik d\u00f6nt\u0151be jutott semmelweises csapatr\u00f3l sz\u00f3l\u00f3 \u00edr\u00e1sunkat itt olvashatj\u00e1k.<\/a>)<\/em><\/div>\n<p>A fejf\u00e1j\u00e1s az egyik leggyakoribb eg\u00e9szs\u00e9g\u00fcgyi probl\u00e9ma a vil\u00e1gon \u00e9s sokan nem is gondolj\u00e1k, hogy a kr\u00f3nikus fejf\u00e1j\u00e1sok nagy r\u00e9sze a f\u00e1jdalomcsillap\u00edt\u00f3k t\u00falhaszn\u00e1lata miatt alakul ki. A nem megfelel\u0151 haszn\u00e1lat sz\u00e1mos nem k\u00edv\u00e1nt mell\u00e9khat\u00e1ssal j\u00e1rhat, a t\u00falhaszn\u00e1lat pedig egyenesen k\u00e1ros \u00e9s vesz\u00e9lyes lehet \u2013 \u00edrja a Gy\u00f3gyszerhat\u00e1stani Int\u00e9zet csapata a Richter Anna D\u00edj bemutatkoz\u00f3 oldal\u00e1n.<\/p>\n<p><iframe loading=\"lazy\" title=\"F\u00e1jdalomcsillap\u00edt\u00f3 t\u00falhaszn\u00e1lat: el\u0151zd meg, miel\u0151tt \u0151 el\u0151z meg t\u00e9ged\" width=\"753\" height=\"424\" src=\"https:\/\/www.youtube.com\/embed\/k8BZVjj7yxo?feature=oembed\" frameborder=\"0\" allow=\"accelerometer; autoplay; clipboard-write; encrypted-media; gyroscope; picture-in-picture; web-share\" referrerpolicy=\"strict-origin-when-cross-origin\" allowfullscreen><\/iframe><\/p>\n<p>Dr. Albertn\u00e9 dr. Gecse Kinga, az int\u00e9zet egyetemi tan\u00e1rseg\u00e9de, a csapat vezet\u0151je k\u00e9rd\u00e9s\u00fcnkre elmondta, 2023-24-ben hallgat\u00f3j\u00e1val, dr. Kov\u00e1cs-Vincze Rebek\u00e1val t\u00f6bb felm\u00e9r\u00e9st k\u00e9sz\u00edtettek, melyekb\u0151l kider\u00fclt, Magyarorsz\u00e1gon az embereknek egy\u00e1ltal\u00e1n nincs ismeret\u00fck arr\u00f3l, hogy a f\u00e1jdalomcsillap\u00edt\u00f3 t\u00falhaszn\u00e1lat fejf\u00e1j\u00e1st tud okozni. A Richter Anna D\u00edjra beny\u00fajtott prevenci\u00f3s p\u00e1ly\u00e1zatuk azt szolg\u00e1ln\u00e1, hogy seg\u00edts\u00e9k azokat a fejf\u00e1j\u00f3s betegeket \u00e9s m\u00e1sokat is, akik nincsenek tiszt\u00e1ban azzal, hogy pontosan hogyan kell alkalmazni a f\u00e1jdalomcsillap\u00edt\u00f3 gy\u00f3gyszereket. A rekl\u00e1mokban ugyanis t\u00f6red\u00e9ke hangzik el azoknak a fontos inform\u00e1ci\u00f3knak, amikre sz\u00fcks\u00e9g\u00fck lehet a betegeknek a f\u00e1jdalomcsillap\u00edt\u00e1ssal kapcsolatban.<\/p>\n<blockquote>\n<p>Vide\u00f3sorozattal, podcastekkel \u00e9s a k\u00f6z\u00f6ss\u00e9gi m\u00e9dia fel\u00fcletein el\u00e9rhet\u0151v\u00e9 tett inform\u00e1ci\u00f3val szeretn\u00e9nk seg\u00edteni a lakoss\u00e1got, megismertetni vel\u00fck a fejf\u00e1j\u00e1sok lehets\u00e9ges okait, kezel\u00e9s\u00e9t, gy\u00f3gyszeres \u00e9s nem gy\u00f3gyszeres kezel\u00e9si opci\u00f3kat, illetve azt, hogy hogyan lehet megel\u0151zni a f\u00e1jdalomcsillap\u00edt\u00f3k nem k\u00edv\u00e1nt mell\u00e9khat\u00e1sait, k\u00f6zt\u00fck mag\u00e1t a f\u00e1jdalomcsillap\u00edt\u00f3 t\u00falhaszn\u00e1latot<\/p>\n<\/blockquote>\n<p>\u2013 emelte ki a csapatvezet\u0151.<\/p>\n<p>M\u0171soraikban szakembereket sz\u00f3laltatn\u00e1nak meg arr\u00f3l, milyen t\u00edpus\u00fa fejf\u00e1j\u00e1sok vannak, kihez kell fordulni ilyenkor, egy\u00e1ltal\u00e1n mikor kell felkeresni az orvost \u00e9s mikor elegend\u0151 a f\u00e1jdalomcsillap\u00edt\u00f3. Hogyan hatnak ezek a szerek, mi a mell\u00e9khat\u00e1suk, kinek melyik f\u00e1jdalomcsillap\u00edt\u00f3 javasolt? Hogyan lehet \u00e9szrevenni, ha t\u00falhaszn\u00e1lat alakult ki, kihez kell fordulni, hogyha a probl\u00e9ma el\u0151\u00e1llt? A gy\u00f3gyszereken t\u00fal pedig mik azok a nem gy\u00f3gyszeres kezel\u00e9si m\u00f3dszerek, amivel enyh\u00edteni lehet a f\u00e1jdalmat? Ezekre mind v\u00e1laszt kaphatn\u00e1nak az \u00e9rdekl\u0151d\u0151k. Terveik k\u00f6zt szerepel tov\u00e1bb\u00e1, hogy k\u00f6z\u00e9piskol\u00e1sokkal szervezzenek besz\u00e9lget\u00e9seket a t\u00e9m\u00e1r\u00f3l.\u00a0<\/p>\n<figure id=\"attachment_150150\" aria-describedby=\"caption-attachment-150150\" style=\"width: 2000px\" class=\"wp-caption aligncenter\"><a href=\"https:\/\/semmelweis.hu\/hirek\/files\/2025\/02\/IMG_7483.jpg\"><img loading=\"lazy\" decoding=\"async\" class=\"wp-image-150150 size-full\" src=\"https:\/\/semmelweis.hu\/hirek\/files\/2025\/02\/IMG_7483.jpg\" alt=\"\" width=\"2000\" height=\"1333\" srcset=\"https:\/\/semmelweis.hu\/hirek\/files\/2025\/02\/IMG_7483.jpg 2000w, https:\/\/semmelweis.hu\/hirek\/files\/2025\/02\/IMG_7483-400x267.jpg 400w, https:\/\/semmelweis.hu\/hirek\/files\/2025\/02\/IMG_7483-900x600.jpg 900w, https:\/\/semmelweis.hu\/hirek\/files\/2025\/02\/IMG_7483-768x512.jpg 768w, https:\/\/semmelweis.hu\/hirek\/files\/2025\/02\/IMG_7483-1536x1024.jpg 1536w, https:\/\/semmelweis.hu\/hirek\/files\/2025\/02\/IMG_7483-753x502.jpg 753w, https:\/\/semmelweis.hu\/hirek\/files\/2025\/02\/IMG_7483-203x135.jpg 203w\" sizes=\"auto, (max-width: 2000px) 100vw, 2000px\" \/><\/a><figcaption id=\"caption-attachment-150150\" class=\"wp-caption-text\">dr. Juh\u00e1sz Gabriella, Hammer Ang\u00e9la, dr. Albertn\u00e9 dr. Gecse Kinga, dr. Kov\u00e1cs-Vincze Rebeka<\/figcaption><\/figure>\n<p>A csapattagok k\u00f6zt a Semmelweis t\u00f6bb szakembere is megtal\u00e1lhat\u00f3: dr. Juh\u00e1sz Gabriella neurol\u00f3gus, a Gy\u00f3gyszerhat\u00e1stani Int\u00e9zet egyetemi tan\u00e1ra; dr. Kov\u00e1cs-Vincze Rebeka gy\u00f3gyszer\u00e9sz, szakgy\u00f3gyszer\u00e9sz-jel\u00f6lt; \u00e9s Hammer Ang\u00e9la pszichol\u00f3gus, a pszichol\u00f3giai t\u00e9m\u00e1j\u00fa Mereng\u0151 Podcast alap\u00edt\u00f3ja.<\/p>\n<p>A Gy\u00f3gyszer\u00e9sz\/kutat\u00f3 kateg\u00f3ri\u00e1ban h\u00e1rom csapat versenyez a k\u00f6z\u00f6ns\u00e9gszavazatok\u00e9rt, \u00e9s a Richter Anna D\u00edjjal j\u00e1r\u00f3 4 milli\u00f3 forintos t\u00e1mogat\u00e1s elnyer\u00e9s\u00e9\u00e9rt. Dr. Albertn\u00e9 dr. Gecse Kinga hozz\u00e1tette, \u00f6r\u00f6mmel \u00e9s k\u00f6sz\u00f6nettel fogadj\u00e1k a t\u00e1mogat\u00f3 szavazatokat a Richter Anna D\u00edj honlapj\u00e1n, amely <a href=\"https:\/\/richterannadij.hu\/index.php\/2024\/2024-dontosok-11\" target=\"_blank\" rel=\"noopener\">ide kattintva el\u00e9rhet\u0151<\/a>, a szavaz\u00e1s linkje pedig a lap alj\u00e1ra leg\u00f6rd\u00edtve megtal\u00e1lhat\u00f3. Szavazni 2025. m\u00e1rcius 9-ig lehet.<\/p>\n<p>Tasn\u00e1di R\u00f3bert<br \/>\nK\u00e9p forr\u00e1sa: richterannadij.hu<\/p>\n","protected":false},"excerpt":{"rendered":"<p>A d\u00edjat a legt\u00f6bb k\u00f6z\u00f6ns\u00e9gszavazatot begy\u0171jt\u0151 csapat nyerheti el, melyre m\u00e1rcius 9-ig lehet szavazni.<\/p>\n","protected":false},"author":102073,"featured_media":150150,"comment_status":"closed","ping_status":"closed","sticky":false,"template":"","format":"standard","meta":{"_acf_changed":false,"footnotes":""},"categories":[157,168],"tags":[4206],"class_list":["post-150146","post","type-post","status-publish","format-standard","has-post-thumbnail","hentry","category-semmelweis-vilag","category-kiemelt","tag-prevencio"],"acf":[],"_links":{"self":[{"href":"https:\/\/semmelweis.hu\/hirek\/wp-json\/wp\/v2\/posts\/150146","targetHints":{"allow":["GET"]}}],"collection":[{"href":"https:\/\/semmelweis.hu\/hirek\/wp-json\/wp\/v2\/posts"}],"about":[{"href":"https:\/\/semmelweis.hu\/hirek\/wp-json\/wp\/v2\/types\/post"}],"author":[{"embeddable":true,"href":"https:\/\/semmelweis.hu\/hirek\/wp-json\/wp\/v2\/users\/102073"}],"replies":[{"embeddable":true,"href":"https:\/\/semmelweis.hu\/hirek\/wp-json\/wp\/v2\/comments?post=150146"}],"version-history":[{"count":10,"href":"https:\/\/semmelweis.hu\/hirek\/wp-json\/wp\/v2\/posts\/150146\/revisions"}],"predecessor-version":[{"id":150501,"href":"https:\/\/semmelweis.hu\/hirek\/wp-json\/wp\/v2\/posts\/150146\/revisions\/150501"}],"wp:featuredmedia":[{"embeddable":true,"href":"https:\/\/semmelweis.hu\/hirek\/wp-json\/wp\/v2\/media\/150150"}],"wp:attachment":[{"href":"https:\/\/semmelweis.hu\/hirek\/wp-json\/wp\/v2\/media?parent=150146"}],"wp:term":[{"taxonomy":"category","embeddable":true,"href":"https:\/\/semmelweis.hu\/hirek\/wp-json\/wp\/v2\/categories?post=150146"},{"taxonomy":"post_tag","embeddable":true,"href":"https:\/\/semmelweis.hu\/hirek\/wp-json\/wp\/v2\/tags?post=150146"}],"curies":[{"name":"wp","href":"https:\/\/api.w.org\/{rel}","templated":true}]}}