{"id":149982,"date":"2025-02-13T06:00:36","date_gmt":"2025-02-13T05:00:36","guid":{"rendered":"https:\/\/semmelweis.hu\/hirek\/?p=149982"},"modified":"2025-02-13T14:14:06","modified_gmt":"2025-02-13T13:14:06","slug":"jelentosen-megujult-a-pak-villanyi-uti-epulete","status":"publish","type":"post","link":"https:\/\/semmelweis.hu\/hirek\/2025\/02\/13\/jelentosen-megujult-a-pak-villanyi-uti-epulete\/","title":{"rendered":"Jelent\u0151sen meg\u00fajult a PAK K\u00fatv\u00f6lgyi \u00fati \u00e9p\u00fclete"},"content":{"rendered":"<div class=\"lead\"><strong>A csaknem 150 milli\u00f3 forintb\u00f3l megval\u00f3sult beruh\u00e1z\u00e1s k\u00f6zel 500 n\u00e9gyzetm\u00e9ternyi akad\u00e9miai teret, k\u00f6zt\u00fck tantermeket, mell\u00e9k- \u00e9s szert\u00e1rhelyis\u00e9geket is \u00e9rint. Az \u00fcnnep\u00e9lyes \u00e1tad\u00f3n Husz\u00e1r Ildik\u00f3 festm\u00e9nyeket is aj\u00e1nd\u00e9kozott a karnak, melyek imm\u00e1r az \u00e9p\u00fclet falait d\u00edsz\u00edtik.<\/strong><\/div>\n<p><a href=\"https:\/\/semmelweis.hu\/hirek\/files\/2025\/02\/RS209276__19A3649-scr.jpg\"><img loading=\"lazy\" decoding=\"async\" class=\"alignleft size-medium wp-image-149984\" src=\"https:\/\/semmelweis.hu\/hirek\/files\/2025\/02\/RS209276__19A3649-scr-400x267.jpg\" alt=\"\" width=\"400\" height=\"267\" srcset=\"https:\/\/semmelweis.hu\/hirek\/files\/2025\/02\/RS209276__19A3649-scr-400x267.jpg 400w, https:\/\/semmelweis.hu\/hirek\/files\/2025\/02\/RS209276__19A3649-scr-900x600.jpg 900w, https:\/\/semmelweis.hu\/hirek\/files\/2025\/02\/RS209276__19A3649-scr-768x512.jpg 768w, https:\/\/semmelweis.hu\/hirek\/files\/2025\/02\/RS209276__19A3649-scr-753x502.jpg 753w, https:\/\/semmelweis.hu\/hirek\/files\/2025\/02\/RS209276__19A3649-scr-203x135.jpg 203w, https:\/\/semmelweis.hu\/hirek\/files\/2025\/02\/RS209276__19A3649-scr.jpg 1200w\" sizes=\"auto, (max-width: 400px) 100vw, 400px\" \/><\/a>\u201eA hungarikumk\u00e9nt sz\u00e1mon tartott Pet\u0151-m\u00f3dszer szimbolikus otthon\u00e1ban tanul\u00f3 \u00e9s dolgoz\u00f3 koll\u00e9g\u00e1k nap mint nap tan\u00fas\u00e1got tesznek \u00e1ldozatk\u00e9szs\u00e9g\u00fckr\u0151l. Odaad\u00e1ssal \u00e9s al\u00e1zattal v\u00e9gzik munk\u00e1jukat, amellyel a k\u00f6zponti idegrendszeri k\u00e1rosod\u00e1ssal k\u00fczd\u0151 gyerekek sz\u00e1m\u00e1ra adnak es\u00e9lyt arra, hogy a benn\u00fck rejl\u0151 lehet\u0151s\u00e9geket kibontakoztass\u00e1k, \u00e9s ez\u00e1ltal teljes \u00e9letet \u00e9lhessenek\u201d \u2013 fogalmazott k\u00f6sz\u00f6nt\u0151j\u00e9ben dr. Merkely B\u00e9la. A rektor elmondta: a Pet\u0151 Andr\u00e1s Kar a Semmelweis Egyetem legfiatalabb kara, amely 2017 \u00f3ta r\u00e9sze \u00e9s fontos \u00e9p\u00edt\u0151k\u00f6ve egy olyan int\u00e9zm\u00e9nynek, amely szakter\u00fclet\u00e9n nemcsak haz\u00e1nk \u00e9s a r\u00e9gi\u00f3 legkiv\u00e1l\u00f3bb fels\u0151oktat\u00e1si int\u00e9zm\u00e9nye, de a vil\u00e1g \u00e9lvonal\u00e1ba is tartozik.<\/p>\n<blockquote>\n<p>A Semmelweis Egyetem neve egy nagyon \u00e9rt\u00e9kes nemzetk\u00f6zi v\u00e9djegy, ahogy \u2019pet\u0151snek\u2019 lenni is k\u00fcl\u00f6nleges megtiszteltet\u00e9s vil\u00e1gszerte. Az itt dolgoz\u00f3k \u00e9s tanul\u00f3k Pet\u0151 Andr\u00e1s \u00f6r\u00f6k\u00f6seik\u00e9nt gyarap\u00edtj\u00e1k \u00e9s adj\u00e1k tov\u00e1bb azt a k\u00fcl\u00f6nleges tud\u00e1st, ami az eg\u00e9sz egyetem, \u00e9s az eg\u00e9sz vil\u00e1g sz\u00e1m\u00e1ra igazi kincs<\/p>\n<\/blockquote>\n<p>\u2013 tette hozz\u00e1.<\/p>\n<p>Dr. Merkely B\u00e9la felh\u00edvta a figyelmet arra, hogy az elm\u00falt nyolc \u00e9vben az egyetem \u00e9s a PAK egy\u00fcttm\u0171k\u00f6d\u00e9se k\u00f6lcs\u00f6n\u00f6s el\u0151ny\u00f6ket jelentett, hiszen sz\u00f6vets\u00e9gesk\u00e9nt egy\u00fctt er\u0151s\u00edtik egym\u00e1st az oktat\u00e1s, a kutat\u00e1s \u00e9s a gy\u00f3gy\u00edt\u00e1s ter\u00fclet\u00e9n egyar\u00e1nt. \u201eRektork\u00e9nt nagy \u00f6r\u00f6m sz\u00e1momra, hogy k\u00f6z\u00f6sen jelent\u0151s infrastruktur\u00e1lis fejleszt\u00e9seket val\u00f3s\u00edthattunk meg. Eml\u00edthetj\u00fck a K\u00fatv\u00f6lgyi \u00fati \u00e9p\u00fclet energetikai korszer\u0171s\u00edt\u00e9s\u00e9t \u00e9s az itteni igazgat\u00e1si szint r\u00e9szleges \u00e9s a d\u00edszterem teljes fel\u00faj\u00edt\u00e1s\u00e1t, vagy a Vill\u00e1nyi \u00fati sportp\u00e1lya, rendezv\u00e9nyt\u00e9r kialak\u00edt\u00e1s\u00e1t. Ebbe a sorba illeszkedik a most elk\u00e9sz\u00fclt fejleszt\u00e9s, amely t\u00f6bb mint 500 n\u00e9gyzetm\u00e9tert \u00e9rint, \u00e9s egyebek mellett oktat\u00f3 ter\u00fcleteket \u00e9s k\u00f6z\u00f6ss\u00e9gi teret is mag\u00e1ba foglal. A csaknem 150 milli\u00f3s beruh\u00e1z\u00e1s jelent\u0151sen jav\u00edtja a kondukt\u00edv pedag\u00f3gia fellegv\u00e1r\u00e1ban foly\u00f3 k\u00fcl\u00f6nlegesen \u00e9rt\u00e9kes oktat\u00e1s technikai k\u00f6r\u00fclm\u00e9nyeit is, ez\u00e1ltal megk\u00f6nny\u00edtve az itt tanul\u00f3k \u00e9s oktat\u00f3k mindennapjait\u201d \u2013 h\u00fazta al\u00e1. Hozz\u00e1tette: az elm\u00falt \u00e9vekben fejleszt\u00e9seik kiemelt szempontja volt a hallgat\u00f3i terek meg\u00faj\u00edt\u00e1sa, vonz\u00f3bb\u00e1 t\u00e9tele, hogy a hallgat\u00f3k kiv\u00e1l\u00f3s\u00e1g\u00e1hoz m\u00e9lt\u00f3, inspir\u00e1l\u00f3 k\u00f6rnyezetet teremtsenek.<\/p>\n\r\n        [slb_exclude]\r\n        <div class=\"row galeria-wrapper mx-0 h-auto\">\r\n            <div class=\"col-9 pl-0 pr-2\">\r\n            <span class=\"gallery-item frame\">\r\n\t\t\t\t<div class=\"galeria-left-img\"><a href=\"https:\/\/semmelweis.hu\/hirek\/files\/2025\/02\/RS209290__19A3795-scr.jpg\"><img src=https:\/\/semmelweis.hu\/hirek\/files\/2025\/02\/RS209290__19A3795-scr.jpg  \r\n                            alt=\"\" \r\n                            class=\"attachment-sote-gallery-big size-sote-gallery-big\" \r\n                            srcset=\"https:\/\/semmelweis.hu\/hirek\/files\/2025\/02\/RS209290__19A3795-scr-400x267.jpg 400w, https:\/\/semmelweis.hu\/hirek\/files\/2025\/02\/RS209290__19A3795-scr-900x600.jpg 900w, https:\/\/semmelweis.hu\/hirek\/files\/2025\/02\/RS209290__19A3795-scr-768x512.jpg 768w, https:\/\/semmelweis.hu\/hirek\/files\/2025\/02\/RS209290__19A3795-scr-753x502.jpg 753w, https:\/\/semmelweis.hu\/hirek\/files\/2025\/02\/RS209290__19A3795-scr-203x135.jpg 203w, https:\/\/semmelweis.hu\/hirek\/files\/2025\/02\/RS209290__19A3795-scr.jpg 1200w\" ><\/a><\/div>\r\n            <\/span>\r\n\r\n            <\/div>\r\n\r\n\t\t\t<div class=\"col-3 pl-0 pr-0\">\r\n\t\t\t\t<div class=\"galeria-right-img d-flex justify-content-between flex-column h-100 w-100 px-0 mx-0 \">\r\n                <div class=\"galeria-box\">\r\n\t\t\t\t\t<h3 class=\"galeria-title\">Gal\u00e9ria<\/h3>\r\n\t\t\t\t\t<div class=\"galeria-subtitle\">\r\n\r\n\t\t\t\t\t\t<div class=\"galeria-page-counter\"><span>12<\/span>k\u00e9p<\/div>\r\n                    <\/div> <\/div>\r\n                    <span class=\"gallery-item frame d-none d-md-flex\">\r\n\t\t\t\t\t<div class=\"galeria-small-img mt-0\"><a href=\"https:\/\/semmelweis.hu\/hirek\/files\/2025\/02\/RS209296__19A3813-scr.jpg\"><img src=https:\/\/semmelweis.hu\/hirek\/files\/2025\/02\/RS209296__19A3813-scr.jpg \r\n                                alt=\"\"  \r\n                                class=\"attachment-sote-gallery-small size-sote-gallery-small\" \r\n                                srcset=\"https:\/\/semmelweis.hu\/hirek\/files\/2025\/02\/RS209296__19A3813-scr-400x267.jpg 400w, https:\/\/semmelweis.hu\/hirek\/files\/2025\/02\/RS209296__19A3813-scr-900x600.jpg 900w, https:\/\/semmelweis.hu\/hirek\/files\/2025\/02\/RS209296__19A3813-scr-768x512.jpg 768w, https:\/\/semmelweis.hu\/hirek\/files\/2025\/02\/RS209296__19A3813-scr-753x502.jpg 753w, https:\/\/semmelweis.hu\/hirek\/files\/2025\/02\/RS209296__19A3813-scr-203x135.jpg 203w, https:\/\/semmelweis.hu\/hirek\/files\/2025\/02\/RS209296__19A3813-scr.jpg 1200w\" ><\/a><\/div>\r\n                    <\/span>\r\n                    <span class=\"gallery-item frame d-none d-md-flex\">\r\n\t\t\t\t\t<div class=\"galeria-small-img mt-0\"><a href=\"https:\/\/semmelweis.hu\/hirek\/files\/2025\/02\/RS209294__19A3808-scr.jpg\"><img src=https:\/\/semmelweis.hu\/hirek\/files\/2025\/02\/RS209294__19A3808-scr.jpg \r\n                                alt=\"\" \r\n                                class=\"attachment-sote-gallery-small size-sote-gallery-small\" \r\n                                srcset=\"https:\/\/semmelweis.hu\/hirek\/files\/2025\/02\/RS209294__19A3808-scr-400x267.jpg 400w, https:\/\/semmelweis.hu\/hirek\/files\/2025\/02\/RS209294__19A3808-scr-900x600.jpg 900w, https:\/\/semmelweis.hu\/hirek\/files\/2025\/02\/RS209294__19A3808-scr-768x512.jpg 768w, https:\/\/semmelweis.hu\/hirek\/files\/2025\/02\/RS209294__19A3808-scr-753x502.jpg 753w, https:\/\/semmelweis.hu\/hirek\/files\/2025\/02\/RS209294__19A3808-scr-203x135.jpg 203w, https:\/\/semmelweis.hu\/hirek\/files\/2025\/02\/RS209294__19A3808-scr.jpg 1200w\" ><\/a><\/div>\r\n                    <\/span>\r\n\r\n                <\/div>\r\n\r\n            <\/div>\r\n\r\n            <span class=\"gallery-item\"><div class=\"hidden\"><a href=\"https:\/\/semmelweis.hu\/hirek\/files\/2025\/02\/RS209303__19A3840-scr.jpg\">\r\n        <img src=https:\/\/semmelweis.hu\/hirek\/files\/2025\/02\/RS209303__19A3840-scr.jpg alt=\"\" class=\"attachment-sote-gallery-big size-sote-gallery-big\" srcset=\"https:\/\/semmelweis.hu\/hirek\/files\/2025\/02\/RS209303__19A3840-scr-400x267.jpg 400w, https:\/\/semmelweis.hu\/hirek\/files\/2025\/02\/RS209303__19A3840-scr-900x600.jpg 900w, https:\/\/semmelweis.hu\/hirek\/files\/2025\/02\/RS209303__19A3840-scr-768x512.jpg 768w, https:\/\/semmelweis.hu\/hirek\/files\/2025\/02\/RS209303__19A3840-scr-753x502.jpg 753w, https:\/\/semmelweis.hu\/hirek\/files\/2025\/02\/RS209303__19A3840-scr-203x135.jpg 203w, https:\/\/semmelweis.hu\/hirek\/files\/2025\/02\/RS209303__19A3840-scr.jpg 1200w\" >\r\n        <\/a><\/div><\/span><span class=\"gallery-item\"><div class=\"hidden\"><a href=\"https:\/\/semmelweis.hu\/hirek\/files\/2025\/02\/RS209286__19A3778-scr.jpg\">\r\n        <img src=https:\/\/semmelweis.hu\/hirek\/files\/2025\/02\/RS209286__19A3778-scr.jpg alt=\"\" class=\"attachment-sote-gallery-big size-sote-gallery-big\" srcset=\"https:\/\/semmelweis.hu\/hirek\/files\/2025\/02\/RS209286__19A3778-scr-400x267.jpg 400w, https:\/\/semmelweis.hu\/hirek\/files\/2025\/02\/RS209286__19A3778-scr-900x600.jpg 900w, https:\/\/semmelweis.hu\/hirek\/files\/2025\/02\/RS209286__19A3778-scr-768x512.jpg 768w, https:\/\/semmelweis.hu\/hirek\/files\/2025\/02\/RS209286__19A3778-scr-753x502.jpg 753w, https:\/\/semmelweis.hu\/hirek\/files\/2025\/02\/RS209286__19A3778-scr-203x135.jpg 203w, https:\/\/semmelweis.hu\/hirek\/files\/2025\/02\/RS209286__19A3778-scr.jpg 1200w\" >\r\n        <\/a><\/div><\/span><span class=\"gallery-item\"><div class=\"hidden\"><a href=\"https:\/\/semmelweis.hu\/hirek\/files\/2025\/02\/RS209302__19A3837-scr.jpg\">\r\n        <img src=https:\/\/semmelweis.hu\/hirek\/files\/2025\/02\/RS209302__19A3837-scr.jpg alt=\"\" class=\"attachment-sote-gallery-big size-sote-gallery-big\" srcset=\"https:\/\/semmelweis.hu\/hirek\/files\/2025\/02\/RS209302__19A3837-scr-400x267.jpg 400w, https:\/\/semmelweis.hu\/hirek\/files\/2025\/02\/RS209302__19A3837-scr-900x600.jpg 900w, https:\/\/semmelweis.hu\/hirek\/files\/2025\/02\/RS209302__19A3837-scr-768x512.jpg 768w, https:\/\/semmelweis.hu\/hirek\/files\/2025\/02\/RS209302__19A3837-scr-753x502.jpg 753w, https:\/\/semmelweis.hu\/hirek\/files\/2025\/02\/RS209302__19A3837-scr-203x135.jpg 203w, https:\/\/semmelweis.hu\/hirek\/files\/2025\/02\/RS209302__19A3837-scr.jpg 1200w\" >\r\n        <\/a><\/div><\/span><span class=\"gallery-item\"><div class=\"hidden\"><a href=\"https:\/\/semmelweis.hu\/hirek\/files\/2025\/02\/RS209301__19A3831-scr.jpg\">\r\n        <img src=https:\/\/semmelweis.hu\/hirek\/files\/2025\/02\/RS209301__19A3831-scr.jpg alt=\"\" class=\"attachment-sote-gallery-big size-sote-gallery-big\" srcset=\"https:\/\/semmelweis.hu\/hirek\/files\/2025\/02\/RS209301__19A3831-scr-400x267.jpg 400w, https:\/\/semmelweis.hu\/hirek\/files\/2025\/02\/RS209301__19A3831-scr-900x600.jpg 900w, https:\/\/semmelweis.hu\/hirek\/files\/2025\/02\/RS209301__19A3831-scr-768x512.jpg 768w, https:\/\/semmelweis.hu\/hirek\/files\/2025\/02\/RS209301__19A3831-scr-753x502.jpg 753w, https:\/\/semmelweis.hu\/hirek\/files\/2025\/02\/RS209301__19A3831-scr-203x135.jpg 203w, https:\/\/semmelweis.hu\/hirek\/files\/2025\/02\/RS209301__19A3831-scr.jpg 1200w\" >\r\n        <\/a><\/div><\/span><span class=\"gallery-item\"><div class=\"hidden\"><a href=\"https:\/\/semmelweis.hu\/hirek\/files\/2025\/02\/RS209300__19A3827-scr.jpg\">\r\n        <img src=https:\/\/semmelweis.hu\/hirek\/files\/2025\/02\/RS209300__19A3827-scr.jpg alt=\"\" class=\"attachment-sote-gallery-big size-sote-gallery-big\" srcset=\"https:\/\/semmelweis.hu\/hirek\/files\/2025\/02\/RS209300__19A3827-scr-400x267.jpg 400w, https:\/\/semmelweis.hu\/hirek\/files\/2025\/02\/RS209300__19A3827-scr-900x600.jpg 900w, https:\/\/semmelweis.hu\/hirek\/files\/2025\/02\/RS209300__19A3827-scr-768x512.jpg 768w, https:\/\/semmelweis.hu\/hirek\/files\/2025\/02\/RS209300__19A3827-scr-753x502.jpg 753w, https:\/\/semmelweis.hu\/hirek\/files\/2025\/02\/RS209300__19A3827-scr-203x135.jpg 203w, https:\/\/semmelweis.hu\/hirek\/files\/2025\/02\/RS209300__19A3827-scr.jpg 1200w\" >\r\n        <\/a><\/div><\/span><span class=\"gallery-item\"><div class=\"hidden\"><a href=\"https:\/\/semmelweis.hu\/hirek\/files\/2025\/02\/RS209288__19A3791-scr.jpg\">\r\n        <img src=https:\/\/semmelweis.hu\/hirek\/files\/2025\/02\/RS209288__19A3791-scr.jpg alt=\"\" class=\"attachment-sote-gallery-big size-sote-gallery-big\" srcset=\"https:\/\/semmelweis.hu\/hirek\/files\/2025\/02\/RS209288__19A3791-scr-400x267.jpg 400w, https:\/\/semmelweis.hu\/hirek\/files\/2025\/02\/RS209288__19A3791-scr-900x600.jpg 900w, https:\/\/semmelweis.hu\/hirek\/files\/2025\/02\/RS209288__19A3791-scr-768x512.jpg 768w, https:\/\/semmelweis.hu\/hirek\/files\/2025\/02\/RS209288__19A3791-scr-753x502.jpg 753w, https:\/\/semmelweis.hu\/hirek\/files\/2025\/02\/RS209288__19A3791-scr-203x135.jpg 203w, https:\/\/semmelweis.hu\/hirek\/files\/2025\/02\/RS209288__19A3791-scr.jpg 1200w\" >\r\n        <\/a><\/div><\/span><span class=\"gallery-item\"><div class=\"hidden\"><a href=\"https:\/\/semmelweis.hu\/hirek\/files\/2025\/02\/RS209287__19A3784-scr.jpg\">\r\n        <img src=https:\/\/semmelweis.hu\/hirek\/files\/2025\/02\/RS209287__19A3784-scr.jpg alt=\"\" class=\"attachment-sote-gallery-big size-sote-gallery-big\" srcset=\"https:\/\/semmelweis.hu\/hirek\/files\/2025\/02\/RS209287__19A3784-scr-400x267.jpg 400w, https:\/\/semmelweis.hu\/hirek\/files\/2025\/02\/RS209287__19A3784-scr-900x600.jpg 900w, https:\/\/semmelweis.hu\/hirek\/files\/2025\/02\/RS209287__19A3784-scr-768x512.jpg 768w, https:\/\/semmelweis.hu\/hirek\/files\/2025\/02\/RS209287__19A3784-scr-753x502.jpg 753w, https:\/\/semmelweis.hu\/hirek\/files\/2025\/02\/RS209287__19A3784-scr-203x135.jpg 203w, https:\/\/semmelweis.hu\/hirek\/files\/2025\/02\/RS209287__19A3784-scr.jpg 1200w\" >\r\n        <\/a><\/div><\/span><span class=\"gallery-item\"><div class=\"hidden\"><a href=\"https:\/\/semmelweis.hu\/hirek\/files\/2025\/02\/RS209309__19A3871-scr.jpg\">\r\n        <img src=https:\/\/semmelweis.hu\/hirek\/files\/2025\/02\/RS209309__19A3871-scr.jpg alt=\"\" class=\"attachment-sote-gallery-big size-sote-gallery-big\" srcset=\"https:\/\/semmelweis.hu\/hirek\/files\/2025\/02\/RS209309__19A3871-scr-400x267.jpg 400w, https:\/\/semmelweis.hu\/hirek\/files\/2025\/02\/RS209309__19A3871-scr-900x600.jpg 900w, https:\/\/semmelweis.hu\/hirek\/files\/2025\/02\/RS209309__19A3871-scr-768x512.jpg 768w, https:\/\/semmelweis.hu\/hirek\/files\/2025\/02\/RS209309__19A3871-scr-753x502.jpg 753w, https:\/\/semmelweis.hu\/hirek\/files\/2025\/02\/RS209309__19A3871-scr-203x135.jpg 203w, https:\/\/semmelweis.hu\/hirek\/files\/2025\/02\/RS209309__19A3871-scr.jpg 1200w\" >\r\n        <\/a><\/div><\/span><span class=\"gallery-item\"><div class=\"hidden\"><a href=\"https:\/\/semmelweis.hu\/hirek\/files\/2025\/02\/RS209311__19A3877-scr.jpg\">\r\n        <img src=https:\/\/semmelweis.hu\/hirek\/files\/2025\/02\/RS209311__19A3877-scr.jpg alt=\"\" class=\"attachment-sote-gallery-big size-sote-gallery-big\" srcset=\"https:\/\/semmelweis.hu\/hirek\/files\/2025\/02\/RS209311__19A3877-scr-400x267.jpg 400w, https:\/\/semmelweis.hu\/hirek\/files\/2025\/02\/RS209311__19A3877-scr-900x600.jpg 900w, https:\/\/semmelweis.hu\/hirek\/files\/2025\/02\/RS209311__19A3877-scr-768x512.jpg 768w, https:\/\/semmelweis.hu\/hirek\/files\/2025\/02\/RS209311__19A3877-scr-753x502.jpg 753w, https:\/\/semmelweis.hu\/hirek\/files\/2025\/02\/RS209311__19A3877-scr-203x135.jpg 203w, https:\/\/semmelweis.hu\/hirek\/files\/2025\/02\/RS209311__19A3877-scr.jpg 1200w\" >\r\n        <\/a><\/div><\/span>\r\n            <\/div>\r\n\r\n            [\/slb_exclude]\r\n\t\n<p>\u201eSzinte m\u00e1r rutinszer\u0171en \u00e1llunk itt, hiszen nem telik el \u00fagy f\u00e9l \u00e9v, hogy ne adn\u00e1nk \u00e1t valamit\u201d \u2013 emelte ki besz\u00e9d\u00e9ben dr. Tenk Mikl\u00f3sn\u00e9 dr. Zsebe Andrea.<\/p>\n<div class=\"fontos_div\">\n<p>A PAK d\u00e9k\u00e1nja a fel\u00faj\u00edt\u00e1st r\u00e9szletezve elmondta, a brutt\u00f3 146 milli\u00f3 forintos k\u00f6zponti forr\u00e1sb\u00f3l 520 n\u00e9gyzetm\u00e9tert tudtak renov\u00e1lni; ebb\u0151l 315 n\u00e9gyzetm\u00e9ter \u00faj oktat\u00f3ter\u00fcletet hoztak l\u00e9tre, 108 n\u00e9gyzetm\u00e9ter k\u00f6z\u00f6ss\u00e9gi teret, 32 n\u00e9gyzetm\u00e9ter szert\u00e1rt \u00e9s 65 n\u00e9gyzetm\u00e9ter egy\u00e9b funkci\u00f3j\u00fa teret, melybe nyolc teljesen fel\u00faj\u00edtott mosd\u00f3 is beletartozik.<\/p>\n<\/div>\n<p>\u00d6t olyan szemin\u00e1riumi termet alak\u00edtottak ki, melyekben \u00f6sszesen 150 hallgat\u00f3 f\u00e9r el, ezek a legkorszer\u0171bb oktat\u00e1stechnikai eszk\u00f6z\u00f6kkel, p\u00e9ld\u00e1ul okost\u00e1bl\u00e1val is felszereltek, a falai pedig hangszigeteltek, ezekre a m\u00f3dszertani oktat\u00e1sb\u00f3l ad\u00f3d\u00f3 nagyobb zaj miatt volt sz\u00fcks\u00e9g. A l\u00e1tv\u00e1ny mellett a termek teljes g\u00e9p\u00e9szet\u00e9t is \u00e1talak\u00edtott\u00e1k.<\/p>\n<p><a href=\"https:\/\/semmelweis.hu\/hirek\/files\/2025\/02\/RS209282__19A3718-scr.jpg\"><img loading=\"lazy\" decoding=\"async\" class=\"alignright size-medium wp-image-149985\" src=\"https:\/\/semmelweis.hu\/hirek\/files\/2025\/02\/RS209282__19A3718-scr-400x267.jpg\" alt=\"\" width=\"400\" height=\"267\" srcset=\"https:\/\/semmelweis.hu\/hirek\/files\/2025\/02\/RS209282__19A3718-scr-400x267.jpg 400w, https:\/\/semmelweis.hu\/hirek\/files\/2025\/02\/RS209282__19A3718-scr-900x600.jpg 900w, https:\/\/semmelweis.hu\/hirek\/files\/2025\/02\/RS209282__19A3718-scr-768x512.jpg 768w, https:\/\/semmelweis.hu\/hirek\/files\/2025\/02\/RS209282__19A3718-scr-753x502.jpg 753w, https:\/\/semmelweis.hu\/hirek\/files\/2025\/02\/RS209282__19A3718-scr-203x135.jpg 203w, https:\/\/semmelweis.hu\/hirek\/files\/2025\/02\/RS209282__19A3718-scr.jpg 1200w\" sizes=\"auto, (max-width: 400px) 100vw, 400px\" \/><\/a>Besz\u00e9d\u00e9ben a d\u00e9k\u00e1n k\u00f6sz\u00f6netet mondott az egyetem vezet\u00e9s\u00e9nek, valamint a fel\u00faj\u00edt\u00e1ssal megb\u00edzott Pesti \u00c9p\u00edt\u0151 Zrt.-nek is. \u201eA r\u00e1nk b\u00edzott k\u00e9t campust, a Vill\u00e1nyi \u00fatit \u00e9s K\u00fatv\u00f6lgyi \u00fatit is j\u00f3 h\u00e1zigazdak\u00e9nt nemcsak rendben tartjuk \u00e9s meg\u0151rizz\u00fck, de igyeksz\u00fcnk fejleszteni is\u201d \u2013 mutatott r\u00e1. Hozz\u00e1tette: a most \u00e1tadott fel\u00faj\u00edt\u00e1ssal gyakorl\u00f3ter\u00fclet\u00fck portf\u00f3li\u00f3ja is b\u0151v\u00fclt, hiszen kialak\u00edtottak egy feln\u0151tt nappali foglalkoztat\u00f3t is \u2013 ebben azoknak a 21 \u00e9v felettieknek is tudnak foglalkoztat\u00e1sokat tartani, akiknek eddig erre nem volt lehet\u0151s\u00e9g\u00fck.<\/p>\n<p><a href=\"https:\/\/semmelweis.hu\/hirek\/files\/2025\/02\/RS209305__19A3847-scr.jpg\"><img loading=\"lazy\" decoding=\"async\" class=\"alignleft size-medium wp-image-149986\" src=\"https:\/\/semmelweis.hu\/hirek\/files\/2025\/02\/RS209305__19A3847-scr-400x267.jpg\" alt=\"\" width=\"400\" height=\"267\" srcset=\"https:\/\/semmelweis.hu\/hirek\/files\/2025\/02\/RS209305__19A3847-scr-400x267.jpg 400w, https:\/\/semmelweis.hu\/hirek\/files\/2025\/02\/RS209305__19A3847-scr-900x600.jpg 900w, https:\/\/semmelweis.hu\/hirek\/files\/2025\/02\/RS209305__19A3847-scr-768x512.jpg 768w, https:\/\/semmelweis.hu\/hirek\/files\/2025\/02\/RS209305__19A3847-scr-753x502.jpg 753w, https:\/\/semmelweis.hu\/hirek\/files\/2025\/02\/RS209305__19A3847-scr-203x135.jpg 203w, https:\/\/semmelweis.hu\/hirek\/files\/2025\/02\/RS209305__19A3847-scr.jpg 1200w\" sizes=\"auto, (max-width: 400px) 100vw, 400px\" \/><\/a>Az esem\u00e9nyen ker\u00fclt sor Husz\u00e1r Ildik\u00f3 festm\u00e9nyeinek aj\u00e1nd\u00e9koz\u00e1si \u00fcnneps\u00e9g\u00e9re is. \u201eA Pet\u0151 Andr\u00e1s Karon nemzetk\u00f6zi viszonylatban is egyed\u00fcl\u00e1ll\u00f3 pedag\u00f3giai eszk\u00f6z\u00f6kkel \u00e9letmin\u0151s\u00e9get jav\u00edtanak. A mindennapi \u00e9let kih\u00edv\u00e1sainak lek\u00fczd\u00e9se itt val\u00f3ban embert pr\u00f3b\u00e1l\u00f3 feladat. Konkr\u00e9tan kifejezni neh\u00e9z lenne, mit \u00e9rezhet\u00fcnk e k\u00fcl\u00f6nleges munka kapcs\u00e1n. Husz\u00e1r Ildik\u00f3 festm\u00e9nyei tal\u00e1n seg\u00edtenek a sz\u00edv\u00fcnkben megfogalmazni, ami megfogalmazhatatlan\u201d \u2013 emelte ki besz\u00e9d\u00e9ben Freundn\u00e9 Varga Edina m\u0171v\u00e9szeti szak\u00e9rt\u0151. Mint elmondta, a PAK-nak aj\u00e1nd\u00e9kozott alkot\u00e1sok nem csup\u00e1n festm\u00e9nyek, hanem sz\u00edvet melenget\u0151, j\u00f3kedvet \u00e9s bizakod\u00e1st sug\u00e1rz\u00f3 \u00fczenetek is. \u201eA meleg v\u00f6r\u00f6sek \u00e1rnyalatai, az \u00e9g fel\u00e9 ir\u00e1nyul\u00f3 gesztusok lend\u00fcletbe hozz\u00e1k \u00e9rzelmeinket. Felfedezhet\u00fcnk konkr\u00e9t term\u00e9szeti form\u00e1kat is, de az is k\u00fcl\u00f6nleges perspekt\u00edv\u00e1ba vezet. A gesztusokkal k\u00f6rbet\u00e1ncolt v\u00e1sznak a v\u00e1ratlanba, az ismeretlenbe, az eld\u00f6ntetlenbe kalauzolj\u00e1k a n\u00e9z\u0151t. Ugyanakkor felkeltik a v\u00e1gyat, hogy a hi\u00e1nyt k\u00e9pzelet\u00fcnkkel t\u00f6lts\u00fck ki\u201d \u2013 mutatott r\u00e1. Hozz\u00e1tette: a festm\u00e9nyek olyan inspir\u00e1ci\u00f3t hoznak majd a k\u00f6z\u00f6ss\u00e9g \u00e9let\u00e9be, amely er\u0151t \u00e9s rem\u00e9nyt adhat mindazoknak, akik nap mint nap megfordulnak itt.<\/p>\n<p><a href=\"https:\/\/semmelweis.hu\/hirek\/files\/2025\/02\/RS209310__19A3874-scr.jpg\"><img loading=\"lazy\" decoding=\"async\" class=\"aligncenter size-full wp-image-149988\" src=\"https:\/\/semmelweis.hu\/hirek\/files\/2025\/02\/RS209310__19A3874-scr.jpg\" alt=\"\" width=\"1200\" height=\"800\" srcset=\"https:\/\/semmelweis.hu\/hirek\/files\/2025\/02\/RS209310__19A3874-scr.jpg 1200w, https:\/\/semmelweis.hu\/hirek\/files\/2025\/02\/RS209310__19A3874-scr-400x267.jpg 400w, https:\/\/semmelweis.hu\/hirek\/files\/2025\/02\/RS209310__19A3874-scr-900x600.jpg 900w, https:\/\/semmelweis.hu\/hirek\/files\/2025\/02\/RS209310__19A3874-scr-768x512.jpg 768w, https:\/\/semmelweis.hu\/hirek\/files\/2025\/02\/RS209310__19A3874-scr-753x502.jpg 753w, https:\/\/semmelweis.hu\/hirek\/files\/2025\/02\/RS209310__19A3874-scr-203x135.jpg 203w\" sizes=\"auto, (max-width: 1200px) 100vw, 1200px\" \/><\/a><\/p>\n<p>A m\u0171v\u00e9sz nyolc k\u00e9pe a B \u00e9p\u00fclet f\u00f6ldszintj\u00e9n, a feln\u0151tt \u00e9letviteli program ter\u00fclet\u00e9n d\u00edsz\u00edtik a falakat.<\/p>\n<p>Szab\u00f3 \u00c1d\u00e1m<br \/>\nFot\u00f3: Barta B\u00e1lint &#8211; Semmelweis Egyetem<\/p>\n","protected":false},"excerpt":{"rendered":"<p>A csaknem 150 milli\u00f3 forintb\u00f3l megval\u00f3sult beruh\u00e1z\u00e1s k\u00f6zel 500 n\u00e9gyzetm\u00e9ternyi akad\u00e9miai teret \u00e9rint.<\/p>\n","protected":false},"author":101751,"featured_media":149983,"comment_status":"closed","ping_status":"closed","sticky":false,"template":"","format":"standard","meta":{"_acf_changed":false,"footnotes":""},"categories":[157,168],"tags":[4041],"class_list":["post-149982","post","type-post","status-publish","format-standard","has-post-thumbnail","hentry","category-semmelweis-vilag","category-kiemelt","tag-pak"],"acf":[],"_links":{"self":[{"href":"https:\/\/semmelweis.hu\/hirek\/wp-json\/wp\/v2\/posts\/149982","targetHints":{"allow":["GET"]}}],"collection":[{"href":"https:\/\/semmelweis.hu\/hirek\/wp-json\/wp\/v2\/posts"}],"about":[{"href":"https:\/\/semmelweis.hu\/hirek\/wp-json\/wp\/v2\/types\/post"}],"author":[{"embeddable":true,"href":"https:\/\/semmelweis.hu\/hirek\/wp-json\/wp\/v2\/users\/101751"}],"replies":[{"embeddable":true,"href":"https:\/\/semmelweis.hu\/hirek\/wp-json\/wp\/v2\/comments?post=149982"}],"version-history":[{"count":4,"href":"https:\/\/semmelweis.hu\/hirek\/wp-json\/wp\/v2\/posts\/149982\/revisions"}],"predecessor-version":[{"id":150004,"href":"https:\/\/semmelweis.hu\/hirek\/wp-json\/wp\/v2\/posts\/149982\/revisions\/150004"}],"wp:featuredmedia":[{"embeddable":true,"href":"https:\/\/semmelweis.hu\/hirek\/wp-json\/wp\/v2\/media\/149983"}],"wp:attachment":[{"href":"https:\/\/semmelweis.hu\/hirek\/wp-json\/wp\/v2\/media?parent=149982"}],"wp:term":[{"taxonomy":"category","embeddable":true,"href":"https:\/\/semmelweis.hu\/hirek\/wp-json\/wp\/v2\/categories?post=149982"},{"taxonomy":"post_tag","embeddable":true,"href":"https:\/\/semmelweis.hu\/hirek\/wp-json\/wp\/v2\/tags?post=149982"}],"curies":[{"name":"wp","href":"https:\/\/api.w.org\/{rel}","templated":true}]}}