{"id":149770,"date":"2025-02-07T06:00:21","date_gmt":"2025-02-07T05:00:21","guid":{"rendered":"https:\/\/semmelweis.hu\/hirek\/?p=149770"},"modified":"2025-02-06T10:08:09","modified_gmt":"2025-02-06T09:08:09","slug":"egy-nap-az-aok-n-minden-itt-toltott-idovel-felkeszultebb-orvosokka-valhatunk","status":"publish","type":"post","link":"https:\/\/semmelweis.hu\/hirek\/2025\/02\/07\/egy-nap-az-aok-n-minden-itt-toltott-idovel-felkeszultebb-orvosokka-valhatunk\/","title":{"rendered":"Egy nap az \u00c1OK-n \u2013 Minden itt t\u00f6lt\u00f6tt id\u0151vel felk\u00e9sz\u00fcltebb orvosokk\u00e1 v\u00e1lhatunk"},"content":{"rendered":"<div class=\"lead\">A Semmelweis Egyetem a gyakorlatorient\u00e1lt oktat\u00e1s er\u0151s\u00edt\u00e9se miatt vezette be a 2019-es kurrikulumreformot, majd az idei tan\u00e9vt\u0151l megt\u00f6rt\u00e9nt ennek finomhangol\u00e1sa \u00e9s m\u00e9g magasabb fokozatba kapcsol\u00e1sa is a Curriculum 2.0 keret\u00e9ben. K\u00e9priportunkban bemutatjuk B\u00e9nyi Botond Boldizs\u00e1r hatod\u00e9ves orvostanhallgat\u00f3 egy gyakorlati napj\u00e1t a Sz\u00fcl\u00e9szeti \u00e9s N\u0151gy\u00f3gy\u00e1szati Klinika Baross utcai r\u00e9szleg\u00e9n.<\/div>\n<div class=\"keretes w-100\">\n<p>A negyedik, \u00f6t\u00f6dik \u00e9s hatodik \u00e9vfolyamos hallgat\u00f3k \u00fan. blokkos\u00edtott oktat\u00e1s keret\u00e9ben saj\u00e1t\u00edtj\u00e1k el a tananyagot, ami azt jelenti, hogy egy blokkon bel\u00fcl ker\u00fcl sor az el\u0151ad\u00e1sokra \u00e9s a gyakorlati oktat\u00e1sra egyar\u00e1nt, a blokk v\u00e9g\u00e9n pedig vizsg\u00e1t tesznek. A kapcsol\u00f3d\u00f3 tananyag mennyis\u00e9g\u00e9t\u0151l f\u00fcgg\u0151en egy blokk id\u0151tartama 1-8 h\u00e9t k\u00f6z\u00f6tt v\u00e1ltozhat, amelyet a hallgat\u00f3k az adott szakter\u00fclet klinik\u00e1j\u00e1n t\u00f6ltenek. A blokkos\u00edtott oktat\u00e1s esszenci\u00e1ja, hogy a hallgat\u00f3k ez id\u0151 alatt egy tananyagra \u00f6sszpontos\u00edtanak, \u00edgy lehet\u0151s\u00e9g\u00fck ny\u00edlik a tud\u00e1s m\u00e9lyebb \u00e9s gyakorlatorient\u00e1ltabb elsaj\u00e1t\u00edt\u00e1s\u00e1ra. Hatod\u00e9ven hat szigorlati tant\u00e1rgyat kell teljes\u00edteni: n\u0151gy\u00f3gy\u00e1szat, pszichi\u00e1tria, gyermekgy\u00f3gy\u00e1szat, neurol\u00f3gia, seb\u00e9szet \u00e9s belgy\u00f3gy\u00e1szat.<\/p>\n<\/div>\n<p><em>Fot\u00f3riportunk a k\u00e9pekre kattintva olvashat\u00f3.<\/em><\/p>\n[slb_exclude]<div data-carousel-extra='{\"blog_id\":2,\"permalink\":\"https:\\\/\\\/semmelweis.hu\\\/hirek\\\/2025\\\/02\\\/07\\\/egy-nap-az-aok-n-minden-itt-toltott-idovel-felkeszultebb-orvosokka-valhatunk\\\/\"}' class=\"tiled-gallery type-rectangular\" data-original-width=\"753\"><div class=\"gallery-row\" style=\"width: 748px; height: 330px;\"><div class=\"gallery-group images-1\" style=\"width: 499px; height: 334px;\"><div class=\"tiled-gallery-item tiled-gallery-item-large\"><a href=\"https:\/\/semmelweis.hu\/hirek\/files\/2025\/02\/RS208734__19A1287-scr.jpg\"><img loading=\"lazy\" decoding=\"async\" data-attachment-id=\"149781\" data-orig-file=\"https:\/\/semmelweis.hu\/hirek\/files\/2025\/02\/RS208734__19A1287-scr.jpg\" data-orig-size=\"1200,800\" data-comments-opened=\"0\" data-image-meta=\"{&quot;aperture&quot;:&quot;0&quot;,&quot;credit&quot;:&quot;&quot;,&quot;camera&quot;:&quot;&quot;,&quot;caption&quot;:&quot;&quot;,&quot;created_timestamp&quot;:&quot;0&quot;,&quot;copyright&quot;:&quot;&quot;,&quot;focal_length&quot;:&quot;0&quot;,&quot;iso&quot;:&quot;0&quot;,&quot;shutter_speed&quot;:&quot;0&quot;,&quot;title&quot;:&quot;&quot;,&quot;orientation&quot;:&quot;0&quot;}\" data-image-title=\"RS208734__19A1287-scr\" data-image-description=\"\" data-medium-file=\"https:\/\/semmelweis.hu\/hirek\/files\/2025\/02\/RS208734__19A1287-scr-400x267.jpg\" data-large-file=\"https:\/\/semmelweis.hu\/hirek\/files\/2025\/02\/RS208734__19A1287-scr-900x600.jpg\" src=\"https:\/\/semmelweis.hu\/hirek\/files\/2025\/02\/RS208734__19A1287-scr-495x330.jpg\" width=\"495\" height=\"330\" align=\"left\" title=\"Egy \u00f6thetes blokk els\u0151 n\u00e9gy het\u00e9t az adott medicin\u00e1nak megfelel\u0151 klinik\u00e1n t\u00f6ltik a hallgat\u00f3k, rendszerint naponta reggel 8-t\u00f3l d\u00e9lut\u00e1n 4-ig, \u00edgy betekint\u00e9st nyerve az oszt\u00e1lyok mindennapos m\u0171k\u00f6d\u00e9s\u00e9be. Vizsg\u00e1t az utols\u00f3 h\u00e9ten kell tenni az adott szakter\u00fcletb\u0151l.\" \/><\/a><div class=\"tiled-gallery-caption\">Egy \u00f6thetes blokk els\u0151 n\u00e9gy het\u00e9t az adott medicin\u00e1nak megfelel\u0151 klinik\u00e1n t\u00f6ltik a hallgat\u00f3k, rendszerint naponta reggel 8-t\u00f3l d\u00e9lut\u00e1n 4-ig, \u00edgy betekint\u00e9st nyerve az oszt\u00e1lyok mindennapos m\u0171k\u00f6d\u00e9s\u00e9be. Vizsg\u00e1t az utols\u00f3 h\u00e9ten kell tenni az adott szakter\u00fcletb\u0151l.<\/div><\/div><\/div><div class=\"gallery-group images-2\" style=\"width: 249px; height: 334px;\"><div class=\"tiled-gallery-item tiled-gallery-item-small\"><a href=\"https:\/\/semmelweis.hu\/hirek\/files\/2025\/02\/RS208805__19A1734-scr.jpg\"><img loading=\"lazy\" decoding=\"async\" data-attachment-id=\"149785\" data-orig-file=\"https:\/\/semmelweis.hu\/hirek\/files\/2025\/02\/RS208805__19A1734-scr.jpg\" data-orig-size=\"1200,800\" data-comments-opened=\"0\" data-image-meta=\"{&quot;aperture&quot;:&quot;0&quot;,&quot;credit&quot;:&quot;&quot;,&quot;camera&quot;:&quot;&quot;,&quot;caption&quot;:&quot;&quot;,&quot;created_timestamp&quot;:&quot;0&quot;,&quot;copyright&quot;:&quot;&quot;,&quot;focal_length&quot;:&quot;0&quot;,&quot;iso&quot;:&quot;0&quot;,&quot;shutter_speed&quot;:&quot;0&quot;,&quot;title&quot;:&quot;&quot;,&quot;orientation&quot;:&quot;0&quot;}\" data-image-title=\"RS208805__19A1734-scr\" data-image-description=\"\" data-medium-file=\"https:\/\/semmelweis.hu\/hirek\/files\/2025\/02\/RS208805__19A1734-scr-400x267.jpg\" data-large-file=\"https:\/\/semmelweis.hu\/hirek\/files\/2025\/02\/RS208805__19A1734-scr-900x600.jpg\" src=\"https:\/\/semmelweis.hu\/hirek\/files\/2025\/02\/RS208805__19A1734-scr-245x163.jpg\" width=\"245\" height=\"163\" align=\"left\" title=\"B\u00e9nyi Botond Boldizs\u00e1r hatod\u00e9ves orvostanhallgat\u00f3, a Hallgat\u00f3i \u00d6nkorm\u00e1nyzatban az \u00c1ltal\u00e1nos Orvostudom\u00e1nyi Kar kari vezet\u0151je\" \/><\/a><div class=\"tiled-gallery-caption\">B\u00e9nyi Botond Boldizs\u00e1r hatod\u00e9ves orvostanhallgat\u00f3, a Hallgat\u00f3i \u00d6nkorm\u00e1nyzatban az \u00c1ltal\u00e1nos Orvostudom\u00e1nyi Kar kari vezet\u0151je<\/div><\/div><div class=\"tiled-gallery-item tiled-gallery-item-small\"><a href=\"https:\/\/semmelweis.hu\/hirek\/files\/2025\/02\/RS208736__19A1308-scr.jpg\"><img loading=\"lazy\" decoding=\"async\" data-attachment-id=\"149780\" data-orig-file=\"https:\/\/semmelweis.hu\/hirek\/files\/2025\/02\/RS208736__19A1308-scr.jpg\" data-orig-size=\"1200,800\" data-comments-opened=\"0\" data-image-meta=\"{&quot;aperture&quot;:&quot;0&quot;,&quot;credit&quot;:&quot;&quot;,&quot;camera&quot;:&quot;&quot;,&quot;caption&quot;:&quot;&quot;,&quot;created_timestamp&quot;:&quot;0&quot;,&quot;copyright&quot;:&quot;&quot;,&quot;focal_length&quot;:&quot;0&quot;,&quot;iso&quot;:&quot;0&quot;,&quot;shutter_speed&quot;:&quot;0&quot;,&quot;title&quot;:&quot;&quot;,&quot;orientation&quot;:&quot;0&quot;}\" data-image-title=\"RS208736__19A1308-scr\" data-image-description=\"\" data-medium-file=\"https:\/\/semmelweis.hu\/hirek\/files\/2025\/02\/RS208736__19A1308-scr-400x267.jpg\" data-large-file=\"https:\/\/semmelweis.hu\/hirek\/files\/2025\/02\/RS208736__19A1308-scr-900x600.jpg\" src=\"https:\/\/semmelweis.hu\/hirek\/files\/2025\/02\/RS208736__19A1308-scr-245x163.jpg\" width=\"245\" height=\"163\" align=\"left\" title=\"A gyakorlatorient\u00e1lt blokkokban az adott klinik\u00e1n el\u0151re beosztva v\u00e1ltozatos feladatokat kapnak a hallgat\u00f3k, akik ezzel m\u00e1r a tanulm\u00e1nyaik alatt t\u00e9nylegesen k\u00f6zel ker\u00fclnek a betegell\u00e1t\u00e1shoz. \" \/><\/a><div class=\"tiled-gallery-caption\">A gyakorlatorient\u00e1lt blokkokban az adott klinik\u00e1n el\u0151re beosztva v\u00e1ltozatos feladatokat kapnak a hallgat\u00f3k, akik ezzel m\u00e1r a tanulm\u00e1nyaik alatt t\u00e9nylegesen k\u00f6zel ker\u00fclnek a betegell\u00e1t\u00e1shoz. <\/div><\/div><\/div><\/div><div class=\"gallery-row\" style=\"width: 748px; height: 164px;\"><div class=\"gallery-group images-1\" style=\"width: 250px; height: 168px;\"><div class=\"tiled-gallery-item tiled-gallery-item-small\"><a href=\"https:\/\/semmelweis.hu\/hirek\/files\/2025\/02\/RS208763__19A1499-scr.jpg\"><img loading=\"lazy\" decoding=\"async\" data-attachment-id=\"149783\" data-orig-file=\"https:\/\/semmelweis.hu\/hirek\/files\/2025\/02\/RS208763__19A1499-scr.jpg\" data-orig-size=\"1200,800\" data-comments-opened=\"0\" data-image-meta=\"{&quot;aperture&quot;:&quot;0&quot;,&quot;credit&quot;:&quot;&quot;,&quot;camera&quot;:&quot;&quot;,&quot;caption&quot;:&quot;&quot;,&quot;created_timestamp&quot;:&quot;0&quot;,&quot;copyright&quot;:&quot;&quot;,&quot;focal_length&quot;:&quot;0&quot;,&quot;iso&quot;:&quot;0&quot;,&quot;shutter_speed&quot;:&quot;0&quot;,&quot;title&quot;:&quot;&quot;,&quot;orientation&quot;:&quot;0&quot;}\" data-image-title=\"RS208763__19A1499-scr\" data-image-description=\"\" data-medium-file=\"https:\/\/semmelweis.hu\/hirek\/files\/2025\/02\/RS208763__19A1499-scr-400x267.jpg\" data-large-file=\"https:\/\/semmelweis.hu\/hirek\/files\/2025\/02\/RS208763__19A1499-scr-900x600.jpg\" src=\"https:\/\/semmelweis.hu\/hirek\/files\/2025\/02\/RS208763__19A1499-scr-246x164.jpg\" width=\"246\" height=\"164\" align=\"left\" title=\"B\u00e9nyi Botond \u00fagy v\u00e9li, a gyakorlat seg\u00edt abban, hogy az egyes medicin\u00e1k eset\u00e9n a hallgat\u00f3k ne csak megtanulj\u00e1k a tananyagot, hanem alkalmazni is tudj\u00e1k azt.\" \/><\/a><div class=\"tiled-gallery-caption\">B\u00e9nyi Botond \u00fagy v\u00e9li, a gyakorlat seg\u00edt abban, hogy az egyes medicin\u00e1k eset\u00e9n a hallgat\u00f3k ne csak megtanulj\u00e1k a tananyagot, hanem alkalmazni is tudj\u00e1k azt.<\/div><\/div><\/div><div class=\"gallery-group images-1\" style=\"width: 249px; height: 168px;\"><div class=\"tiled-gallery-item tiled-gallery-item-small\"><a href=\"https:\/\/semmelweis.hu\/hirek\/files\/2025\/02\/RS208743__19A1373-scr.jpg\"><img loading=\"lazy\" decoding=\"async\" data-attachment-id=\"149779\" data-orig-file=\"https:\/\/semmelweis.hu\/hirek\/files\/2025\/02\/RS208743__19A1373-scr.jpg\" data-orig-size=\"1200,800\" data-comments-opened=\"0\" data-image-meta=\"{&quot;aperture&quot;:&quot;0&quot;,&quot;credit&quot;:&quot;&quot;,&quot;camera&quot;:&quot;&quot;,&quot;caption&quot;:&quot;&quot;,&quot;created_timestamp&quot;:&quot;0&quot;,&quot;copyright&quot;:&quot;&quot;,&quot;focal_length&quot;:&quot;0&quot;,&quot;iso&quot;:&quot;0&quot;,&quot;shutter_speed&quot;:&quot;0&quot;,&quot;title&quot;:&quot;&quot;,&quot;orientation&quot;:&quot;0&quot;}\" data-image-title=\"RS208743__19A1373-scr\" data-image-description=\"\" data-medium-file=\"https:\/\/semmelweis.hu\/hirek\/files\/2025\/02\/RS208743__19A1373-scr-400x267.jpg\" data-large-file=\"https:\/\/semmelweis.hu\/hirek\/files\/2025\/02\/RS208743__19A1373-scr-900x600.jpg\" src=\"https:\/\/semmelweis.hu\/hirek\/files\/2025\/02\/RS208743__19A1373-scr-245x164.jpg\" width=\"245\" height=\"164\" align=\"left\" title=\"\u201eA n\u0151gy\u00f3gy\u00e1szat eset\u00e9n reggel a refer\u00e1l\u00f3n kezd\u00fcnk, ahol megtudjuk az aznapi programot \u00e9s kiosztj\u00e1k a feladatokat. Az oktat\u00e1son t\u00fal t\u00f6bbek k\u00f6z\u00f6tt lehet\u0151s\u00e9g\u00fcnk ny\u00edlik cs\u00e1sz\u00e1rmetsz\u00e9sen vagy n\u0151gy\u00f3gy\u00e1szati m\u0171t\u00e9ten assziszt\u00e1lni, r\u00e9szt vehet\u00fcnk ultrahang rendel\u00e9sen, ahol egyszer\u0171bb vizsg\u00e1latokat mi is elv\u00e9gezhet\u00fcnk. Megtanuljuk a betegutakat, betekint\u00e9st nyer\u00fcnk a k\u00fcl\u00f6nb\u00f6z\u0151 oszt\u00e1lyok m\u0171k\u00f6d\u00e9s\u00e9be, valamint az itt t\u00f6lt\u00f6tt id\u0151 alatt gyakoroljuk a betegvizsg\u00e1latot \u00e9s a gy\u00f3gyszerel\u00e9st.\u201d \" \/><\/a><div class=\"tiled-gallery-caption\">\u201eA n\u0151gy\u00f3gy\u00e1szat eset\u00e9n reggel a refer\u00e1l\u00f3n kezd\u00fcnk, ahol megtudjuk az aznapi programot \u00e9s kiosztj\u00e1k a feladatokat. Az oktat\u00e1son t\u00fal t\u00f6bbek k\u00f6z\u00f6tt lehet\u0151s\u00e9g\u00fcnk ny\u00edlik cs\u00e1sz\u00e1rmetsz\u00e9sen vagy n\u0151gy\u00f3gy\u00e1szati m\u0171t\u00e9ten assziszt\u00e1lni, r\u00e9szt vehet\u00fcnk ultrahang rendel\u00e9sen, ahol egyszer\u0171bb vizsg\u00e1latokat mi is elv\u00e9gezhet\u00fcnk. Megtanuljuk a betegutakat, betekint\u00e9st nyer\u00fcnk a k\u00fcl\u00f6nb\u00f6z\u0151 oszt\u00e1lyok m\u0171k\u00f6d\u00e9s\u00e9be, valamint az itt t\u00f6lt\u00f6tt id\u0151 alatt gyakoroljuk a betegvizsg\u00e1latot \u00e9s a gy\u00f3gyszerel\u00e9st.\u201d <\/div><\/div><\/div><div class=\"gallery-group images-1\" style=\"width: 249px; height: 168px;\"><div class=\"tiled-gallery-item tiled-gallery-item-small\"><a href=\"https:\/\/semmelweis.hu\/hirek\/files\/2025\/02\/RS208745__19A1411-scr.jpg\"><img loading=\"lazy\" decoding=\"async\" data-attachment-id=\"149778\" data-orig-file=\"https:\/\/semmelweis.hu\/hirek\/files\/2025\/02\/RS208745__19A1411-scr.jpg\" data-orig-size=\"1200,800\" data-comments-opened=\"0\" data-image-meta=\"{&quot;aperture&quot;:&quot;0&quot;,&quot;credit&quot;:&quot;&quot;,&quot;camera&quot;:&quot;&quot;,&quot;caption&quot;:&quot;&quot;,&quot;created_timestamp&quot;:&quot;0&quot;,&quot;copyright&quot;:&quot;&quot;,&quot;focal_length&quot;:&quot;0&quot;,&quot;iso&quot;:&quot;0&quot;,&quot;shutter_speed&quot;:&quot;0&quot;,&quot;title&quot;:&quot;&quot;,&quot;orientation&quot;:&quot;0&quot;}\" data-image-title=\"RS208745__19A1411-scr\" data-image-description=\"\" data-medium-file=\"https:\/\/semmelweis.hu\/hirek\/files\/2025\/02\/RS208745__19A1411-scr-400x267.jpg\" data-large-file=\"https:\/\/semmelweis.hu\/hirek\/files\/2025\/02\/RS208745__19A1411-scr-900x600.jpg\" src=\"https:\/\/semmelweis.hu\/hirek\/files\/2025\/02\/RS208745__19A1411-scr-245x164.jpg\" width=\"245\" height=\"164\" align=\"left\" title=\"\u201eTestk\u00f6zelb\u0151l megtapasztaljuk egy adott szakma m\u0171k\u00f6d\u00e9s\u00e9t, mik\u00f6zben lehet\u0151s\u00e9g\u00fcnk ny\u00edlik felm\u00e9rni, mennyire tudjuk elk\u00e9pzelni magunkat az adott szakter\u00fcleten, \u00e9s mennyire illeszked\u00fcnk annak szakmai \u00e9s k\u00f6z\u00f6ss\u00e9gi k\u00f6rnyezet\u00e9be. Ez a tapasztalat jelent\u0151s seg\u00edts\u00e9get ny\u00fajt a diploma megszerz\u00e9se ut\u00e1n a megfelel\u0151 szakir\u00e1ny kiv\u00e1laszt\u00e1s\u00e1ban\u201d - mondta el B\u00e9nyi Botond.\" \/><\/a><div class=\"tiled-gallery-caption\">\u201eTestk\u00f6zelb\u0151l megtapasztaljuk egy adott szakma m\u0171k\u00f6d\u00e9s\u00e9t, mik\u00f6zben lehet\u0151s\u00e9g\u00fcnk ny\u00edlik felm\u00e9rni, mennyire tudjuk elk\u00e9pzelni magunkat az adott szakter\u00fcleten, \u00e9s mennyire illeszked\u00fcnk annak szakmai \u00e9s k\u00f6z\u00f6ss\u00e9gi k\u00f6rnyezet\u00e9be. Ez a tapasztalat jelent\u0151s seg\u00edts\u00e9get ny\u00fajt a diploma megszerz\u00e9se ut\u00e1n a megfelel\u0151 szakir\u00e1ny kiv\u00e1laszt\u00e1s\u00e1ban\u201d &#8211; mondta el B\u00e9nyi Botond.<\/div><\/div><\/div><\/div><div class=\"gallery-row\" style=\"width: 748px; height: 330px;\"><div class=\"gallery-group images-2\" style=\"width: 249px; height: 334px;\"><div class=\"tiled-gallery-item tiled-gallery-item-small\"><a href=\"https:\/\/semmelweis.hu\/hirek\/files\/2025\/02\/RS208752__19A1449-scr.jpg\"><img loading=\"lazy\" decoding=\"async\" data-attachment-id=\"149773\" data-orig-file=\"https:\/\/semmelweis.hu\/hirek\/files\/2025\/02\/RS208752__19A1449-scr.jpg\" data-orig-size=\"1200,800\" data-comments-opened=\"0\" data-image-meta=\"{&quot;aperture&quot;:&quot;0&quot;,&quot;credit&quot;:&quot;&quot;,&quot;camera&quot;:&quot;&quot;,&quot;caption&quot;:&quot;&quot;,&quot;created_timestamp&quot;:&quot;0&quot;,&quot;copyright&quot;:&quot;&quot;,&quot;focal_length&quot;:&quot;0&quot;,&quot;iso&quot;:&quot;0&quot;,&quot;shutter_speed&quot;:&quot;0&quot;,&quot;title&quot;:&quot;&quot;,&quot;orientation&quot;:&quot;0&quot;}\" data-image-title=\"RS208752__19A1449-scr\" data-image-description=\"\" data-medium-file=\"https:\/\/semmelweis.hu\/hirek\/files\/2025\/02\/RS208752__19A1449-scr-400x267.jpg\" data-large-file=\"https:\/\/semmelweis.hu\/hirek\/files\/2025\/02\/RS208752__19A1449-scr-900x600.jpg\" src=\"https:\/\/semmelweis.hu\/hirek\/files\/2025\/02\/RS208752__19A1449-scr-245x163.jpg\" width=\"245\" height=\"163\" align=\"left\" title=\"\u201eL\u00e9nyeg\u00e9ben ez a fajta a gyakorlat \u00fagy m\u0171k\u00f6dik, mintha itt dolgozn\u00e1nk, az esetleges hi\u00e1nyz\u00e1sokat \u00fcgyeleti id\u0151ben tudjuk p\u00f3tolni. Ez az\u00e9rt is fontos, mert minden itt t\u00f6lt\u00f6tt id\u0151 hozz\u00e1j\u00e1rul ahhoz, hogy felk\u00e9sz\u00fcltebb \u00e9s kompetensebb orvosokk\u00e1 v\u00e1ljunk.\u201d \" \/><\/a><div class=\"tiled-gallery-caption\">\u201eL\u00e9nyeg\u00e9ben ez a fajta a gyakorlat \u00fagy m\u0171k\u00f6dik, mintha itt dolgozn\u00e1nk, az esetleges hi\u00e1nyz\u00e1sokat \u00fcgyeleti id\u0151ben tudjuk p\u00f3tolni. Ez az\u00e9rt is fontos, mert minden itt t\u00f6lt\u00f6tt id\u0151 hozz\u00e1j\u00e1rul ahhoz, hogy felk\u00e9sz\u00fcltebb \u00e9s kompetensebb orvosokk\u00e1 v\u00e1ljunk.\u201d <\/div><\/div><div class=\"tiled-gallery-item tiled-gallery-item-small\"><a href=\"https:\/\/semmelweis.hu\/hirek\/files\/2025\/02\/RS208753__19A1455-scr.jpg\"><img loading=\"lazy\" decoding=\"async\" data-attachment-id=\"149777\" data-orig-file=\"https:\/\/semmelweis.hu\/hirek\/files\/2025\/02\/RS208753__19A1455-scr.jpg\" data-orig-size=\"1200,800\" data-comments-opened=\"0\" data-image-meta=\"{&quot;aperture&quot;:&quot;0&quot;,&quot;credit&quot;:&quot;&quot;,&quot;camera&quot;:&quot;&quot;,&quot;caption&quot;:&quot;&quot;,&quot;created_timestamp&quot;:&quot;0&quot;,&quot;copyright&quot;:&quot;&quot;,&quot;focal_length&quot;:&quot;0&quot;,&quot;iso&quot;:&quot;0&quot;,&quot;shutter_speed&quot;:&quot;0&quot;,&quot;title&quot;:&quot;&quot;,&quot;orientation&quot;:&quot;0&quot;}\" data-image-title=\"RS208753__19A1455-scr\" data-image-description=\"\" data-medium-file=\"https:\/\/semmelweis.hu\/hirek\/files\/2025\/02\/RS208753__19A1455-scr-400x267.jpg\" data-large-file=\"https:\/\/semmelweis.hu\/hirek\/files\/2025\/02\/RS208753__19A1455-scr-900x600.jpg\" src=\"https:\/\/semmelweis.hu\/hirek\/files\/2025\/02\/RS208753__19A1455-scr-245x163.jpg\" width=\"245\" height=\"163\" align=\"left\" title=\"\u201e\u00c9n sz\u00fcl\u00e9sz-n\u0151gy\u00f3gy\u00e1sz szeretn\u00e9k lenni. Ez a szakma rendk\u00edv\u00fcl \u00e9rzelemd\u00fas \u00e9s siker\u00e9lm\u00e9nyben gazdag, hiszen az orvos nap mint nap meg\u00e9lheti az \u00faj \u00e9let csod\u00e1j\u00e1t, mik\u00f6zben seg\u00edtheti a n\u0151i eg\u00e9szs\u00e9g meg\u0151rz\u00e9s\u00e9t \u00e9s helyre\u00e1ll\u00edt\u00e1s\u00e1t. Az \u00e9n szememben ez a legszebb \u00e9s legnemesebb hivat\u00e1s.\u201d\" \/><\/a><div class=\"tiled-gallery-caption\">\u201e\u00c9n sz\u00fcl\u00e9sz-n\u0151gy\u00f3gy\u00e1sz szeretn\u00e9k lenni. Ez a szakma rendk\u00edv\u00fcl \u00e9rzelemd\u00fas \u00e9s siker\u00e9lm\u00e9nyben gazdag, hiszen az orvos nap mint nap meg\u00e9lheti az \u00faj \u00e9let csod\u00e1j\u00e1t, mik\u00f6zben seg\u00edtheti a n\u0151i eg\u00e9szs\u00e9g meg\u0151rz\u00e9s\u00e9t \u00e9s helyre\u00e1ll\u00edt\u00e1s\u00e1t. Az \u00e9n szememben ez a legszebb \u00e9s legnemesebb hivat\u00e1s.\u201d<\/div><\/div><\/div><div class=\"gallery-group images-1\" style=\"width: 499px; height: 334px;\"><div class=\"tiled-gallery-item tiled-gallery-item-large\"><a href=\"https:\/\/semmelweis.hu\/hirek\/files\/2025\/02\/RS208765__19A1516-scr.jpg\"><img loading=\"lazy\" decoding=\"async\" data-attachment-id=\"149776\" data-orig-file=\"https:\/\/semmelweis.hu\/hirek\/files\/2025\/02\/RS208765__19A1516-scr.jpg\" data-orig-size=\"1200,800\" data-comments-opened=\"0\" data-image-meta=\"{&quot;aperture&quot;:&quot;0&quot;,&quot;credit&quot;:&quot;&quot;,&quot;camera&quot;:&quot;&quot;,&quot;caption&quot;:&quot;&quot;,&quot;created_timestamp&quot;:&quot;0&quot;,&quot;copyright&quot;:&quot;&quot;,&quot;focal_length&quot;:&quot;0&quot;,&quot;iso&quot;:&quot;0&quot;,&quot;shutter_speed&quot;:&quot;0&quot;,&quot;title&quot;:&quot;&quot;,&quot;orientation&quot;:&quot;0&quot;}\" data-image-title=\"RS208765__19A1516-scr\" data-image-description=\"\" data-medium-file=\"https:\/\/semmelweis.hu\/hirek\/files\/2025\/02\/RS208765__19A1516-scr-400x267.jpg\" data-large-file=\"https:\/\/semmelweis.hu\/hirek\/files\/2025\/02\/RS208765__19A1516-scr-900x600.jpg\" src=\"https:\/\/semmelweis.hu\/hirek\/files\/2025\/02\/RS208765__19A1516-scr-495x330.jpg\" width=\"495\" height=\"330\" align=\"left\" title=\"\u201eAz a tapasztalatom, hogy a felv\u00e9teli el\u0151tt \u00e1ll\u00f3k att\u00f3l tartanak, hogy a Semmelweis Egyetemen a nagy hallgat\u00f3i l\u00e9tsz\u00e1m miatt sokan vannak egy gyakorlaton. Ezzel szemben egy orvos mell\u00e9 jellemz\u0151en mind\u00f6ssze k\u00e9t, legfeljebb h\u00e1rom hallgat\u00f3 van beosztva.\u201d \" \/><\/a><div class=\"tiled-gallery-caption\">\u201eAz a tapasztalatom, hogy a felv\u00e9teli el\u0151tt \u00e1ll\u00f3k att\u00f3l tartanak, hogy a Semmelweis Egyetemen a nagy hallgat\u00f3i l\u00e9tsz\u00e1m miatt sokan vannak egy gyakorlaton. Ezzel szemben egy orvos mell\u00e9 jellemz\u0151en mind\u00f6ssze k\u00e9t, legfeljebb h\u00e1rom hallgat\u00f3 van beosztva.\u201d <\/div><\/div><\/div><\/div><div class=\"gallery-row\" style=\"width: 748px; height: 164px;\"><div class=\"gallery-group images-1\" style=\"width: 250px; height: 168px;\"><div class=\"tiled-gallery-item tiled-gallery-item-small\"><a href=\"https:\/\/semmelweis.hu\/hirek\/files\/2025\/02\/RS208775__19A1569-scr.jpg\"><img loading=\"lazy\" decoding=\"async\" data-attachment-id=\"149782\" data-orig-file=\"https:\/\/semmelweis.hu\/hirek\/files\/2025\/02\/RS208775__19A1569-scr.jpg\" data-orig-size=\"1200,800\" data-comments-opened=\"0\" data-image-meta=\"{&quot;aperture&quot;:&quot;0&quot;,&quot;credit&quot;:&quot;&quot;,&quot;camera&quot;:&quot;&quot;,&quot;caption&quot;:&quot;&quot;,&quot;created_timestamp&quot;:&quot;0&quot;,&quot;copyright&quot;:&quot;&quot;,&quot;focal_length&quot;:&quot;0&quot;,&quot;iso&quot;:&quot;0&quot;,&quot;shutter_speed&quot;:&quot;0&quot;,&quot;title&quot;:&quot;&quot;,&quot;orientation&quot;:&quot;0&quot;}\" data-image-title=\"RS208775__19A1569-scr\" data-image-description=\"\" data-medium-file=\"https:\/\/semmelweis.hu\/hirek\/files\/2025\/02\/RS208775__19A1569-scr-400x267.jpg\" data-large-file=\"https:\/\/semmelweis.hu\/hirek\/files\/2025\/02\/RS208775__19A1569-scr-900x600.jpg\" src=\"https:\/\/semmelweis.hu\/hirek\/files\/2025\/02\/RS208775__19A1569-scr-246x164.jpg\" width=\"246\" height=\"164\" align=\"left\" title=\"M\u00e1r negyed\u00e9vt\u0151l blokkos\u00edtott oktat\u00e1s zajlik. Emellett lehet\u0151s\u00e9g ny\u00edlik arra is, hogy az adott medicina m\u00e9lyebb ter\u00fcleteibe is bele\u00e1ssa mag\u00e1t a hallgat\u00f3 \u00e9s kutat\u00e1sba kezdjen. B\u00e9nyi Botond TDK-munk\u00e1j\u00e1t negyed\u00e9vesen kezdte el, ebb\u0151l sz\u00fcletett els\u0151 helyez\u00e9st elnyert rektori p\u00e1lyamunk\u00e1ja is.\" \/><\/a><div class=\"tiled-gallery-caption\">M\u00e1r negyed\u00e9vt\u0151l blokkos\u00edtott oktat\u00e1s zajlik. Emellett lehet\u0151s\u00e9g ny\u00edlik arra is, hogy az adott medicina m\u00e9lyebb ter\u00fcleteibe is bele\u00e1ssa mag\u00e1t a hallgat\u00f3 \u00e9s kutat\u00e1sba kezdjen. B\u00e9nyi Botond TDK-munk\u00e1j\u00e1t negyed\u00e9vesen kezdte el, ebb\u0151l sz\u00fcletett els\u0151 helyez\u00e9st elnyert rektori p\u00e1lyamunk\u00e1ja is.<\/div><\/div><\/div><div class=\"gallery-group images-1\" style=\"width: 249px; height: 168px;\"><div class=\"tiled-gallery-item tiled-gallery-item-small\"><a href=\"https:\/\/semmelweis.hu\/hirek\/files\/2025\/02\/RS208773__19A1555-scr.jpg\"><img loading=\"lazy\" decoding=\"async\" data-attachment-id=\"149775\" data-orig-file=\"https:\/\/semmelweis.hu\/hirek\/files\/2025\/02\/RS208773__19A1555-scr.jpg\" data-orig-size=\"1200,800\" data-comments-opened=\"0\" data-image-meta=\"{&quot;aperture&quot;:&quot;0&quot;,&quot;credit&quot;:&quot;&quot;,&quot;camera&quot;:&quot;&quot;,&quot;caption&quot;:&quot;&quot;,&quot;created_timestamp&quot;:&quot;0&quot;,&quot;copyright&quot;:&quot;&quot;,&quot;focal_length&quot;:&quot;0&quot;,&quot;iso&quot;:&quot;0&quot;,&quot;shutter_speed&quot;:&quot;0&quot;,&quot;title&quot;:&quot;&quot;,&quot;orientation&quot;:&quot;0&quot;}\" data-image-title=\"RS208773__19A1555-scr\" data-image-description=\"\" data-medium-file=\"https:\/\/semmelweis.hu\/hirek\/files\/2025\/02\/RS208773__19A1555-scr-400x267.jpg\" data-large-file=\"https:\/\/semmelweis.hu\/hirek\/files\/2025\/02\/RS208773__19A1555-scr-900x600.jpg\" src=\"https:\/\/semmelweis.hu\/hirek\/files\/2025\/02\/RS208773__19A1555-scr-245x164.jpg\" width=\"245\" height=\"164\" align=\"left\" title=\"A tov\u00e1bbi kutat\u00e1si tev\u00e9kenys\u00e9get \u00e9s a PhD-fokozatszerz\u00e9st t\u00e1mogatja az egyetem vezet\u0151s\u00e9ge. MD-PhD programot a hallgat\u00f3k a gradu\u00e1lis k\u00e9pz\u00e9s\u00fck utols\u00f3 k\u00e9t \u00e9v\u00e9ben kezdhetnek meg \u00f6szt\u00f6nd\u00edj t\u00e1mogat\u00e1ssal. A programban el\u00e9rt halad\u00e1st hetente adj\u00e1k el\u0151 csoport\u00e9rtekezleten. \" \/><\/a><div class=\"tiled-gallery-caption\">A tov\u00e1bbi kutat\u00e1si tev\u00e9kenys\u00e9get \u00e9s a PhD-fokozatszerz\u00e9st t\u00e1mogatja az egyetem vezet\u0151s\u00e9ge. MD-PhD programot a hallgat\u00f3k a gradu\u00e1lis k\u00e9pz\u00e9s\u00fck utols\u00f3 k\u00e9t \u00e9v\u00e9ben kezdhetnek meg \u00f6szt\u00f6nd\u00edj t\u00e1mogat\u00e1ssal. A programban el\u00e9rt halad\u00e1st hetente adj\u00e1k el\u0151 csoport\u00e9rtekezleten. <\/div><\/div><\/div><div class=\"gallery-group images-1\" style=\"width: 249px; height: 168px;\"><div class=\"tiled-gallery-item tiled-gallery-item-small\"><a href=\"https:\/\/semmelweis.hu\/hirek\/files\/2025\/02\/RS208774__19A1563-scr.jpg\"><img loading=\"lazy\" decoding=\"async\" data-attachment-id=\"149774\" data-orig-file=\"https:\/\/semmelweis.hu\/hirek\/files\/2025\/02\/RS208774__19A1563-scr.jpg\" data-orig-size=\"1200,800\" data-comments-opened=\"0\" data-image-meta=\"{&quot;aperture&quot;:&quot;0&quot;,&quot;credit&quot;:&quot;&quot;,&quot;camera&quot;:&quot;&quot;,&quot;caption&quot;:&quot;&quot;,&quot;created_timestamp&quot;:&quot;0&quot;,&quot;copyright&quot;:&quot;&quot;,&quot;focal_length&quot;:&quot;0&quot;,&quot;iso&quot;:&quot;0&quot;,&quot;shutter_speed&quot;:&quot;0&quot;,&quot;title&quot;:&quot;&quot;,&quot;orientation&quot;:&quot;0&quot;}\" data-image-title=\"RS208774__19A1563-scr\" data-image-description=\"\" data-medium-file=\"https:\/\/semmelweis.hu\/hirek\/files\/2025\/02\/RS208774__19A1563-scr-400x267.jpg\" data-large-file=\"https:\/\/semmelweis.hu\/hirek\/files\/2025\/02\/RS208774__19A1563-scr-900x600.jpg\" src=\"https:\/\/semmelweis.hu\/hirek\/files\/2025\/02\/RS208774__19A1563-scr-245x164.jpg\" width=\"245\" height=\"164\" align=\"left\" title=\"A programban val\u00f3 r\u00e9szv\u00e9tel belesz\u00e1m\u00edt k\u00e9s\u0151bb a szakorvosi k\u00e9pz\u00e9sbe, opcion\u00e1lisan ler\u00f6vid\u00edtve annak id\u0151tartam\u00e1t. B\u00e9nyi Botond t\u00e9m\u00e1ja a belet \u00e9rint\u0151, m\u00e9lyen infiltr\u00e1l\u00f3 endometri\u00f3zis m\u0171t\u00e9ti elt\u00e1vol\u00edt\u00e1si lehet\u0151s\u00e9geinek \u00f6sszehasonl\u00edt\u00f3 vizsg\u00e1lata.\" \/><\/a><div class=\"tiled-gallery-caption\">A programban val\u00f3 r\u00e9szv\u00e9tel belesz\u00e1m\u00edt k\u00e9s\u0151bb a szakorvosi k\u00e9pz\u00e9sbe, opcion\u00e1lisan ler\u00f6vid\u00edtve annak id\u0151tartam\u00e1t. B\u00e9nyi Botond t\u00e9m\u00e1ja a belet \u00e9rint\u0151, m\u00e9lyen infiltr\u00e1l\u00f3 endometri\u00f3zis m\u0171t\u00e9ti elt\u00e1vol\u00edt\u00e1si lehet\u0151s\u00e9geinek \u00f6sszehasonl\u00edt\u00f3 vizsg\u00e1lata.<\/div><\/div><\/div><\/div><div class=\"gallery-row\" style=\"width: 748px; height: 496px;\"><div class=\"gallery-group images-1\" style=\"width: 748px; height: 500px;\"><div class=\"tiled-gallery-item tiled-gallery-item-large\"><a href=\"https:\/\/semmelweis.hu\/hirek\/files\/2025\/02\/RS208791__19A1644-scr.jpg\"><img loading=\"lazy\" decoding=\"async\" data-attachment-id=\"149784\" data-orig-file=\"https:\/\/semmelweis.hu\/hirek\/files\/2025\/02\/RS208791__19A1644-scr.jpg\" data-orig-size=\"1200,800\" data-comments-opened=\"0\" data-image-meta=\"{&quot;aperture&quot;:&quot;0&quot;,&quot;credit&quot;:&quot;&quot;,&quot;camera&quot;:&quot;&quot;,&quot;caption&quot;:&quot;&quot;,&quot;created_timestamp&quot;:&quot;0&quot;,&quot;copyright&quot;:&quot;&quot;,&quot;focal_length&quot;:&quot;0&quot;,&quot;iso&quot;:&quot;0&quot;,&quot;shutter_speed&quot;:&quot;0&quot;,&quot;title&quot;:&quot;&quot;,&quot;orientation&quot;:&quot;0&quot;}\" data-image-title=\"RS208791__19A1644-scr\" data-image-description=\"\" data-medium-file=\"https:\/\/semmelweis.hu\/hirek\/files\/2025\/02\/RS208791__19A1644-scr-400x267.jpg\" data-large-file=\"https:\/\/semmelweis.hu\/hirek\/files\/2025\/02\/RS208791__19A1644-scr-900x600.jpg\" src=\"https:\/\/semmelweis.hu\/hirek\/files\/2025\/02\/RS208791__19A1644-scr-744x496.jpg\" width=\"744\" height=\"496\" align=\"left\" title=\"\u201eA tanul\u00e1s mellett a rendszeres sport \u00e9s kikapcsol\u00f3d\u00e1s elengedhetetlen a testi \u00e9s lelki egyens\u00faly fenntart\u00e1sa \u00e9rdek\u00e9ben. Az eg\u00e9szs\u00e9g\u00fcgyben dolgoz\u00f3knak ezzel is p\u00e9ld\u00e1t kell mutatniuk, hiszen a rendszeres testmozg\u00e1snak bizony\u00edtott az eg\u00e9szs\u00e9gmeg\u0151rz\u0151 hat\u00e1sa\u201d - v\u00e9lekedik B\u00e9nyi Botond.\" \/><\/a><div class=\"tiled-gallery-caption\">\u201eA tanul\u00e1s mellett a rendszeres sport \u00e9s kikapcsol\u00f3d\u00e1s elengedhetetlen a testi \u00e9s lelki egyens\u00faly fenntart\u00e1sa \u00e9rdek\u00e9ben. Az eg\u00e9szs\u00e9g\u00fcgyben dolgoz\u00f3knak ezzel is p\u00e9ld\u00e1t kell mutatniuk, hiszen a rendszeres testmozg\u00e1snak bizony\u00edtott az eg\u00e9szs\u00e9gmeg\u0151rz\u0151 hat\u00e1sa\u201d &#8211; v\u00e9lekedik B\u00e9nyi Botond.<\/div><\/div><\/div><\/div><\/div>[\/slb_exclude]\n<p>Keresztes Eszter<br \/>\nFot\u00f3: Barta B\u00e1lint \u2013 Semmelweis Egyetem<\/p>\n","protected":false},"excerpt":{"rendered":"<p>K\u00e9priportunkban bemutatjuk B\u00e9nyi Botond Boldizs\u00e1r hatod\u00e9ves orvostanhallgat\u00f3 egy gyakorlati napj\u00e1t a n\u0151gy\u00f3gy\u00e1szaton.<\/p>\n","protected":false},"author":101132,"featured_media":149785,"comment_status":"closed","ping_status":"closed","sticky":false,"template":"","format":"standard","meta":{"_acf_changed":false,"footnotes":""},"categories":[3533,168],"tags":[4364],"class_list":["post-149770","post","type-post","status-publish","format-standard","has-post-thumbnail","hentry","category-hallgatok-oktatas","category-kiemelt","tag-egy-nap-sorozat"],"acf":[],"_links":{"self":[{"href":"https:\/\/semmelweis.hu\/hirek\/wp-json\/wp\/v2\/posts\/149770","targetHints":{"allow":["GET"]}}],"collection":[{"href":"https:\/\/semmelweis.hu\/hirek\/wp-json\/wp\/v2\/posts"}],"about":[{"href":"https:\/\/semmelweis.hu\/hirek\/wp-json\/wp\/v2\/types\/post"}],"author":[{"embeddable":true,"href":"https:\/\/semmelweis.hu\/hirek\/wp-json\/wp\/v2\/users\/101132"}],"replies":[{"embeddable":true,"href":"https:\/\/semmelweis.hu\/hirek\/wp-json\/wp\/v2\/comments?post=149770"}],"version-history":[{"count":9,"href":"https:\/\/semmelweis.hu\/hirek\/wp-json\/wp\/v2\/posts\/149770\/revisions"}],"predecessor-version":[{"id":149799,"href":"https:\/\/semmelweis.hu\/hirek\/wp-json\/wp\/v2\/posts\/149770\/revisions\/149799"}],"wp:featuredmedia":[{"embeddable":true,"href":"https:\/\/semmelweis.hu\/hirek\/wp-json\/wp\/v2\/media\/149785"}],"wp:attachment":[{"href":"https:\/\/semmelweis.hu\/hirek\/wp-json\/wp\/v2\/media?parent=149770"}],"wp:term":[{"taxonomy":"category","embeddable":true,"href":"https:\/\/semmelweis.hu\/hirek\/wp-json\/wp\/v2\/categories?post=149770"},{"taxonomy":"post_tag","embeddable":true,"href":"https:\/\/semmelweis.hu\/hirek\/wp-json\/wp\/v2\/tags?post=149770"}],"curies":[{"name":"wp","href":"https:\/\/api.w.org\/{rel}","templated":true}]}}