{"id":149572,"date":"2025-02-03T06:00:26","date_gmt":"2025-02-03T05:00:26","guid":{"rendered":"https:\/\/semmelweis.hu\/hirek\/?p=149572"},"modified":"2025-01-30T15:58:08","modified_gmt":"2025-01-30T14:58:08","slug":"dr-diana-reser-a-szivek-gyujtoje-es-gyogyitoja","status":"publish","type":"post","link":"https:\/\/semmelweis.hu\/hirek\/2025\/02\/03\/dr-diana-reser-a-szivek-gyujtoje-es-gyogyitoja\/","title":{"rendered":"Dr. Diana Reser, a sz\u00edvek gy\u0171jt\u0151je \u00e9s gy\u00f3gy\u00edt\u00f3ja"},"content":{"rendered":"<div class=\"lead\"><a href=\"https:\/\/semmelweis.hu\/hirek\/tag\/alumni-portrek\/\" target=\"_blank\" rel=\"noopener\">Alumni-interj\u00fasorozatunk<\/a> leg\u00fajabb r\u00e9sz\u00e9ben dr. Diana Reser, Sv\u00e1jc els\u0151 n\u0151i sz\u00edvseb\u00e9sz professzora, a sz\u00edv alak\u00fa \u00e9s mint\u00e1j\u00fa t\u00e1rgygy\u0171jtem\u00e9ny\u00e9\u00e9rt 2010-ben Guinness-oklevelet kapott sz\u00edvseb\u00e9sz szakorvos sz\u00e1mol be tapasztalatair\u00f3l, amelyeket egykori Semmelweis-hallgat\u00f3k\u00e9nt szerzett, valamint arr\u00f3l, hogy mik\u00e9nt alakult a karrierje.<\/div>\n<p><a href=\"https:\/\/semmelweis.hu\/hirek\/files\/2025\/01\/Diana-Reser_SE_ALUMNI_sorozat_cover_1200x800px_0517_HUN.jpg\"><img loading=\"lazy\" decoding=\"async\" class=\"aligncenter size-full wp-image-149578\" src=\"https:\/\/semmelweis.hu\/hirek\/files\/2025\/01\/Diana-Reser_SE_ALUMNI_sorozat_cover_1200x800px_0517_HUN.jpg\" alt=\"\" width=\"1200\" height=\"800\" srcset=\"https:\/\/semmelweis.hu\/hirek\/files\/2025\/01\/Diana-Reser_SE_ALUMNI_sorozat_cover_1200x800px_0517_HUN.jpg 1200w, https:\/\/semmelweis.hu\/hirek\/files\/2025\/01\/Diana-Reser_SE_ALUMNI_sorozat_cover_1200x800px_0517_HUN-400x267.jpg 400w, https:\/\/semmelweis.hu\/hirek\/files\/2025\/01\/Diana-Reser_SE_ALUMNI_sorozat_cover_1200x800px_0517_HUN-900x600.jpg 900w, https:\/\/semmelweis.hu\/hirek\/files\/2025\/01\/Diana-Reser_SE_ALUMNI_sorozat_cover_1200x800px_0517_HUN-768x512.jpg 768w, https:\/\/semmelweis.hu\/hirek\/files\/2025\/01\/Diana-Reser_SE_ALUMNI_sorozat_cover_1200x800px_0517_HUN-753x502.jpg 753w, https:\/\/semmelweis.hu\/hirek\/files\/2025\/01\/Diana-Reser_SE_ALUMNI_sorozat_cover_1200x800px_0517_HUN-203x135.jpg 203w\" sizes=\"auto, (max-width: 1200px) 100vw, 1200px\" \/><\/a><\/p>\n<p><strong>Mi motiv\u00e1lta arra, hogy sz\u00edvseb\u00e9sz legyen? <\/strong><\/p>\n<p>Gyermekkorom \u00f3ta \u00e9rdekelt, hogyan m\u0171k\u00f6dik az emberi test, ebb\u0151l sz\u00fcletett az \u00e1lmom, hogy orvos legyek. Ezen fel\u00fcl mindig szerettem k\u00e9zm\u0171veskedni, innen pedig az az \u00e1lmom j\u00f6tt, hogy seb\u00e9sz legyek; szerettem volna megtanulni, hogyan lehet helyre\u00e1ll\u00edtani az emberi test m\u0171k\u00f6d\u00e9s\u00e9t.<\/p>\n<p>Az els\u0151 m\u0171t\u00e9t, amelyet \u00e9l\u0151ben l\u00e1ttam, egy aortabillenty\u0171-csere volt m\u00e1sod\u00e9ves orvostanhallgat\u00f3 koromban. Akkor vil\u00e1gosodtam meg, hogy a sz\u00edvseb\u00e9szet az \u00e9n hivat\u00e1som.<\/p>\n<p><strong>Mit szeret a munk\u00e1j\u00e1ban?<\/strong><\/p>\n<p>A sz\u00edvseb\u00e9szet tiszta, \u201eeszt\u00e9tikus\u201d m\u0171t\u00e9t, amely magasan standardiz\u00e1lt, \u00edgy az egyik legbiztons\u00e1gosabb nagy m\u0171t\u00e9t, amely elekt\u00edv beavatkoz\u00e1s eset\u00e9n alacsony kock\u00e1zattal \u00e9s hal\u00e1loz\u00e1ssal j\u00e1r. A sz\u00edvseb\u00e9szet nem korl\u00e1toz\u00f3dik a sz\u00edvre, hanem szakmak\u00f6zi, gyorsan fejl\u0151d\u0151 ter\u00fclet: jelenleg p\u00e9ld\u00e1ul a kis bordak\u00f6zi bemetsz\u00e9sen kereszt\u00fcl v\u00e9gzett, minim\u00e1lisan invaz\u00edv billenty\u0171m\u0171t\u00e9t vagy a sz\u00edv-t\u00fcd\u0151 g\u00e9p elker\u00fcl\u00e9se a bypass-m\u0171t\u00e9tekn\u00e9l jelentik a szakm\u00e1mban a bev\u00e1lt gyakorlatot.<\/p>\n<p><strong><a href=\"https:\/\/semmelweis.hu\/hirek\/files\/2025\/01\/Guinness-World-Records-certificate-scaled.jpg\"><img loading=\"lazy\" decoding=\"async\" class=\"alignleft size-medium wp-image-149575\" src=\"https:\/\/semmelweis.hu\/hirek\/files\/2025\/01\/Guinness-World-Records-certificate-400x267.jpg\" alt=\"\" width=\"400\" height=\"267\" srcset=\"https:\/\/semmelweis.hu\/hirek\/files\/2025\/01\/Guinness-World-Records-certificate-400x267.jpg 400w, https:\/\/semmelweis.hu\/hirek\/files\/2025\/01\/Guinness-World-Records-certificate-900x600.jpg 900w, https:\/\/semmelweis.hu\/hirek\/files\/2025\/01\/Guinness-World-Records-certificate-768x512.jpg 768w, https:\/\/semmelweis.hu\/hirek\/files\/2025\/01\/Guinness-World-Records-certificate-1536x1024.jpg 1536w, https:\/\/semmelweis.hu\/hirek\/files\/2025\/01\/Guinness-World-Records-certificate-2048x1365.jpg 2048w, https:\/\/semmelweis.hu\/hirek\/files\/2025\/01\/Guinness-World-Records-certificate-753x502.jpg 753w, https:\/\/semmelweis.hu\/hirek\/files\/2025\/01\/Guinness-World-Records-certificate-203x135.jpg 203w\" sizes=\"auto, (max-width: 400px) 100vw, 400px\" \/><\/a>Sz\u00edvgy\u0171jtem\u00e9ny\u00e9t a Guinness Rekordok K\u00f6nyve is elismerte. Honnan j\u00f6tt az \u00f6tlet, hogy sz\u00edv alak\u00fa \u00e9s mint\u00e1j\u00fa t\u00e1rgyakat gy\u0171jts\u00f6n?<\/strong><\/p>\n<p>Ez m\u00e9g medikus koromban kezd\u0151d\u00f6tt. Mindenki tudta r\u00f3lam, hogy sz\u00edvseb\u00e9sz szeretn\u00e9k lenni, ez\u00e9rt egyre t\u00f6bb \u201esz\u00edves\u201d aj\u00e1nd\u00e9kot kaptam. Azt\u00e1n egyszer csak eszembe jutott, hogy mi\u00e9rt is ne p\u00e1ly\u00e1zhatn\u00e9k a Guinness Rekordok K\u00f6nyv\u00e9be? 2010-ben a 775 sz\u00edv alak\u00fa \u00e9s mint\u00e1j\u00fa t\u00e1rgyb\u00f3l \u00e1ll\u00f3 gy\u0171jtem\u00e9nyem\u00e9rt oklevelet kaptam. 14 \u00e9vig birtokoltam a c\u00edmet, am\u00edg 2024-ben egy h\u00f6lgy meg nem d\u00f6nt\u00f6tte a rekordomat 1560 darabos kollekci\u00f3j\u00e1val. Mivel mostanra t\u00f6bb mint 1300 t\u00e9tellel gyarapodott a t\u00e1rgyaim sz\u00e1ma, id\u00e9n megpr\u00f3b\u00e1lom visszaszerezni az els\u0151s\u00e9gemet.<\/p>\n<p><strong>Mit profit\u00e1lt a Semmelweis Egyetemen folytatott tanulm\u00e1nyaib\u00f3l?<\/strong><\/p>\n<p>El\u0151sz\u00f6r is, \u00e9letem egyik legizgalmasabb \u00e9lm\u00e9nye volt visszat\u00e9rni a csal\u00e1di gy\u00f6kereimhez Budapestre. A v\u00e1ros elk\u00e9peszt\u0151, nagyszer\u0171 volt a vil\u00e1g minden t\u00e1j\u00e1r\u00f3l \u00e9rkez\u0151 hallgat\u00f3kat megismerni \u00e9s kiv\u00e1l\u00f3 oktat\u00f3kkal tal\u00e1lkozni. Szerintem a Semmelweis Egyetem egyik legnagyobb el\u0151nye a rendszeres sz\u00e1monk\u00e9r\u00e9s volt. Minden f\u00e9l\u00e9v v\u00e9g\u00e9n neh\u00e9z vizsg\u00e1kat kellett letenni, ami mindannyiunkat kem\u00e9ny tanul\u00e1sra \u00f6szt\u00f6nz\u00f6tt. A m\u00e1sik pozit\u00edvumot a szakter\u00fcletekhez kapcsol\u00f3d\u00f3 gyakorlati t\u00e1rgyak jelentett\u00e9k, ezek megk\u00f6nny\u00edtett\u00e9k a szakosod\u00e1st.\u00a0<\/p>\n<p><strong><a href=\"https:\/\/semmelweis.hu\/hirek\/files\/2025\/01\/Graduation-in-2005.jpg\"><img loading=\"lazy\" decoding=\"async\" class=\"alignright size-medium wp-image-149574\" src=\"https:\/\/semmelweis.hu\/hirek\/files\/2025\/01\/Graduation-in-2005-267x400.jpg\" alt=\"\" width=\"267\" height=\"400\" srcset=\"https:\/\/semmelweis.hu\/hirek\/files\/2025\/01\/Graduation-in-2005-267x400.jpg 267w, https:\/\/semmelweis.hu\/hirek\/files\/2025\/01\/Graduation-in-2005-533x800.jpg 533w, https:\/\/semmelweis.hu\/hirek\/files\/2025\/01\/Graduation-in-2005-768x1152.jpg 768w, https:\/\/semmelweis.hu\/hirek\/files\/2025\/01\/Graduation-in-2005-1024x1536.jpg 1024w, https:\/\/semmelweis.hu\/hirek\/files\/2025\/01\/Graduation-in-2005-753x1130.jpg 753w, https:\/\/semmelweis.hu\/hirek\/files\/2025\/01\/Graduation-in-2005.jpg 1365w\" sizes=\"auto, (max-width: 267px) 100vw, 267px\" \/><\/a>Mik a legkedvesebb eml\u00e9kei a hallgat\u00f3i \u00e9veib\u0151l?<\/strong><\/p>\n<p>A tan\u00edt\u00e1s ir\u00e1nt elk\u00f6telezett oktat\u00f3ink, a budapesti di\u00e1k\u00e9let, az egyetem t\u00f6rt\u00e9nelmi \u00e9p\u00fcletei, amelyekben azt \u00e9reztem, ak\u00e1r Semmelweis Ign\u00e1c is b\u00e1rmelyik percben befordulhat a sarkon. Szeretem a klasszikus \u00e9p\u00edt\u00e9szeti st\u00edlusokat, mert karakter\u00fck van \u00e9s eml\u00e9keztetnek arra, hogy milyen kiv\u00e1lts\u00e1g ebben a t\u00f6rt\u00e9nelmileg h\u00edres k\u00f6rnyezetben tanulni.<\/p>\n<p><strong>Hogyan alakult a p\u00e1ly\u00e1ja az egyetemi \u00e9veket k\u00f6vet\u0151en?<\/strong><\/p>\n<p>Eml\u00e9kszem, a n\u0151i hallgat\u00f3t\u00e1rsaim irigykedtek, hogy Sv\u00e1jcba t\u00e9rek vissza sz\u00edvseb\u00e9sznek. Azt mondt\u00e1k, a legt\u00f6bb orsz\u00e1gban n\u0151k\u00e9nt es\u00e9ly\u00fck sem lenne, hogy beh\u00edvj\u00e1k \u0151ket seb\u00e9szi \u00e1ll\u00e1sinterj\u00fara. Ez volt az els\u0151 alkalom, amikor szembes\u00fcltem azzal, mit is jelent n\u0151k\u00e9nt a p\u00e1lyav\u00e1laszt\u00e1som. De szerencs\u00e9re Sv\u00e1jcban m\u00e1shogy m\u0171k\u00f6dtek a dolgok, legal\u00e1bbis akkor m\u00e9g \u00fagy t\u0171nt, \u00edgy azonnal szerz\u0151dtettek rezidens seb\u00e9sznek a sz\u00fcl\u0151v\u00e1rosomban, Luzernben, ahol a hasi \u00e9s baleseti seb\u00e9szeti, s\u00fcrg\u0151ss\u00e9gi oszt\u00e1lyon, valamint az \u00e9r-, mellkas- \u00e9s sz\u00edvseb\u00e9szeti ter\u00fcleten dolgoztam. Gyakorolhattam a v\u00e9naelt\u00e1vol\u00edt\u00e1st, felnyithattam \u00e9s lez\u00e1rhattam mellkast, s\u0151t vezet\u0151 asszisztens lehettem minden nagyobb nyitott sz\u00edv- \u00e9s t\u00fcd\u0151m\u0171t\u00e9tn\u00e9l. Ezut\u00e1n jelentkeztem a legnagyobb sv\u00e1jci egyetemi oktat\u00f3k\u00f3rh\u00e1zba, Z\u00fcrichbe. Nem sokkal ezt k\u00f6vet\u0151en m\u00e1r \u00e9jjel-nappal sz\u00edvm\u0171t\u00e9tekn\u00e9l assziszt\u00e1ltam. K\u00e9t \u00e9vvel k\u00e9s\u0151bb vezet\u0151v\u00e1lt\u00e1s t\u00f6rt\u00e9nt, sokan felmondtak, \u00edgy \u00e9n lettem a rangid\u0151s, vezet\u0151 rezidens. B\u00e1r az \u00faj felettes nem \u00e1llt n\u0151bar\u00e1t h\u00edr\u00e9ben, r\u00e9szt vehettem a m\u0171t\u00e9tekben \u00e9s hamarosan jelentkezhettem az eur\u00f3pai szakvizsg\u00e1ra, amit gond n\u00e9lk\u00fcl letettem. Akkor m\u00e9g nem sejtettem, hogy a vezet\u0151m csak \u201ekirakatnak\u201d haszn\u00e1l.<\/p>\n<p>Miut\u00e1n azonban sikeresen letettem a szakvizsg\u00e1t, elg\u00e1ncsolt\u00e1k a szakmai el\u0151menetelemet, annak ellen\u00e9re, hogy kiv\u00e1l\u00f3 eredm\u00e9nyeim voltak, alacsony sz\u00f6v\u0151dm\u00e9ny- \u00e9s mortalit\u00e1si r\u00e1t\u00e1val, amely fel\u00fclm\u00falta a f\u00e9rfi rezidens koll\u00e9g\u00e1k \u00e9s fiatal kezel\u0151orvosok statisztik\u00e1it. B\u00e1r tudom\u00e1nyos \u00e9s klinikai szempontb\u00f3l is megfeleltem a felt\u00e9teleknek, a meg\u00fcresedett \u00e1ll\u00e1shelyek bet\u00f6lt\u00e9s\u00e9n\u00e9l a felettesem mindig a f\u00e9rfi koll\u00e9g\u00e1kat r\u00e9szes\u00edtette el\u0151nyben, s\u0151t k\u00e9s\u0151bb azt is javasolta, hogy keressek m\u00e1s helyet magamnak. M\u00e9ly depresszi\u00f3ba estem \u00e9s m\u00e1r \u00e9pp k\u00e9sz\u00fcltem felmondani, amikor a sors k\u00f6zbesz\u00f3lt: az addigi f\u0151n\u00f6k\u00f6m t\u00e1vozott \u00e9s a vezet\u0151 seb\u00e9sz l\u00e9pett a hely\u00e9be. Mivel a koll\u00e9g\u00e1im nagy r\u00e9sze felmondott, \u00edgy a munkaer\u0151hi\u00e1ny miatt el\u0151l\u00e9ptettek \u00e9s fantasztikus n\u00e9gy \u00e9v k\u00f6vetkezett. Soha \u00e9letemben nem oper\u00e1ltam annyit: \u00e9jjel-nappal, s\u00fcrg\u0151ss\u00e9gi \u00e9s komplex eseteket, minim\u00e1lisan invaz\u00edv m\u0171t\u00e9teket \u00e9s transzplant\u00e1ci\u00f3kat. Ezzel egyid\u0151ben a kutat\u00e1s ter\u00e9n is el\u0151re l\u00e9ptem, \u00e9s \u00e9n lettem a Z\u00fcrichi Egyetem els\u0151 sz\u00edvseb\u00e9sz docense (Sv\u00e1jcban pedig a m\u00e1sodik).<\/p>\n<p><a href=\"https:\/\/semmelweis.hu\/hirek\/files\/2025\/01\/Before-surgery.jpg\"><img loading=\"lazy\" decoding=\"async\" class=\"alignleft size-medium wp-image-149573\" src=\"https:\/\/semmelweis.hu\/hirek\/files\/2025\/01\/Before-surgery-267x400.jpg\" alt=\"\" width=\"267\" height=\"400\" srcset=\"https:\/\/semmelweis.hu\/hirek\/files\/2025\/01\/Before-surgery-267x400.jpg 267w, https:\/\/semmelweis.hu\/hirek\/files\/2025\/01\/Before-surgery-533x800.jpg 533w, https:\/\/semmelweis.hu\/hirek\/files\/2025\/01\/Before-surgery-768x1152.jpg 768w, https:\/\/semmelweis.hu\/hirek\/files\/2025\/01\/Before-surgery-1024x1536.jpg 1024w, https:\/\/semmelweis.hu\/hirek\/files\/2025\/01\/Before-surgery-1365x2048.jpg 1365w, https:\/\/semmelweis.hu\/hirek\/files\/2025\/01\/Before-surgery-753x1130.jpg 753w, https:\/\/semmelweis.hu\/hirek\/files\/2025\/01\/Before-surgery.jpg 1675w\" sizes=\"auto, (max-width: 267px) 100vw, 267px\" \/><\/a>K\u00f6zben a k\u00f3rh\u00e1z kinevezett egy m\u00e1sik vezet\u0151t is felettesem mell\u00e9: \u0151 toxikus munkak\u00f6r\u00fclm\u00e9nyeket teremtett. Mindenki a m\u00e1sik ut\u00e1n k\u00e9mkedett, engem \u00e9s egy koll\u00e9g\u00e1mat lesz\u00e1m\u00edtva, \u00edgy r\u00f6vid \u00faton nemk\u00edv\u00e1natos szem\u00e9lyekk\u00e9 v\u00e1ltunk. B\u00e1r r\u00e9g\u00f3ta megfeleltem minden felt\u00e9telnek ahhoz, hogy a sz\u00edvseb\u00e9sz szakm\u00e1ban a n\u0151k k\u00f6z\u00f6tt \u00fatt\u00f6r\u0151 legyek Sv\u00e1jcban, az engem k\u00f6r\u00fclvev\u0151 m\u00e9rgez\u0151 k\u00f6zeg ezt ellehetetlen\u00edtette. \u00cdgy felmondtam an\u00e9lk\u00fcl, hogy lett volna hova mennem. De a sorsnak ism\u00e9t m\u00e1s terve volt: egykori mentorom, aki a mag\u00e1nszf\u00e9r\u00e1ban dolgozott, megkeresett azzal, hogy seb\u00e9szre van sz\u00fcks\u00e9g\u00fck. \u00cdgy ker\u00fcltem \u00f6t \u00e9vvel ezel\u0151tt Sv\u00e1jc legnagyobb mag\u00e1nk\u00f3rh\u00e1z\u00e1ba, ahol stresszmentesen v\u00e9gzek sz\u00edvm\u0171t\u00e9teket, el\u00e9g id\u0151t tudok ford\u00edtani a p\u00e1cienseimre, a hallgat\u00f3imra \u00e9s saj\u00e1t magamra egyar\u00e1nt.<\/p>\n<p><strong>Mire legb\u00fcszk\u00e9bb az eddigi karrierj\u00e9b\u0151l?<\/strong><\/p>\n<p>El\u0151sz\u00f6r is, r\u00e1c\u00e1foltam egykori ellendrukkereimre \u00e9s sikeres sz\u00edvseb\u00e9sz lettem Sv\u00e1jc legnagyobb mag\u00e1nk\u00f3rh\u00e1z\u00e1ban.<\/p>\n<p>M\u00e1sr\u00e9szt siker\u00fclt felh\u00edvni a figyelmet az \u00f6sszehangolt sz\u00edvseb\u00e9szeti k\u00e9pz\u00e9s sz\u00fcks\u00e9gess\u00e9g\u00e9re Sv\u00e1jcban. A hivatalos tanmenet kidolgoz\u00e1sa \u00edgy jelent\u0151s eredm\u00e9ny.<\/p>\n<p>Azt\u00e1n mint eml\u00edtettem, \u00e9n lettem a Z\u00fcrichi Egyetem els\u0151 n\u0151i docense sz\u00edvseb\u00e9szet ter\u00e9n.<\/p>\n<p>Sikeres minim\u00e1lisan invaz\u00edv sz\u00edvseb\u00e9sz v\u00e1lt bel\u0151lem, a tervezett m\u0171t\u00e9ti beavatkoz\u00e1saim eset\u00e9n a hal\u00e1loz\u00e1s ar\u00e1nya nem \u00e9ri el az 1 sz\u00e1zal\u00e9kot, sz\u00e1mtalan h\u00e1l\u00e1s p\u00e1ciensem van.<\/p>\n<p>\u00c9s v\u00e9g\u00fcl \u00e9n lettem az els\u0151 n\u0151, akit sv\u00e1jci egyetemen a sz\u00edvseb\u00e9szet professzor\u00e1v\u00e1 neveztek ki. Hab\u00e1r Sv\u00e1jcban n\u0151ket is beh\u00edvnak seb\u00e9szeti \u00e1ll\u00e1sinterj\u00fara, az \u00fcvegplafon m\u00e9g mindig ott van minden\u00fctt, ezt pedig neh\u00e9z \u00e1tt\u00f6rni.<\/p>\n<p><strong><a href=\"https:\/\/semmelweis.hu\/hirek\/files\/2025\/01\/Titularprofessur.jpg\"><img loading=\"lazy\" decoding=\"async\" class=\"size-medium wp-image-149577 alignright\" src=\"https:\/\/semmelweis.hu\/hirek\/files\/2025\/01\/Titularprofessur-267x400.jpg\" alt=\"\" width=\"267\" height=\"400\" srcset=\"https:\/\/semmelweis.hu\/hirek\/files\/2025\/01\/Titularprofessur-267x400.jpg 267w, https:\/\/semmelweis.hu\/hirek\/files\/2025\/01\/Titularprofessur-533x800.jpg 533w, https:\/\/semmelweis.hu\/hirek\/files\/2025\/01\/Titularprofessur-753x1130.jpg 753w, https:\/\/semmelweis.hu\/hirek\/files\/2025\/01\/Titularprofessur.jpg 759w\" sizes=\"auto, (max-width: 267px) 100vw, 267px\" \/><\/a>Hogyan lett m\u00e9gis \u00f6n az els\u0151 n\u0151i sz\u00edvseb\u00e9sz Sv\u00e1jcban? Hogyan siker\u00fclt ezt az inspir\u00e1l\u00f3 eredm\u00e9nyt el\u00e9rni?<\/strong><\/p>\n<p>Ez el\u0151sz\u00f6r sz\u00fcks\u00e9gb\u0151l fakadt, mert a felettesem csak \u00fagy engedett m\u0171teni \u00e9s szakvizsg\u00e1zni, ha mellette kutatok is. \u00cdgy h\u00e1t v\u00e9gigj\u00e1rtam az egyetemi rangl\u00e9tr\u00e1t, mert sajn\u00e1latos m\u00f3don, hi\u00e1ba rendelkezik egy n\u0151 h\u00fasz \u00e9v sz\u00edvseb\u00e9szeti tapasztalattal, egyetemi fokozat hi\u00e1ny\u00e1ban mindig is ink\u00e1bb n\u0151v\u00e9rk\u00e9nt, mintsem rutinos seb\u00e9szk\u00e9nt fognak tekinteni r\u00e1.<\/p>\n<p>Az egyetemi tan\u00e1ri c\u00edm a tud\u00e1s garanci\u00e1ja az \u00e9n szakter\u00fcletemen, \u00e9s visszatekintve nagyon h\u00e1l\u00e1s vagyok az engem egykor akad\u00e1lyoz\u00f3 f\u0151n\u00f6k\u00f6mnek. De m\u00e9g a kinevez\u00e9sem ut\u00e1n is tal\u00e1lkoztam olyan f\u00e9rfi koll\u00e9g\u00e1kkal, akik nem voltak hajland\u00f3ak elismerni a teljes\u00edtm\u00e9nyemet.<\/p>\n<p><strong>Megosztan\u00e1 a tapasztalatait, amelyeket a Sv\u00e1jci Fiatal Kardiol\u00f3gusok Klubj\u00e1nak t\u00e1rsalap\u00edt\u00f3jak\u00e9nt \u00e9s eln\u00f6ks\u00e9gi tagjak\u00e9nt szerzett? <\/strong><\/p>\n<p>Kor\u00e1bban a sz\u00edvseb\u00e9szeti k\u00e9pz\u00e9s nem volt egys\u00e9ges Sv\u00e1jcban, ez\u00e9rt alap\u00edtottuk meg 2011-ben a Sv\u00e1jci Fiatal Kardiol\u00f3gusok Klubj\u00e1t (YSCSC). A klubunkat felkarolta a Sv\u00e1jci Sz\u00edvseb\u00e9szeti T\u00e1rsas\u00e1g (SGHC\/SSCC), \u00edgy siker\u00fclt l\u00e9trehozni a fiatal seb\u00e9szek orsz\u00e1gos h\u00e1l\u00f3zat\u00e1t. 2016-ig a klub eln\u00f6kek\u00e9nt valamennyi tansz\u00e9kkel, oktat\u00e1s\u00e9rt felel\u0151s vezet\u0151vel \u00e9s gyakornokkal kapcsolatban \u00e1lltam, pr\u00f3b\u00e1ltam jav\u00edtani a k\u00e9pz\u00e9st eg\u00e9sz Sv\u00e1jcban. Mivel addig nem l\u00e9tezett hivatalos tanmenet a sz\u00edvseb\u00e9szet ter\u00e9n, kidolgoztunk egyet, amelyet p\u00e1r \u00e9vvel ezel\u0151tt a Sv\u00e1jci Orvosi Tov\u00e1bbk\u00e9pz\u00e9si Int\u00e9zet (SIWF) is akkredit\u00e1lt.<\/p>\n<p><strong><a href=\"https:\/\/semmelweis.hu\/hirek\/files\/2025\/01\/During-surgery.jpg\"><img loading=\"lazy\" decoding=\"async\" class=\"alignleft size-medium wp-image-149576\" src=\"https:\/\/semmelweis.hu\/hirek\/files\/2025\/01\/During-surgery-267x400.jpg\" alt=\"\" width=\"267\" height=\"400\" srcset=\"https:\/\/semmelweis.hu\/hirek\/files\/2025\/01\/During-surgery-267x400.jpg 267w, https:\/\/semmelweis.hu\/hirek\/files\/2025\/01\/During-surgery-534x800.jpg 534w, https:\/\/semmelweis.hu\/hirek\/files\/2025\/01\/During-surgery-768x1152.jpg 768w, https:\/\/semmelweis.hu\/hirek\/files\/2025\/01\/During-surgery-753x1129.jpg 753w, https:\/\/semmelweis.hu\/hirek\/files\/2025\/01\/During-surgery.jpg 791w\" sizes=\"auto, (max-width: 267px) 100vw, 267px\" \/><\/a>P\u00e1ly\u00e1ja sor\u00e1n sz\u00e1mos olyan szervezethez csatlakozott, amely az eg\u00e9szs\u00e9g\u00fcgyi ter\u00fcleten \u00e1ll ki a n\u0151k jogai\u00e9rt. Mes\u00e9lne az e k\u00f6rben v\u00e9gzett munk\u00e1j\u00e1r\u00f3l?<\/strong><\/p>\n<p>A nemi es\u00e9lyegyenl\u0151s\u00e9g az orvostudom\u00e1nyban, k\u00fcl\u00f6n\u00f6sen a seb\u00e9szetben m\u00e9g messze nem val\u00f3sult meg, legal\u00e1bbis a legt\u00f6bb nyugati orsz\u00e1gban. M\u00e9g sokat kell tenn\u00fcnk az\u00e9rt, hogy megv\u00e1ltoztassuk a t\u00e1rsadalomban uralkod\u00f3 szerepeket, de a munka m\u00e1r elkezd\u0151d\u00f6tt.<\/p>\n<p>Eln\u00f6ks\u00e9gi tagja vagyok a Sv\u00e1jci Orvosn\u0151k Egyes\u00fclet\u00e9nek (MWS), amely a n\u0151i orvosok munkak\u00f6r\u00fclm\u00e9nyeinek \u00e9s karrierlehet\u0151s\u00e9geinek jav\u00edt\u00e1s\u00e1\u00e9rt dolgozik. Tov\u00e1bbk\u00e9pz\u00e9seket tartunk a tagjainknak \u00e9s az \u00e9rdekl\u0151d\u0151knek, valamint felh\u00edvjuk a t\u00e1rsadalom \u00e9s a d\u00f6nt\u00e9shoz\u00f3k figyelm\u00e9t a szakm\u00e1nkban tapasztalhat\u00f3 nemi egyenl\u0151tlens\u00e9gekre.<\/p>\n<p>2024-ben az Eur\u00f3pai Sz\u00edv- \u00e9s Mellkasseb\u00e9szeti Egyes\u00fclet (EACTS) N\u0151k a Sz\u00edv- \u00e9s Mellkasseb\u00e9szetben Bizotts\u00e1g\u00e1nak (WiCTS) eln\u00f6ks\u00e9gi tagj\u00e1v\u00e1 v\u00e1lasztottak, amely az eur\u00f3pai szakemberek k\u00e9pz\u00e9s\u00e9t, l\u00e1that\u00f3s\u00e1g\u00e1t \u00e9s szakmai el\u0151menetel\u00e9t k\u00edv\u00e1nja el\u0151mozd\u00edtani.<\/p>\n<p>Sosem gondoltam volna, hogy a mai, modern vil\u00e1gban is v\u00e1lhat bel\u0151lem \u00fatt\u00f6r\u0151. De b\u00edzom abban, hogy ez motiv\u00e1lni fogja a j\u00f6v\u0151 n\u0151i seb\u00e9szeit, hogy ha t\u00e9nyleg akarj\u00e1k, akkor ezt az utat v\u00e1lassz\u00e1k.<\/p>\n<p>Szekeres Hanna, Alumni Igazgat\u00f3s\u00e1g<br \/>\nFord\u00edtotta: Szabados-D\u0151tsch Judit<br \/>\nFot\u00f3: Diana Reser, Z\u00fcrichi Egyetem<\/p>\n","protected":false},"excerpt":{"rendered":"<p>A Semmelweis egykori hallgat\u00f3ja az els\u0151 n\u0151i sz\u00edvseb\u00e9sz professzor Sv\u00e1jcban.<\/p>\n","protected":false},"author":102255,"featured_media":149578,"comment_status":"closed","ping_status":"closed","sticky":false,"template":"","format":"standard","meta":{"_acf_changed":false,"footnotes":""},"categories":[157,168],"tags":[1271,4303],"class_list":["post-149572","post","type-post","status-publish","format-standard","has-post-thumbnail","hentry","category-semmelweis-vilag","category-kiemelt","tag-alumni","tag-alumni-portrek"],"acf":[],"_links":{"self":[{"href":"https:\/\/semmelweis.hu\/hirek\/wp-json\/wp\/v2\/posts\/149572","targetHints":{"allow":["GET"]}}],"collection":[{"href":"https:\/\/semmelweis.hu\/hirek\/wp-json\/wp\/v2\/posts"}],"about":[{"href":"https:\/\/semmelweis.hu\/hirek\/wp-json\/wp\/v2\/types\/post"}],"author":[{"embeddable":true,"href":"https:\/\/semmelweis.hu\/hirek\/wp-json\/wp\/v2\/users\/102255"}],"replies":[{"embeddable":true,"href":"https:\/\/semmelweis.hu\/hirek\/wp-json\/wp\/v2\/comments?post=149572"}],"version-history":[{"count":5,"href":"https:\/\/semmelweis.hu\/hirek\/wp-json\/wp\/v2\/posts\/149572\/revisions"}],"predecessor-version":[{"id":149585,"href":"https:\/\/semmelweis.hu\/hirek\/wp-json\/wp\/v2\/posts\/149572\/revisions\/149585"}],"wp:featuredmedia":[{"embeddable":true,"href":"https:\/\/semmelweis.hu\/hirek\/wp-json\/wp\/v2\/media\/149578"}],"wp:attachment":[{"href":"https:\/\/semmelweis.hu\/hirek\/wp-json\/wp\/v2\/media?parent=149572"}],"wp:term":[{"taxonomy":"category","embeddable":true,"href":"https:\/\/semmelweis.hu\/hirek\/wp-json\/wp\/v2\/categories?post=149572"},{"taxonomy":"post_tag","embeddable":true,"href":"https:\/\/semmelweis.hu\/hirek\/wp-json\/wp\/v2\/tags?post=149572"}],"curies":[{"name":"wp","href":"https:\/\/api.w.org\/{rel}","templated":true}]}}