{"id":149147,"date":"2025-01-10T06:00:33","date_gmt":"2025-01-10T05:00:33","guid":{"rendered":"https:\/\/semmelweis.hu\/hirek\/?p=149147"},"modified":"2025-01-29T10:18:14","modified_gmt":"2025-01-29T09:18:14","slug":"a-vilag-legkorszerubb-ct-jet-adtak-at-a-semmelweis-egyetemen","status":"publish","type":"post","link":"https:\/\/semmelweis.hu\/hirek\/2025\/01\/10\/a-vilag-legkorszerubb-ct-jet-adtak-at-a-semmelweis-egyetemen\/","title":{"rendered":"A vil\u00e1g legkorszer\u0171bb CT-j\u00e9t adt\u00e1k \u00e1t a Semmelweis Egyetemen"},"content":{"rendered":"<div class=\"lead\">Kevesebb mint k\u00e9t m\u00e1sodperc alatt minden eddigin\u00e9l r\u00e9szletgazdagabb CT-felv\u00e9tel k\u00e9sz\u00edthet\u0151 a Siemens Naeotom Alpha.Prime fotonsz\u00e1ml\u00e1l\u00f3 CT-j\u00e9vel egy traum\u00e1s beteg eg\u00e9sz test\u00e9r\u0151l alacsony sug\u00e1rterhel\u00e9s mellett \u00fagy, hogy k\u00f6zben m\u00e1r a beteg ell\u00e1t\u00e1sa, sokktalan\u00edt\u00e1sa is megkezd\u0151dhet. A vil\u00e1g legkorszer\u0171bb, cs\u00facskateg\u00f3ri\u00e1s berendez\u00e9s\u00e9t az idei \u00e1prilisi vil\u00e1gpremierje el\u0151tt, janu\u00e1r 9-\u00e9n adt\u00e1k \u00e1t a Semmelweis Egyetemen, ahol kifejezetten a halaszthatatlan beavatkoz\u00e1st ig\u00e9nyl\u0151, s\u00fcrg\u0151ss\u00e9gi, illetve traumatol\u00f3giai betegek ell\u00e1t\u00e1s\u00e1t szolg\u00e1lja. Az els\u0151 fotonsz\u00e1ml\u00e1l\u00f3 CT h\u00e1rom \u00e9vvel ezel\u0151tt, glob\u00e1lisan az els\u0151k k\u00f6z\u00f6tt ker\u00fclt az egyetemre. Vil\u00e1gszerte p\u00e9ld\u00e1tlan, hogy egy int\u00e9zm\u00e9nyben k\u00e9t cs\u00facskateg\u00f3ri\u00e1s fotonsz\u00e1ml\u00e1l\u00f3 CT is rendelkez\u00e9sre \u00e1ll.<\/div>\n<p><a href=\"https:\/\/semmelweis.hu\/hirek\/files\/2025\/01\/RS208082_GV5A6003-scr.jpg\"><img loading=\"lazy\" decoding=\"async\" class=\"aligncenter size-full wp-image-149163\" src=\"https:\/\/semmelweis.hu\/hirek\/files\/2025\/01\/RS208082_GV5A6003-scr.jpg\" alt=\"\" width=\"1200\" height=\"800\" srcset=\"https:\/\/semmelweis.hu\/hirek\/files\/2025\/01\/RS208082_GV5A6003-scr.jpg 1200w, https:\/\/semmelweis.hu\/hirek\/files\/2025\/01\/RS208082_GV5A6003-scr-400x267.jpg 400w, https:\/\/semmelweis.hu\/hirek\/files\/2025\/01\/RS208082_GV5A6003-scr-900x600.jpg 900w, https:\/\/semmelweis.hu\/hirek\/files\/2025\/01\/RS208082_GV5A6003-scr-768x512.jpg 768w, https:\/\/semmelweis.hu\/hirek\/files\/2025\/01\/RS208082_GV5A6003-scr-753x502.jpg 753w, https:\/\/semmelweis.hu\/hirek\/files\/2025\/01\/RS208082_GV5A6003-scr-203x135.jpg 203w\" sizes=\"auto, (max-width: 1200px) 100vw, 1200px\" \/><\/a><\/p>\n<p>\u201eH\u00e1rom \u00e9ve m\u0171k\u00f6dik egyetem\u00fcnk\u00f6n az els\u0151 fotonsz\u00e1ml\u00e1l\u00f3 CT, amely alaptev\u00e9kenys\u00e9g\u00fcnk mindegyik szegmens\u00e9ben igen fontos min\u0151s\u00e9gi el\u0151rel\u00e9p\u00e9st jelentett, s amellyel az eltelt id\u0151 alatt 30 ezer vizsg\u00e1latot v\u00e9gezt\u00fcnk el. Kiv\u00e1l\u00f3 k\u00e9pmin\u0151s\u00e9ge gyorsabb \u00e9s megb\u00edzhat\u00f3bb diagn\u00f3zist tesz lehet\u0151v\u00e9, kisebb sug\u00e1rterhel\u00e9s mellett. \u00dajdons\u00e1got jelentett a rezidensek \u00e9s a medikusok oktat\u00e1s\u00e1ban is, tov\u00e1bb\u00e1 az elm\u00falt h\u00e1rom esztend\u0151ben sz\u00e1mos \u00faj lehet\u0151s\u00e9get biztos\u00edtott tudom\u00e1nyos egy\u00fcttm\u0171k\u00f6d\u00e9sek kialak\u00edt\u00e1s\u00e1hoz. K\u00fcl\u00f6n\u00f6sen nagy \u00f6r\u00f6m \u00e9s b\u00fcszkes\u00e9g sz\u00e1momra, hogy az orsz\u00e1gban els\u0151 \u00e9s mindezid\u00e1ig egyed\u00fcli berendez\u00e9s ut\u00e1n most a m\u00e1sodik fotonsz\u00e1ml\u00e1l\u00f3 CT-t is \u00e1tadhatjuk, amit f\u0151k\u00e9nt a s\u00fcrg\u0151ss\u00e9gi \u00e9s a traumatol\u00f3giai ell\u00e1t\u00e1sban haszn\u00e1lunk\u201d \u2013 fogalmazott az \u00fcnnep\u00e9lyes \u00e1tad\u00e1son k\u00f6sz\u00f6nt\u0151j\u00e9ben dr. Merkely B\u00e9la rektor.<\/p>\n<p><a href=\"https:\/\/semmelweis.hu\/hirek\/files\/2025\/01\/RS208048_GV5A5632-scr.jpg\"><img loading=\"lazy\" decoding=\"async\" class=\"alignleft size-medium wp-image-149150\" src=\"https:\/\/semmelweis.hu\/hirek\/files\/2025\/01\/RS208048_GV5A5632-scr-400x267.jpg\" alt=\"\" width=\"400\" height=\"267\" srcset=\"https:\/\/semmelweis.hu\/hirek\/files\/2025\/01\/RS208048_GV5A5632-scr-400x267.jpg 400w, https:\/\/semmelweis.hu\/hirek\/files\/2025\/01\/RS208048_GV5A5632-scr-900x600.jpg 900w, https:\/\/semmelweis.hu\/hirek\/files\/2025\/01\/RS208048_GV5A5632-scr-768x512.jpg 768w, https:\/\/semmelweis.hu\/hirek\/files\/2025\/01\/RS208048_GV5A5632-scr-753x502.jpg 753w, https:\/\/semmelweis.hu\/hirek\/files\/2025\/01\/RS208048_GV5A5632-scr-203x135.jpg 203w, https:\/\/semmelweis.hu\/hirek\/files\/2025\/01\/RS208048_GV5A5632-scr.jpg 1200w\" sizes=\"auto, (max-width: 400px) 100vw, 400px\" \/><\/a>Az \u00faj g\u00e9ppel egy \u00e9v alatt ak\u00e1r 30 ezer vizsg\u00e1latot is el lehet v\u00e9gezni, \u00e9s nem t\u00falz\u00e1s mindezt nemzetk\u00f6zi jelent\u0151s\u00e9g\u0171nek nevezni, hiszen a vil\u00e1gon els\u0151k\u00e9nt a Semmelweis Egyetemen \u00e1ll\u00edtunk munk\u00e1ba k\u00e9t ilyen kiv\u00e1l\u00f3 eszk\u00f6zt \u2013 tette hozz\u00e1. Az els\u0151 g\u00e9p mostant\u00f3l kezdve d\u00f6nt\u0151en a tervezett diagnosztikus ell\u00e1t\u00e1sban, a nagyon gyors \u00faj CT pedig a s\u00fcrg\u0151ss\u00e9gi \u00e9s traumatol\u00f3giai ell\u00e1t\u00e1sban kap szerepet. Mint azt a rektor kiemelte, nem v\u00e9letlen, hogy a k\u00e9t kiemelked\u0151 k\u00e9sz\u00fcl\u00e9k az egyetemen szolg\u00e1lja a betegell\u00e1t\u00e1st, hiszen k\u00f6zismert, hogy a Semmelweis Egyetem a r\u00e9gi\u00f3 vezet\u0151 orvos-eg\u00e9szs\u00e9gtudom\u00e1nyi szakegyetemek\u00e9nt mindig igyekszik el\u0151rel\u00e9pni. Az int\u00e9zm\u00e9ny portf\u00f3li\u00f3ja sz\u00e9lesedik, b\u0151v\u00fcl a Semmelweis csal\u00e1d, az eszk\u00f6zpark is folyamatosan fejl\u0151dik, sz\u00e9p\u00fclnek az hallgat\u00f3i terek, \u00e9s meg\u00fajulnak a klinik\u00e1i.<\/p>\n<blockquote>\n<p>Az idei \u00e9vben mintegy 50 milli\u00e1rd forintot ford\u00edtunk \u00e9p\u00edtkez\u00e9sre, infrastrukt\u00fara fejleszt\u00e9sre, amely int\u00e9zm\u00e9ny\u00fcnk t\u00f6rt\u00e9net\u00e9nek legnagyobb \u00f6sszege<\/p>\n<\/blockquote>\n<p>\u2013 hangs\u00falyozta dr. Merkely B\u00e9la.<\/p>\n<p>Szavai szerint az egyetem z\u00e1szl\u00f3shaj\u00f3nak sz\u00e1m\u00edt, amelynek utat kell mutatni a betegell\u00e1t\u00e1s, az oktat\u00e1s \u00e9s a kutat\u00e1s-innov\u00e1ci\u00f3 ter\u00e9n is. A most \u00e1tadott k\u00e9sz\u00fcl\u00e9k \u00e9ppen ezeken a fontos ter\u00fcleteken j\u00e1tszik szerepet \u2013 emelte ki. Besz\u00e9de z\u00e1r\u00e1sak\u00e9nt a rektor megk\u00f6sz\u00f6nte a k\u00e9sz\u00fcl\u00e9kek lehet\u0151 legjobb kihaszn\u00e1l\u00e1sa \u00e9rdek\u00e9ben v\u00e9gzett elk\u00f6telezett \u00e9s magas szint\u0171 szakmai munk\u00e1t, megjegyezve, hogy az egyetem tartja a vil\u00e1gcs\u00facsot az egy nap alatt elv\u00e9gzett 150 CT-vizsg\u00e1lattal.<\/p>\n<p><a href=\"https:\/\/semmelweis.hu\/hirek\/files\/2025\/01\/RS208052_GV5A5726-scr.jpg\"><img loading=\"lazy\" decoding=\"async\" class=\"alignright size-medium wp-image-149151\" src=\"https:\/\/semmelweis.hu\/hirek\/files\/2025\/01\/RS208052_GV5A5726-scr-400x267.jpg\" alt=\"\" width=\"400\" height=\"267\" srcset=\"https:\/\/semmelweis.hu\/hirek\/files\/2025\/01\/RS208052_GV5A5726-scr-400x267.jpg 400w, https:\/\/semmelweis.hu\/hirek\/files\/2025\/01\/RS208052_GV5A5726-scr-900x600.jpg 900w, https:\/\/semmelweis.hu\/hirek\/files\/2025\/01\/RS208052_GV5A5726-scr-768x512.jpg 768w, https:\/\/semmelweis.hu\/hirek\/files\/2025\/01\/RS208052_GV5A5726-scr-753x502.jpg 753w, https:\/\/semmelweis.hu\/hirek\/files\/2025\/01\/RS208052_GV5A5726-scr-203x135.jpg 203w, https:\/\/semmelweis.hu\/hirek\/files\/2025\/01\/RS208052_GV5A5726-scr.jpg 1200w\" sizes=\"auto, (max-width: 400px) 100vw, 400px\" \/><\/a>\u201eMiel\u0151tt a vil\u00e1gon b\u00e1rki haszn\u00e1lni kezdte volna a fotonsz\u00e1ml\u00e1l\u00f3 CT-ket, mi m\u00e1r konkr\u00e9t m\u00e9r\u00e9sekkel rendelkezt\u00fcnk ezzel a technol\u00f3gi\u00e1val\u201d \u2013 emelte ki k\u00f6sz\u00f6nt\u0151j\u00e9ben dr. Pavlik L\u00edvia kancell\u00e1r. Hozz\u00e1tette: amikor \u00e9rtes\u00fclt arr\u00f3l, hogy egy \u00fajabb eszk\u00f6zzel gazdagodhat az egyetem, arra t\u00f6rekedett, hogy igyekezzen megteremteni a p\u00e9nz\u00fcgyi lehet\u0151s\u00e9get is, hogy a berendez\u00e9s az egyetem k\u00fcldet\u00e9s\u00e9t szolg\u00e1lhassa. A fejleszt\u00e9sekre t\u00e9rve hangs\u00falyozta, az els\u0151 perct\u0151l fogva tervszer\u0171en \u00e9s a strat\u00e9giai c\u00e9lok szem el\u0151tt tart\u00e1s\u00e1val allok\u00e1lj\u00e1k a p\u00e9nz\u00fcgyi er\u0151forr\u00e1sokat a tervekre.<\/p>\n<p><a href=\"https:\/\/semmelweis.hu\/hirek\/files\/2025\/01\/RS208054_GV5A5754-scr.jpg\"><img loading=\"lazy\" decoding=\"async\" class=\"alignleft size-medium wp-image-149152\" src=\"https:\/\/semmelweis.hu\/hirek\/files\/2025\/01\/RS208054_GV5A5754-scr-400x267.jpg\" alt=\"\" width=\"400\" height=\"267\" srcset=\"https:\/\/semmelweis.hu\/hirek\/files\/2025\/01\/RS208054_GV5A5754-scr-400x267.jpg 400w, https:\/\/semmelweis.hu\/hirek\/files\/2025\/01\/RS208054_GV5A5754-scr-900x600.jpg 900w, https:\/\/semmelweis.hu\/hirek\/files\/2025\/01\/RS208054_GV5A5754-scr-768x512.jpg 768w, https:\/\/semmelweis.hu\/hirek\/files\/2025\/01\/RS208054_GV5A5754-scr-753x502.jpg 753w, https:\/\/semmelweis.hu\/hirek\/files\/2025\/01\/RS208054_GV5A5754-scr-203x135.jpg 203w, https:\/\/semmelweis.hu\/hirek\/files\/2025\/01\/RS208054_GV5A5754-scr.jpg 1200w\" sizes=\"auto, (max-width: 400px) 100vw, 400px\" \/><\/a>H\u00e1rom \u00e9ve, els\u0151k\u00e9nt a vil\u00e1gon ide, a Semmelweis Egyetemre ker\u00fclt az els\u0151 fotonsz\u00e1ml\u00e1l\u00f3 detektorral rendelkez\u0151 k\u00e9sz\u00fcl\u00e9k, \u00e9s az az\u00f3ta eltelt id\u0151 alatt kiemelked\u0151 kutat\u00f3-fejleszt\u0151 munka zajlik az egyetemmel kar\u00f6ltve, vil\u00e1gviszonylatban is fantasztikus eredm\u00e9nyeket produk\u00e1lva \u2013 jelentette ki Vincze Rita, a Siemens HealthCare Kft. \u00fcgyvezet\u0151je. Ennek a kiv\u00e1l\u00f3 partneri viszonynak \u00e9s egy\u00fcttm\u0171k\u00f6d\u00e9snek k\u00f6sz\u00f6nhet\u0151 az, hogy ma tov\u00e1bb tudunk l\u00e9pni ezen az \u00faton, \u00e9s a vil\u00e1gon els\u0151k\u00e9nt a Semmelweis Egyetem s\u00fcrg\u0151ss\u00e9gi r\u00e9szleg\u00e9re ker\u00fclhetett a Naeotom Alpha.Prime CT k\u00e9sz\u00fcl\u00e9k\u00fcnk, amelyet \u00e1prilisban vezet\u00fcnk be a glob\u00e1lis piacra \u2013 mondta Vincze Rita. Hangs\u00falyozta, a Siemens az utols\u00f3 fejleszt\u00e9si f\u00e1zisban nagyon fontosnak tartotta, hogy az egyetem professzorai v\u00e9lem\u00e9nyezz\u00e9k a k\u00e9sz\u00fcl\u00e9ket, \u00e9s mint fogalmazott, nagy b\u00fcszkes\u00e9ggel t\u00f6lt\u00f6tte el, amikor tapasztalataikat megosztott\u00e1k 2024 november\u00e9ben a chicag\u00f3i szakmai kongresszuson.<\/p>\n<p>A CT tulajdons\u00e1gair\u00f3l sz\u00f3lva kiemelte a vizsg\u00e1lati sebess\u00e9g\u00e9t, amivel kevesebb mint k\u00e9t m\u00e1sodperc alatt vizsg\u00e1lhat\u00f3 egy traumatol\u00f3giai beteg teljes teste, a kapott k\u00e9p pedig olyan r\u00e9szletgazdag, hogy az egym\u00e1st\u00f3l 0,11 millim\u00e9terre elhelyezked\u0151 elv\u00e1ltoz\u00e1sokat is prec\u00edzen k\u00e9pes felfedezni, nagyon alacsony sug\u00e1rd\u00f3zis mellett. Tov\u00e1bbi el\u0151nye a sz\u00e9lesebb \u00e9s r\u00f6videbb, 82 centim\u00e9ter hossz\u00fa alag\u00fat, amely jobb hozz\u00e1f\u00e9r\u00e9st biztos\u00edt a beteghez, az extr\u00e1nak sz\u00e1m\u00edt\u00f3, 340 kilogrammos terhelhet\u0151s\u00e9g, tov\u00e1bb\u00e1 a 120 kilowatt teljes\u00edtm\u00e9ny\u0171 cs\u0151 \u2013 sorolta az \u00fcgyvezet\u0151 a cs\u00facskateg\u00f3ri\u00e1s k\u00e9sz\u00fcl\u00e9k jellemz\u0151it.<\/p>\n<p><a href=\"https:\/\/semmelweis.hu\/hirek\/files\/2025\/01\/RS208065_GV5A5884-scr.jpg\"><img loading=\"lazy\" decoding=\"async\" class=\"alignright size-medium wp-image-149153\" src=\"https:\/\/semmelweis.hu\/hirek\/files\/2025\/01\/RS208065_GV5A5884-scr-400x267.jpg\" alt=\"\" width=\"400\" height=\"267\" srcset=\"https:\/\/semmelweis.hu\/hirek\/files\/2025\/01\/RS208065_GV5A5884-scr-400x267.jpg 400w, https:\/\/semmelweis.hu\/hirek\/files\/2025\/01\/RS208065_GV5A5884-scr-900x600.jpg 900w, https:\/\/semmelweis.hu\/hirek\/files\/2025\/01\/RS208065_GV5A5884-scr-768x512.jpg 768w, https:\/\/semmelweis.hu\/hirek\/files\/2025\/01\/RS208065_GV5A5884-scr-753x502.jpg 753w, https:\/\/semmelweis.hu\/hirek\/files\/2025\/01\/RS208065_GV5A5884-scr-203x135.jpg 203w, https:\/\/semmelweis.hu\/hirek\/files\/2025\/01\/RS208065_GV5A5884-scr.jpg 1200w\" sizes=\"auto, (max-width: 400px) 100vw, 400px\" \/><\/a>Az els\u0151 fotonsz\u00e1ml\u00e1l\u00f3 CT 2021-ben, a vil\u00e1gpremierj\u00e9vel egyid\u0151ben ker\u00fclt az egyetemre (a Harvardon 2023-ban \u00fczemelt\u00e9k be az els\u0151 fotonsz\u00e1ml\u00e1l\u00f3 CT-t), \u00e9s az elm\u00falt h\u00e1rom \u00e9vben bebizony\u00edtotta: jav\u00edtja, hat\u00e9konyabb\u00e1 teszi a betegell\u00e1t\u00e1st. Az \u00faj technol\u00f3gia a hagyom\u00e1nyos CT-vel \u00f6sszehasonl\u00edtva a k\u00e9palkot\u00e1s \u00faj dimenzi\u00f3j\u00e1t jelenti, amit leegyszer\u0171s\u00edtve \u00fagy is lehetne jellemezni, mint a fekete-feh\u00e9r \u00e9s a sz\u00ednes fot\u00f3 k\u00f6z\u00f6tti elt\u00e9r\u00e9st, ez\u00e9rt sz\u00ednes CT-nek is szokt\u00e1k nevezni \u2013 kezdte magyar\u00e1zat\u00e1t dr. Maurovich Horvat P\u00e1l, az Orvosi K\u00e9palkot\u00f3 Klinika (OKK) vezet\u0151je. A hagyom\u00e1nyos CT-n\u00e9l nagyobb felbont\u00e1snak k\u00f6sz\u00f6nhet\u0151 pontosabb leletek eredm\u00e9nyek\u00e9nt a betegek sz\u00e1m\u00e1ra megterhel\u0151 invaz\u00edv beavatkoz\u00e1sok ak\u00e1r 50 sz\u00e1zal\u00e9k\u00e1t lehetett megsp\u00f3rolni, szeml\u00e9ltette t\u00f6bb beteg k\u00e9palkot\u00f3 lelet\u00e9n a fotonsz\u00e1ml\u00e1l\u00f3 technol\u00f3gia el\u0151nyeit. A betegell\u00e1t\u00e1sban el\u00e9rt eredm\u00e9nyek mellett a klinikaigazgat\u00f3 kiemelte az elm\u00falt id\u0151szak tudom\u00e1nyos aktivit\u00e1s\u00e1t is, ez alatt az id\u0151 alatt k\u00f6r\u00fclbel\u00fcl harminc nemzetk\u00f6zileg jegyzett tudom\u00e1nyos k\u00e9ziratot \u00edrtak kollabor\u00e1ci\u00f3k seg\u00edts\u00e9g\u00e9vel. Saj\u00e1t adatokkal beker\u00fclt\u00fcnk egy fotonsz\u00e1ml\u00e1l\u00f3 CT-konzorciumba, \u00e9s ezeknek a cikkeknek a jelent\u0151s h\u00e1nyada nagy preszt\u00edzs\u0171 \u00fajs\u00e1gokban jelent meg \u2013 tette hozz\u00e1.<\/p>\n\r\n        [slb_exclude]\r\n        <div class=\"row galeria-wrapper mx-0 h-auto\">\r\n            <div class=\"col-9 pl-0 pr-2\">\r\n            <span class=\"gallery-item frame\">\r\n\t\t\t\t<div class=\"galeria-left-img\"><a href=\"https:\/\/semmelweis.hu\/hirek\/files\/2025\/01\/473188679_10162739342499683_5600153196179788238_n.jpg\"><img src=https:\/\/semmelweis.hu\/hirek\/files\/2025\/01\/473188679_10162739342499683_5600153196179788238_n.jpg  \r\n                            alt=\"T\u00fcd\u0151emb\u00f3lia j\u00f3d t\u00e9rk\u00e9pez\u00e9ssel\" \r\n                            class=\"attachment-sote-gallery-big size-sote-gallery-big\" \r\n                            srcset=\"https:\/\/semmelweis.hu\/hirek\/files\/2025\/01\/473188679_10162739342499683_5600153196179788238_n-400x371.jpg 400w, https:\/\/semmelweis.hu\/hirek\/files\/2025\/01\/473188679_10162739342499683_5600153196179788238_n-863x800.jpg 863w, https:\/\/semmelweis.hu\/hirek\/files\/2025\/01\/473188679_10162739342499683_5600153196179788238_n-768x712.jpg 768w, https:\/\/semmelweis.hu\/hirek\/files\/2025\/01\/473188679_10162739342499683_5600153196179788238_n-1536x1423.jpg 1536w, https:\/\/semmelweis.hu\/hirek\/files\/2025\/01\/473188679_10162739342499683_5600153196179788238_n-753x698.jpg 753w, https:\/\/semmelweis.hu\/hirek\/files\/2025\/01\/473188679_10162739342499683_5600153196179788238_n.jpg 1570w\" ><\/a><\/div>\r\n            <\/span>\r\n\r\n            <\/div>\r\n\r\n\t\t\t<div class=\"col-3 pl-0 pr-0\">\r\n\t\t\t\t<div class=\"galeria-right-img d-flex justify-content-between flex-column h-100 w-100 px-0 mx-0 \">\r\n                <div class=\"galeria-box\">\r\n\t\t\t\t\t<h3 class=\"galeria-title\">Gal\u00e9ria<\/h3>\r\n\t\t\t\t\t<div class=\"galeria-subtitle\">\r\n\r\n\t\t\t\t\t\t<div class=\"galeria-page-counter\"><span>6<\/span>k\u00e9p<\/div>\r\n                    <\/div> <\/div>\r\n                    <span class=\"gallery-item frame d-none d-md-flex\">\r\n\t\t\t\t\t<div class=\"galeria-small-img mt-0\"><a href=\"https:\/\/semmelweis.hu\/hirek\/files\/2025\/01\/RS207936_GV5A5161-scr.jpg\"><img src=https:\/\/semmelweis.hu\/hirek\/files\/2025\/01\/RS207936_GV5A5161-scr.jpg \r\n                                alt=\"\"  \r\n                                class=\"attachment-sote-gallery-small size-sote-gallery-small\" \r\n                                srcset=\"https:\/\/semmelweis.hu\/hirek\/files\/2025\/01\/RS207936_GV5A5161-scr-400x267.jpg 400w, https:\/\/semmelweis.hu\/hirek\/files\/2025\/01\/RS207936_GV5A5161-scr-900x600.jpg 900w, https:\/\/semmelweis.hu\/hirek\/files\/2025\/01\/RS207936_GV5A5161-scr-768x512.jpg 768w, https:\/\/semmelweis.hu\/hirek\/files\/2025\/01\/RS207936_GV5A5161-scr-753x502.jpg 753w, https:\/\/semmelweis.hu\/hirek\/files\/2025\/01\/RS207936_GV5A5161-scr-203x135.jpg 203w, https:\/\/semmelweis.hu\/hirek\/files\/2025\/01\/RS207936_GV5A5161-scr.jpg 1200w\" ><\/a><\/div>\r\n                    <\/span>\r\n                    <span class=\"gallery-item frame d-none d-md-flex\">\r\n\t\t\t\t\t<div class=\"galeria-small-img mt-0\"><a href=\"https:\/\/semmelweis.hu\/hirek\/files\/2025\/01\/RS207938_GV5A5166-scr.jpg\"><img src=https:\/\/semmelweis.hu\/hirek\/files\/2025\/01\/RS207938_GV5A5166-scr.jpg \r\n                                alt=\"\" \r\n                                class=\"attachment-sote-gallery-small size-sote-gallery-small\" \r\n                                srcset=\"https:\/\/semmelweis.hu\/hirek\/files\/2025\/01\/RS207938_GV5A5166-scr-400x267.jpg 400w, https:\/\/semmelweis.hu\/hirek\/files\/2025\/01\/RS207938_GV5A5166-scr-900x600.jpg 900w, https:\/\/semmelweis.hu\/hirek\/files\/2025\/01\/RS207938_GV5A5166-scr-768x512.jpg 768w, https:\/\/semmelweis.hu\/hirek\/files\/2025\/01\/RS207938_GV5A5166-scr-753x502.jpg 753w, https:\/\/semmelweis.hu\/hirek\/files\/2025\/01\/RS207938_GV5A5166-scr-203x135.jpg 203w, https:\/\/semmelweis.hu\/hirek\/files\/2025\/01\/RS207938_GV5A5166-scr.jpg 1200w\" ><\/a><\/div>\r\n                    <\/span>\r\n\r\n                <\/div>\r\n\r\n            <\/div>\r\n\r\n            <span class=\"gallery-item\"><div class=\"hidden\"><a href=\"https:\/\/semmelweis.hu\/hirek\/files\/2025\/01\/473338167_10162739343259683_6879643991583326867_n.jpg\">\r\n        <img src=https:\/\/semmelweis.hu\/hirek\/files\/2025\/01\/473338167_10162739343259683_6879643991583326867_n.jpg alt=\"10 \u00e9ves l\u00e1nygyermek cochle\u00e1ris implant\u00e1tum\u00e1r\u00f3l k\u00e9sz\u00fclt ultra-nagy felbont\u00e1s\u00fa felv\u00e9tel, kis sug\u00e1rd\u00f3zis mellett\" class=\"attachment-sote-gallery-big size-sote-gallery-big\" srcset=\"https:\/\/semmelweis.hu\/hirek\/files\/2025\/01\/473338167_10162739343259683_6879643991583326867_n-400x188.jpg 400w, https:\/\/semmelweis.hu\/hirek\/files\/2025\/01\/473338167_10162739343259683_6879643991583326867_n-900x424.jpg 900w, https:\/\/semmelweis.hu\/hirek\/files\/2025\/01\/473338167_10162739343259683_6879643991583326867_n-768x362.jpg 768w, https:\/\/semmelweis.hu\/hirek\/files\/2025\/01\/473338167_10162739343259683_6879643991583326867_n-1536x723.jpg 1536w, https:\/\/semmelweis.hu\/hirek\/files\/2025\/01\/473338167_10162739343259683_6879643991583326867_n-753x354.jpg 753w, https:\/\/semmelweis.hu\/hirek\/files\/2025\/01\/473338167_10162739343259683_6879643991583326867_n.jpg 2048w\" >\r\n        <\/a><\/div><\/span><span class=\"gallery-item\"><div class=\"hidden\"><a href=\"https:\/\/semmelweis.hu\/hirek\/files\/2025\/01\/473022565_10162739343654683_5821628560471688096_n.jpg\">\r\n        <img src=https:\/\/semmelweis.hu\/hirek\/files\/2025\/01\/473022565_10162739343654683_5821628560471688096_n.jpg alt=\"Lemezes csontegyes\u00edt\u00e9s csavarokkal, a f\u00e9m lemez t\u00f6r\u00e9se l\u00e1that\u00f3\" class=\"attachment-sote-gallery-big size-sote-gallery-big\" srcset=\"https:\/\/semmelweis.hu\/hirek\/files\/2025\/01\/473022565_10162739343654683_5821628560471688096_n-400x219.jpg 400w, https:\/\/semmelweis.hu\/hirek\/files\/2025\/01\/473022565_10162739343654683_5821628560471688096_n-900x493.jpg 900w, https:\/\/semmelweis.hu\/hirek\/files\/2025\/01\/473022565_10162739343654683_5821628560471688096_n-768x420.jpg 768w, https:\/\/semmelweis.hu\/hirek\/files\/2025\/01\/473022565_10162739343654683_5821628560471688096_n-1536x841.jpg 1536w, https:\/\/semmelweis.hu\/hirek\/files\/2025\/01\/473022565_10162739343654683_5821628560471688096_n-753x412.jpg 753w, https:\/\/semmelweis.hu\/hirek\/files\/2025\/01\/473022565_10162739343654683_5821628560471688096_n.jpg 2017w\" >\r\n        <\/a><\/div><\/span><span class=\"gallery-item\"><div class=\"hidden\"><a href=\"https:\/\/semmelweis.hu\/hirek\/files\/2025\/01\/473228979_10162739342914683_7503272077570098196_n.jpg\">\r\n        <img src=https:\/\/semmelweis.hu\/hirek\/files\/2025\/01\/473228979_10162739342914683_7503272077570098196_n.jpg alt=\"Sajkacsont t\u00f6r\u00e9s\u00e9nek azonos\u00edt\u00e1sa \u00f6d\u00e9ma k\u00e9palkot\u00e1ssal\" class=\"attachment-sote-gallery-big size-sote-gallery-big\" srcset=\"https:\/\/semmelweis.hu\/hirek\/files\/2025\/01\/473228979_10162739342914683_7503272077570098196_n-400x329.jpg 400w, https:\/\/semmelweis.hu\/hirek\/files\/2025\/01\/473228979_10162739342914683_7503272077570098196_n-900x741.jpg 900w, https:\/\/semmelweis.hu\/hirek\/files\/2025\/01\/473228979_10162739342914683_7503272077570098196_n-768x632.jpg 768w, https:\/\/semmelweis.hu\/hirek\/files\/2025\/01\/473228979_10162739342914683_7503272077570098196_n-1536x1265.jpg 1536w, https:\/\/semmelweis.hu\/hirek\/files\/2025\/01\/473228979_10162739342914683_7503272077570098196_n-753x620.jpg 753w, https:\/\/semmelweis.hu\/hirek\/files\/2025\/01\/473228979_10162739342914683_7503272077570098196_n.jpg 1675w\" >\r\n        <\/a><\/div><\/span>\r\n            <\/div>\r\n\r\n            [\/slb_exclude]\r\n\t\n<p>A s\u00fcrg\u0151ss\u00e9gi, traumatol\u00f3gia ell\u00e1t\u00e1s szolg\u00e1lat\u00e1ba \u00e1ll\u00edtott m\u00e1sodik fotonsz\u00e1ml\u00e1l\u00f3 CT a r\u00e9gi\u00f3 egyik legforgalmasabb CT-laborj\u00e1ba ker\u00fclt, amelyben a s\u00fcrg\u0151ss\u00e9gi ell\u00e1t\u00e1sban 2023-ban 46 ezer, 2024-ben 120 ezer CT-vizsg\u00e1latot v\u00e9geztek. Az \u00faj eszk\u00f6zzel az els\u0151 nyolc h\u00e9t alatt k\u00f6zel 6000, \u00e1tlagosan napi 100-110 vizsg\u00e1latot v\u00e9geztek, stabil m\u0171k\u00f6d\u00e9ssel, meghib\u00e1sod\u00e1s n\u00e9lk\u00fcl. A klinikaigazgat\u00f3 szerint ez is bizony\u00edtja, hogy j\u00f3 d\u00f6nt\u00e9s volt a s\u00fcrg\u0151ss\u00e9gire telep\u00edteni az \u00faj technol\u00f3gi\u00e1t. Dr. Maurovich Horvat P\u00e1l r\u00e1mutatott a v\u00edzh\u0171t\u00e9ses m\u0171k\u00f6d\u00e9s el\u0151nyeire is, tov\u00e1bb\u00e1 arra, hogy az \u00faj CT-vel v\u00e9gzett k\u00e9palkot\u00e1s sokkal kevesebb m\u0171term\u00e9ket eredm\u00e9nyez, ami szint\u00e9n a diagnosztikai pontoss\u00e1got fokozza.<\/p>\n<p>Szepesi Anita<br \/>\nFot\u00f3: Zellei Bogl\u00e1rka \u2013 Semmelweis Egyetem<\/p>\n","protected":false},"excerpt":{"rendered":"<p>Minden eddigin\u00e9l r\u00e9szletgazdagabb CT-felv\u00e9tel k\u00e9sz\u00edthet\u0151 a Siemens Naeotom Alpha.Prime fotonsz\u00e1ml\u00e1l\u00f3 CT-j\u00e9vel.<\/p>\n","protected":false},"author":102067,"featured_media":149163,"comment_status":"closed","ping_status":"closed","sticky":false,"template":"","format":"standard","meta":{"_acf_changed":false,"footnotes":""},"categories":[154],"tags":[156],"class_list":["post-149147","post","type-post","status-publish","format-standard","has-post-thumbnail","hentry","category-egeszseg","tag-gyogyitas"],"acf":[],"_links":{"self":[{"href":"https:\/\/semmelweis.hu\/hirek\/wp-json\/wp\/v2\/posts\/149147","targetHints":{"allow":["GET"]}}],"collection":[{"href":"https:\/\/semmelweis.hu\/hirek\/wp-json\/wp\/v2\/posts"}],"about":[{"href":"https:\/\/semmelweis.hu\/hirek\/wp-json\/wp\/v2\/types\/post"}],"author":[{"embeddable":true,"href":"https:\/\/semmelweis.hu\/hirek\/wp-json\/wp\/v2\/users\/102067"}],"replies":[{"embeddable":true,"href":"https:\/\/semmelweis.hu\/hirek\/wp-json\/wp\/v2\/comments?post=149147"}],"version-history":[{"count":10,"href":"https:\/\/semmelweis.hu\/hirek\/wp-json\/wp\/v2\/posts\/149147\/revisions"}],"predecessor-version":[{"id":149290,"href":"https:\/\/semmelweis.hu\/hirek\/wp-json\/wp\/v2\/posts\/149147\/revisions\/149290"}],"wp:featuredmedia":[{"embeddable":true,"href":"https:\/\/semmelweis.hu\/hirek\/wp-json\/wp\/v2\/media\/149163"}],"wp:attachment":[{"href":"https:\/\/semmelweis.hu\/hirek\/wp-json\/wp\/v2\/media?parent=149147"}],"wp:term":[{"taxonomy":"category","embeddable":true,"href":"https:\/\/semmelweis.hu\/hirek\/wp-json\/wp\/v2\/categories?post=149147"},{"taxonomy":"post_tag","embeddable":true,"href":"https:\/\/semmelweis.hu\/hirek\/wp-json\/wp\/v2\/tags?post=149147"}],"curies":[{"name":"wp","href":"https:\/\/api.w.org\/{rel}","templated":true}]}}