{"id":14898,"date":"2013-01-29T10:34:35","date_gmt":"2013-01-29T10:34:35","guid":{"rendered":"http:\/\/semmelweis-egyetem.hu\/hirek\/?p=14898"},"modified":"2013-01-29T10:36:07","modified_gmt":"2013-01-29T10:36:07","slug":"neutrofil-mikrovezikulumok-uj-modszer-a-korokozok-csapdaba-ejtesere","status":"publish","type":"post","link":"https:\/\/semmelweis.hu\/hirek\/2013\/01\/29\/neutrofil-mikrovezikulumok-uj-modszer-a-korokozok-csapdaba-ejtesere\/","title":{"rendered":"Neutrofil mikrovezikulumok \u2013 \u00daj m\u00f3dszer a k\u00f3rokoz\u00f3k csapd\u00e1ba ejt\u00e9s\u00e9re"},"content":{"rendered":"<p>A neutrofil granulocita eredet\u0171 mikrovezikulumok immunol\u00f3gi\u00e1ban bet\u00f6lt\u00f6tt \u00faj \u00e9s igen fontos szerep\u00e9re vil\u00e1g\u00edt r\u00e1 a Semmelweis Egyetem kutat\u00f3inak publik\u00e1ci\u00f3ja, amely az Amerikai Hematol\u00f3giai T\u00e1rsas\u00e1g Blood c\u00edm\u0171 foly\u00f3irat\u00e1ban jelent meg. Az \u00edr\u00e1st a Blood szerkeszt\u0151i bev\u00e1lasztott\u00e1k a \u201elegforr\u00f3bb\u201d t\u00e9m\u00e1kat taglal\u00f3 k\u00f6zlem\u00e9nyek k\u00f6z\u00e9. A kutat\u00e1si eredm\u00e9nyek sokat seg\u00edthetnek egy, az antibiotikumokt\u00f3l elt\u00e9r\u0151 antibakteri\u00e1lis rendszer meg\u00e9rt\u00e9s\u00e9ben, esetleges modul\u00e1l\u00e1s\u00e1ban. Al\u00e1bbiakban dr. Tim\u00e1r Csaba PhD-hallgat\u00f3, a publik\u00e1ci\u00f3 els\u0151 szerz\u0151je foglalja \u00f6ssze a publik\u00e1lt kutat\u00e1si eredm\u00e9nyeket.<\/p>\n<p><a href=\"https:\/\/semmelweis.hu\/hirek\/files\/2013\/01\/MV-bakt.-aggreg\u00e1tum-2.jpg\"><img loading=\"lazy\" decoding=\"async\" class=\"alignleft size-medium wp-image-14899\" alt=\"MV-bakt. aggreg\u00e1tum 2\" src=\"https:\/\/semmelweis.hu\/hirek\/files\/2013\/01\/MV-bakt.-aggreg\u00e1tum-2-300x221.jpg\" width=\"300\" height=\"221\" srcset=\"https:\/\/semmelweis.hu\/hirek\/files\/2013\/01\/MV-bakt.-aggreg\u00e1tum-2-300x221.jpg 300w, https:\/\/semmelweis.hu\/hirek\/files\/2013\/01\/MV-bakt.-aggreg\u00e1tum-2-541x400.jpg 541w, https:\/\/semmelweis.hu\/hirek\/files\/2013\/01\/MV-bakt.-aggreg\u00e1tum-2-600x443.jpg 600w, https:\/\/semmelweis.hu\/hirek\/files\/2013\/01\/MV-bakt.-aggreg\u00e1tum-2.jpg 689w\" sizes=\"auto, (max-width: 300px) 100vw, 300px\" \/><\/a>A neutrofil granulocit\u00e1k a fal\u00f3sejtek (fagocit\u00e1k) csal\u00e1dj\u00e1ba tartoz\u00f3 feh\u00e9rv\u00e9rsejtek, vezet\u0151 szerepet j\u00e1tszanak a szervezetbe bejutott bakt\u00e9riumok elpuszt\u00edt\u00e1s\u00e1ban. \u00c9lettani jelent\u0151s\u00e9g\u00fcket j\u00f3l mutatja, hogy hi\u00e1nyuk, avagy cs\u00f6kkent m\u0171k\u00f6d\u00e9s\u00fck ism\u00e9tl\u0151d\u0151 fert\u0151z\u00e9seket eredm\u00e9nyez. A neutrofil granulocita bakt\u00e9rium\u00f6l\u00e9s\u00e9nek klasszikus, r\u00e9g\u00f3ta ismert folyamat\u00e1nak l\u00e9nyege a bakt\u00e9riumok bekebelez\u00e9se, majd sejten bel\u00fcli (fagolizosz\u00f3m\u00e1ban t\u00f6rt\u00e9n\u0151) elpuszt\u00edt\u00e1sa enzimek \u00e9s reakt\u00edv oxig\u00e9n gy\u00f6k\u00f6k seg\u00edts\u00e9g\u00e9vel. A fagocit\u00f3zis azonban felt\u00e9telezi a bakt\u00e9riumok el\u0151zetes \u201emegjel\u00f6l\u00e9s\u00e9t\u201d, opszoniz\u00e1ci\u00f3j\u00e1t is, melyet a v\u00e9rben kering\u0151 komplement feh\u00e9rj\u00e9k \u00e9s antitestek v\u00e9geznek. Az opszoniz\u00e1ci\u00f3 hi\u00e1ny\u00e1ban a neutrofil granulocit\u00e1k sokkal nehezebben ismerik fel a bakt\u00e9riumokat, \u00edgy j\u00f3val kevesebbet tudnak csak elpuszt\u00edtani k\u00f6z\u00fcl\u00fck.<\/p>\n<figure id=\"attachment_14900\" aria-describedby=\"caption-attachment-14900\" style=\"width: 600px\" class=\"wp-caption aligncenter\"><a href=\"https:\/\/semmelweis.hu\/hirek\/files\/2013\/01\/blood-1.jpg\"><img loading=\"lazy\" decoding=\"async\" class=\"size-large wp-image-14900\" alt=\"blood 1\" src=\"https:\/\/semmelweis.hu\/hirek\/files\/2013\/01\/blood-1-600x400.jpg\" width=\"600\" height=\"400\" srcset=\"https:\/\/semmelweis.hu\/hirek\/files\/2013\/01\/blood-1-600x400.jpg 600w, https:\/\/semmelweis.hu\/hirek\/files\/2013\/01\/blood-1-300x199.jpg 300w, https:\/\/semmelweis.hu\/hirek\/files\/2013\/01\/blood-1.jpg 800w\" sizes=\"auto, (max-width: 600px) 100vw, 600px\" \/><\/a><figcaption id=\"caption-attachment-14900\" class=\"wp-caption-text\">Fot\u00f3: D. Kiss Bal\u00e1zs<\/figcaption><\/figure>\n<p style=\"text-align: left\">Az ut\u00f3bbi \u00e9vtized egyik \u00e9rdekes felismer\u00e9se, hogy majdnem minden vizsg\u00e1lt sejtt\u00edpus k\u00e9pes \u00fagynevezett szubcellul\u00e1ris vezikul\u00e1k termel\u00e9s\u00e9re. Ezek a vezikul\u00e1k a termel\u0151 sejt membr\u00e1nj\u00e1ra jellemz\u0151 lipid kett\u0151sr\u00e9tegb\u0151l \u00e9p\u00fclnek fel, \u00e9s meglehet\u0151sen specifikus az \u00f6sszet\u00e9tel\u00fck. K\u00e9pesek nagy t\u00e1vokat megtenni a sejten k\u00edv\u00fcli t\u00e9rben, \u00edgy nem meglep\u0151, hogy a sejtek egym\u00e1s k\u00f6z\u00f6tti kommunik\u00e1ci\u00f3j\u00e1nak egy fontos form\u00e1j\u00e1t k\u00e9pviselik, kiemelt szerep\u00fcket igazolt\u00e1k pl. a tumorok \u00e1tt\u00e9tk\u00e9pz\u00e9s\u00e9ben. M\u00e9ret\u00fck alapj\u00e1n szok\u00e1s csoportos\u00edtani \u0151ket: a legkisebbek az exosz\u00f3m\u00e1k (\u00e1tm\u00e9r\u0151 kb. 100 nm), a nagyobbak mikrovezikulumok (MV, \u00e1tm\u00e9r\u0151 kb. 500-800 nm), a legnagyobbak az apoptotikus testek (1-3 \u03bcm).<\/p>\n<figure id=\"attachment_14901\" aria-describedby=\"caption-attachment-14901\" style=\"width: 200px\" class=\"wp-caption alignleft\"><a href=\"https:\/\/semmelweis.hu\/hirek\/files\/2013\/01\/ligetitamop2.jpg\"><img loading=\"lazy\" decoding=\"async\" class=\"size-medium wp-image-14901\" alt=\"ligetitamop2\" src=\"https:\/\/semmelweis.hu\/hirek\/files\/2013\/01\/ligetitamop2-200x300.jpg\" width=\"200\" height=\"300\" srcset=\"https:\/\/semmelweis.hu\/hirek\/files\/2013\/01\/ligetitamop2-200x300.jpg 200w, https:\/\/semmelweis.hu\/hirek\/files\/2013\/01\/ligetitamop2-266x400.jpg 266w, https:\/\/semmelweis.hu\/hirek\/files\/2013\/01\/ligetitamop2.jpg 480w\" sizes=\"auto, (max-width: 200px) 100vw, 200px\" \/><\/a><figcaption id=\"caption-attachment-14901\" class=\"wp-caption-text\">Fot\u00f3: attekovacs.com<\/figcaption><\/figure>\n<p style=\"text-align: left\">A Blood foly\u00f3iratban megjelent k\u00f6zlem\u00e9nyben \u00f6sszefoglalt eredm\u00e9nyek l\u00e9nyege, hogy a neutrofilek k\u00fcl\u00f6nb\u00f6z\u0151 stimulusra k\u00fcl\u00f6nb\u00f6z\u0151 \u00f6sszet\u00e9tel\u0171 \u00e9s funkci\u00f3j\u00fa mikrovezikulumokat termelnek. Amennyiben a termel\u0151 neutrofileket opszoniz\u00e1lt (el\u0151zetesen megjel\u00f6lt) bakt\u00e9riumokkal aktiv\u00e1ltuk, \u00fagy a keletkezett MV-ok maguk is kimutathat\u00f3 antibakteri\u00e1lis hat\u00e1ssal rendelkeztek. Kiemelend\u0151, hogy ezen antibakteri\u00e1lis hat\u00e1s imm\u00e1r f\u00fcggetlen volt a megt\u00e1madott bakt\u00e9rium opszoniz\u00e1ci\u00f3j\u00e1t\u00f3l, valamint a reakt\u00edv gy\u00f6k\u00f6k k\u00e9pz\u00e9s\u00e9t\u0151l is, amely tulajdons\u00e1gokban \u00e9lesen elt\u00e9rt a donor neutrofilekt\u0151l. Mi t\u00f6bb, a nem opszoniz\u00e1lt bakt\u00e9riumok elleni kapacit\u00e1suk minden \u00e1ltalunk vizsg\u00e1lt k\u00f6r\u00fclm\u00e9ny eset\u00e9n meghaladta a donor sejtek hasonl\u00f3 kapacit\u00e1s\u00e1t. Tov\u00e1bbi fontos eredm\u00e9ny volt, hogy bizony\u00edtottan Staphylococcus aureus fert\u0151z\u00e9sben szenved\u0151 betegek v\u00e9r\u00e9ben a neutrofil eredet\u0171 MV-ok sz\u00e1ma 5-6-szor haladta meg az eg\u00e9szs\u00e9gesekre jellemz\u0151 szintet, valamint hogy a betegekb\u0151l sz\u00e1rmaz\u00f3 MV-ok \u2013 v\u00e9rb\u0151l val\u00f3 szepar\u00e1ci\u00f3jukat k\u00f6vet\u0151en \u2013 hasonl\u00f3 viselked\u00e9st mutattak, mint a k\u00eds\u00e9rleteinkben bakteri\u00e1lis hat\u00e1sra keletkezett MV-ok. Ezzel szemben az eg\u00e9szs\u00e9gesekb\u0151l sz\u00e1rmaz\u00f3 MV-ok a spont\u00e1n keletkezettekhez mutattak hasonl\u00f3 tulajdons\u00e1gokat. A hat\u00e1smechanizmus h\u00e1tter\u00e9ben k\u00eds\u00e9rleteink szerint kiemelt szerepe van a bakt\u00e9riumok \u00e9s MV-ok \u00f6sszetapad\u00e1s\u00e1nak, v\u00e9lhet\u0151leg a direkt kapcsolat seg\u00edts\u00e9g\u00e9vel k\u00e9pesek a MV-ok g\u00e1tolni a bakt\u00e9riumok szaporod\u00e1s\u00e1t.<\/p>\n<p style=\"text-align: left\">\u00d6sszess\u00e9g\u00e9ben teh\u00e1t egy olyan sejtekn\u00e9l kisebb m\u00e9ret\u0171 antibakteri\u00e1lis mechanizmusr\u00f3l van sz\u00f3, mely f\u00fcggetlen a bakt\u00e9riumok opszoniz\u00e1ci\u00f3j\u00e1t\u00f3l (\u201emegjel\u00f6lts\u00e9g\u00e9t\u0151l). E f\u00fcggetlens\u00e9gnek kiemelt szerepe lehet minden olyan esetben, ahol zavart szenved az opszoniz\u00e1ci\u00f3 (t\u00e1lyogok k\u00f6rnyezet\u00e9ben, avagy cs\u00f6kkent komplement \u00e9s\/vagy cs\u00f6kkent antitest termel\u00e9ssel jellemezhet\u0151 betegs\u00e9gekben), illetve az olyan ter\u00fcletek v\u00e9delm\u00e9ben, ahova csak nehezen jutnak el az immunrendszer sejtjei (pl. \u00edz\u00fcleti terek). Mindemellett a mechanizmus \u00e9s az interakci\u00f3 prec\u00edz felt\u00e1r\u00e1sa sokat seg\u00edthet egy, az antibiotikumokt\u00f3l elt\u00e9r\u0151 antibakteri\u00e1lis rendszer meg\u00e9rt\u00e9s\u00e9ben, esetleges modul\u00e1l\u00e1s\u00e1ban.<\/p>\n<p style=\"text-align: left\"><a href=\"https:\/\/semmelweis.hu\/hirek\/files\/2013\/01\/blood-2.jpg\"><img loading=\"lazy\" decoding=\"async\" class=\"alignright size-medium wp-image-14906\" alt=\"blood 2\" src=\"https:\/\/semmelweis.hu\/hirek\/files\/2013\/01\/blood-2-300x199.jpg\" width=\"300\" height=\"199\" srcset=\"https:\/\/semmelweis.hu\/hirek\/files\/2013\/01\/blood-2-300x199.jpg 300w, https:\/\/semmelweis.hu\/hirek\/files\/2013\/01\/blood-2-600x400.jpg 600w, https:\/\/semmelweis.hu\/hirek\/files\/2013\/01\/blood-2.jpg 800w\" sizes=\"auto, (max-width: 300px) 100vw, 300px\" \/><\/a>A k\u00eds\u00e9rleteket 2006 szeptember\u00e9ben kezdt\u00fck. Az eredetileg alig p\u00e1r m\u00e9r\u00e9sesre tervezett vizsg\u00e1lat v\u00e9g\u00fcl is hat \u00e9vig tartott, az \u00c9lettani Int\u00e9zet mellett az Immunol\u00f3giai Int\u00e9zet, az Aneszteziol\u00f3giai \u00e9s Intenz\u00edv Ter\u00e1pi\u00e1s Klinika, valamint a KOKI munkat\u00e1rsainak r\u00e9szv\u00e9tel\u00e9vel. Rengeteg munk\u00e1t adott a k\u00eds\u00e9rleti k\u00f6r\u00fclm\u00e9nyek optimaliz\u00e1l\u00e1sa, \u00e9s sokszor neh\u00e9z volt annak eld\u00f6nt\u00e9se is, hogy melyik ir\u00e1nyban folytassuk a kutat\u00e1st, mely metodik\u00e1t v\u00e1lasszuk. Ebben volt l\u00e9nyeges dr. Buz\u00e1s Edit, dr. Nagy Gy\u00f6rgy, valamint dr. Kittel \u00c1gnes k\u00f6zrem\u0171k\u00f6d\u00e9se. Igen elh\u00faz\u00f3d\u00f3ra siker\u00fclt a k\u00e9zirat elfogadtat\u00e1sa is, visszat\u00e9r\u0151 k\u00e9rd\u00e9s volt, hogy \u00e9l\u0151ben is megtal\u00e1lhat\u00f3-e ez a rendszer, amelyet addig k\u00e9mcs\u00f6vekben vizsg\u00e1ltunk. Az Aneszteziol\u00f3giai \u00e9s Intenz\u00edv Ter\u00e1pi\u00e1s Klinika munkat\u00e1rsaival val\u00f3 egy\u00fcttm\u0171k\u00f6d\u00e9s lehet\u0151v\u00e9 tette, hogy megfigyel\u00e9seinket betegek (\u201eex vivo\u201d) mint\u00e1iban is meger\u0151s\u00edts\u00fck. \u00c9s v\u00e9gezet\u00fcl: h\u00e1l\u00e1val tartozunk annak a rengeteg eg\u00e9szs\u00e9ges donornak (z\u00f6m\u00fckben orvostanhallgat\u00f3knak, munkat\u00e1rsaknak), valamint a betegeknek, akik sz\u00f3 szerint v\u00e9r\u00fcket \u00e1ldozt\u00e1k, hogy a fenti kutat\u00e1s elk\u00e9sz\u00fclhessen.<\/p>\n<p>Dr. Tim\u00e1r Csaba, SE \u00c9lettani Int\u00e9zet<\/p>\n<p>Az eredeti k\u00f6zlem\u00e9ny: Antibacterial effect of microvesicles released from human neutrophilic granulocytes (Csaba I. Tim\u00e1r, \u00c1kos M. L\u0151rincz, Roland Cs\u00e9p\u00e1nyi-K\u00f6mi, \u00a0Anna V\u00e1lyi-Nagy, Gy\u00f6rgy Nagy, Edit I. Buz\u00e1s, Zsolt Iv\u00e1nyi, \u00c1gnes Kittel, David W. Powell , Kenneth R. McLeish, Erzs\u00e9bet Ligeti)<\/p>\n","protected":false},"excerpt":{"rendered":"<p>A neutrofil granulocita eredet\u0171 mikrovezikulumok immunol\u00f3gi\u00e1ban bet\u00f6lt\u00f6tt \u00faj \u00e9s igen fontos szerep\u00e9re vil\u00e1g\u00edt r\u00e1 a Semmelweis Egyetem kutat\u00f3inak publik\u00e1ci\u00f3ja, amely az Amerikai Hematol\u00f3giai T\u00e1rsas\u00e1g Blood c\u00edm\u0171 foly\u00f3irat\u00e1ban jelent meg. Az \u00edr\u00e1st a Blood szerkeszt\u0151i bev\u00e1lasztott\u00e1k a \u201elegforr\u00f3bb\u201d t\u00e9m\u00e1kat taglal\u00f3 k\u00f6zlem\u00e9nyek k\u00f6z\u00e9. A kutat\u00e1si eredm\u00e9nyek sokat seg\u00edthetnek egy, az antibiotikumokt\u00f3l elt\u00e9r\u0151 antibakteri\u00e1lis rendszer meg\u00e9rt\u00e9s\u00e9ben, esetleges modul\u00e1l\u00e1s\u00e1ban. &hellip;<\/p>\n","protected":false},"author":13,"featured_media":14900,"comment_status":"closed","ping_status":"open","sticky":false,"template":"","format":"standard","meta":{"_acf_changed":false,"footnotes":""},"categories":[161,168],"tags":[188],"class_list":["post-14898","post","type-post","status-publish","format-standard","has-post-thumbnail","hentry","category-tudomany","category-kiemelt","tag-tudomanyos-hirek-rendezvenyek"],"acf":[],"_links":{"self":[{"href":"https:\/\/semmelweis.hu\/hirek\/wp-json\/wp\/v2\/posts\/14898","targetHints":{"allow":["GET"]}}],"collection":[{"href":"https:\/\/semmelweis.hu\/hirek\/wp-json\/wp\/v2\/posts"}],"about":[{"href":"https:\/\/semmelweis.hu\/hirek\/wp-json\/wp\/v2\/types\/post"}],"author":[{"embeddable":true,"href":"https:\/\/semmelweis.hu\/hirek\/wp-json\/wp\/v2\/users\/13"}],"replies":[{"embeddable":true,"href":"https:\/\/semmelweis.hu\/hirek\/wp-json\/wp\/v2\/comments?post=14898"}],"version-history":[{"count":5,"href":"https:\/\/semmelweis.hu\/hirek\/wp-json\/wp\/v2\/posts\/14898\/revisions"}],"predecessor-version":[{"id":14905,"href":"https:\/\/semmelweis.hu\/hirek\/wp-json\/wp\/v2\/posts\/14898\/revisions\/14905"}],"wp:featuredmedia":[{"embeddable":true,"href":"https:\/\/semmelweis.hu\/hirek\/wp-json\/wp\/v2\/media\/14900"}],"wp:attachment":[{"href":"https:\/\/semmelweis.hu\/hirek\/wp-json\/wp\/v2\/media?parent=14898"}],"wp:term":[{"taxonomy":"category","embeddable":true,"href":"https:\/\/semmelweis.hu\/hirek\/wp-json\/wp\/v2\/categories?post=14898"},{"taxonomy":"post_tag","embeddable":true,"href":"https:\/\/semmelweis.hu\/hirek\/wp-json\/wp\/v2\/tags?post=14898"}],"curies":[{"name":"wp","href":"https:\/\/api.w.org\/{rel}","templated":true}]}}