{"id":147880,"date":"2024-12-06T09:54:23","date_gmt":"2024-12-06T08:54:23","guid":{"rendered":"https:\/\/semmelweis.hu\/hirek\/?p=147880"},"modified":"2024-12-09T12:25:49","modified_gmt":"2024-12-09T11:25:49","slug":"tajekoztatas-a-covid-19-elleni-oltas-felvetelerol-a-semmelweis-egyetemen","status":"publish","type":"post","link":"https:\/\/semmelweis.hu\/hirek\/2024\/12\/06\/tajekoztatas-a-covid-19-elleni-oltas-felvetelerol-a-semmelweis-egyetemen\/","title":{"rendered":"T\u00e1j\u00e9koztat\u00e1s a COVID-19 elleni olt\u00e1s felv\u00e9tel\u00e9r\u0151l a Semmelweis Egyetemen"},"content":{"rendered":"<div class=\"lead\"><strong>A Semmelweis Egyetemen h\u00e1rom olt\u00f3ponton vehet\u0151 fel 2024. december 6-t\u00f3l a Moderna-mRNS alap\u00fa, COVID-19 elleni vakcina az EESZT-ben val\u00f3 regisztr\u00e1ci\u00f3t k\u00f6vet\u0151en. A vakcin\u00e1t els\u0151sorban azoknak aj\u00e1nlj\u00e1k, akik a t\u00e9r\u00edt\u00e9smentes influenza-elleni olt\u00e1sokra jogosultak, ide tartoznak pl. a 65 \u00e9v felettiek \u00e9s az eg\u00e9szs\u00e9g\u00fcgyi dolgoz\u00f3k is, akik foglalkoz\u00e1sukn\u00e1l fogva vesz\u00e9lyeztetettek.<\/strong><\/div>\n<p><a href=\"https:\/\/semmelweis.hu\/hirek\/files\/2024\/12\/RS127279_C19A6808-scr.jpg\"><img loading=\"lazy\" decoding=\"async\" class=\"aligncenter size-full wp-image-147881\" src=\"https:\/\/semmelweis.hu\/hirek\/files\/2024\/12\/RS127279_C19A6808-scr.jpg\" alt=\"\" width=\"1200\" height=\"800\" srcset=\"https:\/\/semmelweis.hu\/hirek\/files\/2024\/12\/RS127279_C19A6808-scr.jpg 1200w, https:\/\/semmelweis.hu\/hirek\/files\/2024\/12\/RS127279_C19A6808-scr-400x267.jpg 400w, https:\/\/semmelweis.hu\/hirek\/files\/2024\/12\/RS127279_C19A6808-scr-900x600.jpg 900w, https:\/\/semmelweis.hu\/hirek\/files\/2024\/12\/RS127279_C19A6808-scr-768x512.jpg 768w, https:\/\/semmelweis.hu\/hirek\/files\/2024\/12\/RS127279_C19A6808-scr-753x502.jpg 753w, https:\/\/semmelweis.hu\/hirek\/files\/2024\/12\/RS127279_C19A6808-scr-203x135.jpg 203w\" sizes=\"auto, (max-width: 1200px) 100vw, 1200px\" \/><\/a><\/p>\n<p>Az idei szezon\u00e1lis COVID-19 elleni olt\u00e1st a lakoss\u00e1g els\u0151sorban a h\u00e1ziorvosokn\u00e1l k\u00e9rheti. A Semmelweis Egyetem id\u00e9n a saj\u00e1t munkav\u00e1llal\u00f3it oltja, de a fennmarad\u00f3 k\u00e9szlet erej\u00e9ig, 2024. december 6-t\u00f3l a h\u00e1rom erre kijel\u00f6lt olt\u00f3pontj\u00e1n a lakoss\u00e1g r\u00e9sz\u00e9re is el\u00e9rhet\u0151 lesz az \u00faj vakcina. Az olt\u00e1s kiz\u00e1r\u00f3lag az Elektronikus Eg\u00e9szs\u00e9g\u00fcgyi Szolg\u00e1ltat\u00e1si T\u00e9rben (EESZT) val\u00f3 regisztr\u00e1ci\u00f3t k\u00f6vet\u0151en vehet\u0151 ig\u00e9nybe. A honlapon t\u00e1j\u00e9koz\u00f3dhatnak az rendelkez\u00e9sre \u00e1ll\u00f3 szabad id\u0151pontokr\u00f3l \u00e9s helysz\u00ednekr\u0151l is:<\/p>\n<p><a href=\"https:\/\/www.eeszt.gov.hu\/hu\/covid-oltas-idopontfoglalas\"><strong>https:\/\/www.eeszt.gov.hu\/hu\/covid-oltas-idopontfoglalas<\/strong><\/a>\u00a0<\/p>\n<div class=\"keretes w-100\">\n<p>Abban az esetben, ha a foglal\u00e1s az EESZT-n bel\u00fcl nem m\u0171k\u00f6dik, vagy probl\u00e9m\u00e1ba \u00fctk\u00f6zik, k\u00e9rj\u00fck h\u00edvj\u00e1k az <a href=\"https:\/\/egeszsegvonal.gov.hu\/\" target=\"_blank\" rel=\"noopener\">Eg\u00e9szs\u00e9gvonalat<\/a> a 1812-es sz\u00e1mon!<\/p>\n<\/div>\n<p>A 18 \u00e9ven aluliak regisztr\u00e1ci\u00f3ja kiz\u00e1r\u00f3lag a <a href=\"https:\/\/elojegyzes.meditime.hu\/14\" target=\"_blank\" rel=\"noopener\">https:\/\/elojegyzes.meditime.hu\/14<\/a> oldalon kereszt\u00fcl lehets\u00e9ges.<\/p>\n<p>Az olt\u00f3pontok csak meghat\u00e1rozott napokon \u00e9s id\u0151s\u00e1vokban \u00e9rhet\u0151k el. K\u00e9rj\u00fck, hogy az id\u0151pont el\u0151tt 5 perccel \u00e9rkezzenek meg a v\u00e1lasztott olt\u00f3pontra! Ha nem rendelkeznek profillal az EESZT-ben, forduljanak h\u00e1ziorvosukhoz!<\/p>\n<p>Id\u00e9n a Moderna-mRNS alap\u00fa, Spikevax JN.1 COVID-19 olt\u00f3anyag \u00e1ll rendelkez\u00e9s\u00fcnkre. A vakcin\u00e1t els\u0151sorban a t\u00e9r\u00edt\u00e9smentes influenza elleni olt\u00e1sokra jogosultak sz\u00e1m\u00e1ra aj\u00e1nlj\u00e1k, vagyis azoknak, akikn\u00e9l eg\u00e9szs\u00e9gi \u00e1llapotuk miatt magasabb a kock\u00e1zata, hogy a fert\u0151z\u00e9s s\u00falyos, k\u00f3rh\u00e1zi kezel\u00e9st ig\u00e9nyl\u0151 \u00e1llapotot alak\u00edt ki. Ilyenek lehetnek az id\u0151s, kr\u00f3nikus betegs\u00e9ggel \u00e9l\u0151k, vagy akiknek az immunrendszer\u00fck valamilyen okb\u00f3l gyeng\u00e9bb. Magasabb kock\u00e1zat\u00fa csoportba tartoznak azok is, akik munk\u00e1juk miatt vannak fokozott vesz\u00e9lynek kit\u00e9ve, mint p\u00e9ld\u00e1ul az eg\u00e9szs\u00e9g\u00fcgyben dolgoz\u00f3k, de az olt\u00e1s felv\u00e9tele az eg\u00e9szs\u00e9g\u00fcgyi szolg\u00e1lati jogviszonyban dolgoz\u00f3k sz\u00e1m\u00e1ra sem k\u00f6telez\u0151. Csak az olthat\u00f3, aki az elm\u00falt h\u00e1rom h\u00f3napban igazoltan nem esett \u00e1t COVID-19 fert\u0151z\u00e9sen \u00e9s ez id\u0151 alatt nem kapott COVID-19 elleni olt\u00e1st.<\/p>\n<p><strong>Olt\u00f3pontok a Semmelweis Egyetemen:<\/strong><\/p>\n<ul>\n<li>Gyermekgy\u00f3gy\u00e1szati Klinika B\u00f3kay r\u00e9szleg (1083 Budapest, B\u00f3kay J\u00e1nos utca 54.) \u2013 a 18 \u00e9v alattiak kiz\u00e1r\u00f3lag itt kaphatj\u00e1k meg az olt\u00e1st.<\/li>\n<li>Szent R\u00f3kus Klinikai T\u00f6mb (1085 Budapest, Gyulai P\u00e1l utca 2.)<\/li>\n<li>V\u00e1rosmajori Sz\u00edv- \u00e9s \u00c9rgy\u00f3gy\u00e1szati Klinika (1122 Budapest, V\u00e1rosmajor utca 68.)<\/li>\n<\/ul>\n<p><strong>Az olt\u00e1s ig\u00e9nybev\u00e9tel\u00e9hez sz\u00fcks\u00e9ges dokumentumok:<\/strong><\/p>\n<ul>\n<li>Szem\u00e9lyi azonos\u00edt\u00f3 okm\u00e1ny<\/li>\n<li>Lakc\u00edmk\u00e1rtya<\/li>\n<li>TAJ-k\u00e1rtya<\/li>\n<\/ul>\n<p>valamint a <a href=\"https:\/\/semmelweis.hu\/klinikaikozpont\/letoltheto-dokumentumok-covspikevax\/\" target=\"_blank\" rel=\"noopener\">Klinikai K\u00f6zpont honlapj\u00e1r\u00f3l let\u00f6lthet\u0151 hozz\u00e1j\u00e1rul\u00f3 nyilatkozat<\/a> <span style=\"font-size: 1rem\">kit\u00f6lt\u00f6tt \u00e9s al\u00e1\u00edrt v\u00e1ltozat\u00e1ra van sz\u00fcks\u00e9g.<\/span><\/p>\n<div class=\"fontos_div\">\n<p>Fontos hangs\u00falyozni, hogy az olt\u00e1sok megszervez\u00e9se alapvet\u0151en h\u00e1ziorvosi hat\u00e1sk\u00f6r, azonban a Semmelweis Egyetem az \u00e9v v\u00e9g\u00e9n meghat\u00e1rozott napokon seg\u00edti a lakoss\u00e1gi olt\u00e1sok lebonyol\u00edt\u00e1s\u00e1t. Az egy\u00fcttm\u0171k\u00f6d\u00e9s zavartalan biztos\u00edt\u00e1sa \u00e9rdek\u00e9ben kiz\u00e1r\u00f3lag el\u0151zetes id\u0151pontfoglal\u00e1ssal tudunk jelentkez\u0151ket fogadni!<\/p>\n<\/div>\n<p>Fot\u00f3: Kov\u00e1cs Attila &#8211; Semmelweis Egyetem (illusztr\u00e1ci\u00f3)<\/p>\n","protected":false},"excerpt":{"rendered":"<p>2024. december 6-t\u00f3l az egyetem h\u00e1rom olt\u00f3pontj\u00e1n vehet\u0151 fel a COVID-19 elleni vakcina az EESZT-ben val\u00f3 regisztr\u00e1ci\u00f3t k\u00f6vet\u0151en.<\/p>\n","protected":false},"author":101751,"featured_media":147881,"comment_status":"closed","ping_status":"closed","sticky":false,"template":"","format":"standard","meta":{"_acf_changed":false,"footnotes":""},"categories":[154,168],"tags":[4273,4257],"class_list":["post-147880","post","type-post","status-publish","format-standard","has-post-thumbnail","hentry","category-egeszseg","category-kiemelt","tag-covid-oltas","tag-koronavirus"],"acf":[],"_links":{"self":[{"href":"https:\/\/semmelweis.hu\/hirek\/wp-json\/wp\/v2\/posts\/147880","targetHints":{"allow":["GET"]}}],"collection":[{"href":"https:\/\/semmelweis.hu\/hirek\/wp-json\/wp\/v2\/posts"}],"about":[{"href":"https:\/\/semmelweis.hu\/hirek\/wp-json\/wp\/v2\/types\/post"}],"author":[{"embeddable":true,"href":"https:\/\/semmelweis.hu\/hirek\/wp-json\/wp\/v2\/users\/101751"}],"replies":[{"embeddable":true,"href":"https:\/\/semmelweis.hu\/hirek\/wp-json\/wp\/v2\/comments?post=147880"}],"version-history":[{"count":5,"href":"https:\/\/semmelweis.hu\/hirek\/wp-json\/wp\/v2\/posts\/147880\/revisions"}],"predecessor-version":[{"id":147961,"href":"https:\/\/semmelweis.hu\/hirek\/wp-json\/wp\/v2\/posts\/147880\/revisions\/147961"}],"wp:featuredmedia":[{"embeddable":true,"href":"https:\/\/semmelweis.hu\/hirek\/wp-json\/wp\/v2\/media\/147881"}],"wp:attachment":[{"href":"https:\/\/semmelweis.hu\/hirek\/wp-json\/wp\/v2\/media?parent=147880"}],"wp:term":[{"taxonomy":"category","embeddable":true,"href":"https:\/\/semmelweis.hu\/hirek\/wp-json\/wp\/v2\/categories?post=147880"},{"taxonomy":"post_tag","embeddable":true,"href":"https:\/\/semmelweis.hu\/hirek\/wp-json\/wp\/v2\/tags?post=147880"}],"curies":[{"name":"wp","href":"https:\/\/api.w.org\/{rel}","templated":true}]}}