{"id":14695,"date":"2013-01-17T12:13:43","date_gmt":"2013-01-17T12:13:43","guid":{"rendered":"http:\/\/semmelweis-egyetem.hu\/hirek\/?p=14695"},"modified":"2015-05-08T11:43:33","modified_gmt":"2015-05-08T09:43:33","slug":"a-semmelweis-egyetemen-ulesezik-a-magyar-idegtudomanyi-tarsasag","status":"publish","type":"post","link":"https:\/\/semmelweis.hu\/hirek\/2013\/01\/17\/a-semmelweis-egyetemen-ulesezik-a-magyar-idegtudomanyi-tarsasag\/","title":{"rendered":"A Semmelweis Egyetemen \u00fcl\u00e9sezett a Magyar Idegtudom\u00e1nyi T\u00e1rsas\u00e1g"},"content":{"rendered":"<p><a href=\"https:\/\/semmelweis.hu\/hirek\/files\/2013\/01\/ideg-3.jpg\"><img loading=\"lazy\" decoding=\"async\" class=\"alignleft size-medium wp-image-14696\" title=\"ideg 3\" alt=\"\" src=\"https:\/\/semmelweis.hu\/hirek\/files\/2013\/01\/ideg-3-300x199.jpg\" width=\"300\" height=\"199\" srcset=\"https:\/\/semmelweis.hu\/hirek\/files\/2013\/01\/ideg-3-300x199.jpg 300w, https:\/\/semmelweis.hu\/hirek\/files\/2013\/01\/ideg-3-600x400.jpg 600w, https:\/\/semmelweis.hu\/hirek\/files\/2013\/01\/ideg-3.jpg 800w\" sizes=\"auto, (max-width: 300px) 100vw, 300px\" \/><\/a>\u201eMagyarorsz\u00e1gon az idegtudom\u00e1nyoknak nagyon nagy m\u00faltja, jelene \u00e9s j\u00f6v\u0151je van\u201d \u2013 mondta k\u00f6sz\u00f6nt\u0151 besz\u00e9d\u00e9ben dr. Moln\u00e1r M\u00e1ria Judit tudom\u00e1nyos rektorhelyettes a Magyar Idegtudom\u00e1nyi T\u00e1rsas\u00e1g (MITT) XIV. Konferenci\u00e1j\u00e1n, amelynek a Semmelweis Egyetem Elm\u00e9leti Orvostudom\u00e1nyi K\u00f6zpontja adott otthont. A konferencia f\u0151v\u00e9dn\u00f6k\u00e9t, dr. Sz\u00e9l \u00c1goston rektort k\u00e9pvisel\u0151 dr. Moln\u00e1r M\u00e1ria Judit eml\u00e9keztetett arra: a Semmelweis Egyetemen 2012-ben az idegtudom\u00e1nyok \u00e1lltak a f\u00f3kuszban. A legnagyobb preszt\u00edzs\u0171 egyetemi d\u00edjat, a Semmelweis Budapest Awardot Somogyi P\u00e9ter agykutat\u00f3 kapta, dr. Palkovits Mikl\u00f3s, az Anat\u00f3miai, Sz\u00f6vet- \u00e9s Fejl\u0151d\u00e9stani Int\u00e9zet professzor emeritusa Pr\u00edma Primissima-d\u00edjban, m\u00edg dr. Laz\u00e1ry Judit fiatal kutat\u00f3k\u00e9nt Junior Pr\u00edma-d\u00edjban r\u00e9szes\u00fclt.<\/p>\n<p>A rektorhelyettes hozz\u00e1tette: az idegtudom\u00e1nyi kutat\u00e1sok ter\u00fclet\u00e9n a k\u00e9palkot\u00f3 elj\u00e1r\u00e1sok, a molekul\u00e1ris genetika megjelen\u00e9se rendk\u00edv\u00fcl sok forradalmi v\u00e1ltoz\u00e1st hozott. A mai vil\u00e1gban pedig n\u00e9lk\u00fcl\u00f6zhetetlen a kapcsolat\u00e9p\u00edt\u00e9s, egym\u00e1s munk\u00e1j\u00e1nak megismer\u00e9se, a virtu\u00e1lis h\u00e1l\u00f3zatok ki\u00e9p\u00edt\u00e9se is; mindezeknek kit\u0171n\u0151 terepe ez a konferencia.<\/p>\n<p><a href=\"https:\/\/semmelweis.hu\/hirek\/files\/2013\/01\/ideg-4.jpg\"><img loading=\"lazy\" decoding=\"async\" class=\"alignleft size-medium wp-image-14697\" title=\"ideg 4\" alt=\"\" src=\"https:\/\/semmelweis.hu\/hirek\/files\/2013\/01\/ideg-4-300x199.jpg\" width=\"300\" height=\"199\" srcset=\"https:\/\/semmelweis.hu\/hirek\/files\/2013\/01\/ideg-4-300x199.jpg 300w, https:\/\/semmelweis.hu\/hirek\/files\/2013\/01\/ideg-4-600x400.jpg 600w, https:\/\/semmelweis.hu\/hirek\/files\/2013\/01\/ideg-4.jpg 800w\" sizes=\"auto, (max-width: 300px) 100vw, 300px\" \/><\/a>A h\u00e1romnapos konferencia szervez\u0151bizotts\u00e1g\u00e1nak eln\u00f6ke dr. Csillag Andr\u00e1s, az Anat\u00f3miai, Sz\u00f6vet- \u00e9s Fejl\u0151d\u00e9stani Int\u00e9zet igazgat\u00f3ja. A konferencia v\u00e9dn\u00f6ke dr. Palkovics Mikl\u00f3s arra eml\u00e9keztetett, hogy h\u00fasz \u00e9ve 260 f\u0151vel alakult meg a MITT, amelynek ma m\u00e1r t\u00f6bb mint 800 tagja van. \u201e\u00c1m nemcsak sz\u00e1mszer\u0171 n\u00f6veked\u00e9s figyelhet\u0151 meg, hanem a min\u0151s\u00e9g is v\u00e1ltozott, olyanok n\u0151ttek ki a t\u00e1rsas\u00e1g tagjai k\u00f6z\u00fcl, akik a nemzetk\u00f6zi \u201etop\u201d-hoz tartoznak, s itthon \u00e9s k\u00fclf\u00f6ld\u00f6n is j\u00f3 h\u00edr\u00e9t viszik a magyar idegtudom\u00e1nynak\u201d \u2013 fogalmazott.<\/p>\n<p>Az ut\u00e1np\u00f3tl\u00e1ssal kapcsolatban kiemelte: az egyetemen bel\u00fcl m\u0171k\u00f6d\u0151 Szent\u00e1gothai J\u00e1nos Idegtudom\u00e1nyi Doktori Iskola a legnagyobb \u00f6n\u00e1ll\u00f3 doktor iskola.<\/p>\n<p><a href=\"https:\/\/semmelweis.hu\/hirek\/files\/2013\/01\/ideg-1.jpg\"><img loading=\"lazy\" decoding=\"async\" class=\"alignright size-medium wp-image-14698\" title=\"ideg 1\" alt=\"\" src=\"https:\/\/semmelweis.hu\/hirek\/files\/2013\/01\/ideg-1-300x199.jpg\" width=\"300\" height=\"199\" srcset=\"https:\/\/semmelweis.hu\/hirek\/files\/2013\/01\/ideg-1-300x199.jpg 300w, https:\/\/semmelweis.hu\/hirek\/files\/2013\/01\/ideg-1-600x400.jpg 600w, https:\/\/semmelweis.hu\/hirek\/files\/2013\/01\/ideg-1.jpg 800w\" sizes=\"auto, (max-width: 300px) 100vw, 300px\" \/><\/a>A megnyit\u00f3 a MITT eln\u00f6ke, dr. Freund Tam\u00e1s akad\u00e9mikus is k\u00f6sz\u00f6nt\u00f6tte a r\u00e9sztvev\u0151ket. Mint elmondta, t\u00f6bb mint n\u00e9gysz\u00e1z regisztr\u00e1lt r\u00e9sztvev\u0151je van a konferenci\u00e1nak, ami j\u00f3l mutatja, hogy a t\u00e1rsas\u00e1gnak nemcsak elismert m\u00faltja, de igen akt\u00edv jelene, s ragyog\u00f3 j\u00f6v\u0151je van. Dr. Freund Tam\u00e1s bemutatta az idei Buzs\u00e1ki-el\u0151ad\u00e1s megtart\u00f3j\u00e1nak, Michael Haussernek a p\u00e1ly\u00e1j\u00e1t. Dr. Hausser (Wolfson Institute for Biomedical Research, University College London) \u201eDendritic computation\u201d c\u00edmmel tartott el\u0151ad\u00e1st.<\/p>\n<p>A Magyar Idegtudom\u00e1nyi T\u00e1rsas\u00e1g konferenci\u00e1j\u00e1t k\u00e9t\u00e9vente rendezik meg. Ezek, \u00e9s a k\u00f6ztes \u00e9vekben tartott IBRO-rendezv\u00e9nyek a magyar agykutat\u00e1s kiemelked\u0151 f\u00f3rumai. Alkalmat ny\u00fajtanak a kutat\u00f3csoportok \u00e9s int\u00e9zetek leg\u00fajabb eredm\u00e9nyeinek bemutat\u00e1s\u00e1ra \u00e9pp\u00fagy, mint form\u00e1lis \u00e9s inform\u00e1lis eszmecser\u00e9kre, metodikai konzult\u00e1ci\u00f3kra, k\u00f6z\u00f6s kutat\u00f3programok egyeztet\u00e9s\u00e9re \u2013 olvashat\u00f3 a konferencia programf\u00fczet\u00e9ben. DP<br \/>\nFot\u00f3k: D. Kiss Bal\u00e1zs<\/p>\n","protected":false},"excerpt":{"rendered":"<p><a href=\"https:\/\/semmelweis.hu\/hirek\/files\/2013\/01\/ideg-3.jpg\"><\/a> \u201eMagyarorsz\u00e1gon az idegtudom\u00e1nyoknak nagyon nagy m\u00faltja, jelene \u00e9s j\u00f6v\u0151je van\u201d \u2013 mondta k\u00f6sz\u00f6nt\u0151 besz\u00e9d\u00e9ben dr. Moln\u00e1r M\u00e1ria Judit tudom\u00e1nyos rektorhelyettes a Magyar Idegtudom\u00e1nyi T\u00e1rsas\u00e1g (MITT) XIV. Konferenci\u00e1j\u00e1n, amelynek a Semmelweis Egyetem Elm\u00e9leti Orvostudom\u00e1nyi K\u00f6zpontja adott otthont. A konferencia f\u0151v\u00e9dn\u00f6k\u00e9t, dr. Sz\u00e9l \u00c1goston rektort k\u00e9pvisel\u0151 dr. Moln\u00e1r M\u00e1ria Judit eml\u00e9keztetett arra: a Semmelweis Egyetemen 2012-ben az &hellip;<\/p>\n","protected":false},"author":13,"featured_media":14698,"comment_status":"closed","ping_status":"open","sticky":false,"template":"","format":"standard","meta":{"_acf_changed":false,"footnotes":""},"categories":[161,168],"tags":[188],"class_list":["post-14695","post","type-post","status-publish","format-standard","has-post-thumbnail","hentry","category-tudomany","category-kiemelt","tag-tudomanyos-hirek-rendezvenyek"],"acf":[],"_links":{"self":[{"href":"https:\/\/semmelweis.hu\/hirek\/wp-json\/wp\/v2\/posts\/14695","targetHints":{"allow":["GET"]}}],"collection":[{"href":"https:\/\/semmelweis.hu\/hirek\/wp-json\/wp\/v2\/posts"}],"about":[{"href":"https:\/\/semmelweis.hu\/hirek\/wp-json\/wp\/v2\/types\/post"}],"author":[{"embeddable":true,"href":"https:\/\/semmelweis.hu\/hirek\/wp-json\/wp\/v2\/users\/13"}],"replies":[{"embeddable":true,"href":"https:\/\/semmelweis.hu\/hirek\/wp-json\/wp\/v2\/comments?post=14695"}],"version-history":[{"count":2,"href":"https:\/\/semmelweis.hu\/hirek\/wp-json\/wp\/v2\/posts\/14695\/revisions"}],"predecessor-version":[{"id":40864,"href":"https:\/\/semmelweis.hu\/hirek\/wp-json\/wp\/v2\/posts\/14695\/revisions\/40864"}],"wp:featuredmedia":[{"embeddable":true,"href":"https:\/\/semmelweis.hu\/hirek\/wp-json\/wp\/v2\/media\/14698"}],"wp:attachment":[{"href":"https:\/\/semmelweis.hu\/hirek\/wp-json\/wp\/v2\/media?parent=14695"}],"wp:term":[{"taxonomy":"category","embeddable":true,"href":"https:\/\/semmelweis.hu\/hirek\/wp-json\/wp\/v2\/categories?post=14695"},{"taxonomy":"post_tag","embeddable":true,"href":"https:\/\/semmelweis.hu\/hirek\/wp-json\/wp\/v2\/tags?post=14695"}],"curies":[{"name":"wp","href":"https:\/\/api.w.org\/{rel}","templated":true}]}}