{"id":146439,"date":"2024-11-13T06:00:32","date_gmt":"2024-11-13T05:00:32","guid":{"rendered":"https:\/\/semmelweis.hu\/hirek\/?p=146439"},"modified":"2024-11-13T10:13:47","modified_gmt":"2024-11-13T09:13:47","slug":"gyorsitott-kivizsgalas-hasnyalmirigy-betegeknek-a-semmelweis-egyetemen","status":"publish","type":"post","link":"https:\/\/semmelweis.hu\/hirek\/2024\/11\/13\/gyorsitott-kivizsgalas-hasnyalmirigy-betegeknek-a-semmelweis-egyetemen\/","title":{"rendered":"Gyors\u00edtott kivizsg\u00e1l\u00e1s hasny\u00e1lmirigy-betegeknek a Semmelweis Egyetemen"},"content":{"rendered":"<div class=\"lead\">Az akut hasny\u00e1lmirigy-gyullad\u00e1s \u00e9s a hasny\u00e1lmirigy-daganat eset\u00e9ben a gyors diagn\u00f3zis \u00e9s a ter\u00e1pia miel\u0151bbi megkezd\u00e9se \u00e9letment\u0151 lehet. Ez\u00e9rt is kiemelt jelent\u0151s\u00e9g\u0171 a Semmelweis Egyetem Pankre\u00e1sz Betegs\u00e9gek Int\u00e9zet\u00e9ben el\u00e9rhet\u0151, az orsz\u00e1gban egyed\u00fcl\u00e1ll\u00f3 gyors\u00edtott kivizsg\u00e1l\u00e1si lehet\u0151s\u00e9g, amelynek k\u00f6sz\u00f6nhet\u0151en az \u00e1tlagosn\u00e1l l\u00e9nyegesen r\u00f6videbb id\u0151 alatt, 10-12 nap alatt megsz\u00fclethet a diagn\u00f3zis, majd megkezd\u0151dhet a ter\u00e1pia \u2013 mondja az int\u00e9zet igazgat\u00f3ja. Dr. Hegyi P\u00e9ter a k\u00f6zelg\u0151, november 21-i hasny\u00e1lmirigyr\u00e1k vil\u00e1gnap alkalm\u00e1b\u00f3l arr\u00f3l is besz\u00e9l, hogy az esetleges mut\u00e1ci\u00f3k felkutat\u00e1s\u00e1ra az int\u00e9zetben kezelt hasny\u00e1lmirigyr\u00e1kos betegekn\u00e9l genetikai vizsg\u00e1latot v\u00e9geznek, illetve, hogy itt indokolt esetben a leg\u00fajabb tudom\u00e1nyos eredm\u00e9nyeken alapul\u00f3 kezel\u00e9sek, beavatkoz\u00e1sok is el\u00e9rhet\u0151v\u00e9 v\u00e1lhatnak.<\/div>\n<p>A hasny\u00e1lmirigy (pankre\u00e1sz) megbeteged\u00e9seinek felismer\u00e9se \u00e9s kezel\u00e9se a mai napig nagy kih\u00edv\u00e1s az orvostudom\u00e1ny sz\u00e1m\u00e1ra. A heveny hasny\u00e1lmirigy-gyullad\u00e1s eset\u00e9ben a korai diagn\u00f3zis viszonylag egyszer\u0171, de specifikus ter\u00e1pia hi\u00e1ny\u00e1ban az \u00e1llapot m\u00e9g napjainkban is\u00a0\u00e9letvesz\u00e9lyes lehet. A hasny\u00e1lmirigyr\u00e1k eset\u00e9ben nemcsak a kezel\u00e9s, de a diagn\u00f3zis fel\u00e1ll\u00edt\u00e1sa is neh\u00e9z feladat: egy nehezen vizsg\u00e1lhat\u00f3 szervr\u0151l van sz\u00f3 (a pankre\u00e1szvezet\u00e9k mind\u00f6ssze 1-2 millim\u00e9teres, amiben az elv\u00e1ltoz\u00e1sok m\u00e9g a korszer\u0171 k\u00e9palkot\u00f3 diagnosztikai m\u00f3dszerekkel sem felt\u00e9tlen\u00fcl kimutathat\u00f3k), \u00e9s a hasny\u00e1lmirigy-r\u00e1knak nincsenek jellemz\u0151 t\u00fcnetei sem \u2013 magyar\u00e1zza dr. Hegyi P\u00e9ter.<\/p>\n<p><img loading=\"lazy\" decoding=\"async\" class=\"alignleft size-medium wp-image-131374\" src=\"https:\/\/semmelweis.hu\/hirek\/files\/2023\/09\/hegyi-peter-dr-a-267x400.jpg\" alt=\"\" width=\"267\" height=\"400\" srcset=\"https:\/\/semmelweis.hu\/hirek\/files\/2023\/09\/hegyi-peter-dr-a-267x400.jpg 267w, https:\/\/semmelweis.hu\/hirek\/files\/2023\/09\/hegyi-peter-dr-a-533x800.jpg 533w, https:\/\/semmelweis.hu\/hirek\/files\/2023\/09\/hegyi-peter-dr-a.jpg 600w\" sizes=\"auto, (max-width: 267px) 100vw, 267px\" \/><\/p>\n<p>Az int\u00e9zetigazgat\u00f3 arr\u00f3l is besz\u00e9l, hogy a hasny\u00e1lmirigyr\u00e1k a t\u00f6bbi daganatos megbeteged\u00e9sn\u00e9l sokkal gyorsabban terjed \u00e9s ad \u00e1tt\u00e9tet, nincs r\u00e1 c\u00e9lzott onkol\u00f3giai k\u00e9sz\u00edtm\u00e9ny, az egyetlen es\u00e9lyt a korai diagn\u00f3zis \u00e9s a daganat elt\u00e1vol\u00edt\u00e1sa jelenti. Magyarorsz\u00e1gon \u00e9vente k\u00f6r\u00fclbel\u00fcl 2500 betegn\u00e9l diagnosztiz\u00e1lnak hasny\u00e1lmirigyr\u00e1kot, a hal\u00e1lesetek sz\u00e1ma megk\u00f6zel\u00edt\u0151leg hasonl\u00f3 nagys\u00e1grend\u0171. A daganatos hal\u00e1lokok k\u00f6z\u00f6tt ez a r\u00e1kt\u00edpus m\u00e1r a 3-4. helyen \u00e1ll, \u00e9s az \u00f6sszes onkol\u00f3giai megbeteged\u00e9s k\u00f6z\u00fcl ennek a legrosszabb a kimenetele: a daganat felfedez\u00e9s\u00e9t k\u00f6vet\u0151en az \u00e1tlagos t\u00fal\u00e9l\u00e9si id\u0151 mind\u00f6ssze 9-10 h\u00f3nap. Korai diagn\u00f3zis\u00a0eset\u00e9n ugyanakkor a hasny\u00e1lmirigyb\u0151l a daganat az esetek egy\u00f6t\u00f6d\u00e9ben elt\u00e1vol\u00edthat\u00f3, az \u00e9rintett betegek 20-30 sz\u00e1zal\u00e9k\u00e1n\u00e1l \u00f6t \u00e9ves t\u00fal\u00e9l\u00e9s is lehets\u00e9ges.<\/p>\n<p>Az akut hasny\u00e1lmirigy-gyullad\u00e1sban, illetve a hasny\u00e1lmirigyr\u00e1kban szenved\u0151 betegek es\u00e9lyeinek jav\u00edt\u00e1s\u00e1ra a Semmelweis Egyetem Pankre\u00e1sz Betegs\u00e9gek Int\u00e9zet\u00e9ben egy nemcsak orsz\u00e1gosan, de k\u00f6z\u00e9p-kelet-eur\u00f3pai szinten is egyed\u00fcl\u00e1ll\u00f3 <a href=\"https:\/\/semmelweis.hu\/pbi\/hotline\/\">hotline rendszert<\/a> m\u0171k\u00f6dtetnek. L\u00e9nyege, hogy a +3630 016 4414-es telefonsz\u00e1mon a h\u00e9t minden napj\u00e1n, a nap 24 \u00f3r\u00e1j\u00e1ban fogadj\u00e1k az akut hasny\u00e1lmirigy-gyullad\u00e1sos, illetve a k\u00e9palkot\u00f3 vizsg\u00e1lattal (ultrahang vagy CT) igazoltan hasny\u00e1lmirigyr\u00e1k-gyan\u00fas betegek kezel\u0151orvosainak h\u00edv\u00e1s\u00e1t, de maguk az \u00e9rintettek is telefon\u00e1lhatnak. Az akut eseteket a kapacit\u00e1s f\u00fcggv\u00e9ny\u00e9ben a f\u0151v\u00e1ros 100 km-es k\u00f6rzet\u00e9b\u0151l azonnal fogadj\u00e1k, a r\u00e1kgyan\u00fas betegekn\u00e9l pedig \u00e1tlagosan n\u00e9gy napon \u2013 az esetek t\u00f6bb mint fel\u00e9ben 24 \u00f3r\u00e1n \u2013 bel\u00fcl megt\u00f6rt\u00e9nik a mintav\u00e9tel, majd 10-12 nap alatt a diagn\u00f3zis is megsz\u00fclethet. Ez 3-4-szer r\u00f6videbb id\u0151 az orsz\u00e1gos \u00e1tlagn\u00e1l \u2013 mutat r\u00e1 dr. Hegyi P\u00e9ter. Hozz\u00e1t\u00e9ve: az int\u00e9zet szorosan egy\u00fcttm\u0171k\u00f6dik az egyetem Orvosi K\u00e9palkot\u00f3 Klinik\u00e1j\u00e1val, Patol\u00f3giai, Igazs\u00e1g\u00fcgyi \u00e9s Biztos\u00edt\u00e1si Orvostani Int\u00e9zet\u00e9vel, valamint Seb\u00e9szeti, Transzplant\u00e1ci\u00f3s \u00e9s Gasztroenterol\u00f3giai Klinik\u00e1j\u00e1val.<\/p>\n\r\n        [slb_exclude]\r\n        <div class=\"row galeria-wrapper mx-0 h-auto\">\r\n            <div class=\"col-9 pl-0 pr-2\">\r\n            <span class=\"gallery-item frame\">\r\n\t\t\t\t<div class=\"galeria-left-img\"><a href=\"https:\/\/semmelweis.hu\/hirek\/files\/2024\/11\/RS205345_GV5A4833-scr.jpg\"><img src=https:\/\/semmelweis.hu\/hirek\/files\/2024\/11\/RS205345_GV5A4833-scr.jpg  \r\n                            alt=\"\" \r\n                            class=\"attachment-sote-gallery-big size-sote-gallery-big\" \r\n                            srcset=\"https:\/\/semmelweis.hu\/hirek\/files\/2024\/11\/RS205345_GV5A4833-scr-400x267.jpg 400w, https:\/\/semmelweis.hu\/hirek\/files\/2024\/11\/RS205345_GV5A4833-scr-900x600.jpg 900w, https:\/\/semmelweis.hu\/hirek\/files\/2024\/11\/RS205345_GV5A4833-scr-768x512.jpg 768w, https:\/\/semmelweis.hu\/hirek\/files\/2024\/11\/RS205345_GV5A4833-scr-753x502.jpg 753w, https:\/\/semmelweis.hu\/hirek\/files\/2024\/11\/RS205345_GV5A4833-scr-203x135.jpg 203w, https:\/\/semmelweis.hu\/hirek\/files\/2024\/11\/RS205345_GV5A4833-scr.jpg 1200w\" ><\/a><\/div>\r\n            <\/span>\r\n\r\n            <\/div>\r\n\r\n\t\t\t<div class=\"col-3 pl-0 pr-0\">\r\n\t\t\t\t<div class=\"galeria-right-img d-flex justify-content-between flex-column h-100 w-100 px-0 mx-0 \">\r\n                <div class=\"galeria-box\">\r\n\t\t\t\t\t<h3 class=\"galeria-title\">Gal\u00e9ria<\/h3>\r\n\t\t\t\t\t<div class=\"galeria-subtitle\">\r\n\r\n\t\t\t\t\t\t<div class=\"galeria-page-counter\"><span>8<\/span>k\u00e9p<\/div>\r\n                    <\/div> <\/div>\r\n                    <span class=\"gallery-item frame d-none d-md-flex\">\r\n\t\t\t\t\t<div class=\"galeria-small-img mt-0\"><a href=\"https:\/\/semmelweis.hu\/hirek\/files\/2024\/11\/RS205327_GV5A4581-scr.jpg\"><img src=https:\/\/semmelweis.hu\/hirek\/files\/2024\/11\/RS205327_GV5A4581-scr.jpg \r\n                                alt=\"\"  \r\n                                class=\"attachment-sote-gallery-small size-sote-gallery-small\" \r\n                                srcset=\"https:\/\/semmelweis.hu\/hirek\/files\/2024\/11\/RS205327_GV5A4581-scr-400x267.jpg 400w, https:\/\/semmelweis.hu\/hirek\/files\/2024\/11\/RS205327_GV5A4581-scr-900x600.jpg 900w, https:\/\/semmelweis.hu\/hirek\/files\/2024\/11\/RS205327_GV5A4581-scr-768x512.jpg 768w, https:\/\/semmelweis.hu\/hirek\/files\/2024\/11\/RS205327_GV5A4581-scr-753x502.jpg 753w, https:\/\/semmelweis.hu\/hirek\/files\/2024\/11\/RS205327_GV5A4581-scr-203x135.jpg 203w, https:\/\/semmelweis.hu\/hirek\/files\/2024\/11\/RS205327_GV5A4581-scr.jpg 1200w\" ><\/a><\/div>\r\n                    <\/span>\r\n                    <span class=\"gallery-item frame d-none d-md-flex\">\r\n\t\t\t\t\t<div class=\"galeria-small-img mt-0\"><a href=\"https:\/\/semmelweis.hu\/hirek\/files\/2024\/11\/RS205314_GV5A4248-scr.jpg\"><img src=https:\/\/semmelweis.hu\/hirek\/files\/2024\/11\/RS205314_GV5A4248-scr.jpg \r\n                                alt=\"\" \r\n                                class=\"attachment-sote-gallery-small size-sote-gallery-small\" \r\n                                srcset=\"https:\/\/semmelweis.hu\/hirek\/files\/2024\/11\/RS205314_GV5A4248-scr-400x267.jpg 400w, https:\/\/semmelweis.hu\/hirek\/files\/2024\/11\/RS205314_GV5A4248-scr-900x600.jpg 900w, https:\/\/semmelweis.hu\/hirek\/files\/2024\/11\/RS205314_GV5A4248-scr-768x512.jpg 768w, https:\/\/semmelweis.hu\/hirek\/files\/2024\/11\/RS205314_GV5A4248-scr-753x502.jpg 753w, https:\/\/semmelweis.hu\/hirek\/files\/2024\/11\/RS205314_GV5A4248-scr-203x135.jpg 203w, https:\/\/semmelweis.hu\/hirek\/files\/2024\/11\/RS205314_GV5A4248-scr.jpg 1200w\" ><\/a><\/div>\r\n                    <\/span>\r\n\r\n                <\/div>\r\n\r\n            <\/div>\r\n\r\n            <span class=\"gallery-item\"><div class=\"hidden\"><a href=\"https:\/\/semmelweis.hu\/hirek\/files\/2024\/11\/RS205318_GV5A4302-scr.jpg\">\r\n        <img src=https:\/\/semmelweis.hu\/hirek\/files\/2024\/11\/RS205318_GV5A4302-scr.jpg alt=\"\" class=\"attachment-sote-gallery-big size-sote-gallery-big\" srcset=\"https:\/\/semmelweis.hu\/hirek\/files\/2024\/11\/RS205318_GV5A4302-scr-400x267.jpg 400w, https:\/\/semmelweis.hu\/hirek\/files\/2024\/11\/RS205318_GV5A4302-scr-900x600.jpg 900w, https:\/\/semmelweis.hu\/hirek\/files\/2024\/11\/RS205318_GV5A4302-scr-768x512.jpg 768w, https:\/\/semmelweis.hu\/hirek\/files\/2024\/11\/RS205318_GV5A4302-scr-753x502.jpg 753w, https:\/\/semmelweis.hu\/hirek\/files\/2024\/11\/RS205318_GV5A4302-scr-203x135.jpg 203w, https:\/\/semmelweis.hu\/hirek\/files\/2024\/11\/RS205318_GV5A4302-scr.jpg 1200w\" >\r\n        <\/a><\/div><\/span><span class=\"gallery-item\"><div class=\"hidden\"><a href=\"https:\/\/semmelweis.hu\/hirek\/files\/2024\/11\/RS205317_GV5A4295-scr.jpg\">\r\n        <img src=https:\/\/semmelweis.hu\/hirek\/files\/2024\/11\/RS205317_GV5A4295-scr.jpg alt=\"\" class=\"attachment-sote-gallery-big size-sote-gallery-big\" srcset=\"https:\/\/semmelweis.hu\/hirek\/files\/2024\/11\/RS205317_GV5A4295-scr-400x267.jpg 400w, https:\/\/semmelweis.hu\/hirek\/files\/2024\/11\/RS205317_GV5A4295-scr-900x600.jpg 900w, https:\/\/semmelweis.hu\/hirek\/files\/2024\/11\/RS205317_GV5A4295-scr-768x512.jpg 768w, https:\/\/semmelweis.hu\/hirek\/files\/2024\/11\/RS205317_GV5A4295-scr-753x502.jpg 753w, https:\/\/semmelweis.hu\/hirek\/files\/2024\/11\/RS205317_GV5A4295-scr-203x135.jpg 203w, https:\/\/semmelweis.hu\/hirek\/files\/2024\/11\/RS205317_GV5A4295-scr.jpg 1200w\" >\r\n        <\/a><\/div><\/span><span class=\"gallery-item\"><div class=\"hidden\"><a href=\"https:\/\/semmelweis.hu\/hirek\/files\/2024\/11\/RS205341_GV5A4803-scr.jpg\">\r\n        <img src=https:\/\/semmelweis.hu\/hirek\/files\/2024\/11\/RS205341_GV5A4803-scr.jpg alt=\"\" class=\"attachment-sote-gallery-big size-sote-gallery-big\" srcset=\"https:\/\/semmelweis.hu\/hirek\/files\/2024\/11\/RS205341_GV5A4803-scr-400x267.jpg 400w, https:\/\/semmelweis.hu\/hirek\/files\/2024\/11\/RS205341_GV5A4803-scr-900x600.jpg 900w, https:\/\/semmelweis.hu\/hirek\/files\/2024\/11\/RS205341_GV5A4803-scr-768x512.jpg 768w, https:\/\/semmelweis.hu\/hirek\/files\/2024\/11\/RS205341_GV5A4803-scr-753x502.jpg 753w, https:\/\/semmelweis.hu\/hirek\/files\/2024\/11\/RS205341_GV5A4803-scr-203x135.jpg 203w, https:\/\/semmelweis.hu\/hirek\/files\/2024\/11\/RS205341_GV5A4803-scr.jpg 1200w\" >\r\n        <\/a><\/div><\/span><span class=\"gallery-item\"><div class=\"hidden\"><a href=\"https:\/\/semmelweis.hu\/hirek\/files\/2024\/11\/RS205320_GV5A4439-scr.jpg\">\r\n        <img src=https:\/\/semmelweis.hu\/hirek\/files\/2024\/11\/RS205320_GV5A4439-scr.jpg alt=\"\" class=\"attachment-sote-gallery-big size-sote-gallery-big\" srcset=\"https:\/\/semmelweis.hu\/hirek\/files\/2024\/11\/RS205320_GV5A4439-scr-400x267.jpg 400w, https:\/\/semmelweis.hu\/hirek\/files\/2024\/11\/RS205320_GV5A4439-scr-900x600.jpg 900w, https:\/\/semmelweis.hu\/hirek\/files\/2024\/11\/RS205320_GV5A4439-scr-768x512.jpg 768w, https:\/\/semmelweis.hu\/hirek\/files\/2024\/11\/RS205320_GV5A4439-scr-753x502.jpg 753w, https:\/\/semmelweis.hu\/hirek\/files\/2024\/11\/RS205320_GV5A4439-scr-203x135.jpg 203w, https:\/\/semmelweis.hu\/hirek\/files\/2024\/11\/RS205320_GV5A4439-scr.jpg 1200w\" >\r\n        <\/a><\/div><\/span><span class=\"gallery-item\"><div class=\"hidden\"><a href=\"https:\/\/semmelweis.hu\/hirek\/files\/2024\/11\/RS205315_GV5A4254-scr.jpg\">\r\n        <img src=https:\/\/semmelweis.hu\/hirek\/files\/2024\/11\/RS205315_GV5A4254-scr.jpg alt=\"\" class=\"attachment-sote-gallery-big size-sote-gallery-big\" srcset=\"https:\/\/semmelweis.hu\/hirek\/files\/2024\/11\/RS205315_GV5A4254-scr-400x267.jpg 400w, https:\/\/semmelweis.hu\/hirek\/files\/2024\/11\/RS205315_GV5A4254-scr-900x600.jpg 900w, https:\/\/semmelweis.hu\/hirek\/files\/2024\/11\/RS205315_GV5A4254-scr-768x512.jpg 768w, https:\/\/semmelweis.hu\/hirek\/files\/2024\/11\/RS205315_GV5A4254-scr-753x502.jpg 753w, https:\/\/semmelweis.hu\/hirek\/files\/2024\/11\/RS205315_GV5A4254-scr-203x135.jpg 203w, https:\/\/semmelweis.hu\/hirek\/files\/2024\/11\/RS205315_GV5A4254-scr.jpg 1200w\" >\r\n        <\/a><\/div><\/span>\r\n            <\/div>\r\n\r\n            [\/slb_exclude]\r\n\t\n<p>Dr. Hegyi P\u00e9ter kiemeli: a hasny\u00e1lmirigyr\u00e1kos esetek gyors diagn\u00f3zisa \u00e9s kezel\u00e9se komplex feladat, ami csapatmunk\u00e1t felt\u00e9telez gasztroenterol\u00f3gus, radiol\u00f3gus, patol\u00f3gus, seb\u00e9sz, genetikus, onkol\u00f3gus, dietetikus r\u00e9sz\u00e9r\u0151l. A nemzetk\u00f6zi tapasztalatok alapj\u00e1n ez az egy\u00fcttm\u0171k\u00f6d\u00e9s olyan centrumokban lehet igaz\u00e1n hat\u00e9kony, amilyen a Semmelweis Egyetem Pankre\u00e1sz Betegs\u00e9gek Int\u00e9zete is. Az itt foly\u00f3 munka jelenleg nemcsak a betegmenedzsment ter\u00e9n egyedi, de az\u00e9rt is, mert az int\u00e9zetben kezelt hasny\u00e1lmirigyr\u00e1kos betegekn\u00e9l genetikai vizsg\u00e1latot v\u00e9geznek, \u00e9s amennyiben bizonyos mut\u00e1ci\u00f3k igazol\u00f3dnak, akkor szem\u00e9lyre szabott ter\u00e1pi\u00e1val a t\u00fal\u00e9l\u00e9si id\u0151 egyes el\u0151rehaladott esetekben is j\u00f3 es\u00e9llyel meghosszabb\u00edthat\u00f3. Napjainkban a pankre\u00e1sz-daganatos betegek 5-10 sz\u00e1zal\u00e9ka r\u00e9szes\u00fclhet ilyen speci\u00e1lis ter\u00e1pi\u00e1ban. Dr. Hegyi P\u00e9ter arra is kit\u00e9r, hogy az int\u00e9zet sz\u00e1mos nemzetk\u00f6zi tudom\u00e1nyos kutat\u00e1sban is r\u00e9szt vesz, ezek r\u00e9v\u00e9n pedig a leg\u00fajabb kezel\u00e9sek, beavatkoz\u00e1sok is el\u00e9rhet\u0151v\u00e9 v\u00e1lhatnak indokolt esetben az int\u00e9zet betegei sz\u00e1m\u00e1ra.<\/p>\n<p>Haiman \u00c9va<br \/>\nFot\u00f3:<span style=\"font-size: 1rem\">Zellei Bogl\u00e1rka <\/span><span style=\"font-size: 1rem\">\u2013\u00a0<\/span><span style=\"font-size: 1rem\">Semmelweis Egyetem\u00a0<\/span><\/p>\n","protected":false},"excerpt":{"rendered":"<p>Egyed\u00fcl\u00e1ll\u00f3 hotline rendszert m\u0171k\u00f6dtetnek a betegek gy\u00f3gyul\u00e1si es\u00e9lyeinek jav\u00edt\u00e1s\u00e1ra.<\/p>\n","protected":false},"author":102434,"featured_media":146509,"comment_status":"closed","ping_status":"closed","sticky":false,"template":"","format":"standard","meta":{"_acf_changed":false,"footnotes":""},"categories":[154,168],"tags":[4121],"class_list":["post-146439","post","type-post","status-publish","format-standard","has-post-thumbnail","hentry","category-egeszseg","category-kiemelt","tag-temaajanlo"],"acf":[],"_links":{"self":[{"href":"https:\/\/semmelweis.hu\/hirek\/wp-json\/wp\/v2\/posts\/146439","targetHints":{"allow":["GET"]}}],"collection":[{"href":"https:\/\/semmelweis.hu\/hirek\/wp-json\/wp\/v2\/posts"}],"about":[{"href":"https:\/\/semmelweis.hu\/hirek\/wp-json\/wp\/v2\/types\/post"}],"author":[{"embeddable":true,"href":"https:\/\/semmelweis.hu\/hirek\/wp-json\/wp\/v2\/users\/102434"}],"replies":[{"embeddable":true,"href":"https:\/\/semmelweis.hu\/hirek\/wp-json\/wp\/v2\/comments?post=146439"}],"version-history":[{"count":6,"href":"https:\/\/semmelweis.hu\/hirek\/wp-json\/wp\/v2\/posts\/146439\/revisions"}],"predecessor-version":[{"id":146557,"href":"https:\/\/semmelweis.hu\/hirek\/wp-json\/wp\/v2\/posts\/146439\/revisions\/146557"}],"wp:featuredmedia":[{"embeddable":true,"href":"https:\/\/semmelweis.hu\/hirek\/wp-json\/wp\/v2\/media\/146509"}],"wp:attachment":[{"href":"https:\/\/semmelweis.hu\/hirek\/wp-json\/wp\/v2\/media?parent=146439"}],"wp:term":[{"taxonomy":"category","embeddable":true,"href":"https:\/\/semmelweis.hu\/hirek\/wp-json\/wp\/v2\/categories?post=146439"},{"taxonomy":"post_tag","embeddable":true,"href":"https:\/\/semmelweis.hu\/hirek\/wp-json\/wp\/v2\/tags?post=146439"}],"curies":[{"name":"wp","href":"https:\/\/api.w.org\/{rel}","templated":true}]}}