{"id":146042,"date":"2024-10-28T06:00:15","date_gmt":"2024-10-28T05:00:15","guid":{"rendered":"https:\/\/semmelweis.hu\/hirek\/?p=146042"},"modified":"2024-10-28T11:22:37","modified_gmt":"2024-10-28T10:22:37","slug":"a-vilaghiru-dr-roberto-romero-tartott-eloadast-a-semmelweis-egyetemen","status":"publish","type":"post","link":"https:\/\/semmelweis.hu\/hirek\/2024\/10\/28\/a-vilaghiru-dr-roberto-romero-tartott-eloadast-a-semmelweis-egyetemen\/","title":{"rendered":"A vil\u00e1gh\u00edr\u0171 dr. Roberto Romero tartott el\u0151ad\u00e1st a Semmelweis Egyetemen"},"content":{"rendered":"<div class=\"lead\">A modern sz\u00fcl\u00e9szet nemzetk\u00f6zi szaktekint\u00e9lye, dr. Roberto Romero tartott el\u0151ad\u00e1st a Semmelweis Egyetem Sz\u00fcl\u00e9szeti \u00e9s N\u0151gy\u00f3gy\u00e1szati Klinik\u00e1ja \u00e9s a Magyar N\u0151orvos T\u00e1rsas\u00e1g k\u00f6z\u00f6s rendezv\u00e9ny\u00e9n a spont\u00e1n korasz\u00fcl\u00e9s el\u0151rejelz\u00e9s\u00e9nek \u00e9s megel\u0151z\u00e9s\u00e9nek lehet\u0151s\u00e9geir\u0151l.<\/div>\n<p><a href=\"https:\/\/semmelweis.hu\/hirek\/files\/2024\/10\/RS204239_433A0309-scr.jpg\"><img loading=\"lazy\" decoding=\"async\" class=\"aligncenter size-full wp-image-146046\" src=\"https:\/\/semmelweis.hu\/hirek\/files\/2024\/10\/RS204239_433A0309-scr.jpg\" alt=\"\" width=\"1200\" height=\"800\" srcset=\"https:\/\/semmelweis.hu\/hirek\/files\/2024\/10\/RS204239_433A0309-scr.jpg 1200w, https:\/\/semmelweis.hu\/hirek\/files\/2024\/10\/RS204239_433A0309-scr-400x267.jpg 400w, https:\/\/semmelweis.hu\/hirek\/files\/2024\/10\/RS204239_433A0309-scr-900x600.jpg 900w, https:\/\/semmelweis.hu\/hirek\/files\/2024\/10\/RS204239_433A0309-scr-768x512.jpg 768w, https:\/\/semmelweis.hu\/hirek\/files\/2024\/10\/RS204239_433A0309-scr-753x502.jpg 753w, https:\/\/semmelweis.hu\/hirek\/files\/2024\/10\/RS204239_433A0309-scr-203x135.jpg 203w\" sizes=\"auto, (max-width: 1200px) 100vw, 1200px\" \/><\/a><\/p>\n<p>A szeptember 20-\u00e1n, a Semmelweis Szalonban megrendezett esem\u00e9ny megnyit\u00f3j\u00e1n dr. B\u00e1nhidy Ferenc rektorhelyettes k\u00f6sz\u00f6nt\u00f6tte dr. Roberto Romerot, a National Institutes of Health Pregnancy\/Perinatology Research Branch vezet\u0151j\u00e9t, az <em>American Journal of Obstetrics &amp; Gynecology<\/em> f\u0151szerkeszt\u0151j\u00e9t, valamint a Semmelweis Egyetem Honoris Causa d\u00edszdoktor\u00e1t. Dr. B\u00e1nhidy Ferenc p\u00e1rhuzamot vont dr. Roberto Romero \u00e9s Semmelweis Ign\u00e1c munk\u00e1ss\u00e1ga k\u00f6z\u00f6tt: m\u00edg Semmelweis idej\u00e9ben a gyermek\u00e1gyi l\u00e1z volt a sz\u00fcl\u00e9szet egyik leg\u00e9get\u0151bb probl\u00e9m\u00e1ja, \u00fagy napjainkban a korasz\u00fcl\u00e9s a perinat\u00e1lis morbidit\u00e1s \u00e9s mortalit\u00e1s vezet\u0151 oka vil\u00e1gszerte, dr. Roberto Romero pedig t\u00f6bbek k\u00f6z\u00f6tt ezen a szakter\u00fcleten \u00e9rt el korszakalkot\u00f3 eredm\u00e9nyeket &#8211; hangs\u00falyozta. Ezt k\u00f6vet\u0151en dr. \u00c1cs N\u00e1ndor, a Sz\u00fcl\u00e9szeti \u00e9s N\u0151gy\u00f3gy\u00e1szati Klinika igazgat\u00f3ja \u00e9s a Magyar N\u0151orvos T\u00e1rsas\u00e1g eln\u00f6ke, a rendezv\u00e9ny h\u00e1zigazd\u00e1ja besz\u00e9lt dr. Roberto Romero szakmai sikereir\u0151l, kit\u00fcntet\u00e9seir\u0151l, megeml\u00edtve, hogy vannak olyan, a sz\u00fcl\u00e9szet-n\u0151gy\u00f3gy\u00e1szat \u00e9s a magzati medicina ter\u00fclet\u00e9n ismert magyar szakemberek, akik dr. Roberto Romero ir\u00e1ny\u00edt\u00e1sa alatt dolgoznak.<\/p>\n<p><a href=\"https:\/\/semmelweis.hu\/hirek\/files\/2024\/10\/RS204227_433A0246-scr.jpg\"><img loading=\"lazy\" decoding=\"async\" class=\"alignleft size-medium wp-image-146045\" src=\"https:\/\/semmelweis.hu\/hirek\/files\/2024\/10\/RS204227_433A0246-scr-400x267.jpg\" alt=\"\" width=\"400\" height=\"267\" srcset=\"https:\/\/semmelweis.hu\/hirek\/files\/2024\/10\/RS204227_433A0246-scr-400x267.jpg 400w, https:\/\/semmelweis.hu\/hirek\/files\/2024\/10\/RS204227_433A0246-scr-900x600.jpg 900w, https:\/\/semmelweis.hu\/hirek\/files\/2024\/10\/RS204227_433A0246-scr-768x512.jpg 768w, https:\/\/semmelweis.hu\/hirek\/files\/2024\/10\/RS204227_433A0246-scr-753x502.jpg 753w, https:\/\/semmelweis.hu\/hirek\/files\/2024\/10\/RS204227_433A0246-scr-203x135.jpg 203w, https:\/\/semmelweis.hu\/hirek\/files\/2024\/10\/RS204227_433A0246-scr.jpg 1200w\" sizes=\"auto, (max-width: 400px) 100vw, 400px\" \/><\/a>Dr. Roberto Romero el\u0151ad\u00e1s\u00e1ban kiemelte, hogy a korasz\u00fcl\u00e9s a modern sz\u00fcl\u00e9szet egyik legnagyobb kih\u00edv\u00e1sa, mivel \u00e9vente mintegy 15 milli\u00f3 esetr\u0151l tudnak. Elmondta, hogy a korasz\u00fcl\u00e9s t\u00f6rt\u00e9nhet spont\u00e1n vagy orvos \u00e1ltal el\u0151id\u00e9zett form\u00e1ban, olyan \u00e1llapotok miatt, mint a preeklampszia vagy a m\u00e9hen bel\u00fcli n\u00f6veked\u00e9si elmarad\u00e1s. Hangs\u00falyozta, hogy a m\u00e9hnyak hossz\u00e1nak megm\u00e9r\u00e9s\u00e9vel a korasz\u00fcl\u00e9s j\u00f3l el\u0151re jelezhet\u0151, mivel a r\u00f6videbb m\u00e9hnyak n\u00f6veli a kock\u00e1zatot. A professzor besz\u00e9lt a progeszteron korasz\u00fcl\u00e9s megel\u0151z\u00e9s\u00e9ben bet\u00f6lt\u00f6tt szerep\u00e9r\u0151l, \u00e9s arra a k\u00f6vetkeztet\u00e9sre jutott, hogy a progeszteron h\u00fcvelyi \u00faton t\u00f6rt\u00e9n\u0151 alkalmaz\u00e1sa jelent\u0151sen cs\u00f6kkentheti a korai f\u00e1zis\u00fa korasz\u00fcl\u00e9sek ar\u00e1ny\u00e1t \u00e9s a korasz\u00fcl\u00e9sek miatt felmer\u00fcl\u0151 komplik\u00e1ci\u00f3k gyakoris\u00e1g\u00e1t. A korasz\u00fcl\u00e9s megel\u0151z\u00e9s\u00e9re haszn\u00e1lt pessz\u00e1riumok kapcs\u00e1n kiemelte, hogy a kezdeti \u00edg\u00e9retek ellen\u00e9re t\u00f6bb randomiz\u00e1lt vizsg\u00e1lat, k\u00f6zt\u00fck egy egyes\u00fclt \u00e1llamokbeli tanulm\u00e1ny sem tudta igazolni a hat\u00e9konys\u00e1gukat. Amellett \u00e9rvelt, hogy a progeszteront sz\u00e9les k\u00f6rben, az egyes orsz\u00e1gok eg\u00e9szs\u00e9gpolitik\u00e1j\u00e1nak szerves r\u00e9szek\u00e9nt kellene alkalmazni:<\/p>\n<blockquote>\n<p>Sz\u00e1momra a k\u00e9rd\u00e9s egyszer\u0171. Ez egy komoly probl\u00e9ma, van m\u00f3dunk a vesz\u00e9lyeztetett betegek azonos\u00edt\u00e1s\u00e1ra, van kezel\u00e9s\u00fcnk, ami k\u00f6lts\u00e9ghat\u00e9kony. Nincs okunk arra, hogy agg\u00f3djunk a k\u00e1ros hat\u00e1sok miatt. Ugyanakkor \u00f3vatos vagyok ezzel kapcsolatban, mert soha semminek a hossz\u00fat\u00e1v\u00fa hat\u00e1s\u00e1t nem ismerj\u00fck pontosan. Teh\u00e1t a progeszteront nem szabad mindenkinek adni, csak azoknak a betegeknek, akik sz\u00e1m\u00e1ra el\u0151ny\u00f6s<\/p>\n<\/blockquote>\n<p>&#8211; emelte ki a szakember. A progeszteron-kezel\u00e9sre alkalmas betegek kiv\u00e1laszt\u00e1s\u00e1t illet\u0151en hozz\u00e1f\u0171zte, hogy azt azoknak kell fenntartani, akiknek r\u00f6vid a m\u00e9hnyakuk \u00e9s kor\u00e1bban m\u00e1r volt korasz\u00fcl\u00e9s\u00fck. Az el\u0151ad\u00e1s ut\u00e1n dr. Roberto Romero a hallgat\u00f3s\u00e1g k\u00e9rd\u00e9seire v\u00e1laszolva elmondta, hogy b\u00e1r a progeszteron alkalmaz\u00e1s\u00e1nak l\u00e9teznek m\u00e1s form\u00e1i is (or\u00e1lis \u00e9s intramuszkul\u00e1ris, vagyis injekci\u00f3val izomba adva), a h\u00fcvelyi \u00faton t\u00f6rt\u00e9n\u0151 felhaszn\u00e1l\u00e1sa a leghat\u00e9konyabb \u00e9s legbiztons\u00e1gosabb, ahogyan ezt munkat\u00e1rsaival egy\u00fctt v\u00e9gzett kutat\u00e1sai is igazolt\u00e1k. Egyes betegeknek egy\u00e9nre szabott, kombin\u00e1lt kezel\u00e9s javasolt, mint p\u00e9ld\u00e1ul a progeszteron \u00e9s a m\u00e9hnyakz\u00e1r\u00f3 m\u0171t\u00e9t egy\u00fcttes alkalmaz\u00e1sa &#8211; tette hozz\u00e1.<\/p>\n\r\n        [slb_exclude]\r\n        <div class=\"row galeria-wrapper mx-0 h-auto\">\r\n            <div class=\"col-9 pl-0 pr-2\">\r\n            <span class=\"gallery-item frame\">\r\n\t\t\t\t<div class=\"galeria-left-img\"><a href=\"https:\/\/semmelweis.hu\/hirek\/files\/2024\/10\/RS204240_433A0315-scr.jpg\"><img src=https:\/\/semmelweis.hu\/hirek\/files\/2024\/10\/RS204240_433A0315-scr.jpg  \r\n                            alt=\"\" \r\n                            class=\"attachment-sote-gallery-big size-sote-gallery-big\" \r\n                            srcset=\"https:\/\/semmelweis.hu\/hirek\/files\/2024\/10\/RS204240_433A0315-scr-400x267.jpg 400w, https:\/\/semmelweis.hu\/hirek\/files\/2024\/10\/RS204240_433A0315-scr-900x600.jpg 900w, https:\/\/semmelweis.hu\/hirek\/files\/2024\/10\/RS204240_433A0315-scr-768x512.jpg 768w, https:\/\/semmelweis.hu\/hirek\/files\/2024\/10\/RS204240_433A0315-scr-753x502.jpg 753w, https:\/\/semmelweis.hu\/hirek\/files\/2024\/10\/RS204240_433A0315-scr-203x135.jpg 203w, https:\/\/semmelweis.hu\/hirek\/files\/2024\/10\/RS204240_433A0315-scr.jpg 1200w\" ><\/a><\/div>\r\n            <\/span>\r\n\r\n            <\/div>\r\n\r\n\t\t\t<div class=\"col-3 pl-0 pr-0\">\r\n\t\t\t\t<div class=\"galeria-right-img d-flex justify-content-between flex-column h-100 w-100 px-0 mx-0 \">\r\n                <div class=\"galeria-box\">\r\n\t\t\t\t\t<h3 class=\"galeria-title\">Gal\u00e9ria<\/h3>\r\n\t\t\t\t\t<div class=\"galeria-subtitle\">\r\n\r\n\t\t\t\t\t\t<div class=\"galeria-page-counter\"><span>9<\/span>k\u00e9p<\/div>\r\n                    <\/div> <\/div>\r\n                    <span class=\"gallery-item frame d-none d-md-flex\">\r\n\t\t\t\t\t<div class=\"galeria-small-img mt-0\"><a href=\"https:\/\/semmelweis.hu\/hirek\/files\/2024\/10\/RS204222_433A0213-scr.jpg\"><img src=https:\/\/semmelweis.hu\/hirek\/files\/2024\/10\/RS204222_433A0213-scr.jpg \r\n                                alt=\"\"  \r\n                                class=\"attachment-sote-gallery-small size-sote-gallery-small\" \r\n                                srcset=\"https:\/\/semmelweis.hu\/hirek\/files\/2024\/10\/RS204222_433A0213-scr-400x267.jpg 400w, https:\/\/semmelweis.hu\/hirek\/files\/2024\/10\/RS204222_433A0213-scr-900x600.jpg 900w, https:\/\/semmelweis.hu\/hirek\/files\/2024\/10\/RS204222_433A0213-scr-768x512.jpg 768w, https:\/\/semmelweis.hu\/hirek\/files\/2024\/10\/RS204222_433A0213-scr-753x502.jpg 753w, https:\/\/semmelweis.hu\/hirek\/files\/2024\/10\/RS204222_433A0213-scr-203x135.jpg 203w, https:\/\/semmelweis.hu\/hirek\/files\/2024\/10\/RS204222_433A0213-scr.jpg 1200w\" ><\/a><\/div>\r\n                    <\/span>\r\n                    <span class=\"gallery-item frame d-none d-md-flex\">\r\n\t\t\t\t\t<div class=\"galeria-small-img mt-0\"><a href=\"https:\/\/semmelweis.hu\/hirek\/files\/2024\/10\/RS204217_433A0129-scr.jpg\"><img src=https:\/\/semmelweis.hu\/hirek\/files\/2024\/10\/RS204217_433A0129-scr.jpg \r\n                                alt=\"\" \r\n                                class=\"attachment-sote-gallery-small size-sote-gallery-small\" \r\n                                srcset=\"https:\/\/semmelweis.hu\/hirek\/files\/2024\/10\/RS204217_433A0129-scr-400x267.jpg 400w, https:\/\/semmelweis.hu\/hirek\/files\/2024\/10\/RS204217_433A0129-scr-900x600.jpg 900w, https:\/\/semmelweis.hu\/hirek\/files\/2024\/10\/RS204217_433A0129-scr-768x512.jpg 768w, https:\/\/semmelweis.hu\/hirek\/files\/2024\/10\/RS204217_433A0129-scr-753x502.jpg 753w, https:\/\/semmelweis.hu\/hirek\/files\/2024\/10\/RS204217_433A0129-scr-203x135.jpg 203w, https:\/\/semmelweis.hu\/hirek\/files\/2024\/10\/RS204217_433A0129-scr.jpg 1200w\" ><\/a><\/div>\r\n                    <\/span>\r\n\r\n                <\/div>\r\n\r\n            <\/div>\r\n\r\n            <span class=\"gallery-item\"><div class=\"hidden\"><a href=\"https:\/\/semmelweis.hu\/hirek\/files\/2024\/10\/RS204219_433A0153-scr.jpg\">\r\n        <img src=https:\/\/semmelweis.hu\/hirek\/files\/2024\/10\/RS204219_433A0153-scr.jpg alt=\"\" class=\"attachment-sote-gallery-big size-sote-gallery-big\" srcset=\"https:\/\/semmelweis.hu\/hirek\/files\/2024\/10\/RS204219_433A0153-scr-267x400.jpg 267w, https:\/\/semmelweis.hu\/hirek\/files\/2024\/10\/RS204219_433A0153-scr-533x800.jpg 533w, https:\/\/semmelweis.hu\/hirek\/files\/2024\/10\/RS204219_433A0153-scr.jpg 600w\" >\r\n        <\/a><\/div><\/span><span class=\"gallery-item\"><div class=\"hidden\"><a href=\"https:\/\/semmelweis.hu\/hirek\/files\/2024\/10\/RS204221_433A0205-scr.jpg\">\r\n        <img src=https:\/\/semmelweis.hu\/hirek\/files\/2024\/10\/RS204221_433A0205-scr.jpg alt=\"\" class=\"attachment-sote-gallery-big size-sote-gallery-big\" srcset=\"https:\/\/semmelweis.hu\/hirek\/files\/2024\/10\/RS204221_433A0205-scr-400x267.jpg 400w, https:\/\/semmelweis.hu\/hirek\/files\/2024\/10\/RS204221_433A0205-scr-900x600.jpg 900w, https:\/\/semmelweis.hu\/hirek\/files\/2024\/10\/RS204221_433A0205-scr-768x512.jpg 768w, https:\/\/semmelweis.hu\/hirek\/files\/2024\/10\/RS204221_433A0205-scr-753x502.jpg 753w, https:\/\/semmelweis.hu\/hirek\/files\/2024\/10\/RS204221_433A0205-scr-203x135.jpg 203w, https:\/\/semmelweis.hu\/hirek\/files\/2024\/10\/RS204221_433A0205-scr.jpg 1200w\" >\r\n        <\/a><\/div><\/span><span class=\"gallery-item\"><div class=\"hidden\"><a href=\"https:\/\/semmelweis.hu\/hirek\/files\/2024\/10\/RS204237_433A0299-scr.jpg\">\r\n        <img src=https:\/\/semmelweis.hu\/hirek\/files\/2024\/10\/RS204237_433A0299-scr.jpg alt=\"\" class=\"attachment-sote-gallery-big size-sote-gallery-big\" srcset=\"https:\/\/semmelweis.hu\/hirek\/files\/2024\/10\/RS204237_433A0299-scr-400x267.jpg 400w, https:\/\/semmelweis.hu\/hirek\/files\/2024\/10\/RS204237_433A0299-scr-900x600.jpg 900w, https:\/\/semmelweis.hu\/hirek\/files\/2024\/10\/RS204237_433A0299-scr-768x512.jpg 768w, https:\/\/semmelweis.hu\/hirek\/files\/2024\/10\/RS204237_433A0299-scr-753x502.jpg 753w, https:\/\/semmelweis.hu\/hirek\/files\/2024\/10\/RS204237_433A0299-scr-203x135.jpg 203w, https:\/\/semmelweis.hu\/hirek\/files\/2024\/10\/RS204237_433A0299-scr.jpg 1200w\" >\r\n        <\/a><\/div><\/span><span class=\"gallery-item\"><div class=\"hidden\"><a href=\"https:\/\/semmelweis.hu\/hirek\/files\/2024\/10\/RS204242_433A0339-scr.jpg\">\r\n        <img src=https:\/\/semmelweis.hu\/hirek\/files\/2024\/10\/RS204242_433A0339-scr.jpg alt=\"\" class=\"attachment-sote-gallery-big size-sote-gallery-big\" srcset=\"https:\/\/semmelweis.hu\/hirek\/files\/2024\/10\/RS204242_433A0339-scr-400x267.jpg 400w, https:\/\/semmelweis.hu\/hirek\/files\/2024\/10\/RS204242_433A0339-scr-900x600.jpg 900w, https:\/\/semmelweis.hu\/hirek\/files\/2024\/10\/RS204242_433A0339-scr-768x512.jpg 768w, https:\/\/semmelweis.hu\/hirek\/files\/2024\/10\/RS204242_433A0339-scr-753x502.jpg 753w, https:\/\/semmelweis.hu\/hirek\/files\/2024\/10\/RS204242_433A0339-scr-203x135.jpg 203w, https:\/\/semmelweis.hu\/hirek\/files\/2024\/10\/RS204242_433A0339-scr.jpg 1200w\" >\r\n        <\/a><\/div><\/span><span class=\"gallery-item\"><div class=\"hidden\"><a href=\"https:\/\/semmelweis.hu\/hirek\/files\/2024\/10\/RS204230_433A0265-scr.jpg\">\r\n        <img src=https:\/\/semmelweis.hu\/hirek\/files\/2024\/10\/RS204230_433A0265-scr.jpg alt=\"\" class=\"attachment-sote-gallery-big size-sote-gallery-big\" srcset=\"https:\/\/semmelweis.hu\/hirek\/files\/2024\/10\/RS204230_433A0265-scr-400x267.jpg 400w, https:\/\/semmelweis.hu\/hirek\/files\/2024\/10\/RS204230_433A0265-scr-900x600.jpg 900w, https:\/\/semmelweis.hu\/hirek\/files\/2024\/10\/RS204230_433A0265-scr-768x512.jpg 768w, https:\/\/semmelweis.hu\/hirek\/files\/2024\/10\/RS204230_433A0265-scr-753x502.jpg 753w, https:\/\/semmelweis.hu\/hirek\/files\/2024\/10\/RS204230_433A0265-scr-203x135.jpg 203w, https:\/\/semmelweis.hu\/hirek\/files\/2024\/10\/RS204230_433A0265-scr.jpg 1200w\" >\r\n        <\/a><\/div><\/span><span class=\"gallery-item\"><div class=\"hidden\"><a href=\"https:\/\/semmelweis.hu\/hirek\/files\/2024\/10\/RS204231_433A0266-scr.jpg\">\r\n        <img src=https:\/\/semmelweis.hu\/hirek\/files\/2024\/10\/RS204231_433A0266-scr.jpg alt=\"\" class=\"attachment-sote-gallery-big size-sote-gallery-big\" srcset=\"https:\/\/semmelweis.hu\/hirek\/files\/2024\/10\/RS204231_433A0266-scr-400x267.jpg 400w, https:\/\/semmelweis.hu\/hirek\/files\/2024\/10\/RS204231_433A0266-scr-900x600.jpg 900w, https:\/\/semmelweis.hu\/hirek\/files\/2024\/10\/RS204231_433A0266-scr-768x512.jpg 768w, https:\/\/semmelweis.hu\/hirek\/files\/2024\/10\/RS204231_433A0266-scr-753x502.jpg 753w, https:\/\/semmelweis.hu\/hirek\/files\/2024\/10\/RS204231_433A0266-scr-203x135.jpg 203w, https:\/\/semmelweis.hu\/hirek\/files\/2024\/10\/RS204231_433A0266-scr.jpg 1200w\" >\r\n        <\/a><\/div><\/span>\r\n            <\/div>\r\n\r\n            [\/slb_exclude]\r\n\t\n<div class=\"keretes w-100\">\n<p>A fenyeget\u0151 vet\u00e9l\u00e9s vagy fenyeget\u0151 korasz\u00fcl\u00e9s valamely form\u00e1ja a terhess\u00e9gek 10-20 sz\u00e1zal\u00e9k\u00e1t \u00e9rinti. Romero professzor 2018-ban publik\u00e1lt vizsg\u00e1lataib\u00f3l kider\u00fclt, hogy a h\u00fcvelyen kereszt\u00fcl alkalmazott progeszteron bizony\u00edtottan cs\u00f6kkenti a korasz\u00fcl\u00e9s \u00e9s vet\u00e9l\u00e9s kock\u00e1zat\u00e1t. Magyarorsz\u00e1gon, ezen bel\u00fcl a Semmelweis Egyetemen is alkalmazz\u00e1k ezt a m\u00f3dszert l\u00e9nyeg\u00e9ben az\u00f3ta, hogy a felismer\u00e9s megsz\u00fcletett, teh\u00e1t amennyiben valaki fenyeget\u0151 vet\u00e9l\u00e9sre vagy korasz\u00fcl\u00e9sre utal\u00f3 t\u00fcnetekkel \u00e9rkezik a klinik\u00e1ra, akkor h\u00fcvelyi \u00faton kezelj\u00fck progeszteronnal \u2013 t\u00e1j\u00e9koztatott dr. \u00c1cs N\u00e1ndor, a Sz\u00fcl\u00e9szeti \u00e9s N\u0151gy\u00f3gy\u00e1szati Klinika igazgat\u00f3ja.<\/p>\n<\/div>\n<p>Dr. Csizmadia Bal\u00e1zs, Keresztes Eszter<br \/>\nFot\u00f3: Barta B\u00e1lint \u2013 Semmelweis Egyetem<\/p>\n","protected":false},"excerpt":{"rendered":"<p>A neves szakember a spont\u00e1n korasz\u00fcl\u00e9s el\u0151rejelz\u00e9s\u00e9nek \u00e9s megel\u0151z\u00e9s\u00e9nek lehet\u0151s\u00e9geit t\u00e1rgyalta.<\/p>\n","protected":false},"author":102369,"featured_media":146046,"comment_status":"closed","ping_status":"closed","sticky":false,"template":"","format":"standard","meta":{"_acf_changed":false,"footnotes":""},"categories":[161,168],"tags":[4206,188],"class_list":["post-146042","post","type-post","status-publish","format-standard","has-post-thumbnail","hentry","category-tudomany","category-kiemelt","tag-prevencio","tag-tudomanyos-hirek-rendezvenyek"],"acf":[],"_links":{"self":[{"href":"https:\/\/semmelweis.hu\/hirek\/wp-json\/wp\/v2\/posts\/146042","targetHints":{"allow":["GET"]}}],"collection":[{"href":"https:\/\/semmelweis.hu\/hirek\/wp-json\/wp\/v2\/posts"}],"about":[{"href":"https:\/\/semmelweis.hu\/hirek\/wp-json\/wp\/v2\/types\/post"}],"author":[{"embeddable":true,"href":"https:\/\/semmelweis.hu\/hirek\/wp-json\/wp\/v2\/users\/102369"}],"replies":[{"embeddable":true,"href":"https:\/\/semmelweis.hu\/hirek\/wp-json\/wp\/v2\/comments?post=146042"}],"version-history":[{"count":3,"href":"https:\/\/semmelweis.hu\/hirek\/wp-json\/wp\/v2\/posts\/146042\/revisions"}],"predecessor-version":[{"id":146057,"href":"https:\/\/semmelweis.hu\/hirek\/wp-json\/wp\/v2\/posts\/146042\/revisions\/146057"}],"wp:featuredmedia":[{"embeddable":true,"href":"https:\/\/semmelweis.hu\/hirek\/wp-json\/wp\/v2\/media\/146046"}],"wp:attachment":[{"href":"https:\/\/semmelweis.hu\/hirek\/wp-json\/wp\/v2\/media?parent=146042"}],"wp:term":[{"taxonomy":"category","embeddable":true,"href":"https:\/\/semmelweis.hu\/hirek\/wp-json\/wp\/v2\/categories?post=146042"},{"taxonomy":"post_tag","embeddable":true,"href":"https:\/\/semmelweis.hu\/hirek\/wp-json\/wp\/v2\/tags?post=146042"}],"curies":[{"name":"wp","href":"https:\/\/api.w.org\/{rel}","templated":true}]}}