{"id":145398,"date":"2024-10-10T06:00:04","date_gmt":"2024-10-10T04:00:04","guid":{"rendered":"https:\/\/semmelweis.hu\/hirek\/?p=145398"},"modified":"2024-10-09T15:00:50","modified_gmt":"2024-10-09T13:00:50","slug":"posztumusz-pro-universitate-eletmudijjal-tuntettek-ki-dr-fekete-gyorgyot","status":"publish","type":"post","link":"https:\/\/semmelweis.hu\/hirek\/2024\/10\/10\/posztumusz-pro-universitate-eletmudijjal-tuntettek-ki-dr-fekete-gyorgyot\/","title":{"rendered":"Posztumusz Pro Universitate \u00c9letm\u0171d\u00edjjal t\u00fcntett\u00e9k ki dr. Fekete Gy\u00f6rgy\u00f6t"},"content":{"rendered":"<div class=\"lead\">A Semmelweis Egyetem legrangosabb d\u00edj\u00e1val, Pro Universitate \u00c9letm\u0171d\u00edjjal t\u00fcntett\u00e9k ki dr. Fekete Gy\u00f6rgy\u00f6t, a hazai gyermekgy\u00f3gy\u00e1szati klinikai genetika egyik megteremt\u0151j\u00e9t, a Gyermekgy\u00f3gy\u00e1szati Klinika T\u0171zolt\u00f3 utcai r\u00e9szleg\u00e9nek egykori igazgat\u00f3j\u00e1t. A posztumusz \u00e1tadott elismer\u00e9st feles\u00e9ge, Kert\u00e9sz Be\u00e1ta vette \u00e1t. Az \u00fcnneps\u00e9g keret\u00e9ben a Semmelweis Szalonban felavatt\u00e1k a professzor portr\u00e9j\u00e1t, melyet Ardey Edina fest\u0151m\u0171v\u00e9sz k\u00e9sz\u00edtett.<\/div>\n<div><a href=\"https:\/\/semmelweis.hu\/hirek\/files\/2024\/10\/RS202914_433A0100-scr.jpg\"><img loading=\"lazy\" decoding=\"async\" class=\"aligncenter size-full wp-image-145402\" src=\"https:\/\/semmelweis.hu\/hirek\/files\/2024\/10\/RS202914_433A0100-scr.jpg\" alt=\"\" width=\"1200\" height=\"800\" srcset=\"https:\/\/semmelweis.hu\/hirek\/files\/2024\/10\/RS202914_433A0100-scr.jpg 1200w, https:\/\/semmelweis.hu\/hirek\/files\/2024\/10\/RS202914_433A0100-scr-400x267.jpg 400w, https:\/\/semmelweis.hu\/hirek\/files\/2024\/10\/RS202914_433A0100-scr-900x600.jpg 900w, https:\/\/semmelweis.hu\/hirek\/files\/2024\/10\/RS202914_433A0100-scr-768x512.jpg 768w, https:\/\/semmelweis.hu\/hirek\/files\/2024\/10\/RS202914_433A0100-scr-753x502.jpg 753w, https:\/\/semmelweis.hu\/hirek\/files\/2024\/10\/RS202914_433A0100-scr-203x135.jpg 203w\" sizes=\"auto, (max-width: 1200px) 100vw, 1200px\" \/><\/a><\/div>\n<div>\u00a0<\/div>\n<p>\u201eDr. Fekete Gy\u00f6rgy egyetem\u00fcnk meghat\u00e1roz\u00f3 alakja, olyan kiemelked\u0151 professzor volt, aki mindig els\u0151sorban a betegek\u00e9rt, az oktat\u00e1s\u00e9rt, a tehets\u00e9ggondoz\u00e1s\u00e9rt \u00e9s a tudom\u00e1ny\u00e9rt tev\u00e9kenykedett, ez\u00e1ltal kit\u00f6r\u00f6lhetetlen\u00fcl be\u00edrta mag\u00e1t a legnagyobb el\u0151deink sor\u00e1ba. Azok k\u00f6z\u00e9, akik elhivatotts\u00e1gb\u00f3l p\u00e9ld\u00e1t mutattak, akiknek teljes\u00edtm\u00e9nye megk\u00e9rd\u0151jelezhetetlen, \u00e9s akikre mindig b\u00fcszk\u00e9k lesz\u00fcnk\u201d \u2013 fogalmazott k\u00f6sz\u00f6nt\u0151j\u00e9ben dr. Merkely B\u00e9la. A rektor felid\u00e9zte, hogy dr. Fekete Gy\u00f6rgy 1968-ban, vagyis 56 \u00e9vvel ezel\u0151tt kezdett dolgozni az akkori II. Sz. Gyermekgy\u00f3gy\u00e1szati Klinik\u00e1n. Nemcsak csecsem\u0151- \u00e9s gyermekgy\u00f3gy\u00e1sz volt, de klinikai genetikus \u00e9s klinikai farmakol\u00f3gus is, a hazai gyermekgy\u00f3gy\u00e1szati klinikai genetika egyik megteremt\u0151je. T\u00f6bb genetikai betegs\u00e9g ell\u00e1t\u00e1s\u00e1nak, m\u00e1sok mellett a Fabry-betegek ell\u00e1t\u00e1s\u00e1nak k\u00f6zpontj\u00e1v\u00e1 tette a klinik\u00e1t \u2013 hangzott el a m\u00e9ltat\u00e1sban.\u00a0<\/p>\n<p><a href=\"https:\/\/semmelweis.hu\/hirek\/files\/2024\/10\/RS202934_433A9935-scr.jpg\"><img loading=\"lazy\" decoding=\"async\" class=\"size-medium wp-image-145414 alignleft\" src=\"https:\/\/semmelweis.hu\/hirek\/files\/2024\/10\/RS202934_433A9935-scr-400x267.jpg\" alt=\"\" width=\"400\" height=\"267\" srcset=\"https:\/\/semmelweis.hu\/hirek\/files\/2024\/10\/RS202934_433A9935-scr-400x267.jpg 400w, https:\/\/semmelweis.hu\/hirek\/files\/2024\/10\/RS202934_433A9935-scr-900x600.jpg 900w, https:\/\/semmelweis.hu\/hirek\/files\/2024\/10\/RS202934_433A9935-scr-768x512.jpg 768w, https:\/\/semmelweis.hu\/hirek\/files\/2024\/10\/RS202934_433A9935-scr-753x502.jpg 753w, https:\/\/semmelweis.hu\/hirek\/files\/2024\/10\/RS202934_433A9935-scr-203x135.jpg 203w, https:\/\/semmelweis.hu\/hirek\/files\/2024\/10\/RS202934_433A9935-scr.jpg 1200w\" sizes=\"auto, (max-width: 400px) 100vw, 400px\" \/><\/a>Hangs\u00falyozta, hogy eg\u00e9sz p\u00e1lyafut\u00e1sa alatt kiemelt figyelmet ford\u00edtott a tehets\u00e9ggondoz\u00e1sra. A Semmelweis Egyetem Kerpel-Fronius \u00d6d\u00f6n Tehets\u00e9ggondoz\u00f3 programj\u00e1nak az eln\u00f6kek\u00e9nt \u2013 nem mellesleg Kerpel-Fronius \u00d6d\u00f6n k\u00f6zvetlen tan\u00edtv\u00e1nyak\u00e9nt \u2013 felbecs\u00fclhetetlen \u00e9rt\u00e9k\u0171 munk\u00e1t v\u00e9gzett az\u00e9rt, hogy az egyetemre \u00e9rkez\u0151, illetve az itt tanul\u00f3 tehets\u00e9ges di\u00e1kokat felkutassa, seg\u00edtse \u0151ket. A tehets\u00e9ggondoz\u00f3 programban a professzor hal\u00e1l\u00e1ig szervezte a fiatal tehets\u00e9gek t\u00e1mogat\u00e1s\u00e1t, a partner k\u00f6z\u00e9piskolai programot. Vezet\u00e9se alatt megdupl\u00e1z\u00f3dott a partner k\u00f6z\u00e9piskol\u00e1k sz\u00e1ma, neki k\u00f6sz\u00f6nhet\u0151en jelenleg 35 int\u00e9zm\u00e9nnyel \u00e1llunk szoros kapcsolatban. Olyan \u00faj programok bevezet\u00e9se f\u0171z\u0151dik a nev\u00e9hez, mint p\u00e9ld\u00e1ul a Junior Akad\u00e9mia vagy a Kerpel Tehets\u00e9gt\u00e1bor \u2013 id\u00e9zte fel a rektor a d\u00edjazott \u00e9rdemeit.<\/p>\n<blockquote>\n<p>Dr. Fekete Gy\u00f6rgy munk\u00e1j\u00e1t \u00e9s a vil\u00e1ghoz val\u00f3 hozz\u00e1\u00e1ll\u00e1s\u00e1t mindig is a szakmai al\u00e1zat, az odafigyel\u00e9s, a seg\u00edt\u0151k\u00e9szs\u00e9g jellemezte. Kimagasl\u00f3 hivat\u00e1studata p\u00e9lda\u00e9rt\u00e9k\u0171 \u00e9s k\u00f6vetend\u0151 minden k\u00f6zvetlen \u00e9s k\u00f6zvetett tan\u00edtv\u00e1nya sz\u00e1m\u00e1ra!<\/p>\n<\/blockquote>\n<p>\u2013 fogalmazott a rektor. Hozz\u00e1tette, a gyermekgy\u00f3gy\u00e1szat tant\u00e1rgy magyar-angol nyelv\u0171 oktat\u00e1s\u00e1t sz\u00edv\u00fcgy\u00e9nek tekintette, t\u00f6bb nagyszer\u0171 tank\u00f6nyv, kiadv\u00e1ny szerz\u0151jek\u00e9nt az elm\u00falt \u00e9vtizedekben hozz\u00e1j\u00e1rult a fiatal szakorvos koll\u00e9g\u00e1k magas sz\u00ednvonal\u00fa oktat\u00e1s\u00e1hoz.<\/p>\n<p><a href=\"https:\/\/semmelweis.hu\/hirek\/files\/2024\/10\/RS202936_433A9952-scr.jpg\"><img loading=\"lazy\" decoding=\"async\" class=\"aligncenter size-full wp-image-145408\" src=\"https:\/\/semmelweis.hu\/hirek\/files\/2024\/10\/RS202936_433A9952-scr.jpg\" alt=\"\" width=\"1200\" height=\"800\" srcset=\"https:\/\/semmelweis.hu\/hirek\/files\/2024\/10\/RS202936_433A9952-scr.jpg 1200w, https:\/\/semmelweis.hu\/hirek\/files\/2024\/10\/RS202936_433A9952-scr-400x267.jpg 400w, https:\/\/semmelweis.hu\/hirek\/files\/2024\/10\/RS202936_433A9952-scr-900x600.jpg 900w, https:\/\/semmelweis.hu\/hirek\/files\/2024\/10\/RS202936_433A9952-scr-768x512.jpg 768w, https:\/\/semmelweis.hu\/hirek\/files\/2024\/10\/RS202936_433A9952-scr-753x502.jpg 753w, https:\/\/semmelweis.hu\/hirek\/files\/2024\/10\/RS202936_433A9952-scr-203x135.jpg 203w\" sizes=\"auto, (max-width: 1200px) 100vw, 1200px\" \/><\/a><\/p>\n<p>A Pro Universitate \u00c9letm\u0171d\u00edjat dr. Fekete Gy\u00f6rgy feles\u00e9ge, Kert\u00e9sz Be\u00e1ta vette \u00e1t dr. Merkely B\u00e9la rektort\u00f3l, hangs\u00falyozva, hogy f\u00e9rje l\u00e9lekben mindig is gyermek volt, ez\u00e9rt is v\u00e1lasztotta a gyermekgy\u00f3gy\u00e1szatot hivat\u00e1s\u00e1ul. \u201eNagyon k\u00f6t\u0151d\u00f6tt a gyerekekhez, szerette a fiatalokat, mindig az \u0151 t\u00e1rsas\u00e1gukban \u00e9rezte j\u00f3l mag\u00e1t. K\u00fcl\u00f6n\u00f6s \u00e9rz\u00e9ke volt hozz\u00e1, hogy a s\u00edr\u00f3s kis betegeit egy pillanat alatt megnyugtassa. Szerette a fiatalokat tan\u00edtani, nevelni, oktatni, m\u00e9g a vizsg\u00e1ztat\u00e1s alkalm\u00e1val is tan\u00edtott\u201d \u2013 eml\u00e9kezett vissza. 2013-t\u00f3l nagyon nagy \u00f6r\u00f6mmel l\u00e1tta el a Semmelweis Egyetem Kerpel-Fronius \u00d6d\u00f6n Tehets\u00e9ggondoz\u00f3 Tan\u00e1cs eln\u00f6ki tiszts\u00e9g\u00e9t, ez a feladat igaz\u00e1n testhez\u00e1ll\u00f3 volt sz\u00e1m\u00e1ra. Egyik legfontosabb c\u00e9lj\u00e1nak tekintette, hogy ut\u00f3dot neveljen ki a klinikai genetika ter\u00fclet\u00e9n maga helyett.<\/p>\n<p><a href=\"https:\/\/semmelweis.hu\/hirek\/files\/2024\/10\/RS202906_433A0040-scr.jpg\"><img loading=\"lazy\" decoding=\"async\" class=\"alignright size-medium wp-image-145415\" src=\"https:\/\/semmelweis.hu\/hirek\/files\/2024\/10\/RS202906_433A0040-scr-400x267.jpg\" alt=\"\" width=\"400\" height=\"267\" srcset=\"https:\/\/semmelweis.hu\/hirek\/files\/2024\/10\/RS202906_433A0040-scr-400x267.jpg 400w, https:\/\/semmelweis.hu\/hirek\/files\/2024\/10\/RS202906_433A0040-scr-900x600.jpg 900w, https:\/\/semmelweis.hu\/hirek\/files\/2024\/10\/RS202906_433A0040-scr-768x512.jpg 768w, https:\/\/semmelweis.hu\/hirek\/files\/2024\/10\/RS202906_433A0040-scr-753x502.jpg 753w, https:\/\/semmelweis.hu\/hirek\/files\/2024\/10\/RS202906_433A0040-scr-203x135.jpg 203w, https:\/\/semmelweis.hu\/hirek\/files\/2024\/10\/RS202906_433A0040-scr.jpg 1200w\" sizes=\"auto, (max-width: 400px) 100vw, 400px\" \/><\/a>A dr. Fekete Gy\u00f6rgyr\u0151l k\u00e9sz\u00fclt megeml\u00e9kez\u0151 film levet\u00edt\u00e9se ut\u00e1n dr. Szab\u00f3 Attila klinikai rektorhelyettes, a Gyermekgy\u00f3gy\u00e1szati Klinika igazgat\u00f3ja egy t\u00f6rt\u00e9nettel eml\u00e9kezett meg az egykori klinikaigazgat\u00f3r\u00f3l, melynek tanuls\u00e1ga, hogy az emberek k\u00e9pesek f\u00e9nyt vinni a legs\u00f6t\u00e9tebb helyekre is, \u00e9s n\u00e9mely emberekben bizonyos dolgokat meg tudnak v\u00e1ltoztatni ez\u00e1ltal. Dr. Fekete Gy\u00f6rgy \u00e9let\u00e9nek \u00e9rtelme is az volt, hogy f\u00e9nyt vigyen a kis betegekhez, csal\u00e1dokhoz, hallgat\u00f3khoz a tehets\u00e9ggondoz\u00e1s sor\u00e1n \u2013 mutatott r\u00e1 dr. Szab\u00f3 Attila.<\/p>\n<p>Az esem\u00e9nyt Ardey Edina fest\u0151m\u0171v\u00e9sz el\u0151ad\u00e1sa z\u00e1rta, aki az egyetem felk\u00e9r\u00e9s\u00e9re elk\u00e9sz\u00edtette dr. Fekete Gy\u00f6rgy portr\u00e9j\u00e1t. \u201eA festm\u00e9ny megalkot\u00e1s\u00e1hoz elengedhetetlen volt egy szem\u00e9lyes besz\u00e9lget\u00e9s, melyre a m\u0171term\u00fcnkben ker\u00fclt sor. Olyan \u00e9rz\u00e9sem volt, mintha m\u00e1r r\u00e9g\u00f3ta ismern\u00e9nk egym\u00e1st, tiszta tekintet\u00e9b\u0151l \u00e1radt a j\u00f3s\u00e1g\u201d \u2013 id\u00e9zte fel a tal\u00e1lkoz\u00e1st. Elmondta, mikor dr. Fekete Gy\u00f6rgy v\u00e9gigs\u00e9t\u00e1lt az egyetem folyos\u00f3in, meg\u00e1llap\u00edtotta, hogy az ott meg\u00f6r\u00f6k\u00edtett professzorok \u00e1ltal\u00e1ban komor kifejez\u00e9ssel n\u00e9ztek r\u00e1 a festm\u00e9nyekr\u0151l. \u201eMegk\u00e9rt, hogy az \u0151 portr\u00e9j\u00e1t egy kis mosollyal fessem meg, azt hiszem, ez siker\u00fclt\u201d \u2013 fogalmazott.\u00a0<\/p>\n\r\n        [slb_exclude]\r\n        <div class=\"row galeria-wrapper mx-0 h-auto\">\r\n            <div class=\"col-9 pl-0 pr-2\">\r\n            <span class=\"gallery-item frame\">\r\n\t\t\t\t<div class=\"galeria-left-img\"><a href=\"https:\/\/semmelweis.hu\/hirek\/files\/2024\/10\/RS202915_433A0106-scr.jpg\"><img src=https:\/\/semmelweis.hu\/hirek\/files\/2024\/10\/RS202915_433A0106-scr.jpg  \r\n                            alt=\"\" \r\n                            class=\"attachment-sote-gallery-big size-sote-gallery-big\" \r\n                            srcset=\"https:\/\/semmelweis.hu\/hirek\/files\/2024\/10\/RS202915_433A0106-scr-400x267.jpg 400w, https:\/\/semmelweis.hu\/hirek\/files\/2024\/10\/RS202915_433A0106-scr-900x600.jpg 900w, https:\/\/semmelweis.hu\/hirek\/files\/2024\/10\/RS202915_433A0106-scr-768x512.jpg 768w, https:\/\/semmelweis.hu\/hirek\/files\/2024\/10\/RS202915_433A0106-scr-753x502.jpg 753w, https:\/\/semmelweis.hu\/hirek\/files\/2024\/10\/RS202915_433A0106-scr-203x135.jpg 203w, https:\/\/semmelweis.hu\/hirek\/files\/2024\/10\/RS202915_433A0106-scr.jpg 1200w\" ><\/a><\/div>\r\n            <\/span>\r\n\r\n            <\/div>\r\n\r\n\t\t\t<div class=\"col-3 pl-0 pr-0\">\r\n\t\t\t\t<div class=\"galeria-right-img d-flex justify-content-between flex-column h-100 w-100 px-0 mx-0 \">\r\n                <div class=\"galeria-box\">\r\n\t\t\t\t\t<h3 class=\"galeria-title\">Gal\u00e9ria<\/h3>\r\n\t\t\t\t\t<div class=\"galeria-subtitle\">\r\n\r\n\t\t\t\t\t\t<div class=\"galeria-page-counter\"><span>5<\/span>k\u00e9p<\/div>\r\n                    <\/div> <\/div>\r\n                    <span class=\"gallery-item frame d-none d-md-flex\">\r\n\t\t\t\t\t<div class=\"galeria-small-img mt-0\"><a href=\"https:\/\/semmelweis.hu\/hirek\/files\/2024\/10\/RS202911_433A0075-scr.jpg\"><img src=https:\/\/semmelweis.hu\/hirek\/files\/2024\/10\/RS202911_433A0075-scr.jpg \r\n                                alt=\"\"  \r\n                                class=\"attachment-sote-gallery-small size-sote-gallery-small\" \r\n                                srcset=\"https:\/\/semmelweis.hu\/hirek\/files\/2024\/10\/RS202911_433A0075-scr-400x267.jpg 400w, https:\/\/semmelweis.hu\/hirek\/files\/2024\/10\/RS202911_433A0075-scr-900x600.jpg 900w, https:\/\/semmelweis.hu\/hirek\/files\/2024\/10\/RS202911_433A0075-scr-768x512.jpg 768w, https:\/\/semmelweis.hu\/hirek\/files\/2024\/10\/RS202911_433A0075-scr-753x502.jpg 753w, https:\/\/semmelweis.hu\/hirek\/files\/2024\/10\/RS202911_433A0075-scr-203x135.jpg 203w, https:\/\/semmelweis.hu\/hirek\/files\/2024\/10\/RS202911_433A0075-scr.jpg 1200w\" ><\/a><\/div>\r\n                    <\/span>\r\n                    <span class=\"gallery-item frame d-none d-md-flex\">\r\n\t\t\t\t\t<div class=\"galeria-small-img mt-0\"><a href=\"https:\/\/semmelweis.hu\/hirek\/files\/2024\/10\/RS202907_433A0045-scr.jpg\"><img src=https:\/\/semmelweis.hu\/hirek\/files\/2024\/10\/RS202907_433A0045-scr.jpg \r\n                                alt=\"\" \r\n                                class=\"attachment-sote-gallery-small size-sote-gallery-small\" \r\n                                srcset=\"https:\/\/semmelweis.hu\/hirek\/files\/2024\/10\/RS202907_433A0045-scr-400x267.jpg 400w, https:\/\/semmelweis.hu\/hirek\/files\/2024\/10\/RS202907_433A0045-scr-900x600.jpg 900w, https:\/\/semmelweis.hu\/hirek\/files\/2024\/10\/RS202907_433A0045-scr-768x512.jpg 768w, https:\/\/semmelweis.hu\/hirek\/files\/2024\/10\/RS202907_433A0045-scr-753x502.jpg 753w, https:\/\/semmelweis.hu\/hirek\/files\/2024\/10\/RS202907_433A0045-scr-203x135.jpg 203w, https:\/\/semmelweis.hu\/hirek\/files\/2024\/10\/RS202907_433A0045-scr.jpg 1200w\" ><\/a><\/div>\r\n                    <\/span>\r\n\r\n                <\/div>\r\n\r\n            <\/div>\r\n\r\n            <span class=\"gallery-item\"><div class=\"hidden\"><a href=\"https:\/\/semmelweis.hu\/hirek\/files\/2024\/10\/RS202937_433A9961-scr.jpg\">\r\n        <img src=https:\/\/semmelweis.hu\/hirek\/files\/2024\/10\/RS202937_433A9961-scr.jpg alt=\"\" class=\"attachment-sote-gallery-big size-sote-gallery-big\" srcset=\"https:\/\/semmelweis.hu\/hirek\/files\/2024\/10\/RS202937_433A9961-scr-400x267.jpg 400w, https:\/\/semmelweis.hu\/hirek\/files\/2024\/10\/RS202937_433A9961-scr-900x600.jpg 900w, https:\/\/semmelweis.hu\/hirek\/files\/2024\/10\/RS202937_433A9961-scr-768x512.jpg 768w, https:\/\/semmelweis.hu\/hirek\/files\/2024\/10\/RS202937_433A9961-scr-753x502.jpg 753w, https:\/\/semmelweis.hu\/hirek\/files\/2024\/10\/RS202937_433A9961-scr-203x135.jpg 203w, https:\/\/semmelweis.hu\/hirek\/files\/2024\/10\/RS202937_433A9961-scr.jpg 1200w\" >\r\n        <\/a><\/div><\/span><span class=\"gallery-item\"><div class=\"hidden\"><a href=\"https:\/\/semmelweis.hu\/hirek\/files\/2024\/10\/RS202909_433A0064-scr.jpg\">\r\n        <img src=https:\/\/semmelweis.hu\/hirek\/files\/2024\/10\/RS202909_433A0064-scr.jpg alt=\"\" class=\"attachment-sote-gallery-big size-sote-gallery-big\" srcset=\"https:\/\/semmelweis.hu\/hirek\/files\/2024\/10\/RS202909_433A0064-scr-400x267.jpg 400w, https:\/\/semmelweis.hu\/hirek\/files\/2024\/10\/RS202909_433A0064-scr-900x600.jpg 900w, https:\/\/semmelweis.hu\/hirek\/files\/2024\/10\/RS202909_433A0064-scr-768x512.jpg 768w, https:\/\/semmelweis.hu\/hirek\/files\/2024\/10\/RS202909_433A0064-scr-753x502.jpg 753w, https:\/\/semmelweis.hu\/hirek\/files\/2024\/10\/RS202909_433A0064-scr-203x135.jpg 203w, https:\/\/semmelweis.hu\/hirek\/files\/2024\/10\/RS202909_433A0064-scr.jpg 1200w\" >\r\n        <\/a><\/div><\/span>\r\n            <\/div>\r\n\r\n            [\/slb_exclude]\r\n\t\n<p>Az \u00fcnneps\u00e9gen a Medikus Zenekar tagjai adtak el\u0151, majd felavatt\u00e1k dr. Fekete Gy\u00f6rgy portr\u00e9j\u00e1t, amely a K\u00f6zponti \u00c9p\u00fclet folyos\u00f3j\u00e1n kap helyet a t\u00f6bbi Pro Universitate \u00e9letm\u0171d\u00edjas portr\u00e9ja mellett. Az \u00fcnneps\u00e9g z\u00e1r\u00e1sak\u00e9nt gyertyagy\u00fajt\u00e1ssal tisztelegtek dr. Fekete Gy\u00f6rgy eml\u00e9ke el\u0151tt.<\/p>\n<p>B\u00f3di Bernadett<br \/>\nFot\u00f3: Barta B\u00e1lint \u2013 Semmelweis Egyetem<\/p>\n","protected":false},"excerpt":{"rendered":"<p>Az \u00fcnneps\u00e9g keret\u00e9ben a Semmelweis Szalonban felavatt\u00e1k a professzor portr\u00e9j\u00e1t, melyet Ardey Edina fest\u0151m\u0171v\u00e9sz k\u00e9sz\u00edtett.<\/p>\n","protected":false},"author":101282,"featured_media":145400,"comment_status":"closed","ping_status":"closed","sticky":false,"template":"","format":"standard","meta":{"_acf_changed":false,"footnotes":""},"categories":[157,168],"tags":[],"class_list":["post-145398","post","type-post","status-publish","format-standard","has-post-thumbnail","hentry","category-semmelweis-vilag","category-kiemelt"],"acf":[],"_links":{"self":[{"href":"https:\/\/semmelweis.hu\/hirek\/wp-json\/wp\/v2\/posts\/145398","targetHints":{"allow":["GET"]}}],"collection":[{"href":"https:\/\/semmelweis.hu\/hirek\/wp-json\/wp\/v2\/posts"}],"about":[{"href":"https:\/\/semmelweis.hu\/hirek\/wp-json\/wp\/v2\/types\/post"}],"author":[{"embeddable":true,"href":"https:\/\/semmelweis.hu\/hirek\/wp-json\/wp\/v2\/users\/101282"}],"replies":[{"embeddable":true,"href":"https:\/\/semmelweis.hu\/hirek\/wp-json\/wp\/v2\/comments?post=145398"}],"version-history":[{"count":6,"href":"https:\/\/semmelweis.hu\/hirek\/wp-json\/wp\/v2\/posts\/145398\/revisions"}],"predecessor-version":[{"id":145561,"href":"https:\/\/semmelweis.hu\/hirek\/wp-json\/wp\/v2\/posts\/145398\/revisions\/145561"}],"wp:featuredmedia":[{"embeddable":true,"href":"https:\/\/semmelweis.hu\/hirek\/wp-json\/wp\/v2\/media\/145400"}],"wp:attachment":[{"href":"https:\/\/semmelweis.hu\/hirek\/wp-json\/wp\/v2\/media?parent=145398"}],"wp:term":[{"taxonomy":"category","embeddable":true,"href":"https:\/\/semmelweis.hu\/hirek\/wp-json\/wp\/v2\/categories?post=145398"},{"taxonomy":"post_tag","embeddable":true,"href":"https:\/\/semmelweis.hu\/hirek\/wp-json\/wp\/v2\/tags?post=145398"}],"curies":[{"name":"wp","href":"https:\/\/api.w.org\/{rel}","templated":true}]}}