{"id":14509,"date":"2012-12-20T15:10:22","date_gmt":"2012-12-20T14:10:22","guid":{"rendered":"http:\/\/semmelweis-egyetem.hu\/hirek\/?p=14509"},"modified":"2017-08-29T11:47:47","modified_gmt":"2017-08-29T09:47:47","slug":"a-semmelweis-egyetem-kozalkalmazotti-tanacsa-es-a-semmelweis-erdekvedelmi-szovetseg-nyilatkozata","status":"publish","type":"post","link":"https:\/\/semmelweis.hu\/hirek\/2012\/12\/20\/a-semmelweis-egyetem-kozalkalmazotti-tanacsa-es-a-semmelweis-erdekvedelmi-szovetseg-nyilatkozata\/","title":{"rendered":"A Semmelweis Egyetem K\u00f6zalkalmazotti Tan\u00e1csa \u00e9s a Semmelweis \u00c9rdekv\u00e9delmi Sz\u00f6vets\u00e9g nyilatkozata"},"content":{"rendered":"<p>A Semmelweis Egyetem K\u00f6zalkalmazotti Tan\u00e1csa \u00e9s a Semmelweis \u00c9rdekv\u00e9delmi Sz\u00f6vets\u00e9g t\u00e1mogatja a Magyar Rektori Konferencia december 18.-i nyilatkozat\u00e1val, \u00e9s annak minden pontj\u00e1val egyet\u00e9rt.<br \/>\nT\u00e1mogatjuk mindazon k\u00f6z\u00e9p- \u00e9s fels\u0151oktat\u00e1sban l\u00e9v\u0151 tanul\u00f3k \u00e9s hallgat\u00f3k, valamint sz\u00fcleik, tov\u00e1bb\u00e1 az oktat\u00e1sban k\u00f6zvetve \u00e9rdekelt polg\u00e1rok t\u00f6rekv\u00e9seit, akik a magyar fels\u0151oktat\u00e1s sz\u00ednvonal\u00e1nak megtart\u00e1sa, hagyom\u00e1nyainak meg\u0151rz\u00e9se \u00e9s j\u00f6v\u0151k\u00e9p\u00e9nek fenntart\u00e1sa \u00e9rdek\u00e9ben hangjukat hallatt\u00e1k. <\/p>\n<p>Fontosnak tartjuk hangs\u00falyozni azt is, hogy a nyugd\u00edjjogosults\u00e1g \u00e9s a munk\u00e1hoz val\u00f3 jog egym\u00e1st\u00f3l f\u00fcggetlen\u00fcl l\u00e9tez\u0151 jogok, ez\u00e9rt az \u00f6regs\u00e9gi nyugd\u00edj korhat\u00e1r\u00e1t el\u00e9r\u0151 munkav\u00e1llal\u00f3k nyugd\u00edj\u00e1nak sz\u00fcneteltet\u00e9se jogot s\u00e9rt. K\u00fcl\u00f6n\u00f6sen figyelemre m\u00e9lt\u00f3 az az es\u00e9lyegyenl\u0151tlens\u00e9g, mely a k\u00f6zszolg\u00e1latban dolgoz\u00f3k \u00e9s az egy\u00e9b jogviszonyban l\u00e9v\u0151k k\u00f6z\u00f6tt tesz k\u00fcl\u00f6nbs\u00e9get. Az eg\u00e9szs\u00e9g\u00fcgyben dolgoz\u00f3k jelent\u0151s r\u00e9sze nem k\u00f6zalkalmazott, m\u00e1sik jelent\u0151s r\u00e9sze k\u00f6zszolg\u00e1lati jogviszonyban van, \u00e9s a nyugell\u00e1t\u00e1suk elt\u00e9r\u0151 kezel\u00e9se ellent\u00e9tes lenne az egyenl\u0151 b\u00e1n\u00e1sm\u00f3dr\u00f3l \u00e9s az el\u0151mozd\u00edt\u00e1s\u00e1r\u00f3l sz\u00f3l\u00f3 2003. \u00e9vi CXXV. t\u00f6rv\u00e9nnyel.<br \/>\nTekintettel a hum\u00e1n-er\u0151forr\u00e1s kr\u00edzissel k\u00fczd\u0151 eg\u00e9szs\u00e9g\u00fcgy m\u00e1ris sanyar\u00fa helyzet\u00e9re, valamint arra, hogy a Semmelweis Egyetemen nagysz\u00e1m\u00fa nagy tud\u00e1s\u00fa \u00e9s tapasztalat\u00fa oktat\u00f3 \u00e9s eg\u00e9szs\u00e9g\u00fcgyi szakember v\u00e9gzi oktat\u00f3, gy\u00f3gy\u00edt\u00f3 \u00e9s kutat\u00f3 munk\u00e1j\u00e1t, aggodalommal szeml\u00e9lj\u00fck a kiemelten fontos munk\u00e1juk esetleges n\u00e9lk\u00fcl\u00f6z\u00e9s\u00e9nek vesz\u00e9ly\u00e9t.<\/p>\n<p>A  Magyar Rektori Konferencia Eln\u00f6ks\u00e9g\u00e9nek k\u00f6zlem\u00e9nye <a href=\"https:\/\/semmelweis.hu\/hirek\/2012\/12\/19\/a-magyar-rektori-konferencia-elnoksegenek-kozlemenye\/\">erre a linkre<\/a> kattintva olvashat\u00f3.<\/p>\n","protected":false},"excerpt":{"rendered":"<p>A Semmelweis Egyetem K\u00f6zalkalmazotti Tan\u00e1csa \u00e9s a Semmelweis \u00c9rdekv\u00e9delmi Sz\u00f6vets\u00e9g t\u00e1mogatja a Magyar Rektori Konferencia december 18.-i nyilatkozat\u00e1val, \u00e9s annak minden pontj\u00e1val egyet\u00e9rt. T\u00e1mogatjuk mindazon k\u00f6z\u00e9p- \u00e9s fels\u0151oktat\u00e1sban l\u00e9v\u0151 tanul\u00f3k \u00e9s hallgat\u00f3k, valamint sz\u00fcleik, tov\u00e1bb\u00e1 az oktat\u00e1sban k\u00f6zvetve \u00e9rdekelt polg\u00e1rok t\u00f6rekv\u00e9seit, akik a magyar fels\u0151oktat\u00e1s sz\u00ednvonal\u00e1nak megtart\u00e1sa, hagyom\u00e1nyainak meg\u0151rz\u00e9se \u00e9s j\u00f6v\u0151k\u00e9p\u00e9nek fenntart\u00e1sa \u00e9rdek\u00e9ben hangjukat hallatt\u00e1k. &hellip;<\/p>\n","protected":false},"author":132,"featured_media":11609,"comment_status":"closed","ping_status":"open","sticky":false,"template":"","format":"standard","meta":{"_acf_changed":false,"footnotes":""},"categories":[161],"tags":[188],"class_list":["post-14509","post","type-post","status-publish","format-standard","has-post-thumbnail","hentry","category-tudomany","tag-tudomanyos-hirek-rendezvenyek"],"acf":[],"_links":{"self":[{"href":"https:\/\/semmelweis.hu\/hirek\/wp-json\/wp\/v2\/posts\/14509","targetHints":{"allow":["GET"]}}],"collection":[{"href":"https:\/\/semmelweis.hu\/hirek\/wp-json\/wp\/v2\/posts"}],"about":[{"href":"https:\/\/semmelweis.hu\/hirek\/wp-json\/wp\/v2\/types\/post"}],"author":[{"embeddable":true,"href":"https:\/\/semmelweis.hu\/hirek\/wp-json\/wp\/v2\/users\/132"}],"replies":[{"embeddable":true,"href":"https:\/\/semmelweis.hu\/hirek\/wp-json\/wp\/v2\/comments?post=14509"}],"version-history":[{"count":2,"href":"https:\/\/semmelweis.hu\/hirek\/wp-json\/wp\/v2\/posts\/14509\/revisions"}],"predecessor-version":[{"id":62950,"href":"https:\/\/semmelweis.hu\/hirek\/wp-json\/wp\/v2\/posts\/14509\/revisions\/62950"}],"wp:featuredmedia":[{"embeddable":true,"href":"https:\/\/semmelweis.hu\/hirek\/wp-json\/wp\/v2\/media\/11609"}],"wp:attachment":[{"href":"https:\/\/semmelweis.hu\/hirek\/wp-json\/wp\/v2\/media?parent=14509"}],"wp:term":[{"taxonomy":"category","embeddable":true,"href":"https:\/\/semmelweis.hu\/hirek\/wp-json\/wp\/v2\/categories?post=14509"},{"taxonomy":"post_tag","embeddable":true,"href":"https:\/\/semmelweis.hu\/hirek\/wp-json\/wp\/v2\/tags?post=14509"}],"curies":[{"name":"wp","href":"https:\/\/api.w.org\/{rel}","templated":true}]}}