{"id":14492,"date":"2012-12-19T07:47:43","date_gmt":"2012-12-19T07:47:43","guid":{"rendered":"http:\/\/semmelweis-egyetem.hu\/hirek\/?p=14492"},"modified":"2012-12-20T15:33:04","modified_gmt":"2012-12-20T15:33:04","slug":"a-magyar-rektori-konferencia-elnoksegenek-kozlemenye","status":"publish","type":"post","link":"https:\/\/semmelweis.hu\/hirek\/2012\/12\/19\/a-magyar-rektori-konferencia-elnoksegenek-kozlemenye\/","title":{"rendered":"A Magyar Rektori Konferencia Eln\u00f6ks\u00e9g\u00e9nek k\u00f6zlem\u00e9nye"},"content":{"rendered":"<p>A nemzet sikeress\u00e9g\u00e9nek egyik z\u00e1loga a j\u00f3 fels\u0151oktat\u00e1s. Amikor egyetemeinkr\u0151l, f\u0151iskol\u00e1inkr\u00f3l sz\u00fcletik d\u00f6nt\u00e9s, a j\u00f6v\u0151nk a t\u00e9t. A j\u00f3 d\u00f6nt\u00e9s alapja a szakszer\u0171s\u00e9g, a megalapozotts\u00e1g, az \u00e1tgondolts\u00e1g, a k\u00f6vetkezm\u00e9nyek gondos sz\u00e1mbav\u00e9tele, az egy\u00fctt gondolkod\u00e1s az \u00e9rintettekkel: a tan\u00e1rokkal, hallgat\u00f3kkal, a csal\u00e1dokkal, a munkaad\u00f3kkal.<\/p>\n<p>Mi, a magyar egyetemek \u00e9s f\u0151iskol\u00e1k rektorai tudjuk, hogy a kor k\u00f6vetelm\u00e9nyeinek megfelel\u0151 teljes\u00edtm\u00e9nyhez folyamatosan \u00e9s nagyon sokat kell tenn\u00fcnk. Tudjuk, hogy a nemzeti fels\u0151oktat\u00e1s visszafejleszt\u00e9s\u00e9t eredm\u00e9nyez\u0151 l\u00e9p\u00e9sek, a m\u0171k\u00f6d\u00e9shez sz\u00fcks\u00e9ges anyagi forr\u00e1sok kivon\u00e1sa, egyetemeink \u00e9s f\u0151iskol\u00e1ink p\u00e9nz\u00fcgyi kiv\u00e9reztet\u00e9se helyett, a j\u00f6v\u0151nk \u00e9rdek\u00e9ben \u00e9ppen ellenkez\u0151 ir\u00e1ny\u00fa k\u00f6zpolitik\u00e1ra van sz\u00fcks\u00e9g: be kell fektetni a tud\u00e1sba, az egyetembe, a j\u00f6v\u0151be. N\u00f6velni \u00e9s nem cs\u00f6kkenteni kell a fels\u0151oktat\u00e1si r\u00e1ford\u00edt\u00e1sokat.<\/p>\n<p>Az elm\u00falt id\u0151szakban \u00e9ppen az ellenkez\u0151je t\u00f6rt\u00e9nt. \u00d6t \u00e9v alatt 40 %-kal cs\u00f6kkent egyetemeink \u00e9s f\u0151iskol\u00e1ink \u00e1llami t\u00e1mogat\u00e1sa, mik\u00f6zben a GDP m\u00e9rt\u00e9ke nagyj\u00e1b\u00f3l v\u00e1ltozatlan maradt.<\/p>\n<p>Megbocs\u00e1thatatlanul f\u00e9lrevezetik a d\u00f6nt\u00e9shoz\u00f3kat \u00e9s a magyar csal\u00e1dokat, akik azt \u00e1ll\u00edtj\u00e1k, hogy a fels\u0151oktat\u00e1s t\u00f6meg\u00e9vel bocs\u00e1tja ki a haszn\u00e1lhatatlan diplom\u00e1kat olyan szakokon, amelyekre nincsen kereslet a munkaer\u0151piacon. Ezzel szemben b\u00e1rmilyen diplom\u00e1snak t\u00f6bbsz\u00f6r nagyobb az elhelyezked\u00e9si es\u00e9lye, mint az alacsonyabb v\u00e9gzetts\u00e9g\u0171eknek. A diplom\u00e1soknak magasabb az el\u00e9rhet\u0151 keresete \u00e9s az \u00e1ltaluk befizetett ad\u00f3b\u00f3l nagyobb az \u00e1llam bev\u00e9tele.<\/p>\n<p>A t\u00e9nyek:<\/p>\n<ul>\n<li>A magyar munkaer\u0151piac elismeri \u00e9s kiemelked\u0151en d\u00edjazza a hazai fels\u0151fok\u00fa v\u00e9gzetts\u00e9get. A fels\u0151fok\u00fa v\u00e9gzetts\u00e9ggel rendelkez\u0151k j\u00f6vedelme h\u00e1romszorosa a k\u00f6z\u00e9pfok\u00fa v\u00e9gzetts\u00e9ggel nem rendelkez\u0151knek.<\/li>\n<li>A fels\u0151fok\u00fa v\u00e9gzetts\u00e9ggel rendelkez\u0151k k\u00f6r\u00e9ben a legkisebb a munkan\u00e9lk\u00fclis\u00e9g. A magyar munkaer\u0151piacon a diploma nagyobb es\u00e9lyt ad az elhelyezked\u00e9sre \u00e9s er\u0151sebb v\u00e9delmet ny\u00fajt a foglalkoztat\u00e1s megtart\u00e1s\u00e1ban. A gazdas\u00e1gi v\u00e1ls\u00e1g els\u0151 h\u00e1rom \u00e9v\u00e9ben \u2013 2008-r\u00f3l 2010-re \u2013 a munkan\u00e9lk\u00fclis\u00e9g a k\u00f6z\u00e9pfok\u00fa v\u00e9gzetts\u00e9ggel nem rendelkez\u0151k k\u00f6r\u00e9ben 6,2%-kal, m\u00edg a diplom\u00e1sok k\u00f6r\u00e9ben csup\u00e1n 1,8%-kal n\u0151tt.<\/li>\n<li>A magyar \u00e1llam sz\u00e1m\u00e1ra gazdas\u00e1gos a fels\u0151oktat\u00e1sba t\u00f6rt\u00e9n\u0151 befektet\u00e9s. A magyar fels\u0151oktat\u00e1sra ford\u00edtott k\u00f6zkiad\u00e1s nemzetk\u00f6zi \u00f6sszehasonl\u00edt\u00e1sban is kiemelked\u0151en magas megt\u00e9r\u00fcl\u00e9st hoz. A megt\u00e9r\u00fcl\u00e9s a k\u00f6z\u00e9pfok\u00fa oktat\u00e1ssal \u00f6sszehasonl\u00edtva is igen magas.<\/li>\n<li>A magyar fels\u0151oktat\u00e1s a fejlett orsz\u00e1gok k\u00f6z\u00f6tt egyed\u00fcl\u00e1ll\u00f3 abban, hogy a fels\u0151oktat\u00e1si r\u00e1ford\u00edt\u00e1sok t\u00e1rsadalmi megt\u00e9r\u00fcl\u00e9se magasabb, mint az egy\u00e9n sz\u00e1m\u00e1ra jelentkez\u0151 haszon.<\/li>\n<li>A magyar fels\u0151oktat\u00e1sba \u00e9rkez\u0151 \u00e1llami t\u00e1mogat\u00e1s jelent\u0151s r\u00e9sze vissza\u00e1ramlik a k\u00f6lts\u00e9gvet\u00e9sbe ad\u00f3 \u00e9s j\u00e1rul\u00e9k form\u00e1j\u00e1ban, valamint hasznosul a gazdas\u00e1gban.<\/li>\n<li>A magyar fels\u0151oktat\u00e1s nemcsak oktat, alap- \u00e9s alkalmazott kutat\u00e1st v\u00e9gez, hanem \u0151rzi \u00e9s gyarap\u00edtja a nemzeti \u00e9rt\u00e9keket, a kult\u00fara, a m\u0171v\u00e9szet \u00e9s a sport ter\u00e9n egyar\u00e1nt.<\/li>\n<li>A magyar fels\u0151oktat\u00e1s elismert teljes\u00edtm\u00e9nyt ny\u00fajt a nemzetk\u00f6zi t\u00e9rben. A legjobb magyar egyetemek a fels\u0151oktat\u00e1si ranglist\u00e1kon a vil\u00e1g egyetemeinek legjobb 3%-\u00e1ban vannak (ez olyan, mintha a magyar labdar\u00fag\u00f3-v\u00e1logatott a legjobb 15-ben lenne a FIFA vil\u00e1granglist\u00e1n). Mindezt \u00fagy \u00e9rt\u00e9k el eddig, hogy l\u00e9nyegesen kevesebb \u00e1llami t\u00e1mogat\u00e1st kapnak a magyar egyetemek, mint azok, akik a ranglist\u00e1kon hasonl\u00f3, vagy el\u0151kel\u0151bb poz\u00edci\u00f3kban helyezkednek el.<\/li>\n<li>A magyar fels\u0151oktat\u00e1s min\u0151s\u00e9gi k\u00e9pz\u00e9st ny\u00fajt, megfelel\u0151 felk\u00e9sz\u00fclts\u00e9get biztos\u00edt, mely nemzetk\u00f6zi vonatkoz\u00e1sokban is elismert. A magyar di\u00e1kok keresettek k\u00fclf\u00f6ld\u00f6n, sz\u00edvesen fogadj\u00e1k \u0151ket a neves egyetemek.<\/li>\n<li>K\u00f6zel 20 ezer k\u00fclf\u00f6ldi hallgat\u00f3 tanul a magyar fels\u0151oktat\u00e1sban, akik az\u00e9rt j\u00f6nnek Magyarorsz\u00e1gra, mert j\u00f3 sz\u00ednvonal\u00fanak \u00edt\u00e9lik a k\u00e9pz\u00e9st. Az \u00e1ltaluk befizetett tand\u00edj n\u00f6veli az egyetemek bev\u00e9tel\u00e9t, mik\u00f6zben ugyanezek a di\u00e1kok hasonl\u00f3 nagys\u00e1g\u00fa \u00f6sszeget magyar \u00e1ruk \u00e9s szolg\u00e1ltat\u00e1sok v\u00e1s\u00e1rl\u00e1s\u00e1ra is ford\u00edtanak.<\/li>\n<li>A magyar oktat\u00f3k elismertek a nemzetk\u00f6zi tudom\u00e1nyoss\u00e1gban, keresettek k\u00fclf\u00f6ld\u00f6n, a magyar professzorok sz\u00e1zait felk\u00e9sz\u00fclts\u00e9g\u00fck alapj\u00e1n sz\u00edvesen l\u00e1tj\u00e1k a vil\u00e1g egyetemei.<\/li>\n<li>A magyar egyetemek \u00e9s f\u0151iskol\u00e1k fontos szerepet j\u00e1tszanak a r\u00e9gi\u00f3k, a v\u00e1rosok gazdas\u00e1gi, kultur\u00e1lis \u00e9s m\u0171v\u00e9szeti \u00e9let\u00e9ben.<\/li>\n<li>A fels\u0151oktat\u00e1sban val\u00f3 r\u00e9szv\u00e9tel nemcsak gazdas\u00e1gi k\u00e9rd\u00e9s. M\u00e9g olyan t\u00e9nyez\u0151kre is, mint az emberek v\u00e1rhat\u00f3 \u00e9lettartama, jelent\u0151s hat\u00e1ssal lehet. Magyarorsz\u00e1gon egy 30 \u00e9ves diplom\u00e1s f\u00e9rfi v\u00e1rhat\u00f3an 13 \u00e9vvel tov\u00e1bb \u00e9l, mint k\u00f6z\u00e9piskol\u00e1n\u00e1l alacsonyabb v\u00e9gzetts\u00e9ggel rendelkez\u0151 kort\u00e1rsa.<\/li>\n<li>A fels\u0151oktat\u00e1s fejleszt\u00e9se nem rendelhet\u0151 al\u00e1 a gazdas\u00e1gi szf\u00e9ra \u00e9s a k\u00f6lts\u00e9gvet\u00e9s pillanatnyi ig\u00e9nyeinek. A magyar fels\u0151oktat\u00e1snak hossz\u00fa t\u00e1von kell szolg\u00e1lnia a t\u00e1rsadalmi fejl\u0151d\u00e9st, stabil \u00e9s kiegyens\u00falyozott int\u00e9zm\u00e9nyrendszerk\u00e9nt kell k\u00e9peznie \u00e9s nevelnie a magyar \u00e9rtelmis\u00e9g ut\u00e1np\u00f3tl\u00e1s\u00e1t.<\/li>\n<\/ul>\n<p>A magyar fels\u0151oktat\u00e1s 600 \u00e9ve l\u00e9tezik. T\u00f6rt\u00e9nete sor\u00e1n mindig kiemelked\u0151 szerepet j\u00e1tszott a t\u00e1rsadalmi, gazdas\u00e1gi \u00e9s tudom\u00e1nyos fejl\u0151d\u00e9sben. Aki ennek a t\u00e1rsadalmi er\u0151forr\u00e1snak a \u00a0tekint\u00e9ly\u00e9t, m\u0171k\u00f6d\u00e9s\u00e9t hib\u00e1s d\u00f6nt\u00e9sekkel kock\u00e1ztatja, a k\u00f6zj\u00f3t rombolja. A magyar fels\u0151oktat\u00e1s a k\u00f6z\u00f6ss\u00e9g jav\u00e1t, a t\u00e1rsadalom fejl\u0151d\u00e9s\u00e9t, az emberek tehets\u00e9g\u00e9nek, tud\u00e1s\u00e1nak fejleszt\u00e9s\u00e9t, a csal\u00e1dok j\u00f6v\u0151j\u00e9t, a tud\u00e1s \u00e9rt\u00e9k\u00e9nek n\u00f6vel\u00e9s\u00e9t szolg\u00e1lja. A Magyar Rektori Konferencia ehhez k\u00e9ri a t\u00e1rsadalom hat\u00e1rozott t\u00e1mogat\u00e1s\u00e1t.<\/p>\n<p><strong>Budapest, 2012. december 18.<\/strong><\/p>\n<p><strong>A Magyar Rektori Konferencia Eln\u00f6ks\u00e9ge<\/strong><\/p>\n<p>A Semmelweis Egyetem K\u00f6zalkalmazotti Tan\u00e1csa \u00e9s a Semmelweis \u00c9rdekv\u00e9delmi Sz\u00f6vets\u00e9g nyilatkozata <a href=\"https:\/\/semmelweis.hu\/hirek\/2012\/12\/20\/a-semmelweis-egyetem-kozalkalmazotti-tanacsa-es-a-semmelweis-erdekvedelmi-szovetseg-nyilatkozata\/\">erre a linkre<\/a> kattintva olvashat\u00f3.<\/p>\n","protected":false},"excerpt":{"rendered":"<p>A nemzet sikeress\u00e9g\u00e9nek egyik z\u00e1loga a j\u00f3 fels\u0151oktat\u00e1s. Amikor egyetemeinkr\u0151l, f\u0151iskol\u00e1inkr\u00f3l sz\u00fcletik d\u00f6nt\u00e9s, a j\u00f6v\u0151nk a t\u00e9t. A j\u00f3 d\u00f6nt\u00e9s alapja a szakszer\u0171s\u00e9g, a megalapozotts\u00e1g, az \u00e1tgondolts\u00e1g, a k\u00f6vetkezm\u00e9nyek gondos sz\u00e1mbav\u00e9tele, az egy\u00fctt gondolkod\u00e1s az \u00e9rintettekkel: a tan\u00e1rokkal, hallgat\u00f3kkal, a csal\u00e1dokkal, a munkaad\u00f3kkal. Mi, a magyar egyetemek \u00e9s f\u0151iskol\u00e1k rektorai tudjuk, hogy a kor k\u00f6vetelm\u00e9nyeinek &hellip;<\/p>\n","protected":false},"author":12,"featured_media":14493,"comment_status":"closed","ping_status":"open","sticky":false,"template":"","format":"standard","meta":{"_acf_changed":false,"footnotes":""},"categories":[161,168],"tags":[188],"class_list":["post-14492","post","type-post","status-publish","format-standard","has-post-thumbnail","hentry","category-tudomany","category-kiemelt","tag-tudomanyos-hirek-rendezvenyek"],"acf":[],"_links":{"self":[{"href":"https:\/\/semmelweis.hu\/hirek\/wp-json\/wp\/v2\/posts\/14492","targetHints":{"allow":["GET"]}}],"collection":[{"href":"https:\/\/semmelweis.hu\/hirek\/wp-json\/wp\/v2\/posts"}],"about":[{"href":"https:\/\/semmelweis.hu\/hirek\/wp-json\/wp\/v2\/types\/post"}],"author":[{"embeddable":true,"href":"https:\/\/semmelweis.hu\/hirek\/wp-json\/wp\/v2\/users\/12"}],"replies":[{"embeddable":true,"href":"https:\/\/semmelweis.hu\/hirek\/wp-json\/wp\/v2\/comments?post=14492"}],"version-history":[{"count":1,"href":"https:\/\/semmelweis.hu\/hirek\/wp-json\/wp\/v2\/posts\/14492\/revisions"}],"predecessor-version":[{"id":14494,"href":"https:\/\/semmelweis.hu\/hirek\/wp-json\/wp\/v2\/posts\/14492\/revisions\/14494"}],"wp:featuredmedia":[{"embeddable":true,"href":"https:\/\/semmelweis.hu\/hirek\/wp-json\/wp\/v2\/media\/14493"}],"wp:attachment":[{"href":"https:\/\/semmelweis.hu\/hirek\/wp-json\/wp\/v2\/media?parent=14492"}],"wp:term":[{"taxonomy":"category","embeddable":true,"href":"https:\/\/semmelweis.hu\/hirek\/wp-json\/wp\/v2\/categories?post=14492"},{"taxonomy":"post_tag","embeddable":true,"href":"https:\/\/semmelweis.hu\/hirek\/wp-json\/wp\/v2\/tags?post=14492"}],"curies":[{"name":"wp","href":"https:\/\/api.w.org\/{rel}","templated":true}]}}