{"id":14383,"date":"2012-12-20T06:33:10","date_gmt":"2012-12-20T05:33:10","guid":{"rendered":"http:\/\/semmelweis-egyetem.hu\/hirek\/?p=14383"},"modified":"2017-08-29T13:51:29","modified_gmt":"2017-08-29T11:51:29","slug":"segithet-jobban-megerteni-a-betegsegeket-semmelweis-symposium-2012","status":"publish","type":"post","link":"https:\/\/semmelweis.hu\/hirek\/2012\/12\/20\/segithet-jobban-megerteni-a-betegsegeket-semmelweis-symposium-2012\/","title":{"rendered":"&#8222;Seg\u00edthet jobban meg\u00e9rteni a betegs\u00e9geket&#8221;: Semmelweis Symposium 2012"},"content":{"rendered":"<p>\n<!-- iframe plugin v.4.9 wordpress.org\/plugins\/iframe\/ -->\n<iframe loading=\"lazy\" src=\"https:\/\/www.youtube.com\/embed\/j8p7ivgIgJg?feature=player_detailpage\" frameborder=\"0\" width=\"640\" height=\"360\" scrolling=\"yes\" class=\"iframe-class\"><\/iframe>\n<br \/>\nDr. Nagy L\u00e1szl\u00f3 kutat\u00f3professzor a Semmelweis Symposiumon besz\u00e9lt a szem\u00e9lyre szabott orvosl\u00e1s el\u0151tt \u00e1ll\u00f3 kih\u00edv\u00e1sokr\u00f3l, k\u00f6z\u00e9ppontba \u00e1ll\u00edtva az orvosl\u00e1s hat\u00e9konys\u00e1g\u00e1nak n\u00f6vel\u00e9s\u00e9t az \u00faj technol\u00f3gi\u00e1k alkalmaz\u00e1s\u00e1val.<\/p>\n<p>SzZs<\/p>\n","protected":false},"excerpt":{"rendered":"<p>Dr. Nagy L\u00e1szl\u00f3 kutat\u00f3professzor a Semmelweis Symposiumon besz\u00e9lt a szem\u00e9lyre szabott orvosl\u00e1s el\u0151tt \u00e1ll\u00f3 kih\u00edv\u00e1sokr\u00f3l, k\u00f6z\u00e9ppontba \u00e1ll\u00edtva az orvosl\u00e1s hat\u00e9konys\u00e1g\u00e1nak n\u00f6vel\u00e9s\u00e9t az \u00faj technol\u00f3gi\u00e1k alkalmaz\u00e1s\u00e1val.<br \/>\nSzZs<\/p>\n","protected":false},"author":10,"featured_media":14385,"comment_status":"closed","ping_status":"open","sticky":false,"template":"","format":"standard","meta":{"_acf_changed":false,"footnotes":""},"categories":[161,168],"tags":[4091,188],"class_list":["post-14383","post","type-post","status-publish","format-standard","has-post-thumbnail","hentry","category-tudomany","category-kiemelt","tag-semmelweis-szimpozium","tag-tudomanyos-hirek-rendezvenyek"],"acf":[],"_links":{"self":[{"href":"https:\/\/semmelweis.hu\/hirek\/wp-json\/wp\/v2\/posts\/14383","targetHints":{"allow":["GET"]}}],"collection":[{"href":"https:\/\/semmelweis.hu\/hirek\/wp-json\/wp\/v2\/posts"}],"about":[{"href":"https:\/\/semmelweis.hu\/hirek\/wp-json\/wp\/v2\/types\/post"}],"author":[{"embeddable":true,"href":"https:\/\/semmelweis.hu\/hirek\/wp-json\/wp\/v2\/users\/10"}],"replies":[{"embeddable":true,"href":"https:\/\/semmelweis.hu\/hirek\/wp-json\/wp\/v2\/comments?post=14383"}],"version-history":[{"count":2,"href":"https:\/\/semmelweis.hu\/hirek\/wp-json\/wp\/v2\/posts\/14383\/revisions"}],"predecessor-version":[{"id":14386,"href":"https:\/\/semmelweis.hu\/hirek\/wp-json\/wp\/v2\/posts\/14383\/revisions\/14386"}],"wp:featuredmedia":[{"embeddable":true,"href":"https:\/\/semmelweis.hu\/hirek\/wp-json\/wp\/v2\/media\/14385"}],"wp:attachment":[{"href":"https:\/\/semmelweis.hu\/hirek\/wp-json\/wp\/v2\/media?parent=14383"}],"wp:term":[{"taxonomy":"category","embeddable":true,"href":"https:\/\/semmelweis.hu\/hirek\/wp-json\/wp\/v2\/categories?post=14383"},{"taxonomy":"post_tag","embeddable":true,"href":"https:\/\/semmelweis.hu\/hirek\/wp-json\/wp\/v2\/tags?post=14383"}],"curies":[{"name":"wp","href":"https:\/\/api.w.org\/{rel}","templated":true}]}}