{"id":14374,"date":"2012-12-14T06:20:48","date_gmt":"2012-12-14T05:20:48","guid":{"rendered":"http:\/\/semmelweis-egyetem.hu\/hirek\/?p=14374"},"modified":"2017-08-29T13:51:39","modified_gmt":"2017-08-29T11:51:39","slug":"uj-filozofia-az-ellatasban-semmelweis-symposium-2012","status":"publish","type":"post","link":"https:\/\/semmelweis.hu\/hirek\/2012\/12\/14\/uj-filozofia-az-ellatasban-semmelweis-symposium-2012\/","title":{"rendered":"\u00daj filoz\u00f3fia az ell\u00e1t\u00e1sban: Semmelweis Symposium 2012"},"content":{"rendered":"\n<!-- iframe plugin v.4.9 wordpress.org\/plugins\/iframe\/ -->\n<iframe loading=\"lazy\" src=\"https:\/\/www.youtube.com\/embed\/SOwVS2Hh0KY?feature=player_detailpage\" frameborder=\"0\" width=\"640\" height=\"360\" scrolling=\"yes\" class=\"iframe-class\"><\/iframe>\n\n<p>Dr. Olga Golubnitschaja, az EPMMA f\u0151titk\u00e1ra predikt\u00edv diagnosztika, c\u00e9lzott prevent\u00edv int\u00e9zked\u00e9sek \u00e9s szem\u00e9lyre szabott kezel\u00e9sek: \u00faj filoz\u00f3fia az ell\u00e1t\u00e1sban c\u00edmmel tartott el\u0151ad\u00e1st a Semmelweis Symposiumon. Ennek kapcs\u00e1n k\u00e9sz\u00fclt vele az interj\u00fa.<\/p>\n<p>SzZs<\/p>\n","protected":false},"excerpt":{"rendered":"<p>Dr. Olga Golubnitschaja, az EPMMA f\u0151titk\u00e1ra predikt\u00edv diagnosztika, c\u00e9lzott prevent\u00edv int\u00e9zked\u00e9sek \u00e9s szem\u00e9lyre szabott kezel\u00e9sek: \u00faj filoz\u00f3fia az ell\u00e1t\u00e1sban c\u00edmmel tartott el\u0151ad\u00e1st a Semmelweis Symposiumon. Ennek kapcs\u00e1n k\u00e9sz\u00fclt vele az interj\u00fa.<br \/>\nSzZs<\/p>\n","protected":false},"author":10,"featured_media":14381,"comment_status":"closed","ping_status":"open","sticky":false,"template":"","format":"standard","meta":{"_acf_changed":false,"footnotes":""},"categories":[161,168],"tags":[4091,188],"class_list":["post-14374","post","type-post","status-publish","format-standard","has-post-thumbnail","hentry","category-tudomany","category-kiemelt","tag-semmelweis-szimpozium","tag-tudomanyos-hirek-rendezvenyek"],"acf":[],"_links":{"self":[{"href":"https:\/\/semmelweis.hu\/hirek\/wp-json\/wp\/v2\/posts\/14374","targetHints":{"allow":["GET"]}}],"collection":[{"href":"https:\/\/semmelweis.hu\/hirek\/wp-json\/wp\/v2\/posts"}],"about":[{"href":"https:\/\/semmelweis.hu\/hirek\/wp-json\/wp\/v2\/types\/post"}],"author":[{"embeddable":true,"href":"https:\/\/semmelweis.hu\/hirek\/wp-json\/wp\/v2\/users\/10"}],"replies":[{"embeddable":true,"href":"https:\/\/semmelweis.hu\/hirek\/wp-json\/wp\/v2\/comments?post=14374"}],"version-history":[{"count":1,"href":"https:\/\/semmelweis.hu\/hirek\/wp-json\/wp\/v2\/posts\/14374\/revisions"}],"predecessor-version":[{"id":63007,"href":"https:\/\/semmelweis.hu\/hirek\/wp-json\/wp\/v2\/posts\/14374\/revisions\/63007"}],"wp:featuredmedia":[{"embeddable":true,"href":"https:\/\/semmelweis.hu\/hirek\/wp-json\/wp\/v2\/media\/14381"}],"wp:attachment":[{"href":"https:\/\/semmelweis.hu\/hirek\/wp-json\/wp\/v2\/media?parent=14374"}],"wp:term":[{"taxonomy":"category","embeddable":true,"href":"https:\/\/semmelweis.hu\/hirek\/wp-json\/wp\/v2\/categories?post=14374"},{"taxonomy":"post_tag","embeddable":true,"href":"https:\/\/semmelweis.hu\/hirek\/wp-json\/wp\/v2\/tags?post=14374"}],"curies":[{"name":"wp","href":"https:\/\/api.w.org\/{rel}","templated":true}]}}