{"id":143221,"date":"2024-08-05T06:00:40","date_gmt":"2024-08-05T04:00:40","guid":{"rendered":"https:\/\/semmelweis.hu\/hirek\/?p=143221"},"modified":"2024-08-05T10:06:56","modified_gmt":"2024-08-05T08:06:56","slug":"arcrekonstrukcio-labszarcsontbol-specialis-helyreallito-muteteket-vegeznek-a-steg-plasztikai-sebeszei","status":"publish","type":"post","link":"https:\/\/semmelweis.hu\/hirek\/2024\/08\/05\/arcrekonstrukcio-labszarcsontbol-specialis-helyreallito-muteteket-vegeznek-a-steg-plasztikai-sebeszei\/","title":{"rendered":"Arcrekonstrukci\u00f3 l\u00e1bsz\u00e1rcsontb\u00f3l \u2013 speci\u00e1lis helyre\u00e1ll\u00edt\u00f3 m\u0171t\u00e9teket v\u00e9geznek a ST\u00e9G plasztikai seb\u00e9szei"},"content":{"rendered":"<div class=\"lead\">T\u00f6bb egyetemi klinik\u00e1val egy\u00fcttm\u0171k\u00f6d\u00e9sben v\u00e9gez speci\u00e1lis helyre\u00e1ll\u00edt\u00f3 m\u0171t\u00e9teket a Seb\u00e9szeti, Transzplant\u00e1ci\u00f3s \u00e9s Gasztroenterol\u00f3giai Klinika (ST\u00e9G) munkacsoportja. A beteg saj\u00e1t test\u00e9b\u0151l nyert sz\u00f6vet vagy csont felhaszn\u00e1l\u00e1s\u00e1val, mikroseb\u00e9szeti elj\u00e1r\u00e1ssal v\u00e9grehajtott onkol\u00f3giai rekonstrukci\u00f3k nem puszt\u00e1n eszt\u00e9tikai c\u00e9lt szolg\u00e1lnak, hanem komoly javul\u00e1st jelentenek a betegek \u00e9letmin\u0151s\u00e9g\u00e9nek szempontj\u00e1b\u00f3l is.<\/div>\n<div><a href=\"https:\/\/semmelweis.hu\/hirek\/files\/2024\/07\/RS198073_433A2385-scr.jpg\"><img loading=\"lazy\" decoding=\"async\" class=\"aligncenter size-full wp-image-143243\" src=\"https:\/\/semmelweis.hu\/hirek\/files\/2024\/07\/RS198073_433A2385-scr.jpg\" alt=\"\" width=\"1200\" height=\"800\" srcset=\"https:\/\/semmelweis.hu\/hirek\/files\/2024\/07\/RS198073_433A2385-scr.jpg 1200w, https:\/\/semmelweis.hu\/hirek\/files\/2024\/07\/RS198073_433A2385-scr-400x267.jpg 400w, https:\/\/semmelweis.hu\/hirek\/files\/2024\/07\/RS198073_433A2385-scr-900x600.jpg 900w, https:\/\/semmelweis.hu\/hirek\/files\/2024\/07\/RS198073_433A2385-scr-768x512.jpg 768w, https:\/\/semmelweis.hu\/hirek\/files\/2024\/07\/RS198073_433A2385-scr-753x502.jpg 753w, https:\/\/semmelweis.hu\/hirek\/files\/2024\/07\/RS198073_433A2385-scr-203x135.jpg 203w\" sizes=\"auto, (max-width: 1200px) 100vw, 1200px\" \/><\/a><\/div>\n<p>A munkacsoport vezet\u0151je, dr. Kl\u00e1rik Zolt\u00e1n egyetemi adjunktus ismertette, hogy a Seb\u00e9szeti, Transzplant\u00e1ci\u00f3s \u00e9s Gasztroenterol\u00f3giai Klinik\u00e1n (ST\u00e9G) az els\u0151dleges feladatuk az eml\u0151daganatos, illetve egy\u00e9b okb\u00f3l eml\u0151seb\u00e9szeti kezel\u00e9sen \u00e1tesett betegek ell\u00e1t\u00e1sa. Ugyanakkor, tekintettel arra, hogy a plasztikai seb\u00e9szet multidiszciplin\u00e1ris szakma, nagyon sok szakter\u00fclettel egy\u00fcttm\u0171k\u00f6dnek: els\u0151sorban olyan hat\u00e1rter\u00fcletekkel dolgoznak egy\u00fctt, ahol elengedhetetlen az, hogy azonnali helyre\u00e1ll\u00edt\u00e1st v\u00e9gezzenek \u2013 tette hozz\u00e1.<\/p>\n<p><a href=\"https:\/\/semmelweis.hu\/hirek\/files\/2024\/07\/RS197434_433A7995-scr.jpg\"><img loading=\"lazy\" decoding=\"async\" class=\"alignleft  wp-image-143225\" src=\"https:\/\/semmelweis.hu\/hirek\/files\/2024\/07\/RS197434_433A7995-scr-267x400.jpg\" alt=\"\" width=\"298\" height=\"446\" srcset=\"https:\/\/semmelweis.hu\/hirek\/files\/2024\/07\/RS197434_433A7995-scr-267x400.jpg 267w, https:\/\/semmelweis.hu\/hirek\/files\/2024\/07\/RS197434_433A7995-scr-533x800.jpg 533w, https:\/\/semmelweis.hu\/hirek\/files\/2024\/07\/RS197434_433A7995-scr.jpg 600w\" sizes=\"auto, (max-width: 298px) 100vw, 298px\" \/><\/a>Jellemz\u0151en a F\u00fcl-Orr-G\u00e9g\u00e9szeti \u00e9s Fej-Nyakseb\u00e9szeti Klinika, az Arc-\u00c1llcsont-Sz\u00e1jseb\u00e9szeti \u00e9s Fog\u00e1szati Klinika, az Ortop\u00e9diai Klinika, a Traumatol\u00f3giai Klinika \u00e9s a B\u0151r-, Nemik\u00f3rtani \u00e9s B\u0151ronkol\u00f3giai Klinika betegeinek plasztikai m\u0171t\u00e9tjeit l\u00e1tj\u00e1k el, de van <a href=\"https:\/\/semmelweis.hu\/hirek\/2024\/06\/19\/labszarbol-kivett-ideggel-mentettek-meg-egy-beteg-latasat-a-semmelweis-egyetemen\/\" target=\"_blank\" rel=\"noopener\">kollabor\u00e1ci\u00f3juk a Szem\u00e9szeti Klinik\u00e1val<\/a> is, \u00e9s legut\u00f3bb a V\u00e1rosmajori Sz\u00edv- \u00e9s \u00c9rgy\u00f3gy\u00e1szati Klinik\u00e1n egy sz\u00edvm\u0171t\u00e9ten \u00e1tesett beteg mellkasfali deformit\u00e1s\u00e1t, hi\u00e1ny\u00e1t kellett p\u00f3tolniuk \u2013 sorolta az adjunktus.<\/p>\n<p>\u201eSzerencs\u00e9re m\u00e1r kezd kialakulni az egyetemi k\u00f6ztudatban, hogy milyen szerepet tudunk bet\u00f6lteni m\u00e1s klinik\u00e1k \u00e9let\u00e9ben, \u00e9s egyre t\u00f6bb megkeres\u00e9s \u00e9rkezik fel\u00e9nk, hogy a m\u00e1r megoldhatatlannak t\u0171n\u0151 esetekben vegy\u00fcnk r\u00e9szt \u00e9s pr\u00f3b\u00e1ljunk meg valami rekonstrukci\u00f3t kital\u00e1lni\u201d \u2013 mondta dr. Kl\u00e1rik Zolt\u00e1n.<\/p>\n<p>A munkacsoport vezet\u0151je az egyetem elv\u00e9gz\u00e9s\u00e9t k\u00f6vet\u0151en kutat\u00e1ssal kezdett el foglalkozni, legf\u0151bb \u00e9rdekl\u0151d\u00e9si ter\u00fclete a mikroseb\u00e9szeti technik\u00e1k voltak: egy nagy\u00edt\u00f3 eszk\u00f6z alatt speci\u00e1lis m\u0171szerparkkal 2-3 millim\u00e9teres nagys\u00e1g\u00fa k\u00e9pleteket (ideg, \u00e9r, v\u00e9na vagy art\u00e9ria) kellett \u00f6sszevarrnia olyan technik\u00e1val, amit a szakorvosjel\u00f6lt k\u00e9pz\u00e9se alatt saj\u00e1t\u00edtott el az Orsz\u00e1gos Onkol\u00f3giai Int\u00e9zetben, ahol a fej-nyak seb\u00e9szeti oszt\u00e1lyon dolgozott. \u201eAmikor az egyetemre j\u00f6ttem, akkor ezt a technik\u00e1t pr\u00f3b\u00e1ltam jobban elsaj\u00e1t\u00edtani \u00e9s integr\u00e1lni\u201d \u2013 ismertette.<\/p>\n<p><a href=\"https:\/\/semmelweis.hu\/hirek\/files\/2024\/07\/RS198055_433A2291-scr.jpg\"><img loading=\"lazy\" decoding=\"async\" class=\"alignright size-medium wp-image-143224\" src=\"https:\/\/semmelweis.hu\/hirek\/files\/2024\/07\/RS198055_433A2291-scr-400x267.jpg\" alt=\"\" width=\"400\" height=\"267\" srcset=\"https:\/\/semmelweis.hu\/hirek\/files\/2024\/07\/RS198055_433A2291-scr-400x267.jpg 400w, https:\/\/semmelweis.hu\/hirek\/files\/2024\/07\/RS198055_433A2291-scr-900x600.jpg 900w, https:\/\/semmelweis.hu\/hirek\/files\/2024\/07\/RS198055_433A2291-scr-768x512.jpg 768w, https:\/\/semmelweis.hu\/hirek\/files\/2024\/07\/RS198055_433A2291-scr-753x502.jpg 753w, https:\/\/semmelweis.hu\/hirek\/files\/2024\/07\/RS198055_433A2291-scr-203x135.jpg 203w, https:\/\/semmelweis.hu\/hirek\/files\/2024\/07\/RS198055_433A2291-scr.jpg 1200w\" sizes=\"auto, (max-width: 400px) 100vw, 400px\" \/><\/a>A legels\u0151 m\u0171t\u00e9t, amit itt v\u00e9gzett el, egy ortop\u00e9diai beavatkoz\u00e1s ut\u00e1n t\u00f6bb mint f\u00e9l \u00e9ve k\u00f3rh\u00e1zban tart\u00f3zkod\u00f3 n\u0151i beteg esete volt olyan \u00edz\u00fcleti \u00e9rintetts\u00e9g\u0171 alapbetegs\u00e9ggel, ami miatt a cs\u00edp\u0151je, t\u00e9rde is prot\u00e9zissel volt ell\u00e1tva. Az egyik m\u0171t\u00e9tje ut\u00e1n fell\u00e9pett egy infekci\u00f3, egy gyullad\u00e1sos folyamat, ami konzervat\u00edv kezel\u00e9sre nem gy\u00f3gyult. V\u00e9g\u00fcl a ST\u00e9G \u00e9s Ortop\u00e9dia Klinika munkat\u00e1rsai olyan speci\u00e1lis m\u0171t\u00e9tet v\u00e9geztek el a v\u00e9gtagon, aminek eredm\u00e9nyek\u00e9ppen a beteg r\u00f6vid id\u0151 m\u00falva otthon\u00e1ba t\u00e1vozhatott.<\/p>\n<p>A fej-nyakseb\u00e9szet ter\u00fclet\u00e9n egy daganat elt\u00e1vol\u00edt\u00e1sakor hi\u00e1ny keletkezik a sz\u00e1j\u00fcregben vagy a garaton, amit nem biztos, hogy lehet helyi vagy region\u00e1lis lebenyekkel z\u00e1rni, hanem speci\u00e1lis m\u0171t\u00e9ti technik\u00e1val tudunk elfedni \u2013 ismertette dr. Kl\u00e1rik Zolt\u00e1n. A sz\u00e1jseb\u00e9szeten nagy sz\u00e1mban oper\u00e1lnak sz\u00e1j\u00fcregi daganatokat, amit \u00fan. szabad lebenyes m\u0171t\u00e9ti technik\u00e1val szoktunk z\u00e1rni, ami azt jelenti, hogy az emberi testb\u0151l, ak\u00e1r annak egy t\u00e1volabbi pontj\u00e1r\u00f3l b\u0151r- \u00e9s izomsz\u00f6vetet t\u00e1vol\u00edtunk el v\u00e9rell\u00e1t\u00e1ssal egy\u00fctt, ami sz\u00e1m\u00e1ra a \u201etranszplant\u00e1ci\u00f3\u201d sor\u00e1n keres\u00fcnk egy befogad\u00f3 \u00e9rh\u00e1l\u00f3zatot, \u00e9s speci\u00e1lis mikroseb\u00e9szeti technik\u00e1kkal \u00f6sszeillesztj\u00fck, \u00edgy biztos\u00edtva a sz\u00f6vet v\u00e9rkering\u00e9s\u00e9t \u2013 magyar\u00e1zta a plasztikai seb\u00e9sz.<\/p>\n<p><a href=\"https:\/\/semmelweis.hu\/hirek\/files\/2024\/07\/RS198070_433A2367-scr.jpg\"><img loading=\"lazy\" decoding=\"async\" class=\"alignleft size-medium wp-image-143226\" src=\"https:\/\/semmelweis.hu\/hirek\/files\/2024\/07\/RS198070_433A2367-scr-400x267.jpg\" alt=\"\" width=\"400\" height=\"267\" srcset=\"https:\/\/semmelweis.hu\/hirek\/files\/2024\/07\/RS198070_433A2367-scr-400x267.jpg 400w, https:\/\/semmelweis.hu\/hirek\/files\/2024\/07\/RS198070_433A2367-scr-900x600.jpg 900w, https:\/\/semmelweis.hu\/hirek\/files\/2024\/07\/RS198070_433A2367-scr-768x512.jpg 768w, https:\/\/semmelweis.hu\/hirek\/files\/2024\/07\/RS198070_433A2367-scr-753x502.jpg 753w, https:\/\/semmelweis.hu\/hirek\/files\/2024\/07\/RS198070_433A2367-scr-203x135.jpg 203w, https:\/\/semmelweis.hu\/hirek\/files\/2024\/07\/RS198070_433A2367-scr.jpg 1200w\" sizes=\"auto, (max-width: 400px) 100vw, 400px\" \/><\/a>Hozz\u00e1tette: nagyon sok csontp\u00f3tl\u00f3 m\u0171t\u00e9tet is v\u00e9geznek a sz\u00e1jseb\u00e9sz koll\u00e9g\u00e1kkal, j\u00f3- \u00e9s rosszindulat\u00fa daganatos elv\u00e1ltoz\u00e1st k\u00f6vet\u0151en. Ilyenkor a l\u00e1bb\u00f3l vesznek ki egy csontdarabot, ezt megform\u00e1lj\u00e1k speci\u00e1lis 3D sablonok seg\u00edts\u00e9g\u00e9vel, \u00e9s \u00fagy pr\u00f3b\u00e1lj\u00e1k meg kialak\u00edtani az \u00e1llkapocs form\u00e1j\u00e1t. Fontos, hogy ilyenkor saj\u00e1t szervezetb\u0151l nyert anyagot haszn\u00e1lunk, ami k\u00e9s\u0151bb nem fog kil\u00f6k\u0151dni \u2013 hangs\u00falyozta. A l\u00e1bb\u00f3l kivett csontot ilyenkor \u201efel\u00e1ldozzuk\u201d ugyan, de ez nem befoly\u00e1solja a beteg mozg\u00e1s\u00e1t vagy \u00e9letmin\u0151s\u00e9g\u00e9t \u2013 tette hozz\u00e1.<\/p>\n<p>A f\u00fcl-orr-g\u00e9g\u00e9szekkel t\u00f6bbnyire nyelvet, sz\u00e1jfeneket vagy garatot \u00e9rint\u0151 daganatok ell\u00e1t\u00e1s\u00e1ban dolgozunk egy\u00fctt \u2013 folytatta az eseteket dr. Kl\u00e1rik Zolt\u00e1n. Alkarr\u00f3l vagy combr\u00f3l vett b\u0151rsz\u00f6vettel p\u00f3tolni tudj\u00e1k a sz\u00e1j\u00fcreg \u00e9s nyak k\u00f6z\u00f6tti hi\u00e1nyt, illetve egy olyan \u201evolument\u201d k\u00e9pezni a sz\u00e1jba, ami visszaadja valamennyire a nyelv funkci\u00f3j\u00e1t is, hogy tudjon nyelni a p\u00e1ciens.<\/p>\n<div class=\"fontos_div\">\n<p>Ahogy a felsorolt elj\u00e1r\u00e1sokb\u00f3l l\u00e1tszik, ezek a plasztikai m\u0171t\u00e9tek messze t\u00f6bbet jelentenek a betegeknek, mint puszt\u00e1n az onkol\u00f3giai szempontok \u2013 sz\u00f6gezte le az adjunktus: a rekonstrukci\u00f3s beavatkoz\u00e1sok az \u00e9letmin\u0151s\u00e9g javul\u00e1sa mellett funkci\u00f3megtart\u00f3 szerepet is ell\u00e1tnak, valamint eszt\u00e9tikai szempontb\u00f3l is el\u0151ny\u00f6sebb opci\u00f3t biztos\u00edthatnak a betegeknek.<\/p>\n<\/div>\n<p>Dr. Kl\u00e1rik Zolt\u00e1n lehets\u00e9gesnek tartja, hogy tov\u00e1bbi klinik\u00e1kkal is egy\u00fcttm\u0171k\u00f6djenek a munkacsoport b\u0151v\u00edt\u00e9s\u00e9t k\u00f6vet\u0151en. A team tagjai m\u00e9g dr. Bogn\u00e1r G\u00e1bor egyetemi docens, dr. P\u00e1lh\u00e1zy T\u00edmea egyetemi tan\u00e1rseg\u00e9d, dr. Jancs\u00f3 M\u00e1t\u00e9 klinikai szakorvos \u2013 sorolta munkat\u00e1rsait dr. Kl\u00e1rik Zolt\u00e1n, hozz\u00e1t\u00e9ve, hogy n\u00e9h\u00e1ny szakorvosjel\u00f6lt koll\u00e9ga is r\u00e9szt vesz a team munk\u00e1j\u00e1ban. Hangs\u00falyozta, hogy a klinika igazgat\u00f3ja, dr. Szij\u00e1rt\u00f3 Attila t\u00e1mogatja \u0151ket abban, hogy a ST\u00e9G-en v\u00e9gzett munk\u00e1juk mellett m\u00e1s klinik\u00e1kra is el tudjanak menni.<\/p>\n<p>Keresztes Eszter<br \/>\nFot\u00f3: Barta B\u00e1lint \u2013 Semmelweis Egyetem<\/p>\n","protected":false},"excerpt":{"rendered":"<p>Az onkol\u00f3giai rekonstrukci\u00f3k komoly javul\u00e1st jelentenek a betegek \u00e9letmin\u0151s\u00e9g\u00e9nek szempontj\u00e1b\u00f3l.<\/p>\n","protected":false},"author":101132,"featured_media":143223,"comment_status":"closed","ping_status":"closed","sticky":false,"template":"","format":"standard","meta":{"_acf_changed":false,"footnotes":""},"categories":[154,168],"tags":[156],"class_list":["post-143221","post","type-post","status-publish","format-standard","has-post-thumbnail","hentry","category-egeszseg","category-kiemelt","tag-gyogyitas"],"acf":[],"_links":{"self":[{"href":"https:\/\/semmelweis.hu\/hirek\/wp-json\/wp\/v2\/posts\/143221","targetHints":{"allow":["GET"]}}],"collection":[{"href":"https:\/\/semmelweis.hu\/hirek\/wp-json\/wp\/v2\/posts"}],"about":[{"href":"https:\/\/semmelweis.hu\/hirek\/wp-json\/wp\/v2\/types\/post"}],"author":[{"embeddable":true,"href":"https:\/\/semmelweis.hu\/hirek\/wp-json\/wp\/v2\/users\/101132"}],"replies":[{"embeddable":true,"href":"https:\/\/semmelweis.hu\/hirek\/wp-json\/wp\/v2\/comments?post=143221"}],"version-history":[{"count":7,"href":"https:\/\/semmelweis.hu\/hirek\/wp-json\/wp\/v2\/posts\/143221\/revisions"}],"predecessor-version":[{"id":143563,"href":"https:\/\/semmelweis.hu\/hirek\/wp-json\/wp\/v2\/posts\/143221\/revisions\/143563"}],"wp:featuredmedia":[{"embeddable":true,"href":"https:\/\/semmelweis.hu\/hirek\/wp-json\/wp\/v2\/media\/143223"}],"wp:attachment":[{"href":"https:\/\/semmelweis.hu\/hirek\/wp-json\/wp\/v2\/media?parent=143221"}],"wp:term":[{"taxonomy":"category","embeddable":true,"href":"https:\/\/semmelweis.hu\/hirek\/wp-json\/wp\/v2\/categories?post=143221"},{"taxonomy":"post_tag","embeddable":true,"href":"https:\/\/semmelweis.hu\/hirek\/wp-json\/wp\/v2\/tags?post=143221"}],"curies":[{"name":"wp","href":"https:\/\/api.w.org\/{rel}","templated":true}]}}