{"id":140749,"date":"2024-06-11T06:00:39","date_gmt":"2024-06-11T04:00:39","guid":{"rendered":"https:\/\/semmelweis.hu\/hirek\/?p=140749"},"modified":"2024-06-11T08:12:03","modified_gmt":"2024-06-11T06:12:03","slug":"tiz-eves-a-karpat-medencei-konduktiv-pedagogiai-fejlesztes","status":"publish","type":"post","link":"https:\/\/semmelweis.hu\/hirek\/2024\/06\/11\/tiz-eves-a-karpat-medencei-konduktiv-pedagogiai-fejlesztes\/","title":{"rendered":"T\u00edz\u00e9ves a K\u00e1rp\u00e1t-medencei kondukt\u00edv pedag\u00f3giai fejleszt\u00e9s"},"content":{"rendered":"<div class=\"lead\">2014 j\u00fanius\u00e1ban kezd\u0151d\u00f6tt meg a Pet\u0151 Andr\u00e1s Kar (akkori Pet\u0151 Andr\u00e1s F\u0151iskola) \u00e9s az erd\u00e9lyi Kereszt\u00e9ny Ifj\u00fas\u00e1gi \u00e9s Diak\u00f3niai Alap\u00edtv\u00e1ny (KIDA) egy\u00fcttm\u0171k\u00f6d\u00e9se a Nemzetpolitikai \u00c1llamtitk\u00e1rs\u00e1g t\u00e1mogat\u00e1s\u00e1val. Az elm\u00falt \u00e9vtizedben 680 gyermek \u00e9s 644 feln\u0151tt nevel\u00e9se, valamint hozz\u00e1tartoz\u00f3ik t\u00e1mogat\u00e1sa val\u00f3sulhatott meg a kondukt\u00edv pedag\u00f3gia m\u00f3dszer\u00e9vel, 2017-t\u0151l pedig elindult a kar kihelyezett konduktor alapk\u00e9pz\u00e9se is. Az illyefalvi k\u00f6zpont \u00fcnnepi rendezv\u00e9ny\u00e9n az int\u00e9zm\u00e9ny igazgat\u00f3j\u00e1t, Kat\u00f3 Iboly\u00e1t t\u00edz\u00e9ves elk\u00f6telezett munk\u00e1j\u00e1\u00e9rt Pro Universitate \u00e9rdemrenddel t\u00fcntette ki a Semmelweis Egyetem vezet\u0151s\u00e9ge.<\/div>\n<p>Az \u00fcnnepi program nyit\u00e1nyak\u00e9nt Kat\u00f3 Ibolya int\u00e9zm\u00e9nyvezet\u0151 k\u00f6sz\u00f6netet mondott a programban r\u00e9sztvev\u0151 valamennyi szervezet \u00e9s szakember munk\u00e1j\u00e1\u00e9rt \u00e9s elhivatotts\u00e1g\u00e1\u00e9rt, valamint kiemelte az egym\u00e1sra tal\u00e1l\u00e1s, a szolidarit\u00e1s fontoss\u00e1g\u00e1t, a seg\u00edt\u0151- \u00e9s t\u00e1rsszakm\u00e1k szerep\u00e9t az egy\u00fcttm\u0171k\u00f6d\u00e9sben.<\/p>\n<p><a href=\"https:\/\/semmelweis.hu\/hirek\/files\/2024\/06\/Illyefalva-csoportkep.jpg\"><img loading=\"lazy\" decoding=\"async\" class=\"alignright wp-image-141104 size-medium\" src=\"https:\/\/semmelweis.hu\/hirek\/files\/2024\/06\/Illyefalva-csoportkep-400x259.jpg\" alt=\"\" width=\"400\" height=\"259\" srcset=\"https:\/\/semmelweis.hu\/hirek\/files\/2024\/06\/Illyefalva-csoportkep-400x259.jpg 400w, https:\/\/semmelweis.hu\/hirek\/files\/2024\/06\/Illyefalva-csoportkep-900x584.jpg 900w, https:\/\/semmelweis.hu\/hirek\/files\/2024\/06\/Illyefalva-csoportkep-768x498.jpg 768w, https:\/\/semmelweis.hu\/hirek\/files\/2024\/06\/Illyefalva-csoportkep-1536x996.jpg 1536w, https:\/\/semmelweis.hu\/hirek\/files\/2024\/06\/Illyefalva-csoportkep-753x488.jpg 753w, https:\/\/semmelweis.hu\/hirek\/files\/2024\/06\/Illyefalva-csoportkep.jpg 2048w\" sizes=\"auto, (max-width: 400px) 100vw, 400px\" \/><\/a>A Semmelweis Egyetem r\u00e9sz\u00e9r\u0151l dr. Pavlik L\u00edvia kancell\u00e1r k\u00f6sz\u00f6nt\u00f6tte a r\u00e9sztvev\u0151ket. Mint kifejtette, a hat\u00e1ron t\u00fali k\u00e9pz\u00e9s \u00f6sszhangban \u00e1ll az egyetem k\u00fcldet\u00e9s\u00e9vel, az oktat\u00e1s, kutat\u00e1s, betegell\u00e1t\u00e1s h\u00e1rmas egys\u00e9g\u00e9nek fokoz\u00e1s\u00e1val, az egyetem t\u00e1rsadalmi felel\u0151ss\u00e9gv\u00e1llal\u00e1s\u00e1val. A hat\u00e1ron t\u00fali ter\u00fcleteken v\u00e9gzett munka fokozza az egyetem nemzetk\u00f6zi l\u00e1that\u00f3s\u00e1g\u00e1t, rangsorokban elfoglalt hely\u00e9t. \u201eC\u00e9lunk az, hogy ennek seg\u00edts\u00e9g\u00e9vel m\u00e9g jobb ell\u00e1t\u00e1st ny\u00fajthassunk, illetve oktat\u00e1si tev\u00e9kenys\u00e9g\u00fcnk, kutat\u00e1si eredm\u00e9nyeink is tov\u00e1bb javulhassanak \u2013 azaz m\u00e9g t\u00f6bbet tudjunk tenni a betegek gy\u00f3gy\u00edt\u00e1s\u00e1\u00e9rt, az elesettek seg\u00edt\u00e9s\u00e9\u00e9rt\u201d \u2013 tette hozz\u00e1.<\/p>\n<p>Dr. Merkely B\u00e9la rektor vide\u00f3\u00fczenetben k\u00f6sz\u00f6nt\u00f6tte az esem\u00e9ny r\u00e9sztvev\u0151it. Kiemelte, hogy m\u00e1r a k\u00f6z\u00f6s munka els\u0151 \u00e9v\u00e9ben t\u00f6bb mint 80 erd\u00e9lyi honfit\u00e1rsunk r\u00e9sz\u00e9re ny\u00fajthattunk seg\u00edts\u00e9get a mindennapi \u00e9let lehet\u0151 legteljesebb meg\u00e9l\u00e9s\u00e9ben a kondukt\u00edv pedag\u00f3gia m\u00f3dszer\u00e9vel, valamint alig 3 \u00e9vvel a kezdetek ut\u00e1n elindulhatott a kar kihelyezett konduktork\u00e9pz\u00e9se, amely a r\u00e9gi\u00f3 gyermek \u00e9s feln\u0151tt kondukt\u00edv nevel\u00e9si ell\u00e1t\u00e1s\u00e1val egy\u00fctt a Semmelweis Egyetem egyik legfontosabb misszi\u00f3s t\u00e1rsadalmi szerepv\u00e1llal\u00e1s\u00e1t jelenti napjainkban is.<\/p>\n<blockquote>\n<p>K\u00f6z\u00f6s munk\u00e1nk eredm\u00e9nyek\u00e9ppen 116 konduktor seg\u00edts\u00e9g\u00e9vel 680 gyermek \u00e9s 644 feln\u0151tt r\u00e1szorul\u00f3t l\u00e1thattunk el, ny\u00fajthattunk t\u00e1mogat\u00e1st hozz\u00e1tartoz\u00f3ik sz\u00e1m\u00e1ra, \u00e9s seg\u00edthetj\u00fck \u00e9letmin\u0151s\u00e9g\u00fck javul\u00e1s\u00e1t<\/p>\n<\/blockquote>\n<p>\u2013 mutatott r\u00e1 a rektor.<\/p>\n<p><a href=\"https:\/\/semmelweis.hu\/hirek\/files\/2024\/06\/441853854_824225569278735_9069622891270728323_n.jpg\"><img loading=\"lazy\" decoding=\"async\" class=\"alignleft wp-image-141106 size-medium\" src=\"https:\/\/semmelweis.hu\/hirek\/files\/2024\/06\/441853854_824225569278735_9069622891270728323_n-400x299.jpg\" alt=\"\" width=\"400\" height=\"299\" srcset=\"https:\/\/semmelweis.hu\/hirek\/files\/2024\/06\/441853854_824225569278735_9069622891270728323_n-400x299.jpg 400w, https:\/\/semmelweis.hu\/hirek\/files\/2024\/06\/441853854_824225569278735_9069622891270728323_n-900x674.jpg 900w, https:\/\/semmelweis.hu\/hirek\/files\/2024\/06\/441853854_824225569278735_9069622891270728323_n-768x575.jpg 768w, https:\/\/semmelweis.hu\/hirek\/files\/2024\/06\/441853854_824225569278735_9069622891270728323_n-753x564.jpg 753w, https:\/\/semmelweis.hu\/hirek\/files\/2024\/06\/441853854_824225569278735_9069622891270728323_n.jpg 1170w\" sizes=\"auto, (max-width: 400px) 100vw, 400px\" \/><\/a>A helysz\u00edn\u00fcl v\u00e1lasztott konferenciaterem szimbolikus, mivel t\u00edz \u00e9ve, 2014 tavasz\u00e1n itt indultak el az els\u0151 foglalkoz\u00e1sok az akkori Pet\u0151 Andr\u00e1s F\u0151iskola szakembereinek seg\u00edts\u00e9g\u00e9vel. A foglalkoz\u00e1sok h\u00e1rom \u00e9vvel k\u00e9s\u0151bb az \u00faj \u00e9p\u00fcletbe k\u00f6lt\u00f6ztek, \u00e9s az \u00e9v szeptember\u00e9ben ott ind\u00edtotta els\u0151, budapesti sz\u00e9khely\u00e9n k\u00edv\u00fcli K\u00e1rp\u00e1t-medencei konduktork\u00e9pz\u00e9s\u00e9t a Semmelweis Egyetem Pet\u0151 Andr\u00e1s Kara (PAK), ahol eddig harminck\u00e9t hallgat\u00f3 v\u00e9gzett \u2013 ismertette dr. Tenk Mikl\u00f3sn\u00e9 dr. Zsebe Andrea, a Semmelweis Egyetem Pet\u0151 Andr\u00e1s Kar d\u00e9k\u00e1nja. K\u00f6sz\u00f6nt\u0151je v\u00e9g\u00e9n a d\u00e9k\u00e1n a Pet\u0151 Andr\u00e1s Kar leg\u00fajabb szakmai kiadv\u00e1nyait ny\u00fajtotta \u00e1t Kat\u00f3 Iboly\u00e1nak a Fejleszt\u0151k\u00f6zpont k\u00f6nyvt\u00e1ra jav\u00e1ra.<\/p>\n<div class=\"fontos_div\">\n<p>A kondukt\u00edv pedag\u00f3gia Erd\u00e9lyben val\u00f3 meghonos\u00edt\u00e1s\u00e1\u00e9rt, illetve a konduktork\u00e9pz\u00e9s elind\u00edt\u00e1s\u00e1\u00e9rt a Semmelweis Egyetem Pro Universitate \u00e9rdemrendj\u00e9t vehette \u00e1t Kat\u00f3 Ibolya, a Pet\u0151 Andr\u00e1s K\u00e9pz\u0151- \u00e9s Fejleszt\u0151k\u00f6zpont vezet\u0151je. A Pet\u0151 Andr\u00e1s Kar d\u00e9k\u00e1nja laud\u00e1ci\u00f3j\u00e1ban ismertette a d\u00edjazott szakmai \u00e9let\u00fatj\u00e1t, illetve kiemelte szem\u00e9ly\u00e9nek hidat k\u00e9pez\u0151 szerep\u00e9t a d\u00f6nt\u00e9shoz\u00f3k, a szakmai r\u00e9sztvev\u0151k, a r\u00e1szorultak, illetve a hallgat\u00f3k k\u00f6z\u00f6tt. Kat\u00f3 Ibolya k\u00f6sz\u00f6n\u0151besz\u00e9d\u00e9ben a d\u00edjat minden, a programban r\u00e9sztvev\u0151 munkat\u00e1rsnak, int\u00e9zm\u00e9nynek \u00e9s hallgat\u00f3nak aj\u00e1nlotta, akik nap mint nap lehet\u0151v\u00e9 teszik a program folytat\u00e1s\u00e1t \u00e9s kiteljesed\u00e9s\u00e9t Erd\u00e9ly-szerte.<\/p>\n<\/div>\n<p><a href=\"https:\/\/semmelweis.hu\/hirek\/files\/2024\/06\/or_peto-intezet2-1536x1024-1.jpg\"><img loading=\"lazy\" decoding=\"async\" class=\"aligncenter size-full wp-image-140751\" src=\"https:\/\/semmelweis.hu\/hirek\/files\/2024\/06\/or_peto-intezet2-1536x1024-1.jpg\" alt=\"\" width=\"1536\" height=\"1024\" srcset=\"https:\/\/semmelweis.hu\/hirek\/files\/2024\/06\/or_peto-intezet2-1536x1024-1.jpg 1536w, https:\/\/semmelweis.hu\/hirek\/files\/2024\/06\/or_peto-intezet2-1536x1024-1-400x267.jpg 400w, https:\/\/semmelweis.hu\/hirek\/files\/2024\/06\/or_peto-intezet2-1536x1024-1-900x600.jpg 900w, https:\/\/semmelweis.hu\/hirek\/files\/2024\/06\/or_peto-intezet2-1536x1024-1-768x512.jpg 768w, https:\/\/semmelweis.hu\/hirek\/files\/2024\/06\/or_peto-intezet2-1536x1024-1-753x502.jpg 753w, https:\/\/semmelweis.hu\/hirek\/files\/2024\/06\/or_peto-intezet2-1536x1024-1-203x135.jpg 203w\" sizes=\"auto, (max-width: 1536px) 100vw, 1536px\" \/><\/a><\/p>\n<p>Brendus R\u00e9ka, a Nemzetpolitikai \u00c1llamtitk\u00e1rs\u00e1g f\u0151oszt\u00e1lyvezet\u0151je besz\u00e9d\u00e9ben szem\u00e9lyes eml\u00e9kein kereszt\u00fcl mutatott r\u00e1 a kondukt\u00edv pedag\u00f3gia hat\u00e1ron t\u00fali jelenl\u00e9t\u00e9nek fontoss\u00e1g\u00e1ra. A rendezv\u00e9nyen a kondukt\u00edv pedag\u00f3giai fejleszt\u00e9sben r\u00e9sztvev\u0151 egykori neveltek, illetve \u00e9rintett sz\u00fcl\u0151k is megosztott\u00e1k a tapasztalataikat. A k\u00f6sz\u00f6nt\u0151k sor\u00e1t a kar kihelyezett k\u00e9pz\u00e9s\u00e9ben r\u00e9sztvev\u0151 hallgat\u00f3k \u00fcnnepi zen\u00e9s m\u0171sora ut\u00e1n Kat\u00f3 B\u00e9la p\u00fcsp\u00f6k besz\u00e9de z\u00e1rta. A jubileumi \u00fcnneps\u00e9g d\u00e9lut\u00e1n szakmai programmal folytat\u00f3dott, ahol az elm\u00falt t\u00edz \u00e9vben a K\u00e1rp\u00e1t-medencei feladatell\u00e1t\u00e1sban r\u00e9sztvev\u0151k foglalt\u00e1k \u00f6ssze tapasztalataikat.<\/p>\n<p><a href=\"https:\/\/semmelweis.hu\/pak\/2024\/06\/05\/tiz-eves-jubileumat-unnepli-a-karpat-medencei-konduktiv-pedagogiai-fejlesztes-erdelyben\/\" target=\"_blank\" rel=\"noopener\">A rendezv\u00e9nyr\u0151l b\u0151vebb besz\u00e1mol\u00f3 olvashat\u00f3 a Pet\u0151 Andr\u00e1s Kar honlapj\u00e1n.<\/a><\/p>\n<p>Vona Zs\u00f3fia<br \/>\nFot\u00f3: T\u00f6t\u00f6k Etele (hirmondo.ro); Makk \u00c1d\u00e1m<\/p>\n","protected":false},"excerpt":{"rendered":"<p>Eddig 680 gyermek \u00e9s 644 feln\u0151tt nevel\u00e9se val\u00f3sulhatott meg a kondukt\u00edv pedag\u00f3gia m\u00f3dszer\u00e9vel.<\/p>\n","protected":false},"author":101132,"featured_media":140751,"comment_status":"closed","ping_status":"closed","sticky":false,"template":"","format":"standard","meta":{"_acf_changed":false,"footnotes":""},"categories":[3533,168],"tags":[4041],"class_list":["post-140749","post","type-post","status-publish","format-standard","has-post-thumbnail","hentry","category-hallgatok-oktatas","category-kiemelt","tag-pak"],"acf":[],"_links":{"self":[{"href":"https:\/\/semmelweis.hu\/hirek\/wp-json\/wp\/v2\/posts\/140749","targetHints":{"allow":["GET"]}}],"collection":[{"href":"https:\/\/semmelweis.hu\/hirek\/wp-json\/wp\/v2\/posts"}],"about":[{"href":"https:\/\/semmelweis.hu\/hirek\/wp-json\/wp\/v2\/types\/post"}],"author":[{"embeddable":true,"href":"https:\/\/semmelweis.hu\/hirek\/wp-json\/wp\/v2\/users\/101132"}],"replies":[{"embeddable":true,"href":"https:\/\/semmelweis.hu\/hirek\/wp-json\/wp\/v2\/comments?post=140749"}],"version-history":[{"count":11,"href":"https:\/\/semmelweis.hu\/hirek\/wp-json\/wp\/v2\/posts\/140749\/revisions"}],"predecessor-version":[{"id":141164,"href":"https:\/\/semmelweis.hu\/hirek\/wp-json\/wp\/v2\/posts\/140749\/revisions\/141164"}],"wp:featuredmedia":[{"embeddable":true,"href":"https:\/\/semmelweis.hu\/hirek\/wp-json\/wp\/v2\/media\/140751"}],"wp:attachment":[{"href":"https:\/\/semmelweis.hu\/hirek\/wp-json\/wp\/v2\/media?parent=140749"}],"wp:term":[{"taxonomy":"category","embeddable":true,"href":"https:\/\/semmelweis.hu\/hirek\/wp-json\/wp\/v2\/categories?post=140749"},{"taxonomy":"post_tag","embeddable":true,"href":"https:\/\/semmelweis.hu\/hirek\/wp-json\/wp\/v2\/tags?post=140749"}],"curies":[{"name":"wp","href":"https:\/\/api.w.org\/{rel}","templated":true}]}}