{"id":140418,"date":"2024-06-12T06:00:30","date_gmt":"2024-06-12T04:00:30","guid":{"rendered":"https:\/\/semmelweis.hu\/hirek\/?p=140418"},"modified":"2026-04-01T13:54:48","modified_gmt":"2026-04-01T11:54:48","slug":"dr-zrinyi-miklos-meg-nem-jottem-ra-hogy-mi-az-amit-szivesen-csinalnek-a-munka-helyett","status":"publish","type":"post","link":"https:\/\/semmelweis.hu\/hirek\/2024\/06\/12\/dr-zrinyi-miklos-meg-nem-jottem-ra-hogy-mi-az-amit-szivesen-csinalnek-a-munka-helyett\/","title":{"rendered":"Dr. Zr\u00ednyi Mikl\u00f3s: M\u00e9g nem j\u00f6ttem r\u00e1, hogy mi az, amit sz\u00edvesen csin\u00e1ln\u00e9k a munka helyett"},"content":{"rendered":"<div class=\"lead\">Id\u00e9n lesz 75 \u00e9ves, de m\u00e9g mindig t\u00f6bb orsz\u00e1gban tan\u00edt, kutat. Tudom\u00e1nyos munk\u00e1ss\u00e1ga elismer\u00e9sek\u00e9pp <a href=\"https:\/\/semmelweis.hu\/hirek\/2024\/03\/15\/allami-kituntetesek-az-egyetem-munkatarsainak-marcius-15-e-alkalmabol\/\" target=\"_blank\" rel=\"noopener\">m\u00e1rcius 15-e alkalm\u00e1val Sz\u00e9chenyi-d\u00edjjal t\u00fcntette ki<\/a> dr. Zr\u00ednyi Mikl\u00f3st, a Semmelweis Egyetem Biofizikai \u00e9s Sug\u00e1rbiol\u00f3giai Int\u00e9zete professor emeritus\u00e1t, az int\u00e9zet Nanok\u00e9miai Kutat\u00f3csoportj\u00e1nak megalap\u00edt\u00f3j\u00e1t, az egyetem Gy\u00f3gyszer\u00e9szeti Int\u00e9zet\u00e9nek kor\u00e1bbi kutat\u00f3j\u00e1t a k\u00f6zt\u00e1rsas\u00e1gi eln\u00f6k. A honlapunknak adott interj\u00faban besz\u00e9lt a v\u00e9letlen \u00e9s a kudarcok szerep\u00e9r\u0151l p\u00e1ly\u00e1ja alakul\u00e1s\u00e1ban, a fizikai k\u00e9mia jelent\u0151s\u00e9g\u00e9r\u0151l napjaink orvos- \u00e9s gy\u00f3gyszer\u00e9sztudom\u00e1ny\u00e1ban, tudom\u00e1nyos kutat\u00e1sair\u00f3l, oktat\u00f3i tev\u00e9kenys\u00e9g\u00e9r\u0151l \u00e9s arr\u00f3l, mit tart legnagyobb eredm\u00e9ny\u00e9nek alapkutat\u00e1sokat v\u00e9gz\u0151 vegy\u00e9szk\u00e9nt az orvosok k\u00f6z\u00f6tt.<\/div>\n<p><a href=\"https:\/\/semmelweis.hu\/hirek\/files\/2024\/05\/RS192956_433A6289-scr.jpg\"><img loading=\"lazy\" decoding=\"async\" class=\"aligncenter wp-image-140429 size-full\" src=\"https:\/\/semmelweis.hu\/hirek\/files\/2024\/05\/RS192956_433A6289-scr.jpg\" alt=\"\" width=\"1200\" height=\"800\" srcset=\"https:\/\/semmelweis.hu\/hirek\/files\/2024\/05\/RS192956_433A6289-scr.jpg 1200w, https:\/\/semmelweis.hu\/hirek\/files\/2024\/05\/RS192956_433A6289-scr-400x267.jpg 400w, https:\/\/semmelweis.hu\/hirek\/files\/2024\/05\/RS192956_433A6289-scr-900x600.jpg 900w, https:\/\/semmelweis.hu\/hirek\/files\/2024\/05\/RS192956_433A6289-scr-768x512.jpg 768w, https:\/\/semmelweis.hu\/hirek\/files\/2024\/05\/RS192956_433A6289-scr-753x502.jpg 753w, https:\/\/semmelweis.hu\/hirek\/files\/2024\/05\/RS192956_433A6289-scr-203x135.jpg 203w\" sizes=\"auto, (max-width: 1200px) 100vw, 1200px\" \/><\/a><\/p>\n<p>\u201eKitart\u00e1s, meg nem alkuv\u00e1s, \u00e9s ha az ember tudja, hogy mit akar, \u00e9s tudja is, hogy meg lehet csin\u00e1lni, amit kigondolt, akkor csin\u00e1lja meg. \u00c9s mindenk\u00e9ppen tanuljon meg n\u00e9z\u0151pontot v\u00e1ltani \u00e9s tanulni a kudarcaib\u00f3l\u201d \u2013 tan\u00e1csolja a hallgat\u00f3knak saj\u00e1t p\u00e9ld\u00e1ja alapj\u00e1n dr. Zr\u00ednyi Mikl\u00f3s vegy\u00e9sz v\u00e9gzetts\u00e9g\u0171 akad\u00e9mikus, aki a nemzeti \u00fcnnep alkalm\u00e1b\u00f3l Sz\u00e9chenyi-d\u00edjat vehetett \u00e1t az Orsz\u00e1gh\u00e1zban. A Biofizikai \u00e9s Sug\u00e1rbiol\u00f3giai Int\u00e9zet professor emeritusa, az int\u00e9zet Nanok\u00e9miai Kutat\u00f3csoportj\u00e1nak megalap\u00edt\u00f3ja, az egyetem Gy\u00f3gyszer\u00e9szeti Int\u00e9zet\u00e9nek kor\u00e1bbi kutat\u00f3ja a m\u00e9ltat\u00e1s szerint \u00e9rt\u00e9kes tudom\u00e1nyos p\u00e1lyafut\u00e1sa, a m\u00e1gneses nanor\u00e9szecsk\u00e9k \u00e1ltal ir\u00e1ny\u00edthat\u00f3 g\u00e9lrendszerek tudom\u00e1ny\u00e1g\u00e1nak megteremt\u00e9se, a polimerg\u00e9lek kutat\u00e1s\u00e1ban el\u00e9rt eredm\u00e9nyei, sz\u00e9les k\u00f6r\u0171 nemzetk\u00f6zi egy\u00fcttm\u0171k\u00f6d\u00e9sek kialak\u00edt\u00e1s\u00e1val v\u00e9gzett kutat\u00f3i, egyetemi oktat\u00f3i \u00e9s szakmai k\u00f6z\u00e9leti tev\u00e9kenys\u00e9ge elismer\u00e9sek\u00e9nt kapta a d\u00edjat. Kutat\u00e1si ter\u00fclete a kolloid- \u00e9s nanorendszerek fizikai k\u00e9mi\u00e1ja, funkcion\u00e1lis l\u00e1gy anyagok kutat\u00e1sa, polimerg\u00e9lek mechanikai, termodinamikai \u00e9s orvosbiol\u00f3giai tulajdons\u00e1gainak tanulm\u00e1nyoz\u00e1sa, szab\u00e1lyozott hat\u00f3anyag lead\u00e1s.<\/p>\n<div class=\"keretes w-100\">\n<p>Sz\u00e1mos k\u00e9miai jelens\u00e9get a fizika t\u00f6rv\u00e9nyszer\u0171s\u00e9geivel \u00e9rtelmez a tudom\u00e1ny, a fizikai k\u00e9mia pedig sok tekintetben hasonl\u00edt a biofizik\u00e1ra, az elm\u00e9leti appar\u00e1tus nagy r\u00e9sze teljesen azonos, csak a c\u00e9l m\u00e1sfajta, f\u0151leg a biol\u00f3giai \u00e9s az \u00e9lettani alkalmaz\u00e1sokat c\u00e9lozza meg. A professzor szerint a nanotechnol\u00f3gia k\u00e9miai alapjai t\u00f6bb mint 150 \u00e9ve ismertek, az els\u0151 \u00e1tt\u00f6r\u00e9st Michael Faraday \u00e9rte el, amikor arany szolt \u00e1ll\u00edtott el\u0151. A sok\u00e1ig kolloidk\u00e9mia n\u00e9ven m\u0171velt tudom\u00e1ny kiss\u00e9 a h\u00e1tt\u00e9rbe szorult, eg\u00e9sz addig, am\u00edg a technikai fejl\u0151d\u00e9s 20-30 \u00e9ve ism\u00e9t el\u0151t\u00e9rbe nem helyezte. A kolloidk\u00e9mia olyan ter\u00fclete a fizikai k\u00e9mi\u00e1nak, amely az 1-1000 nm-es m\u00e9rettartom\u00e1nyba es\u0151 anyagok karakterisztik\u00e1j\u00e1t \u00e9s jelens\u00e9geit vizsg\u00e1lja. A nanok\u00e9mi\u00e1nak egy\u00e9bk\u00e9nt egyre nagyobb szerepe van az orvosi k\u00e9palkot\u00e1sban, a mesters\u00e9ges sz\u00f6vetek, az extracellul\u00e1ris m\u00e1trix el\u0151\u00e1ll\u00edt\u00e1s\u00e1ban, illetve a gy\u00f3gyszer\u00e9szetben is a min\u00e9l pontosabb hat\u00f3anyag-lead\u00e1s ter\u00e9n.<\/p>\n<\/div>\n<p><a href=\"https:\/\/semmelweis.hu\/hirek\/files\/2024\/05\/RS192947_433A6382-scr.jpg\"><img loading=\"lazy\" decoding=\"async\" class=\"alignright size-medium wp-image-140433\" src=\"https:\/\/semmelweis.hu\/hirek\/files\/2024\/05\/RS192947_433A6382-scr-267x400.jpg\" alt=\"\" width=\"267\" height=\"400\" srcset=\"https:\/\/semmelweis.hu\/hirek\/files\/2024\/05\/RS192947_433A6382-scr-267x400.jpg 267w, https:\/\/semmelweis.hu\/hirek\/files\/2024\/05\/RS192947_433A6382-scr-533x800.jpg 533w, https:\/\/semmelweis.hu\/hirek\/files\/2024\/05\/RS192947_433A6382-scr.jpg 600w\" sizes=\"auto, (max-width: 267px) 100vw, 267px\" \/><\/a>Dr. Zr\u00ednyi Mikl\u00f3s m\u00e1r az \u00e1ltal\u00e1nos iskola negyedik oszt\u00e1ly\u00e1ban eld\u00f6nt\u00f6tte, hogy vegy\u00e9sz lesz. Azt\u00e1n az els\u0151 kudarc akkor j\u00f6tt, amikor az els\u0151 k\u00e9mia felelet\u00e9re kettest kapott. Emiatt kezdett azon t\u0171n\u0151dni, hogy mi\u00e9rt is lett rossz az oszt\u00e1lyzat, noha v\u00e9lem\u00e9nye szerint logikusan gondolkodott. \u00c9s ennek eredm\u00e9nyek\u00e9pp j\u00f6tt r\u00e1, hogy a k\u00e9miai gondolkod\u00e1s \u00e9s \u00e1ltal\u00e1ban v\u00e9ve a term\u00e9szettudom\u00e1nyos logika m\u00e1shogy m\u0171k\u00f6dik, mint ahogy \u0151 azt megk\u00f6zel\u00edtette. Ezt k\u00f6vet\u0151en azonban sz\u00e1rnyalni kezdett a kaposv\u00e1ri T\u00e1ncsics Mih\u00e1ly Gimn\u00e1zium k\u00e9miatagozatos oszt\u00e1ly\u00e1ban olyannyira, hogy megnyerte az orsz\u00e1gos k\u00f6z\u00e9piskolai tanulm\u00e1nyi versenyt k\u00e9mi\u00e1b\u00f3l, ez pedig bel\u00e9p\u0151t jelentett sz\u00e1m\u00e1ra az ELTE k\u00e9mia szak\u00e1ra. \u201eEbben persze komoly szerepe volt Kontra J\u00f3zsef tan\u00e1r \u00farnak is, aki m\u00e1ig a tan\u00e1ri p\u00e9ldak\u00e9pem, mert annak ellen\u00e9re is felismerte bennem a tehets\u00e9get, hogy nem voltam j\u00f3 tanul\u00f3\u201d \u2013 jegyezte meg az akad\u00e9mikus. Hozz\u00e1t\u00e9ve, hogy arr\u00f3l is rengeteget tanult azt\u00e1n, hogyan nem szabad tan\u00edtani.<\/p>\n<p>Arra, hogy a kudarcok, csal\u00f3d\u00e1sok \u00e9s az akarat nemcsak a kutat\u00e1sokat vihetik \u00faj ir\u00e1nyba, hanem egy kutat\u00f3 \u00e9let\u00e9t is, p\u00e9ldak\u00e9nt eml\u00edtette, hogy egy k\u00e9thetes pr\u00e1gai \u00f6szt\u00f6nd\u00edjp\u00e1ly\u00e1zata szocialista hat\u00f3s\u00e1gi elutas\u00edt\u00e1sa vezetett p\u00e9ld\u00e1ul oda, hogy a magyar hat\u00f3s\u00e1gokat megker\u00fclve k\u00f6zvetlen\u00fcl megp\u00e1ly\u00e1zta a Humbolt-\u00f6szt\u00f6nd\u00edjat. A rendszerv\u00e1lt\u00e1s el\u0151tt ez p\u00e9ld\u00e1tlan volt, \u00e9s \u00f3ri\u00e1si botr\u00e1ny volt bel\u0151le itthon, amikor megnyerte, majd k\u00e9t \u00e9vet t\u00f6lt\u00f6tt el az Ulm-i Egyetem K\u00eds\u00e9rleti Fizikai tansz\u00e9k\u00e9n. K\u00fcl\u00f6n\u00f6sen az\u00e9rt, mert a n\u00e9met \u00e1llameln\u00f6k is vend\u00e9g\u00fcl l\u00e1tta csal\u00e1djaikkal egy\u00fctt az \u00f6szt\u00f6nd\u00edjasokat.<\/p>\n<blockquote>\n<p>\u00c9n mindig kutat\u00f3nak k\u00e9sz\u00fcltem, mert a k\u00edv\u00e1ncsis\u00e1g, a meg\u00e9rt\u00e9s v\u00e1gya vezetett. Ha nem \u00edgy lett volna, \u00e9s az ipar \u00e9rdekelt volna, akkor a M\u0171egyetemet v\u00e1lasztottam volna\u201d<\/p>\n<\/blockquote>\n<p>\u2013 mondta dr. Zr\u00ednyi Mikl\u00f3s, aki p\u00e1ly\u00e1ja sor\u00e1n a fizikai k\u00e9miai alapkutat\u00e1sok mellett mindig oktatott is. B\u00e1r k\u00e9s\u0151bb, az ELTE vegy\u00e9sz szak\u00e1nak elv\u00e9gz\u00e9se \u00e9s a Kolloid K\u00e9miai tansz\u00e9ken t\u00f6lt\u00f6tt \u00fagynevezett tudom\u00e1nyos tov\u00e1bbk\u00e9pz\u00e9si \u00f6szt\u00f6nd\u00edjas id\u0151szakot \u2013 ezt ma doktori k\u00e9pz\u00e9snek nevezik \u2013 majd a munk\u00e1s \u00e9veket k\u00f6vet\u0151en a BME-re is eljutott.<\/p>\n<p>Hossz\u00fa szakmai p\u00e1lyafut\u00e1som harmad\u00e1t az ELTE-n, harmad\u00e1t a Budapesti M\u0171szaki Egyetemen, ahol a Fizikai K\u00e9mia tansz\u00e9ket vezettem \u00e9s nemzetk\u00f6zi rektorhelyettes is voltam, harmad\u00e1t pedig a Semmelweis Egyetemen t\u00f6lt\u00f6ttem \u2013 mes\u00e9lte a professzor. A m\u0171egyetemi \u00e9vek alatt t\u00f6bb szabadalma is sz\u00fcletett. Ezek tudom\u00e1nyos szempontb\u00f3l elismer\u00e9st, \u00e9s magas id\u00e9zetts\u00e9get hoztak, de piaci hasznosul\u00e1s v\u00e9g\u00fcl nem lett bel\u0151l\u00fck \u2013 jegyezte meg az akad\u00e9mikus. A Semmelweis Egyetemre 2008-ban, dr. Tulassay Tivadar kor\u00e1bbi rektor h\u00edv\u00e1s\u00e1ra \u00e9rkeztem, a Gy\u00f3gyszer\u00e9szeti Int\u00e9zetben, majd pedig a Biofizikai \u00e9s Sug\u00e1rbiol\u00f3giai Kutat\u00f3int\u00e9zetben dolgoztam, innen is mentem nyugd\u00edjba, \u00e9s professor emeritusk\u00e9nt most alapkurzust oktatok az int\u00e9zetben \u2013 tette hozz\u00e1 dr. Zr\u00ednyi Mikl\u00f3s.<\/p>\n<p><a href=\"https:\/\/semmelweis.hu\/hirek\/files\/2024\/05\/RS192957_433A6273-scr.jpg\"><img loading=\"lazy\" decoding=\"async\" class=\"alignleft size-medium wp-image-140428\" src=\"https:\/\/semmelweis.hu\/hirek\/files\/2024\/05\/RS192957_433A6273-scr-267x400.jpg\" alt=\"\" width=\"267\" height=\"400\" srcset=\"https:\/\/semmelweis.hu\/hirek\/files\/2024\/05\/RS192957_433A6273-scr-267x400.jpg 267w, https:\/\/semmelweis.hu\/hirek\/files\/2024\/05\/RS192957_433A6273-scr-533x800.jpg 533w, https:\/\/semmelweis.hu\/hirek\/files\/2024\/05\/RS192957_433A6273-scr.jpg 600w\" sizes=\"auto, (max-width: 267px) 100vw, 267px\" \/><\/a>Emellett szint\u00e9n fizikai k\u00e9miai alapkurzust tart m\u00e9g a Babe\u0219-Bolyai Egyetemen Kolozsv\u00e1rott, illetve angol nyelven doktori kurzusokat vezet K\u00edn\u00e1ban, a Jiatong Egyetemen, Hszianban (Xian-ban). Mint mondta, nagyon elt\u00e9r\u0151 a k\u00ednai \u00e9s a hazai hallgat\u00f3i mentalit\u00e1s, el\u0151bbiekn\u00e9l az orsz\u00e1g fejl\u0151d\u00e9s\u00e9nek lend\u00fclete az egy\u00e9ni fejl\u0151d\u00e9sben is megmutatkozik. Ebben persze szerepe lehet a versenynek is. Saj\u00e1t egyetemista \u00e9veire visszatekintve tapasztalt hasonl\u00f3t, amikor a term\u00e9szettudom\u00e1nyos szakokra nagyon kev\u00e9s embert vettek fel, \u00e9s emiatt nagyon neh\u00e9z volt beker\u00fclni \u2013 akinek pedig siker\u00fclt, az a k\u00f6telez\u0151 tananyagon k\u00edv\u00fcl is k\u00e9pezte mag\u00e1t egy\u00e9b ter\u00fcleteken is, ny\u00e1ri egyetemeket, k\u00e9pz\u00e9seket szerveztek maguknak, egyre jobb teljes\u00edtm\u00e9nyre sarkallt\u00e1k egym\u00e1st. Egykori koll\u00e9gista t\u00e1rsaim j\u00f3 r\u00e9sze p\u00e9ld\u00e1ul m\u00e1ra akad\u00e9mikus lett a saj\u00e1t ter\u00fclet\u00e9n \u2013 jegyezte meg dr. Zr\u00ednyi Mikl\u00f3s. Ezt a lend\u00fcletet a magyar di\u00e1kok k\u00f6z\u00fcl csak n\u00e9h\u00e1nyban \u00e9rzi, b\u00e1r e tekintetben tapasztalatai szerint a Semmelweis hallgat\u00f3i kiv\u00e9telesek.<\/p>\n<div class=\"fontos_div\">\n<p>Rem\u00e9lem, tudnak majd \u00e9lni az egyetem adta kutat\u00e1si lehet\u0151s\u00e9gekkel, mert az elm\u00falt \u00e9vtizedben olyan eszk\u00f6zfejleszt\u00e9sek zajlottak a Biofizikai Int\u00e9zetben, amelyeket b\u00e1rmely nyugati, vagy jap\u00e1n egyetem megirigyelhetne \u2013 mondta a professor emeritus.<\/p>\n<\/div>\n<p>P\u00e1lyafut\u00e1sa alatt, ahogyan \u0151 fogalmazott, alapvet\u0151en a l\u00e1gy, rugalmas, nedves rendszerek, anyagok m\u0171k\u00f6d\u00e9se \u00e9rdekelte. Mindig megtal\u00e1ltam azt az \u00e9rdekes ter\u00fcletet, amelynek kutat\u00e1s\u00e1hoz, az \u00e1tt\u00f6r\u00e9sek el\u00e9r\u00e9s\u00e9hez nem kellett jelent\u0151s eszk\u00f6z\u00f6s h\u00e1tt\u00e9r, csak gondolkod\u00e1s, alaptud\u00e1s, szorgalom \u00e9s n\u00e9mi szerencse. Rengeteg olyan ter\u00fcletet m\u0171veltem, aminek eredm\u00e9nyek\u00e9pp \u00faj ir\u00e1nyba ment azt\u00e1n tov\u00e1bb a tudom\u00e1ny, k\u00f6sz\u00f6nhet\u0151en annak, hogy voltak j\u00f3 k\u00f6r\u00fclm\u00e9nyek k\u00f6z\u00f6tt dolgoz\u00f3 kutat\u00f3k a nemzetk\u00f6zi tudom\u00e1nyos \u00e9letben, akik folytatt\u00e1k, \u00e9s v\u00e9g\u00fcl eszk\u00f6z\u00f6s k\u00eds\u00e9rletekkel is igazolt\u00e1k az alapgondolatot \u2013 mondta dr. Zr\u00ednyi Mikl\u00f3s.<\/p>\n<p>A kolloidika mellett kutatta a k\u00fcl\u00f6nb\u00f6z\u0151 mint\u00e1zok kialakul\u00e1s\u00e1t, a m\u00e1gnes r\u00e9szecsk\u00e9k tulajdons\u00e1gait, azt, hogyan lehet m\u00e1gneses r\u00e9szecsk\u00e9ket rugalmas rendszerbe \u00e9p\u00edteni \u00fagy, hogy azon kereszt\u00fcl ennek a rugalmas g\u00e9lrendszernek a fizikai, transzport vagy optikai tulajdons\u00e1gait befoly\u00e1solni lehessen.<\/p>\n<blockquote>\n<p>Az orvos- \u00e9s gy\u00f3gyszer\u00e9sztudom\u00e1ny sz\u00e1m\u00e1ra k\u00fcl\u00f6n\u00f6s jelent\u0151s\u00e9g\u0171, hogy hogyan lehet fizikai k\u00e9miai reakci\u00f3kkal befoly\u00e1solni a hat\u00f3anyag kiold\u00f3d\u00e1st, vagy kifejleszteni a k\u00fcl\u00f6nf\u00e9le akt\u00edv hat\u00f3anyag hordoz\u00f3kat<\/p>\n<\/blockquote>\n<p>\u2013 mondta a professzor. A Nanok\u00e9miai Kutat\u00f3csoport vezet\u0151jek\u00e9nt az egyetem k\u00eds\u00e9rleti seb\u00e9szeivel szoros egy\u00fcttm\u0171k\u00f6d\u00e9sben vizsg\u00e1lta a mesters\u00e9ges, extracellul\u00e1ris m\u00e1trix kifejleszt\u00e9si \u00e9s felhaszn\u00e1l\u00e1si lehet\u0151s\u00e9geit, a seb\u00e9szek pedig sz\u00e1mos \u00e1llatk\u00eds\u00e9rletben kipr\u00f3b\u00e1lt\u00e1k \u00e9s igazolt\u00e1k a kutat\u00f3csoport anyagait. Az egyik legnagyobb eredm\u00e9ny\u00e9nek tartja, hogy beatnik habitus\u00fa vegy\u00e9szk\u00e9nt siker\u00fclt meg\u00e9rtetnie \u00e9s elfogadtatnia mag\u00e1t az orvosi egyetem hierarchikus k\u00f6zeg\u00e9ben.<\/p>\n<p>Az elm\u00falt \u00e9vekben egy k\u00ednai kutat\u00f3csoporttal dolgozott egy\u00fctt, mostans\u00e1g az \u00f6ngy\u00f3gyul\u00f3 anyagok \u00e9rdeklik a g\u00e9lkutat\u00e1son bel\u00fcl, \u00e9s e kutat\u00e1sokhoz sz\u00fcks\u00e9ges kurzusokat is tart a k\u00ednai kutat\u00f3knak. \u201eAm\u00edg h\u00edvnak, \u00e9s am\u00edg \u00fagy \u00e9rzem, hogy helyt tudok \u00e1llni, addig megyek, \u00e9s folytatom az oktat\u00e1st \u00e9s a kutat\u00e1st is, mert egyel\u0151re nem tal\u00e1ltam olyan hobbit, amit sz\u00edvesen csin\u00e1ln\u00e9k a munka helyett\u201d \u2013 tette hozz\u00e1 dr. Zr\u00ednyi Mikl\u00f3s.<\/p>\n<p>Kiss Melinda Katalin<br \/>\nFot\u00f3: Barta B\u00e1lint \u2013 Semmelweis Egyetem<\/p>\n","protected":false},"excerpt":{"rendered":"<p>Id\u00e9n lesz 75 \u00e9ves, de m\u00e9g mindig t\u00f6bb orsz\u00e1gban tan\u00edt, kutat a m\u00e1rciusban Sz\u00e9chenyi-d\u00edjjal elismert professor emeritus. <\/p>\n","protected":false},"author":102163,"featured_media":140426,"comment_status":"closed","ping_status":"closed","sticky":false,"template":"","format":"standard","meta":{"_acf_changed":false,"footnotes":""},"categories":[161,168],"tags":[188],"class_list":["post-140418","post","type-post","status-publish","format-standard","has-post-thumbnail","hentry","category-tudomany","category-kiemelt","tag-tudomanyos-hirek-rendezvenyek"],"acf":[],"_links":{"self":[{"href":"https:\/\/semmelweis.hu\/hirek\/wp-json\/wp\/v2\/posts\/140418","targetHints":{"allow":["GET"]}}],"collection":[{"href":"https:\/\/semmelweis.hu\/hirek\/wp-json\/wp\/v2\/posts"}],"about":[{"href":"https:\/\/semmelweis.hu\/hirek\/wp-json\/wp\/v2\/types\/post"}],"author":[{"embeddable":true,"href":"https:\/\/semmelweis.hu\/hirek\/wp-json\/wp\/v2\/users\/102163"}],"replies":[{"embeddable":true,"href":"https:\/\/semmelweis.hu\/hirek\/wp-json\/wp\/v2\/comments?post=140418"}],"version-history":[{"count":10,"href":"https:\/\/semmelweis.hu\/hirek\/wp-json\/wp\/v2\/posts\/140418\/revisions"}],"predecessor-version":[{"id":167096,"href":"https:\/\/semmelweis.hu\/hirek\/wp-json\/wp\/v2\/posts\/140418\/revisions\/167096"}],"wp:featuredmedia":[{"embeddable":true,"href":"https:\/\/semmelweis.hu\/hirek\/wp-json\/wp\/v2\/media\/140426"}],"wp:attachment":[{"href":"https:\/\/semmelweis.hu\/hirek\/wp-json\/wp\/v2\/media?parent=140418"}],"wp:term":[{"taxonomy":"category","embeddable":true,"href":"https:\/\/semmelweis.hu\/hirek\/wp-json\/wp\/v2\/categories?post=140418"},{"taxonomy":"post_tag","embeddable":true,"href":"https:\/\/semmelweis.hu\/hirek\/wp-json\/wp\/v2\/tags?post=140418"}],"curies":[{"name":"wp","href":"https:\/\/api.w.org\/{rel}","templated":true}]}}