{"id":139939,"date":"2024-05-11T14:00:15","date_gmt":"2024-05-11T12:00:15","guid":{"rendered":"https:\/\/semmelweis.hu\/hirek\/?p=139939"},"modified":"2024-05-11T02:10:59","modified_gmt":"2024-05-11T00:10:59","slug":"tarlatvezetessel-varja-az-erdeklodoket-a-c80-a-rak-esztetikaja-cimu-kiallitas","status":"publish","type":"post","link":"https:\/\/semmelweis.hu\/hirek\/2024\/05\/11\/tarlatvezetessel-varja-az-erdeklodoket-a-c80-a-rak-esztetikaja-cimu-kiallitas\/","title":{"rendered":"T\u00e1rlatvezet\u00e9ssel v\u00e1rja az \u00e9rdekl\u0151d\u0151ket a C80 &#8211; A r\u00e1k eszt\u00e9tik\u00e1ja? c\u00edm\u0171 ki\u00e1ll\u00edt\u00e1s"},"content":{"rendered":"<div class=\"lead\">M\u00e1jus 16-\u00e1n, 17 \u00f3r\u00e1t\u00f3l t\u00e1rlatvezet\u00e9ssel v\u00e1rja a l\u00e1togat\u00f3kat a C80 \u2013 A r\u00e1k eszt\u00e9tik\u00e1ja? c\u00edm\u0171 ki\u00e1ll\u00edt\u00e1s a Patol\u00f3giai \u00e9s K\u00eds\u00e9rleti R\u00e1kkutat\u00f3 Int\u00e9zet I. emeleti aul\u00e1j\u00e1ban. A m\u00e1jus 31-ig l\u00e1togathat\u00f3 t\u00e1rlat z\u00e1r\u00f3esem\u00e9ny\u00e9n bemutatj\u00e1k a projektet \u00f6sszefoglal\u00f3 nyomtatott kiadv\u00e1nyt.<\/div>\n<div>A daganatos betegs\u00e9gek gyakoris\u00e1gukn\u00e1l fogva a t\u00e1rsadalom eg\u00e9sz\u00e9t \u00e9rintik, besz\u00e9lni azonban neh\u00e9z r\u00f3luk, a t\u00e9m\u00e1t f\u00e9lelmek \u00e9s t\u00e9vhitek domin\u00e1lj\u00e1k, melyeken a szakmai eduk\u00e1ci\u00f3s programok csup\u00e1n korl\u00e1tozottan k\u00e9pesek seg\u00edteni. A vizu\u00e1lis m\u0171v\u00e9szet azonban tal\u00e1n egy olyan nyelven k\u00e9pes sz\u00f3lni err\u0151l a betegs\u00e9gcsoportr\u00f3l, amely sz\u00e9lesebb r\u00e9tegekhez is el\u00e9r. Ez a felvet\u00e9s volt annak a <a href=\"https:\/\/semmelweis.hu\/hirek\/2023\/11\/30\/muveszekkel-a-raktabuk-ellen-egyedulallo-projekt-indult-az-egyetemen\/\">projektnek a kiindul\u00f3pontja,<\/a> melynek keret\u00e9ben 2023 szeptember\u00e9t\u0151l \u00f6t h\u00f3napon \u00e1t orvosok, betegek, pszichol\u00f3gusok \u00e9s k\u00e9pz\u0151m\u0171v\u00e9szek tematikus m\u0171helybesz\u00e9lget\u00e9seken dolgozt\u00e1k fel a rosszindulat\u00fa daganatos betegs\u00e9gek t\u00e9m\u00e1j\u00e1t. A besz\u00e9lget\u00e9sek c\u00e9lja olyan \u00faj m\u0171t\u00e1rgyak l\u00e9trehoz\u00e1sa volt, melyek a r\u00e1kbetegs\u00e9g k\u00fcl\u00f6nb\u00f6z\u0151 aspektusaira reflekt\u00e1lnak. Ezekb\u0151l a m\u0171t\u00e1rgyakb\u00f3l j\u00f6tt l\u00e9tre a C80 \u2013 A r\u00e1k eszt\u00e9tik\u00e1ja? c\u00edm\u0171 ki\u00e1ll\u00edt\u00e1s a Patol\u00f3giai \u00e9s K\u00eds\u00e9rleti R\u00e1kkutat\u00f3 Int\u00e9zet I. emeleti aul\u00e1j\u00e1ban.<\/div>\n<div>\n\r\n        [slb_exclude]\r\n        <div class=\"row galeria-wrapper mx-0 h-auto\">\r\n            <div class=\"col-9 pl-0 pr-2\">\r\n            <span class=\"gallery-item frame\">\r\n\t\t\t\t<div class=\"galeria-left-img\"><a href=\"https:\/\/semmelweis.hu\/hirek\/files\/2024\/05\/RS192206_433A5494-scr.jpg\"><img src=https:\/\/semmelweis.hu\/hirek\/files\/2024\/05\/RS192206_433A5494-scr.jpg  \r\n                            alt=\"\" \r\n                            class=\"attachment-sote-gallery-big size-sote-gallery-big\" \r\n                            srcset=\"https:\/\/semmelweis.hu\/hirek\/files\/2024\/05\/RS192206_433A5494-scr-400x267.jpg 400w, https:\/\/semmelweis.hu\/hirek\/files\/2024\/05\/RS192206_433A5494-scr-900x600.jpg 900w, https:\/\/semmelweis.hu\/hirek\/files\/2024\/05\/RS192206_433A5494-scr-768x512.jpg 768w, https:\/\/semmelweis.hu\/hirek\/files\/2024\/05\/RS192206_433A5494-scr-753x502.jpg 753w, https:\/\/semmelweis.hu\/hirek\/files\/2024\/05\/RS192206_433A5494-scr-203x135.jpg 203w, https:\/\/semmelweis.hu\/hirek\/files\/2024\/05\/RS192206_433A5494-scr.jpg 1200w\" ><\/a><\/div>\r\n            <\/span>\r\n\r\n            <\/div>\r\n\r\n\t\t\t<div class=\"col-3 pl-0 pr-0\">\r\n\t\t\t\t<div class=\"galeria-right-img d-flex justify-content-between flex-column h-100 w-100 px-0 mx-0 \">\r\n                <div class=\"galeria-box\">\r\n\t\t\t\t\t<h3 class=\"galeria-title\">Gal\u00e9ria<\/h3>\r\n\t\t\t\t\t<div class=\"galeria-subtitle\">\r\n\r\n\t\t\t\t\t\t<div class=\"galeria-page-counter\"><span>7<\/span>k\u00e9p<\/div>\r\n                    <\/div> <\/div>\r\n                    <span class=\"gallery-item frame d-none d-md-flex\">\r\n\t\t\t\t\t<div class=\"galeria-small-img mt-0\"><a href=\"https:\/\/semmelweis.hu\/hirek\/files\/2024\/05\/RS192220_433A5471-scr.jpg\"><img src=https:\/\/semmelweis.hu\/hirek\/files\/2024\/05\/RS192220_433A5471-scr.jpg \r\n                                alt=\"\"  \r\n                                class=\"attachment-sote-gallery-small size-sote-gallery-small\" \r\n                                srcset=\"https:\/\/semmelweis.hu\/hirek\/files\/2024\/05\/RS192220_433A5471-scr-400x267.jpg 400w, https:\/\/semmelweis.hu\/hirek\/files\/2024\/05\/RS192220_433A5471-scr-900x600.jpg 900w, https:\/\/semmelweis.hu\/hirek\/files\/2024\/05\/RS192220_433A5471-scr-768x512.jpg 768w, https:\/\/semmelweis.hu\/hirek\/files\/2024\/05\/RS192220_433A5471-scr-753x502.jpg 753w, https:\/\/semmelweis.hu\/hirek\/files\/2024\/05\/RS192220_433A5471-scr-203x135.jpg 203w, https:\/\/semmelweis.hu\/hirek\/files\/2024\/05\/RS192220_433A5471-scr.jpg 1200w\" ><\/a><\/div>\r\n                    <\/span>\r\n                    <span class=\"gallery-item frame d-none d-md-flex\">\r\n\t\t\t\t\t<div class=\"galeria-small-img mt-0\"><a href=\"https:\/\/semmelweis.hu\/hirek\/files\/2024\/05\/RS192210_433A5486-scr.jpg\"><img src=https:\/\/semmelweis.hu\/hirek\/files\/2024\/05\/RS192210_433A5486-scr.jpg \r\n                                alt=\"\" \r\n                                class=\"attachment-sote-gallery-small size-sote-gallery-small\" \r\n                                srcset=\"https:\/\/semmelweis.hu\/hirek\/files\/2024\/05\/RS192210_433A5486-scr-400x267.jpg 400w, https:\/\/semmelweis.hu\/hirek\/files\/2024\/05\/RS192210_433A5486-scr-900x600.jpg 900w, https:\/\/semmelweis.hu\/hirek\/files\/2024\/05\/RS192210_433A5486-scr-768x512.jpg 768w, https:\/\/semmelweis.hu\/hirek\/files\/2024\/05\/RS192210_433A5486-scr-753x502.jpg 753w, https:\/\/semmelweis.hu\/hirek\/files\/2024\/05\/RS192210_433A5486-scr-203x135.jpg 203w, https:\/\/semmelweis.hu\/hirek\/files\/2024\/05\/RS192210_433A5486-scr.jpg 1200w\" ><\/a><\/div>\r\n                    <\/span>\r\n\r\n                <\/div>\r\n\r\n            <\/div>\r\n\r\n            <span class=\"gallery-item\"><div class=\"hidden\"><a href=\"https:\/\/semmelweis.hu\/hirek\/files\/2024\/05\/RS192207_433A5493-scr.jpg\">\r\n        <img src=https:\/\/semmelweis.hu\/hirek\/files\/2024\/05\/RS192207_433A5493-scr.jpg alt=\"\" class=\"attachment-sote-gallery-big size-sote-gallery-big\" srcset=\"https:\/\/semmelweis.hu\/hirek\/files\/2024\/05\/RS192207_433A5493-scr-400x267.jpg 400w, https:\/\/semmelweis.hu\/hirek\/files\/2024\/05\/RS192207_433A5493-scr-900x600.jpg 900w, https:\/\/semmelweis.hu\/hirek\/files\/2024\/05\/RS192207_433A5493-scr-768x512.jpg 768w, https:\/\/semmelweis.hu\/hirek\/files\/2024\/05\/RS192207_433A5493-scr-753x502.jpg 753w, https:\/\/semmelweis.hu\/hirek\/files\/2024\/05\/RS192207_433A5493-scr-203x135.jpg 203w, https:\/\/semmelweis.hu\/hirek\/files\/2024\/05\/RS192207_433A5493-scr.jpg 1200w\" >\r\n        <\/a><\/div><\/span><span class=\"gallery-item\"><div class=\"hidden\"><a href=\"https:\/\/semmelweis.hu\/hirek\/files\/2024\/05\/RS192209_433A5487-scr.jpg\">\r\n        <img src=https:\/\/semmelweis.hu\/hirek\/files\/2024\/05\/RS192209_433A5487-scr.jpg alt=\"\" class=\"attachment-sote-gallery-big size-sote-gallery-big\" srcset=\"https:\/\/semmelweis.hu\/hirek\/files\/2024\/05\/RS192209_433A5487-scr-400x267.jpg 400w, https:\/\/semmelweis.hu\/hirek\/files\/2024\/05\/RS192209_433A5487-scr-900x600.jpg 900w, https:\/\/semmelweis.hu\/hirek\/files\/2024\/05\/RS192209_433A5487-scr-768x512.jpg 768w, https:\/\/semmelweis.hu\/hirek\/files\/2024\/05\/RS192209_433A5487-scr-753x502.jpg 753w, https:\/\/semmelweis.hu\/hirek\/files\/2024\/05\/RS192209_433A5487-scr-203x135.jpg 203w, https:\/\/semmelweis.hu\/hirek\/files\/2024\/05\/RS192209_433A5487-scr.jpg 1200w\" >\r\n        <\/a><\/div><\/span><span class=\"gallery-item\"><div class=\"hidden\"><a href=\"https:\/\/semmelweis.hu\/hirek\/files\/2024\/05\/RS192212_433A5482-scr.jpg\">\r\n        <img src=https:\/\/semmelweis.hu\/hirek\/files\/2024\/05\/RS192212_433A5482-scr.jpg alt=\"\" class=\"attachment-sote-gallery-big size-sote-gallery-big\" srcset=\"https:\/\/semmelweis.hu\/hirek\/files\/2024\/05\/RS192212_433A5482-scr-400x267.jpg 400w, https:\/\/semmelweis.hu\/hirek\/files\/2024\/05\/RS192212_433A5482-scr-900x600.jpg 900w, https:\/\/semmelweis.hu\/hirek\/files\/2024\/05\/RS192212_433A5482-scr-768x512.jpg 768w, https:\/\/semmelweis.hu\/hirek\/files\/2024\/05\/RS192212_433A5482-scr-753x502.jpg 753w, https:\/\/semmelweis.hu\/hirek\/files\/2024\/05\/RS192212_433A5482-scr-203x135.jpg 203w, https:\/\/semmelweis.hu\/hirek\/files\/2024\/05\/RS192212_433A5482-scr.jpg 1200w\" >\r\n        <\/a><\/div><\/span><span class=\"gallery-item\"><div class=\"hidden\"><a href=\"https:\/\/semmelweis.hu\/hirek\/files\/2024\/05\/RS192217_433A5475-scr.jpg\">\r\n        <img src=https:\/\/semmelweis.hu\/hirek\/files\/2024\/05\/RS192217_433A5475-scr.jpg alt=\"\" class=\"attachment-sote-gallery-big size-sote-gallery-big\" srcset=\"https:\/\/semmelweis.hu\/hirek\/files\/2024\/05\/RS192217_433A5475-scr-400x267.jpg 400w, https:\/\/semmelweis.hu\/hirek\/files\/2024\/05\/RS192217_433A5475-scr-900x600.jpg 900w, https:\/\/semmelweis.hu\/hirek\/files\/2024\/05\/RS192217_433A5475-scr-768x512.jpg 768w, https:\/\/semmelweis.hu\/hirek\/files\/2024\/05\/RS192217_433A5475-scr-753x502.jpg 753w, https:\/\/semmelweis.hu\/hirek\/files\/2024\/05\/RS192217_433A5475-scr-203x135.jpg 203w, https:\/\/semmelweis.hu\/hirek\/files\/2024\/05\/RS192217_433A5475-scr.jpg 1200w\" >\r\n        <\/a><\/div><\/span>\r\n            <\/div>\r\n\r\n            [\/slb_exclude]\r\n\t\n<\/div>\n<p>A ki\u00e1ll\u00edt\u00e1son hat k\u00e9pz\u0151m\u0171v\u00e9sz (Albert \u00c1d\u00e1m, Bencz\u00far Emese, M\u00e1t\u00e9 D\u00e1niel, Neogr\u00e1dy-Kiss Barnab\u00e1s, Po\u00f3r Dorottya, Simon Zsuzsi) munk\u00e1i tekinthet\u0151k meg. A kur\u00e1torok Koll\u00e1r Dalma Eszter \u00e9s Kov\u00e1cs Krist\u00f3f (Sajnos Gergely) voltak. A t\u00e1rlat m\u00e1jus 31-ig szerda, cs\u00fct\u00f6rt\u00f6k \u00e9s p\u00e9nteki napokon 15-17 \u00f3ra k\u00f6z\u00f6tt l\u00e1togathat\u00f3,\u00a0 az \u00e9rdekl\u0151d\u0151ket t\u00e1rlatvezet\u00e9sekkel \u00e9s egy\u00e9b tematikus programokkal is v\u00e1rj\u00e1k, a <a href=\"https:\/\/semmelweis.hu\/c80\/\">projekt weboldal\u00e1n<\/a> pedig t\u00f6bbek k\u00f6z\u00f6tt blogbejegyz\u00e9seket olvashat\u00f3k a ki\u00e1ll\u00edt\u00e1st megel\u0151z\u0151 workshopokr\u00f3l.\u00a0<\/p>\n<p>A soron k\u00f6vetkez\u0151 t\u00e1rlatvezet\u00e9s m\u00e1jus 16-\u00e1n lesz 17 \u00f3r\u00e1t\u00f3l. A ki\u00e1ll\u00edt\u00e1s m\u00e1jus 31-\u00e9n z\u00e1r, a projektet \u00f6sszefoglal\u00f3 nyomtatott kiadv\u00e1nyt a z\u00e1r\u00f3napon, 17 \u00f3rakor mutatj\u00e1k be.<\/p>\n<p>Patol\u00f3giai \u00e9s K\u00eds\u00e9rleti R\u00e1kkutat\u00f3 Int\u00e9zet<br \/>\nFot\u00f3: Barta B\u00e1lint &#8211; Semmelweis Egyetem<\/p>\n<p>&nbsp;<\/p>\n<p>&nbsp;<\/p>\n","protected":false},"excerpt":{"rendered":"<p>A m\u00e1jus 31-i z\u00e1r\u00f3napon mutatj\u00e1k majd be a projektet \u00f6sszefoglal\u00f3 kiadv\u00e1nyt.<\/p>\n","protected":false},"author":102067,"featured_media":139934,"comment_status":"closed","ping_status":"closed","sticky":false,"template":"","format":"standard","meta":{"_acf_changed":false,"footnotes":""},"categories":[157,168],"tags":[],"class_list":["post-139939","post","type-post","status-publish","format-standard","has-post-thumbnail","hentry","category-semmelweis-vilag","category-kiemelt"],"acf":[],"_links":{"self":[{"href":"https:\/\/semmelweis.hu\/hirek\/wp-json\/wp\/v2\/posts\/139939","targetHints":{"allow":["GET"]}}],"collection":[{"href":"https:\/\/semmelweis.hu\/hirek\/wp-json\/wp\/v2\/posts"}],"about":[{"href":"https:\/\/semmelweis.hu\/hirek\/wp-json\/wp\/v2\/types\/post"}],"author":[{"embeddable":true,"href":"https:\/\/semmelweis.hu\/hirek\/wp-json\/wp\/v2\/users\/102067"}],"replies":[{"embeddable":true,"href":"https:\/\/semmelweis.hu\/hirek\/wp-json\/wp\/v2\/comments?post=139939"}],"version-history":[{"count":8,"href":"https:\/\/semmelweis.hu\/hirek\/wp-json\/wp\/v2\/posts\/139939\/revisions"}],"predecessor-version":[{"id":139947,"href":"https:\/\/semmelweis.hu\/hirek\/wp-json\/wp\/v2\/posts\/139939\/revisions\/139947"}],"wp:featuredmedia":[{"embeddable":true,"href":"https:\/\/semmelweis.hu\/hirek\/wp-json\/wp\/v2\/media\/139934"}],"wp:attachment":[{"href":"https:\/\/semmelweis.hu\/hirek\/wp-json\/wp\/v2\/media?parent=139939"}],"wp:term":[{"taxonomy":"category","embeddable":true,"href":"https:\/\/semmelweis.hu\/hirek\/wp-json\/wp\/v2\/categories?post=139939"},{"taxonomy":"post_tag","embeddable":true,"href":"https:\/\/semmelweis.hu\/hirek\/wp-json\/wp\/v2\/tags?post=139939"}],"curies":[{"name":"wp","href":"https:\/\/api.w.org\/{rel}","templated":true}]}}