{"id":13950,"date":"2012-11-21T14:00:11","date_gmt":"2012-11-21T13:00:11","guid":{"rendered":"http:\/\/semmelweis-egyetem.hu\/hirek\/?p=13950"},"modified":"2013-11-29T10:56:32","modified_gmt":"2013-11-29T09:56:32","slug":"mozgas-dieta-kornyezet-vii-eletmod-konferencia","status":"publish","type":"post","link":"https:\/\/semmelweis.hu\/hirek\/2012\/11\/21\/mozgas-dieta-kornyezet-vii-eletmod-konferencia\/","title":{"rendered":"Mozg\u00e1s, di\u00e9ta, k\u00f6rnyezet &#8211;  VII. \u00c9letm\u00f3d Konferencia"},"content":{"rendered":"<p><img loading=\"lazy\" decoding=\"async\" class=\"size-medium wp-image-13953 alignleft\" title=\"web-5377\" alt=\"\" src=\"https:\/\/semmelweis.hu\/hirek\/files\/2012\/11\/web-5377-300x199.jpg\" width=\"300\" height=\"199\" srcset=\"https:\/\/semmelweis.hu\/hirek\/files\/2012\/11\/web-5377-300x199.jpg 300w, https:\/\/semmelweis.hu\/hirek\/files\/2012\/11\/web-5377-600x400.jpg 600w, https:\/\/semmelweis.hu\/hirek\/files\/2012\/11\/web-5377.jpg 800w\" sizes=\"auto, (max-width: 300px) 100vw, 300px\" \/>Mozg\u00e1s, di\u00e9ta, k\u00f6rnyezet c\u00edmmel rendezte meg VII. \u00c9letm\u00f3d Konferenci\u00e1j\u00e1t a Semmelweis Egyetem N\u00e9peg\u00e9szs\u00e9gtani Int\u00e9zete, a Magyar Tudom\u00e1ny \u00dcnnepe rendezv\u00e9nysorozat keret\u00e9ben.<\/p>\n<p>A konferencia c\u00e9lja az volt, hogy bemutassa az \u00e9letm\u00f3ddal kapcsolatos leg\u00fajabb kutat\u00e1sokat bemutat\u00e1sa, valamint hogy a tov\u00e1bbk\u00e9pz\u00e9ssel seg\u00edts\u00e9get ny\u00fajtson a betegs\u00e9gek korszer\u0171 megel\u0151z\u00e9s\u00e9hez \u00e9s az \u00e9letmin\u0151s\u00e9g jav\u00edt\u00e1s\u00e1hoz.<\/p>\n<p><img loading=\"lazy\" decoding=\"async\" class=\"alignright size-medium wp-image-13951\" title=\"web-5390\" alt=\"\" src=\"https:\/\/semmelweis.hu\/hirek\/files\/2012\/11\/web-5390-300x199.jpg\" width=\"300\" height=\"199\" srcset=\"https:\/\/semmelweis.hu\/hirek\/files\/2012\/11\/web-5390-300x199.jpg 300w, https:\/\/semmelweis.hu\/hirek\/files\/2012\/11\/web-5390-600x400.jpg 600w, https:\/\/semmelweis.hu\/hirek\/files\/2012\/11\/web-5390.jpg 800w\" sizes=\"auto, (max-width: 300px) 100vw, 300px\" \/>Ma a fejlett ipari orsz\u00e1gokban a megbeteged\u00e9sek t\u00f6bbs\u00e9ge a helytelen \u00e9letm\u00f3d miatt alakul ki. Ezen v\u00e1ltoztathat az eg\u00e9szs\u00e9ges \u00e9letm\u00f3d, t\u00e1pl\u00e1lkoz\u00e1s, a<br \/>\ntesti-lelki j\u00f3l-l\u00e9t felt\u00e9teleinek jav\u00edt\u00e1sa, az eg\u00e9szs\u00e9gfejleszt\u00e9s \u00e9s a prevenci\u00f3. A helyes \u00e9letm\u00f3dot az egy\u00e9ni szocializ\u00e1ci\u00f3 kapcs\u00e1n a csal\u00e1dban lehet elsaj\u00e1t\u00edtani, \u00edgy igen nagy a sz\u00fcl\u0151k felel\u0151ss\u00e9ge, hogy mik\u00e9nt viselkednek a gyermekekkel szemben \u00e9s milyen p\u00e9ld\u00e1t, mint\u00e1t k\u00f6zvet\u00edtenek fel\u00e9j\u00fck. Ez\u00e9rt a gyermekek a helyes \u00e9letm\u00f3dra nevel\u00e9s kiemelt<br \/>\nfeladata a t\u00e1rsadalom eg\u00e9sz\u00e9nek. A konferenci\u00e1n arr\u00f3l is sz\u00f3 volt, hogy a helyes \u00e9letvezet\u00e9s, az eg\u00e9szs\u00e9g megtart\u00e1sa hogyan k\u00e9pzelhet\u0151 el a sz\u00fcl\u0151i \u00e9s az iskolai nevel\u00e9s r\u00e9v\u00e9n.<\/p>\n<p>T-Sz.Sz.<\/p>\n<p>&nbsp;<\/p>\n<p><a href=\"https:\/\/semmelweis.hu\/hirek\/2012\/11\/06\/felfedezo-tudomany-cimmel-megnyilt-a-magyar-tudomany-unnepe-2012\/magyar_tudomany_unnepe_logo-2\/\" rel=\"attachment wp-att-13593\"><img loading=\"lazy\" decoding=\"async\" class=\"aligncenter size-medium wp-image-13593\" title=\"Magyar_Tudomany_Unnepe_logo\" alt=\"\" src=\"https:\/\/semmelweis.hu\/hirek\/files\/2012\/11\/Magyar_Tudomany_Unnepe_logo-300x150.jpg\" width=\"300\" height=\"150\" srcset=\"https:\/\/semmelweis.hu\/hirek\/files\/2012\/11\/Magyar_Tudomany_Unnepe_logo-300x150.jpg 300w, https:\/\/semmelweis.hu\/hirek\/files\/2012\/11\/Magyar_Tudomany_Unnepe_logo.jpg 460w\" sizes=\"auto, (max-width: 300px) 100vw, 300px\" \/><\/a><\/p>\n<p>&nbsp;<\/p>\n","protected":false},"excerpt":{"rendered":"<p>Mozg\u00e1s, di\u00e9ta, k\u00f6rnyezet c\u00edmmel rendezte meg VII. \u00c9letm\u00f3d Konferenci\u00e1j\u00e1t a Semmelweis Egyetem N\u00e9peg\u00e9szs\u00e9gtani Int\u00e9zete, a Magyar Tudom\u00e1ny \u00dcnnepe rendezv\u00e9nysorozat keret\u00e9ben. A konferencia c\u00e9lja az volt, hogy bemutassa az \u00e9letm\u00f3ddal kapcsolatos leg\u00fajabb kutat\u00e1sokat bemutat\u00e1sa, valamint hogy a tov\u00e1bbk\u00e9pz\u00e9ssel seg\u00edts\u00e9get ny\u00fajtson a betegs\u00e9gek korszer\u0171 megel\u0151z\u00e9s\u00e9hez \u00e9s az \u00e9letmin\u0151s\u00e9g jav\u00edt\u00e1s\u00e1hoz. Ma a fejlett ipari orsz\u00e1gokban a megbeteged\u00e9sek t\u00f6bbs\u00e9ge &hellip;<\/p>\n","protected":false},"author":11,"featured_media":13951,"comment_status":"closed","ping_status":"open","sticky":false,"template":"","format":"standard","meta":{"_acf_changed":false,"footnotes":""},"categories":[161],"tags":[188],"class_list":["post-13950","post","type-post","status-publish","format-standard","has-post-thumbnail","hentry","category-tudomany","tag-tudomanyos-hirek-rendezvenyek"],"acf":[],"_links":{"self":[{"href":"https:\/\/semmelweis.hu\/hirek\/wp-json\/wp\/v2\/posts\/13950","targetHints":{"allow":["GET"]}}],"collection":[{"href":"https:\/\/semmelweis.hu\/hirek\/wp-json\/wp\/v2\/posts"}],"about":[{"href":"https:\/\/semmelweis.hu\/hirek\/wp-json\/wp\/v2\/types\/post"}],"author":[{"embeddable":true,"href":"https:\/\/semmelweis.hu\/hirek\/wp-json\/wp\/v2\/users\/11"}],"replies":[{"embeddable":true,"href":"https:\/\/semmelweis.hu\/hirek\/wp-json\/wp\/v2\/comments?post=13950"}],"version-history":[{"count":3,"href":"https:\/\/semmelweis.hu\/hirek\/wp-json\/wp\/v2\/posts\/13950\/revisions"}],"predecessor-version":[{"id":24582,"href":"https:\/\/semmelweis.hu\/hirek\/wp-json\/wp\/v2\/posts\/13950\/revisions\/24582"}],"wp:featuredmedia":[{"embeddable":true,"href":"https:\/\/semmelweis.hu\/hirek\/wp-json\/wp\/v2\/media\/13951"}],"wp:attachment":[{"href":"https:\/\/semmelweis.hu\/hirek\/wp-json\/wp\/v2\/media?parent=13950"}],"wp:term":[{"taxonomy":"category","embeddable":true,"href":"https:\/\/semmelweis.hu\/hirek\/wp-json\/wp\/v2\/categories?post=13950"},{"taxonomy":"post_tag","embeddable":true,"href":"https:\/\/semmelweis.hu\/hirek\/wp-json\/wp\/v2\/tags?post=13950"}],"curies":[{"name":"wp","href":"https:\/\/api.w.org\/{rel}","templated":true}]}}