{"id":139028,"date":"2024-04-16T17:05:09","date_gmt":"2024-04-16T15:05:09","guid":{"rendered":"https:\/\/semmelweis.hu\/hirek\/?p=139028"},"modified":"2024-05-23T08:17:30","modified_gmt":"2024-05-23T06:17:30","slug":"befogado-jatszoterre-gyujt-a-semmelweis-egyetem-alapitvany-az-idei-1-os-kampanyban","status":"publish","type":"post","link":"https:\/\/semmelweis.hu\/hirek\/2024\/04\/16\/befogado-jatszoterre-gyujt-a-semmelweis-egyetem-alapitvany-az-idei-1-os-kampanyban\/","title":{"rendered":"Befogad\u00f3 j\u00e1tsz\u00f3t\u00e9rre gy\u0171jt a Semmelweis Egyetem Alap\u00edtv\u00e1ny az idei 1%-os kamp\u00e1nyban"},"content":{"rendered":"<div class=\"lead\">Ad\u00f3felaj\u00e1nl\u00e1sokb\u00f3l \u00faj\u00edtan\u00e1k meg a Semmelweis Egyetem Pet\u0151 Andr\u00e1s Kar \u00f3vod\u00e1j\u00e1nak j\u00e1tsz\u00f3ter\u00e9t annak \u00e9rdek\u00e9ben, hogy a mozg\u00e1ss\u00e9r\u00fclt \u00e9s eg\u00e9szs\u00e9ges mozg\u00e1s\u00fa gyerekek egy\u00fctt j\u00e1tszhassanak.<\/div>\n<p>A j\u00e1t\u00e9k, a gyermekkor legteljesebb meg\u00e9l\u00e9se minden gyermeknek j\u00e1r \u2013 e gondolat jegy\u00e9ben d\u00f6nt\u00f6tt \u00fagy a Semmelweis Egyetem Alap\u00edtv\u00e1ny, hogy 2024-ben a szem\u00e9lyi j\u00f6vedelemad\u00f3 1%-os felaj\u00e1nl\u00e1sokb\u00f3l befoly\u00f3 \u00f6sszegb\u0151l a Pet\u0151 Andr\u00e1s Kar \u00f3vod\u00e1j\u00e1nak j\u00e1tsz\u00f3t\u00e9r fel\u00faj\u00edt\u00e1si programj\u00e1t t\u00e1mogatja. \u201eA c\u00e9lunk a j\u00e1tsz\u00f3t\u00e9r teljes k\u00f6r\u0171 meg\u00faj\u00edt\u00e1s\u00e1val, \u00e9s a befogad\u00f3 j\u00e1tsz\u00f3t\u00e9rr\u00e9 alak\u00edt\u00e1ssal az, hogy a j\u00e1tsz\u00f3t\u00e9ri eszk\u00f6z\u00f6k egyform\u00e1n alkalmasak legyenek a mozg\u00e1skorl\u00e1tozott, vagy b\u00e1rmilyen s\u00e9r\u00fcl\u00e9ssel \u00e9l\u0151 \u00e9s az eg\u00e9szs\u00e9ges mozg\u00e1s\u00fa gyermekek sz\u00e1m\u00e1ra\u201d \u2013 mondja Antoni G\u00e1born\u00e9 \u00f3vodavezet\u0151 az egyetem k\u00f6zponti alap\u00edtv\u00e1ny\u00e1nak 1%-os felaj\u00e1nl\u00e1sra buzd\u00edt\u00f3 filmj\u00e9ben. A k\u00f6z\u00f6s j\u00e1t\u00e9k sor\u00e1n mindk\u00e9t csoport szeml\u00e9lete form\u00e1l\u00f3dik, a s\u00e9r\u00fclt gyerekek pedig megtapasztalhatj\u00e1k, milyen a kort\u00e1rsaik k\u00f6z\u00f6tt lenni. Felemel\u0151, hogy a gyermekem akad\u00e1ly n\u00e9lk\u00fcl tud haszn\u00e1lni egy j\u00e1tsz\u00f3teret \u2013 fogalmazott dr. Balogh Emese, \u00e9rintett sz\u00fcl\u0151.\u00a0<\/p>\n<p><iframe loading=\"lazy\" title=\"Semmelweis Egyetem Alap\u00edtv\u00e1ny \u2013 akad\u00e1lymentes j\u00e1tsz\u00f3t\u00e9rre ford\u00edtjuk az idei ad\u00f3 1% felaj\u00e1nl\u00e1sokat!\" width=\"753\" height=\"424\" src=\"https:\/\/www.youtube.com\/embed\/LSvx_T7u--4?feature=oembed\" frameborder=\"0\" allow=\"accelerometer; autoplay; clipboard-write; encrypted-media; gyroscope; picture-in-picture; web-share\" referrerpolicy=\"strict-origin-when-cross-origin\" allowfullscreen><\/iframe><\/p>\n<p>A be\u00e9rkez\u0151 felaj\u00e1nl\u00e1sokb\u00f3l tervezik nemcsak az \u00faj, speci\u00e1lis, s\u00e9r\u00fcltek sz\u00e1m\u00e1ra is haszn\u00e1lhat\u00f3 j\u00e1tsz\u00f3t\u00e9ri j\u00e1t\u00e9kok beszerz\u00e9s\u00e9t \u00e9s fel\u00e1ll\u00edt\u00e1s\u00e1t, illetve a talaj biztons\u00e1gos gumi (rekort\u00e1n) bor\u00edt\u00e1s\u00e1t, hanem \u2013 a k\u00f6rnyezettudatos nevel\u00e9s jegy\u00e9ben \u2013 az \u00f3vodakert \u00e9s a mozg\u00e1ss\u00e9r\u00fclt gyermekek \u00e1ltal is hozz\u00e1f\u00e9rhet\u0151 magas\u00e1gy\u00e1sok kialak\u00edt\u00e1s\u00e1t is.<\/p>\n<blockquote>\n<p>Ezzel megboldog\u00edthatj\u00e1tok valakinek a napj\u00e1t, h\u00f3napj\u00e1t, \u00e9v\u00e9t, vagy ak\u00e1r az eg\u00e9sz \u00e9let\u00e9t, \u00e9s egy j\u00f3 c\u00e9lra ford\u00edthatj\u00e1tok az ad\u00f3 egy sz\u00e1zal\u00e9k\u00e1t!<\/p>\n<\/blockquote>\n<p>\u2013 mondja az egyetem kamp\u00e1nyfilmj\u00e9ben Szekeres Palk\u00f3.<\/p>\n<p>Tov\u00e1bbi \u00f6szt\u00f6nz\u00e9st jelenthet az adakoz\u00e1shoz az, hogy a Semmelweis Egyetem Alap\u00edtv\u00e1ny <a href=\"https:\/\/semmelweis.hu\/alapitvany\/2024\/03\/10\/iden-is-nyerhet-adoja-1-anak-felajanlasaval\/\" target=\"_blank\" rel=\"noopener\">nyerem\u00e9nyj\u00e1t\u00e9kot is szervez<\/a> az 1%-r\u00f3l rendelkez\u0151k k\u00f6z\u00f6tt. A felaj\u00e1nl\u00e1ssal \u00e9s a nyerem\u00e9nyj\u00e1t\u00e9kkal kapcsolatos <a href=\"https:\/\/semmelweis.hu\/alapitvany\/1-szazalek-felajanlas\/\" target=\"_blank\" rel=\"noopener\">r\u00e9szletes tudnival\u00f3kr\u00f3l az alap\u00edtv\u00e1ny honlapj\u00e1n<\/a> olvashat.\u00a0<\/p>\n<p>Kiss Melinda Katalin<\/p>\n","protected":false},"excerpt":{"rendered":"<p>Ad\u00f3felaj\u00e1nl\u00e1sokb\u00f3l \u00faj\u00edtan\u00e1k meg a Semmelweis Egyetem Pet\u0151 Andr\u00e1s Kar \u00f3vod\u00e1j\u00e1nak j\u00e1tsz\u00f3ter\u00e9t annak \u00e9rdek\u00e9ben, hogy a mozg\u00e1ss\u00e9r\u00fclt \u00e9s eg\u00e9szs\u00e9ges mozg\u00e1s\u00fa gyerekek egy\u00fctt j\u00e1tszhassanak. A j\u00e1t\u00e9k, a gyermekkor legteljesebb meg\u00e9l\u00e9se minden gyermeknek j\u00e1r \u2013 e gondolat jegy\u00e9ben d\u00f6nt\u00f6tt \u00fagy a Semmelweis Egyetem Alap\u00edtv\u00e1ny, hogy 2024-ben a szem\u00e9lyi j\u00f6vedelemad\u00f3 1%-os felaj\u00e1nl\u00e1sokb\u00f3l befoly\u00f3 \u00f6sszegb\u0151l a Pet\u0151 Andr\u00e1s Kar \u00f3vod\u00e1j\u00e1nak &hellip;<\/p>\n","protected":false},"author":13,"featured_media":139029,"comment_status":"closed","ping_status":"closed","sticky":false,"template":"","format":"standard","meta":{"_acf_changed":false,"footnotes":""},"categories":[157],"tags":[3895],"class_list":["post-139028","post","type-post","status-publish","format-standard","has-post-thumbnail","hentry","category-semmelweis-vilag","tag-jotekonysag"],"acf":[],"_links":{"self":[{"href":"https:\/\/semmelweis.hu\/hirek\/wp-json\/wp\/v2\/posts\/139028","targetHints":{"allow":["GET"]}}],"collection":[{"href":"https:\/\/semmelweis.hu\/hirek\/wp-json\/wp\/v2\/posts"}],"about":[{"href":"https:\/\/semmelweis.hu\/hirek\/wp-json\/wp\/v2\/types\/post"}],"author":[{"embeddable":true,"href":"https:\/\/semmelweis.hu\/hirek\/wp-json\/wp\/v2\/users\/13"}],"replies":[{"embeddable":true,"href":"https:\/\/semmelweis.hu\/hirek\/wp-json\/wp\/v2\/comments?post=139028"}],"version-history":[{"count":2,"href":"https:\/\/semmelweis.hu\/hirek\/wp-json\/wp\/v2\/posts\/139028\/revisions"}],"predecessor-version":[{"id":139033,"href":"https:\/\/semmelweis.hu\/hirek\/wp-json\/wp\/v2\/posts\/139028\/revisions\/139033"}],"wp:featuredmedia":[{"embeddable":true,"href":"https:\/\/semmelweis.hu\/hirek\/wp-json\/wp\/v2\/media\/139029"}],"wp:attachment":[{"href":"https:\/\/semmelweis.hu\/hirek\/wp-json\/wp\/v2\/media?parent=139028"}],"wp:term":[{"taxonomy":"category","embeddable":true,"href":"https:\/\/semmelweis.hu\/hirek\/wp-json\/wp\/v2\/categories?post=139028"},{"taxonomy":"post_tag","embeddable":true,"href":"https:\/\/semmelweis.hu\/hirek\/wp-json\/wp\/v2\/tags?post=139028"}],"curies":[{"name":"wp","href":"https:\/\/api.w.org\/{rel}","templated":true}]}}