{"id":138728,"date":"2024-04-15T06:00:20","date_gmt":"2024-04-15T04:00:20","guid":{"rendered":"https:\/\/semmelweis.hu\/hirek\/?p=138728"},"modified":"2024-04-15T08:37:27","modified_gmt":"2024-04-15T06:37:27","slug":"rekordszamu-kutatast-mutattak-be-az-idei-koranyi-frigyes-tudomanyos-forumon","status":"publish","type":"post","link":"https:\/\/semmelweis.hu\/hirek\/2024\/04\/15\/rekordszamu-kutatast-mutattak-be-az-idei-koranyi-frigyes-tudomanyos-forumon\/","title":{"rendered":"Rekordsz\u00e1m\u00fa kutat\u00e1st mutattak be az idei Kor\u00e1nyi Frigyes Tudom\u00e1nyos F\u00f3rumon"},"content":{"rendered":"<div class=\"lead\">Rekordsz\u00e1m\u00fa kutat\u00e1st mutattak be az id\u00e9n 28. alkalommal megrendezett Kor\u00e1nyi Frigyes Tudom\u00e1nyos F\u00f3rumon. \u00daj szekci\u00f3 \u00e9s minden eddigin\u00e9l t\u00f6bb, az orsz\u00e1g m\u00e1s orvosk\u00e9pz\u0151 egyetemeir\u0151l \u00e9rkezett vend\u00e9gel\u0151ad\u00f3 sz\u00ednes\u00edtette a programot. A d\u00edszel\u0151ad\u00e1st a Nobel-d\u00edjas kutat\u00f3biol\u00f3gus, dr. Karik\u00f3 Katalin tartotta.<\/div>\n<p><a href=\"https:\/\/semmelweis.hu\/hirek\/files\/2024\/04\/RS191877_433A2815-scr.jpg\"><img loading=\"lazy\" decoding=\"async\" class=\"aligncenter size-full wp-image-138732\" src=\"https:\/\/semmelweis.hu\/hirek\/files\/2024\/04\/RS191877_433A2815-scr.jpg\" alt=\"\" width=\"1200\" height=\"800\" srcset=\"https:\/\/semmelweis.hu\/hirek\/files\/2024\/04\/RS191877_433A2815-scr.jpg 1200w, https:\/\/semmelweis.hu\/hirek\/files\/2024\/04\/RS191877_433A2815-scr-400x267.jpg 400w, https:\/\/semmelweis.hu\/hirek\/files\/2024\/04\/RS191877_433A2815-scr-900x600.jpg 900w, https:\/\/semmelweis.hu\/hirek\/files\/2024\/04\/RS191877_433A2815-scr-768x512.jpg 768w, https:\/\/semmelweis.hu\/hirek\/files\/2024\/04\/RS191877_433A2815-scr-753x502.jpg 753w, https:\/\/semmelweis.hu\/hirek\/files\/2024\/04\/RS191877_433A2815-scr-203x135.jpg 203w\" sizes=\"auto, (max-width: 1200px) 100vw, 1200px\" \/><\/a><\/p>\n<p>Minden eddigin\u00e9l t\u00f6bb, 171 tudom\u00e1nyos munk\u00e1t mutattak be 16 szekci\u00f3ban a szakkoll\u00e9gium idei, XXVIII. Kor\u00e1nyi Frigyes Tudom\u00e1nyos F\u00f3rum\u00e1n, ezek k\u00f6z\u00fcl 35 az orsz\u00e1g orvosk\u00e9pz\u0151 egyetemeir\u0151l, illetve a hat\u00e1ron t\u00fali int\u00e9zm\u00e9nyekb\u0151l \u00e9rkez\u0151 hallgat\u00f3k \u00e9rtekez\u00e9se \u2013 mondta k\u00f6sz\u00f6nt\u0151j\u00e9ben Tusn\u00e1dy Simon, a Semmelweis Egyetem negyed\u00e9ves orvostanhallgat\u00f3ja, a f\u00f3rum f\u0151szervez\u0151je. A f\u00f3rum az elm\u00falt \u00e9vekben a legnagyobb hazai, egyetemi hallgat\u00f3k \u00e1ltal szervezett tudom\u00e1nyos konferenci\u00e1v\u00e1 v\u00e1lt az orvos- \u00e9s \u00e9lettudom\u00e1nyok ter\u00fclet\u00e9n. Az elm\u00falt 27 \u00e9v alatt t\u00f6bb mint 3500 el\u0151ad\u00e1ssal jelentkeztek tudom\u00e1nyos di\u00e1kk\u00f6ri tev\u00e9kenys\u00e9get folytat\u00f3 hallgat\u00f3k a n\u00e9gy hazai orvosegyetem k\u00e9pviselet\u00e9ben.<\/p>\n<p>Tusn\u00e1dy Simon elmondta, hogy a szakkoll\u00e9gium hallgat\u00f3i \u00e1ltal lebonyol\u00edtott tan\u00e1cskoz\u00e1s n\u00e9pszer\u0171s\u00e9ge nemcsak a szakkoll\u00e9gist\u00e1k k\u00f6z\u00f6tt, illetve az orvostanhallgat\u00f3k k\u00f6r\u00e9ben n\u00f6vekszik, mivel a 171 el\u0151ad\u00f3 k\u00f6z\u00fcl mind\u00f6ssze 33 tagja a szakkoll\u00e9giumnak. A f\u00f3rum sor\u00e1n a hallgat\u00f3k interakt\u00edv poszterprezent\u00e1ci\u00f3s verseny keret\u00e9ben mutatj\u00e1k be munk\u00e1jukat egym\u00e1snak, illetve egy szakmai b\u00edr\u00e1l\u00f3bizotts\u00e1gnak, melynek tagjai a magyar akad\u00e9miai \u00e9let kiemelked\u0151 k\u00e9pvisel\u0151i k\u00f6z\u00fcl ker\u00fclnek ki. Az id\u00e9n el\u0151sz\u00f6r ind\u00edtottak \u00f6n\u00e1ll\u00f3an gy\u00f3gyszer\u00e9sztudom\u00e1nyi szekci\u00f3t, amelyben kilencen mutatt\u00e1k be kutat\u00e1saikat, \u00e9s az el\u0151z\u0151 \u00e9vhez k\u00e9pest csaknem megdupl\u00e1z\u00f3dott a fogorvostudom\u00e1nyi p\u00e1ly\u00e1z\u00f3k sz\u00e1ma is. Szint\u00e9n \u00fajdons\u00e1g volt, hogy a k\u00e9s\u0151bbi esetleges hasznos\u00edt\u00e1si lehet\u0151s\u00e9gek \u00e9rdek\u00e9ben 45 beny\u00fajtott absztraktot titkos\u00edt\u00e1sra javasoltak a b\u00edr\u00e1l\u00f3k.<\/p>\n\r\n        [slb_exclude]\r\n        <div class=\"row galeria-wrapper mx-0 h-auto\">\r\n            <div class=\"col-9 pl-0 pr-2\">\r\n            <span class=\"gallery-item frame\">\r\n\t\t\t\t<div class=\"galeria-left-img\"><a href=\"https:\/\/semmelweis.hu\/hirek\/files\/2024\/04\/RS191850_433A2494-scr.jpg\"><img src=https:\/\/semmelweis.hu\/hirek\/files\/2024\/04\/RS191850_433A2494-scr.jpg  \r\n                            alt=\"\" \r\n                            class=\"attachment-sote-gallery-big size-sote-gallery-big\" \r\n                            srcset=\"https:\/\/semmelweis.hu\/hirek\/files\/2024\/04\/RS191850_433A2494-scr-400x267.jpg 400w, https:\/\/semmelweis.hu\/hirek\/files\/2024\/04\/RS191850_433A2494-scr-900x600.jpg 900w, https:\/\/semmelweis.hu\/hirek\/files\/2024\/04\/RS191850_433A2494-scr-768x512.jpg 768w, https:\/\/semmelweis.hu\/hirek\/files\/2024\/04\/RS191850_433A2494-scr-753x502.jpg 753w, https:\/\/semmelweis.hu\/hirek\/files\/2024\/04\/RS191850_433A2494-scr-203x135.jpg 203w, https:\/\/semmelweis.hu\/hirek\/files\/2024\/04\/RS191850_433A2494-scr.jpg 1200w\" ><\/a><\/div>\r\n            <\/span>\r\n\r\n            <\/div>\r\n\r\n\t\t\t<div class=\"col-3 pl-0 pr-0\">\r\n\t\t\t\t<div class=\"galeria-right-img d-flex justify-content-between flex-column h-100 w-100 px-0 mx-0 \">\r\n                <div class=\"galeria-box\">\r\n\t\t\t\t\t<h3 class=\"galeria-title\">Gal\u00e9ria<\/h3>\r\n\t\t\t\t\t<div class=\"galeria-subtitle\">\r\n\r\n\t\t\t\t\t\t<div class=\"galeria-page-counter\"><span>18<\/span>k\u00e9p<\/div>\r\n                    <\/div> <\/div>\r\n                    <span class=\"gallery-item frame d-none d-md-flex\">\r\n\t\t\t\t\t<div class=\"galeria-small-img mt-0\"><a href=\"https:\/\/semmelweis.hu\/hirek\/files\/2024\/04\/RS191883_433A2913-scr.jpg\"><img src=https:\/\/semmelweis.hu\/hirek\/files\/2024\/04\/RS191883_433A2913-scr.jpg \r\n                                alt=\"\"  \r\n                                class=\"attachment-sote-gallery-small size-sote-gallery-small\" \r\n                                srcset=\"https:\/\/semmelweis.hu\/hirek\/files\/2024\/04\/RS191883_433A2913-scr-400x267.jpg 400w, https:\/\/semmelweis.hu\/hirek\/files\/2024\/04\/RS191883_433A2913-scr-900x600.jpg 900w, https:\/\/semmelweis.hu\/hirek\/files\/2024\/04\/RS191883_433A2913-scr-768x512.jpg 768w, https:\/\/semmelweis.hu\/hirek\/files\/2024\/04\/RS191883_433A2913-scr-753x502.jpg 753w, https:\/\/semmelweis.hu\/hirek\/files\/2024\/04\/RS191883_433A2913-scr-203x135.jpg 203w, https:\/\/semmelweis.hu\/hirek\/files\/2024\/04\/RS191883_433A2913-scr.jpg 1200w\" ><\/a><\/div>\r\n                    <\/span>\r\n                    <span class=\"gallery-item frame d-none d-md-flex\">\r\n\t\t\t\t\t<div class=\"galeria-small-img mt-0\"><a href=\"https:\/\/semmelweis.hu\/hirek\/files\/2024\/04\/RS191877_433A2815-scr.jpg\"><img src=https:\/\/semmelweis.hu\/hirek\/files\/2024\/04\/RS191877_433A2815-scr.jpg \r\n                                alt=\"\" \r\n                                class=\"attachment-sote-gallery-small size-sote-gallery-small\" \r\n                                srcset=\"https:\/\/semmelweis.hu\/hirek\/files\/2024\/04\/RS191877_433A2815-scr-400x267.jpg 400w, https:\/\/semmelweis.hu\/hirek\/files\/2024\/04\/RS191877_433A2815-scr-900x600.jpg 900w, https:\/\/semmelweis.hu\/hirek\/files\/2024\/04\/RS191877_433A2815-scr-768x512.jpg 768w, https:\/\/semmelweis.hu\/hirek\/files\/2024\/04\/RS191877_433A2815-scr-753x502.jpg 753w, https:\/\/semmelweis.hu\/hirek\/files\/2024\/04\/RS191877_433A2815-scr-203x135.jpg 203w, https:\/\/semmelweis.hu\/hirek\/files\/2024\/04\/RS191877_433A2815-scr.jpg 1200w\" ><\/a><\/div>\r\n                    <\/span>\r\n\r\n                <\/div>\r\n\r\n            <\/div>\r\n\r\n            <span class=\"gallery-item\"><div class=\"hidden\"><a href=\"https:\/\/semmelweis.hu\/hirek\/files\/2024\/04\/RS191851_433A2500-scr-1.jpg\">\r\n        <img src=https:\/\/semmelweis.hu\/hirek\/files\/2024\/04\/RS191851_433A2500-scr-1.jpg alt=\"\" class=\"attachment-sote-gallery-big size-sote-gallery-big\" srcset=\"https:\/\/semmelweis.hu\/hirek\/files\/2024\/04\/RS191851_433A2500-scr-1-400x267.jpg 400w, https:\/\/semmelweis.hu\/hirek\/files\/2024\/04\/RS191851_433A2500-scr-1-900x600.jpg 900w, https:\/\/semmelweis.hu\/hirek\/files\/2024\/04\/RS191851_433A2500-scr-1-768x512.jpg 768w, https:\/\/semmelweis.hu\/hirek\/files\/2024\/04\/RS191851_433A2500-scr-1-753x502.jpg 753w, https:\/\/semmelweis.hu\/hirek\/files\/2024\/04\/RS191851_433A2500-scr-1-203x135.jpg 203w, https:\/\/semmelweis.hu\/hirek\/files\/2024\/04\/RS191851_433A2500-scr-1.jpg 1200w\" >\r\n        <\/a><\/div><\/span><span class=\"gallery-item\"><div class=\"hidden\"><a href=\"https:\/\/semmelweis.hu\/hirek\/files\/2024\/04\/RS191855_433A2539-scr.jpg\">\r\n        <img src=https:\/\/semmelweis.hu\/hirek\/files\/2024\/04\/RS191855_433A2539-scr.jpg alt=\"\" class=\"attachment-sote-gallery-big size-sote-gallery-big\" srcset=\"https:\/\/semmelweis.hu\/hirek\/files\/2024\/04\/RS191855_433A2539-scr-267x400.jpg 267w, https:\/\/semmelweis.hu\/hirek\/files\/2024\/04\/RS191855_433A2539-scr-533x800.jpg 533w, https:\/\/semmelweis.hu\/hirek\/files\/2024\/04\/RS191855_433A2539-scr.jpg 600w\" >\r\n        <\/a><\/div><\/span><span class=\"gallery-item\"><div class=\"hidden\"><a href=\"https:\/\/semmelweis.hu\/hirek\/files\/2024\/04\/RS191856_433A2545-scr.jpg\">\r\n        <img src=https:\/\/semmelweis.hu\/hirek\/files\/2024\/04\/RS191856_433A2545-scr.jpg alt=\"\" class=\"attachment-sote-gallery-big size-sote-gallery-big\" srcset=\"https:\/\/semmelweis.hu\/hirek\/files\/2024\/04\/RS191856_433A2545-scr-400x267.jpg 400w, https:\/\/semmelweis.hu\/hirek\/files\/2024\/04\/RS191856_433A2545-scr-900x600.jpg 900w, https:\/\/semmelweis.hu\/hirek\/files\/2024\/04\/RS191856_433A2545-scr-768x512.jpg 768w, https:\/\/semmelweis.hu\/hirek\/files\/2024\/04\/RS191856_433A2545-scr-753x502.jpg 753w, https:\/\/semmelweis.hu\/hirek\/files\/2024\/04\/RS191856_433A2545-scr-203x135.jpg 203w, https:\/\/semmelweis.hu\/hirek\/files\/2024\/04\/RS191856_433A2545-scr.jpg 1200w\" >\r\n        <\/a><\/div><\/span><span class=\"gallery-item\"><div class=\"hidden\"><a href=\"https:\/\/semmelweis.hu\/hirek\/files\/2024\/04\/RS191862_433A2645-scr.jpg\">\r\n        <img src=https:\/\/semmelweis.hu\/hirek\/files\/2024\/04\/RS191862_433A2645-scr.jpg alt=\"\" class=\"attachment-sote-gallery-big size-sote-gallery-big\" srcset=\"https:\/\/semmelweis.hu\/hirek\/files\/2024\/04\/RS191862_433A2645-scr-267x400.jpg 267w, https:\/\/semmelweis.hu\/hirek\/files\/2024\/04\/RS191862_433A2645-scr-533x800.jpg 533w, https:\/\/semmelweis.hu\/hirek\/files\/2024\/04\/RS191862_433A2645-scr.jpg 600w\" >\r\n        <\/a><\/div><\/span><span class=\"gallery-item\"><div class=\"hidden\"><a href=\"https:\/\/semmelweis.hu\/hirek\/files\/2024\/04\/RS191870_433A2693-scr.jpg\">\r\n        <img src=https:\/\/semmelweis.hu\/hirek\/files\/2024\/04\/RS191870_433A2693-scr.jpg alt=\"\" class=\"attachment-sote-gallery-big size-sote-gallery-big\" srcset=\"https:\/\/semmelweis.hu\/hirek\/files\/2024\/04\/RS191870_433A2693-scr-400x267.jpg 400w, https:\/\/semmelweis.hu\/hirek\/files\/2024\/04\/RS191870_433A2693-scr-900x600.jpg 900w, https:\/\/semmelweis.hu\/hirek\/files\/2024\/04\/RS191870_433A2693-scr-768x512.jpg 768w, https:\/\/semmelweis.hu\/hirek\/files\/2024\/04\/RS191870_433A2693-scr-753x502.jpg 753w, https:\/\/semmelweis.hu\/hirek\/files\/2024\/04\/RS191870_433A2693-scr-203x135.jpg 203w, https:\/\/semmelweis.hu\/hirek\/files\/2024\/04\/RS191870_433A2693-scr.jpg 1200w\" >\r\n        <\/a><\/div><\/span><span class=\"gallery-item\"><div class=\"hidden\"><a href=\"https:\/\/semmelweis.hu\/hirek\/files\/2024\/04\/RS191873_433A2728-scr.jpg\">\r\n        <img src=https:\/\/semmelweis.hu\/hirek\/files\/2024\/04\/RS191873_433A2728-scr.jpg alt=\"\" class=\"attachment-sote-gallery-big size-sote-gallery-big\" srcset=\"https:\/\/semmelweis.hu\/hirek\/files\/2024\/04\/RS191873_433A2728-scr-400x267.jpg 400w, https:\/\/semmelweis.hu\/hirek\/files\/2024\/04\/RS191873_433A2728-scr-900x600.jpg 900w, https:\/\/semmelweis.hu\/hirek\/files\/2024\/04\/RS191873_433A2728-scr-768x512.jpg 768w, https:\/\/semmelweis.hu\/hirek\/files\/2024\/04\/RS191873_433A2728-scr-753x502.jpg 753w, https:\/\/semmelweis.hu\/hirek\/files\/2024\/04\/RS191873_433A2728-scr-203x135.jpg 203w, https:\/\/semmelweis.hu\/hirek\/files\/2024\/04\/RS191873_433A2728-scr.jpg 1200w\" >\r\n        <\/a><\/div><\/span><span class=\"gallery-item\"><div class=\"hidden\"><a href=\"https:\/\/semmelweis.hu\/hirek\/files\/2024\/04\/RS191872_433A2710-scr.jpg\">\r\n        <img src=https:\/\/semmelweis.hu\/hirek\/files\/2024\/04\/RS191872_433A2710-scr.jpg alt=\"\" class=\"attachment-sote-gallery-big size-sote-gallery-big\" srcset=\"https:\/\/semmelweis.hu\/hirek\/files\/2024\/04\/RS191872_433A2710-scr-400x267.jpg 400w, https:\/\/semmelweis.hu\/hirek\/files\/2024\/04\/RS191872_433A2710-scr-900x600.jpg 900w, https:\/\/semmelweis.hu\/hirek\/files\/2024\/04\/RS191872_433A2710-scr-768x512.jpg 768w, https:\/\/semmelweis.hu\/hirek\/files\/2024\/04\/RS191872_433A2710-scr-753x502.jpg 753w, https:\/\/semmelweis.hu\/hirek\/files\/2024\/04\/RS191872_433A2710-scr-203x135.jpg 203w, https:\/\/semmelweis.hu\/hirek\/files\/2024\/04\/RS191872_433A2710-scr.jpg 1200w\" >\r\n        <\/a><\/div><\/span><span class=\"gallery-item\"><div class=\"hidden\"><a href=\"https:\/\/semmelweis.hu\/hirek\/files\/2024\/04\/RS191879_433A2840-scr.jpg\">\r\n        <img src=https:\/\/semmelweis.hu\/hirek\/files\/2024\/04\/RS191879_433A2840-scr.jpg alt=\"\" class=\"attachment-sote-gallery-big size-sote-gallery-big\" srcset=\"https:\/\/semmelweis.hu\/hirek\/files\/2024\/04\/RS191879_433A2840-scr-400x267.jpg 400w, https:\/\/semmelweis.hu\/hirek\/files\/2024\/04\/RS191879_433A2840-scr-900x600.jpg 900w, https:\/\/semmelweis.hu\/hirek\/files\/2024\/04\/RS191879_433A2840-scr-768x512.jpg 768w, https:\/\/semmelweis.hu\/hirek\/files\/2024\/04\/RS191879_433A2840-scr-753x502.jpg 753w, https:\/\/semmelweis.hu\/hirek\/files\/2024\/04\/RS191879_433A2840-scr-203x135.jpg 203w, https:\/\/semmelweis.hu\/hirek\/files\/2024\/04\/RS191879_433A2840-scr.jpg 1200w\" >\r\n        <\/a><\/div><\/span><span class=\"gallery-item\"><div class=\"hidden\"><a href=\"https:\/\/semmelweis.hu\/hirek\/files\/2024\/04\/RS191881_433A2864-scr.jpg\">\r\n        <img src=https:\/\/semmelweis.hu\/hirek\/files\/2024\/04\/RS191881_433A2864-scr.jpg alt=\"\" class=\"attachment-sote-gallery-big size-sote-gallery-big\" srcset=\"https:\/\/semmelweis.hu\/hirek\/files\/2024\/04\/RS191881_433A2864-scr-400x267.jpg 400w, https:\/\/semmelweis.hu\/hirek\/files\/2024\/04\/RS191881_433A2864-scr-900x600.jpg 900w, https:\/\/semmelweis.hu\/hirek\/files\/2024\/04\/RS191881_433A2864-scr-768x512.jpg 768w, https:\/\/semmelweis.hu\/hirek\/files\/2024\/04\/RS191881_433A2864-scr-753x502.jpg 753w, https:\/\/semmelweis.hu\/hirek\/files\/2024\/04\/RS191881_433A2864-scr-203x135.jpg 203w, https:\/\/semmelweis.hu\/hirek\/files\/2024\/04\/RS191881_433A2864-scr.jpg 1200w\" >\r\n        <\/a><\/div><\/span><span class=\"gallery-item\"><div class=\"hidden\"><a href=\"https:\/\/semmelweis.hu\/hirek\/files\/2024\/04\/RS191877_433A2815-scr-1.jpg\">\r\n        <img src=https:\/\/semmelweis.hu\/hirek\/files\/2024\/04\/RS191877_433A2815-scr-1.jpg alt=\"\" class=\"attachment-sote-gallery-big size-sote-gallery-big\" srcset=\"https:\/\/semmelweis.hu\/hirek\/files\/2024\/04\/RS191877_433A2815-scr-1-400x267.jpg 400w, https:\/\/semmelweis.hu\/hirek\/files\/2024\/04\/RS191877_433A2815-scr-1-900x600.jpg 900w, https:\/\/semmelweis.hu\/hirek\/files\/2024\/04\/RS191877_433A2815-scr-1-768x512.jpg 768w, https:\/\/semmelweis.hu\/hirek\/files\/2024\/04\/RS191877_433A2815-scr-1-753x502.jpg 753w, https:\/\/semmelweis.hu\/hirek\/files\/2024\/04\/RS191877_433A2815-scr-1-203x135.jpg 203w, https:\/\/semmelweis.hu\/hirek\/files\/2024\/04\/RS191877_433A2815-scr-1.jpg 1200w\" >\r\n        <\/a><\/div><\/span><span class=\"gallery-item\"><div class=\"hidden\"><a href=\"https:\/\/semmelweis.hu\/hirek\/files\/2024\/04\/RS191876_433A2786-scr.jpg\">\r\n        <img src=https:\/\/semmelweis.hu\/hirek\/files\/2024\/04\/RS191876_433A2786-scr.jpg alt=\"\" class=\"attachment-sote-gallery-big size-sote-gallery-big\" srcset=\"https:\/\/semmelweis.hu\/hirek\/files\/2024\/04\/RS191876_433A2786-scr-400x267.jpg 400w, https:\/\/semmelweis.hu\/hirek\/files\/2024\/04\/RS191876_433A2786-scr-900x600.jpg 900w, https:\/\/semmelweis.hu\/hirek\/files\/2024\/04\/RS191876_433A2786-scr-768x512.jpg 768w, https:\/\/semmelweis.hu\/hirek\/files\/2024\/04\/RS191876_433A2786-scr-753x502.jpg 753w, https:\/\/semmelweis.hu\/hirek\/files\/2024\/04\/RS191876_433A2786-scr-203x135.jpg 203w, https:\/\/semmelweis.hu\/hirek\/files\/2024\/04\/RS191876_433A2786-scr.jpg 1200w\" >\r\n        <\/a><\/div><\/span><span class=\"gallery-item\"><div class=\"hidden\"><a href=\"https:\/\/semmelweis.hu\/hirek\/files\/2024\/04\/RS191886_433A2947-scr.jpg\">\r\n        <img src=https:\/\/semmelweis.hu\/hirek\/files\/2024\/04\/RS191886_433A2947-scr.jpg alt=\"\" class=\"attachment-sote-gallery-big size-sote-gallery-big\" srcset=\"https:\/\/semmelweis.hu\/hirek\/files\/2024\/04\/RS191886_433A2947-scr-400x267.jpg 400w, https:\/\/semmelweis.hu\/hirek\/files\/2024\/04\/RS191886_433A2947-scr-900x600.jpg 900w, https:\/\/semmelweis.hu\/hirek\/files\/2024\/04\/RS191886_433A2947-scr-768x512.jpg 768w, https:\/\/semmelweis.hu\/hirek\/files\/2024\/04\/RS191886_433A2947-scr-753x502.jpg 753w, https:\/\/semmelweis.hu\/hirek\/files\/2024\/04\/RS191886_433A2947-scr-203x135.jpg 203w, https:\/\/semmelweis.hu\/hirek\/files\/2024\/04\/RS191886_433A2947-scr.jpg 1200w\" >\r\n        <\/a><\/div><\/span><span class=\"gallery-item\"><div class=\"hidden\"><a href=\"https:\/\/semmelweis.hu\/hirek\/files\/2024\/04\/RS191888_433A2958-scr.jpg\">\r\n        <img src=https:\/\/semmelweis.hu\/hirek\/files\/2024\/04\/RS191888_433A2958-scr.jpg alt=\"\" class=\"attachment-sote-gallery-big size-sote-gallery-big\" srcset=\"https:\/\/semmelweis.hu\/hirek\/files\/2024\/04\/RS191888_433A2958-scr-400x267.jpg 400w, https:\/\/semmelweis.hu\/hirek\/files\/2024\/04\/RS191888_433A2958-scr-900x600.jpg 900w, https:\/\/semmelweis.hu\/hirek\/files\/2024\/04\/RS191888_433A2958-scr-768x512.jpg 768w, https:\/\/semmelweis.hu\/hirek\/files\/2024\/04\/RS191888_433A2958-scr-753x502.jpg 753w, https:\/\/semmelweis.hu\/hirek\/files\/2024\/04\/RS191888_433A2958-scr-203x135.jpg 203w, https:\/\/semmelweis.hu\/hirek\/files\/2024\/04\/RS191888_433A2958-scr.jpg 1200w\" >\r\n        <\/a><\/div><\/span><span class=\"gallery-item\"><div class=\"hidden\"><a href=\"https:\/\/semmelweis.hu\/hirek\/files\/2024\/04\/RS191889_433A2962-scr.jpg\">\r\n        <img src=https:\/\/semmelweis.hu\/hirek\/files\/2024\/04\/RS191889_433A2962-scr.jpg alt=\"\" class=\"attachment-sote-gallery-big size-sote-gallery-big\" srcset=\"https:\/\/semmelweis.hu\/hirek\/files\/2024\/04\/RS191889_433A2962-scr-400x267.jpg 400w, https:\/\/semmelweis.hu\/hirek\/files\/2024\/04\/RS191889_433A2962-scr-900x600.jpg 900w, https:\/\/semmelweis.hu\/hirek\/files\/2024\/04\/RS191889_433A2962-scr-768x512.jpg 768w, https:\/\/semmelweis.hu\/hirek\/files\/2024\/04\/RS191889_433A2962-scr-753x502.jpg 753w, https:\/\/semmelweis.hu\/hirek\/files\/2024\/04\/RS191889_433A2962-scr-203x135.jpg 203w, https:\/\/semmelweis.hu\/hirek\/files\/2024\/04\/RS191889_433A2962-scr.jpg 1200w\" >\r\n        <\/a><\/div><\/span><span class=\"gallery-item\"><div class=\"hidden\"><a href=\"https:\/\/semmelweis.hu\/hirek\/files\/2024\/04\/RS191880_433A2851-scr.jpg\">\r\n        <img src=https:\/\/semmelweis.hu\/hirek\/files\/2024\/04\/RS191880_433A2851-scr.jpg alt=\"\" class=\"attachment-sote-gallery-big size-sote-gallery-big\" srcset=\"https:\/\/semmelweis.hu\/hirek\/files\/2024\/04\/RS191880_433A2851-scr-400x267.jpg 400w, https:\/\/semmelweis.hu\/hirek\/files\/2024\/04\/RS191880_433A2851-scr-900x600.jpg 900w, https:\/\/semmelweis.hu\/hirek\/files\/2024\/04\/RS191880_433A2851-scr-768x512.jpg 768w, https:\/\/semmelweis.hu\/hirek\/files\/2024\/04\/RS191880_433A2851-scr-753x502.jpg 753w, https:\/\/semmelweis.hu\/hirek\/files\/2024\/04\/RS191880_433A2851-scr-203x135.jpg 203w, https:\/\/semmelweis.hu\/hirek\/files\/2024\/04\/RS191880_433A2851-scr.jpg 1200w\" >\r\n        <\/a><\/div><\/span>\r\n            <\/div>\r\n\r\n            [\/slb_exclude]\r\n\t\n<blockquote>\n<p>\u201e\u00d6n\u00f6k egy olyan egyetemen \u00e9s egy olyan k\u00f6zegben sz\u00edvhatj\u00e1k magukba a tud\u00e1st, ahol kiv\u00e1l\u00f3 tudom\u00e1nyos m\u0171helyek m\u0171k\u00f6dnek, \u00e9lnek \u00e9s v\u00e1rj\u00e1k a tehets\u00e9ges, ugyanakkor a tehets\u00e9g\u00fck kibontakoztat\u00e1s\u00e1\u00e9rt munk\u00e1t is v\u00e1llal\u00f3 fiatalokat. A Kor\u00e1nyi Frigyes Tudom\u00e1nyos F\u00f3rum ugyan valahol egy megm\u00e9rettet\u00e9s, egy verseny, azonban aki itt most el\u0151adja a tudom\u00e1nyos eredm\u00e9nyeit, az att\u00f3l f\u00fcggetlen\u00fcl, hogy oklevelet vehet-e \u00e1t a v\u00e9g\u00e9n, m\u00e1ris nyertes, mivel m\u00e1r elindult azon az \u00faton, amellyel v\u00e9g\u00fcl beteg embert\u00e1rsain seg\u00edthet<\/p>\n<\/blockquote>\n<p>\u2013 h\u00edvta fel r\u00e9sztvev\u0151k figyelm\u00e9t dr. Szab\u00f3 Attila klinikai rektorhelyettes, egyben az idei rendezv\u00e9ny szakmai f\u0151v\u00e9dn\u00f6ke. Eml\u00e9keztette a hallgat\u00f3kat a csapatmunka fontoss\u00e1g\u00e1ra is, r\u00e9szben mivel egy-egy tudom\u00e1nyos m\u0171helyben tev\u00e9kenykedve \u00e9rt\u00e9k el a most bemutatott eredm\u00e9nyeket is, r\u00e9szben pedig az\u00e9rt, mert az orvosl\u00e1s sz\u00fcks\u00e9gk\u00e9ppen csapatmunk\u00e1ban zajlik. Felid\u00e9zte azt is, hogy ugyan t\u00f6bb mint 30 \u00e9vvel ezel\u0151tt, de \u0151 is e szakkoll\u00e9gium falai k\u00f6z\u00f6tt inspir\u00e1l\u00f3dott, kezdte el az egyetemi \u00e9let\u00e9t, \u00e9s tudom\u00e1nyos tev\u00e9kenys\u00e9g\u00e9t. \u00d6r\u00f6m\u00e9t fejezte ki az\u00e9rt is, hogy az az\u00f3ta eltelt id\u0151ben a szakkoll\u00e9gium nemcsak megtartotta az alap\u00edt\u00e1sakor megfogalmazott c\u00e9ljait, elveit, de folyamatosan fejl\u0151dik is.<\/p>\n<p>Dr. B\u00e9res J\u00f3zsef, a B\u00e9res Gy\u00f3gyszergy\u00e1r eln\u00f6ke a megnyit\u00f3n a kutat\u00f3i kitart\u00e1s fontoss\u00e1g\u00e1ra h\u00edvta fel a figyelmet, \u00e9s arra, hogy ez akkor is meg\u00e9ri, ha a konzervat\u00edv tudom\u00e1ny ellen\u00e1ll\u00e1s\u00e1ba \u00fctk\u00f6znek az \u00faj felfedez\u00e9sek. \u00c9desapja, B\u00e9res J\u00f3zsef agr\u00e1rkutat\u00f3 p\u00e1ly\u00e1ja \u00e9s a B\u00e9res Gy\u00f3gyszergy\u00e1r t\u00f6rt\u00e9net\u00e9nek felid\u00e9z\u00e9se mellett a prevenci\u00f3 fontoss\u00e1g\u00e1ra is kit\u00e9rt.<\/p>\n<p>A k\u00e9tnapos f\u00f3rum el\u0151ad\u00e1sait, \u00e9s az interakt\u00edv poszterversenyt, a d\u00edjazott poszterekb\u0151l k\u00e9sz\u00fclt ki\u00e1ll\u00edt\u00e1s megtekint\u00e9s\u00e9t k\u00f6vet\u0151en a tan\u00e1cskoz\u00e1s hagyom\u00e1nyos d\u00edszel\u0151ad\u00e1s\u00e1t az id\u00e9n dr. Karik\u00f3 Katalin tartotta. (Az el\u0151ad\u00e1sr\u00f3l k\u00fcl\u00f6n cikkben sz\u00e1molunk be a honlapunkon)<\/p>\n<p><a href=\"https:\/\/semmelweis.hu\/hirek\/files\/2024\/04\/RS192001_433A3946-scr.jpg\"><img loading=\"lazy\" decoding=\"async\" class=\"aligncenter size-full wp-image-138807\" src=\"https:\/\/semmelweis.hu\/hirek\/files\/2024\/04\/RS192001_433A3946-scr.jpg\" alt=\"\" width=\"1200\" height=\"800\" srcset=\"https:\/\/semmelweis.hu\/hirek\/files\/2024\/04\/RS192001_433A3946-scr.jpg 1200w, https:\/\/semmelweis.hu\/hirek\/files\/2024\/04\/RS192001_433A3946-scr-400x267.jpg 400w, https:\/\/semmelweis.hu\/hirek\/files\/2024\/04\/RS192001_433A3946-scr-900x600.jpg 900w, https:\/\/semmelweis.hu\/hirek\/files\/2024\/04\/RS192001_433A3946-scr-768x512.jpg 768w, https:\/\/semmelweis.hu\/hirek\/files\/2024\/04\/RS192001_433A3946-scr-753x502.jpg 753w, https:\/\/semmelweis.hu\/hirek\/files\/2024\/04\/RS192001_433A3946-scr-203x135.jpg 203w\" sizes=\"auto, (max-width: 1200px) 100vw, 1200px\" \/><\/a><\/p>\n<p>Ezt k\u00f6vet\u0151en \u00e1tadt\u00e1k a XXVIII. Kor\u00e1nyi Frigyes Tudom\u00e1nyos F\u00f3rum d\u00edjait.<\/p>\n<div class=\"exp-col-content-holder\"><a class=\"expand-cnt-link\" href=\"#\">A d\u00edjazottak n\u00e9vsor\u00e1t itt olvashatja<\/a><\/p>\n<div class=\"hidden-content\">\n<h5>Aneszteziol\u00f3gia, oxyol\u00f3gia, intenz\u00edv ter\u00e1pia:<\/h5>\n<p><span style=\"font-size: 1rem\">1: Stubnya J\u00e1nos Domonkos, Sz\u00e1sz Hanna D\u00f3ra (Semmelweis Egyetem, \u00c1ltal\u00e1nos Orvostudom\u00e1nyi Kar, V. \u00e9vfolyam)<\/span><\/p>\n<p><span style=\"font-size: 1rem\">2: Gyuricsk\u00f3 Istv\u00e1n (Semmelweis Egyetem, \u00c1ltal\u00e1nos Orvostudom\u00e1nyi Kar, IV. \u00e9vfolyam)<\/span><\/p>\n<p>3: Vigh Barbara (Debreceni Egyetem, \u00c1ltal\u00e1nos Orvostudom\u00e1nyi Kar, V. \u00e9vfolyam)<\/p>\n<h5>Belgy\u00f3gy\u00e1szat, konzervat\u00edv orvostudom\u00e1nyok:<\/h5>\n<p><span style=\"font-size: 1rem\">1. Bojtor Bence (Semmelweis Egyetem, \u00c1ltal\u00e1nos Orvostudom\u00e1nyi Kar, V. \u00e9vfolyam)<\/span><\/p>\n<p>2. Balogh Fruzsina (Semmelweis Egyetem, \u00c1ltal\u00e1nos Orvostudom\u00e1nyi Kar, VI. \u00e9vfolyam)<\/p>\n<p>2. Rajmon Martin (Semmelweis Egyetem, \u00c1ltal\u00e1nos Orvostudom\u00e1nyi Kar, VI. \u00e9vfolyam)<\/p>\n<p><span style=\"font-size: 1rem\">3. M\u00e1k Bernadett, Laczk\u00f3 Vir\u00e1g (Semmelweis Egyetem, \u00c1ltal\u00e1nos Orvostudom\u00e1nyi Kar, V. \u00e9vfolyam \u00e9s III. \u00e9vfolyam)<\/span><\/p>\n<p>3. Papp Angelika Lilla (Debreceni Egyetem, \u00c1ltal\u00e1nos Orvostudom\u00e1nyi Kar, V. \u00e9vfolyam)<\/p>\n<h5>Biol\u00f3giai modellek, bioinformatika:<\/h5>\n<p><span style=\"font-size: 1rem\">1: V\u00e1mosi Boldizs\u00e1r (Semmelweis Egyetem, \u00c1ltal\u00e1nos Orvostudom\u00e1nyi Kar, VI. \u00e9vfolyam)<\/span><\/p>\n<p><span style=\"font-size: 1rem\">2: Leszk\u00f3 D\u00e1rius (Semmelweis Egyetem, \u00c1ltal\u00e1nos Orvostudom\u00e1nyi Kar, V. \u00e9vfolyam)<\/span><\/p>\n<p><span style=\"font-size: 1rem\">2: Kerest\u00e9ly M\u00e1rk (Semmelweis Egyetem, \u00c1ltal\u00e1nos Orvostudom\u00e1nyi Kar, V. \u00e9vfolyam)<\/span><\/p>\n<p>3: Gelencs\u00e9r Rebeka (Semmelweis Egyetem, \u00c1ltal\u00e1nos Orvostudom\u00e1nyi Kar, II. \u00e9vfolyam)<\/p>\n<p>3: Weigl-Kov\u00e1cs Vikt\u00f3ria (Semmelweis Egyetem, \u00c1ltal\u00e1nos Orvostudom\u00e1nyi Kar, VI. \u00e9vfolyam)<\/p>\n<h5>Fogorvostudom\u00e1nyok:<\/h5>\n<p><span style=\"font-size: 1rem\">1: K\u00f6penczei Csenge (Semmelweis Egyetem, Fogorvostudom\u00e1nyi Kar, V. \u00e9vfolyam)<\/span><\/p>\n<p><span style=\"font-size: 1rem\">2: Losonczi M\u00e1rta, P\u00e1l Laura (Semmelweis Egyetem, Fogorvostudom\u00e1nyi Kar, III. \u00e9vfolyam \u00e9s IV. \u00e9vfolyam)<\/span><\/p>\n<p><span style=\"font-size: 1rem\">2: Pakuts \u00c1gnes (Semmelweis Egyetem, Fogorvostudom\u00e1nyi Kar, III. \u00e9vfolyam)<\/span><\/p>\n<p><span style=\"font-size: 1rem\">3: Gyekiczki Fanni (Semmelweis Egyetem, Fogorvostudom\u00e1nyi Kar, IV. \u00e9vfolyam)<\/span><\/p>\n<p>3: Lesk\u00f3 Eszter R\u00f3zsa (Semmelweis Egyetem, Fogorvostudom\u00e1nyi Kar, IV. \u00e9vfolyam)<\/p>\n<h5>Gyermekgy\u00f3gy\u00e1szat:<\/h5>\n<p><span style=\"font-size: 1rem\">1: Hegyi Barna (Semmelweis Egyetem, \u00c1ltal\u00e1nos Orvostudom\u00e1nyi Kar, IV. \u00e9vfolyam)<\/span><\/p>\n<p><span style=\"font-size: 1rem\">2: Csuk Borb\u00e1la, D\u00e9t\u00e1r M\u00e1t\u00e9 (Semmelweis Egyetem, \u00c1ltal\u00e1nos Orvostudom\u00e1nyi Kar, V. \u00e9vfolyam \u00e9s VI. \u00e9vfolyam)<\/span><\/p>\n<p><span style=\"font-size: 1rem\">2: Lipcs\u00e1k \u00c1gnes M\u00e1ria (Semmelweis Egyetem, \u00c1ltal\u00e1nos Orvostudom\u00e1nyi Kar, IV. \u00e9vfolyam)<\/span><\/p>\n<p>3: Botos P\u00e9ter, Osztermayer Dorka (Semmelweis Egyetem, \u00c1ltal\u00e1nos Orvostudom\u00e1nyi Kar, VI. \u00e9vfolyam)<\/p>\n<p>3: Nagy Lilla (Debreceni Egyetem, \u00c1ltal\u00e1nos Orvostudom\u00e1nyi Kar, VI. \u00e9vfolyam)<\/p>\n<h5>Gy\u00f3gyszerfejleszt\u00e9s:<\/h5>\n<p><span style=\"font-size: 1rem\">1: Bosny\u00e1k Inez (P\u00e9csi Tudom\u00e1nyegyetem, \u00c1ltal\u00e1nos Orvostudom\u00e1nyi Kar, VI. \u00e9vfolyam)<\/span><\/p>\n<p><span style=\"font-size: 1rem\">2: Sikur No\u00e9mi Blanka (Semmelweis Egyetem, Gy\u00f3gyszer\u00e9sztudom\u00e1nyi Kar, IV. \u00e9vfolyam)<\/span><\/p>\n<p><span style=\"font-size: 1rem\">2: Szappanos Attila (Semmelweis Egyetem, \u00c1ltal\u00e1nos Orvostudom\u00e1nyi Kar, V. \u00e9vfolyam)<\/span><\/p>\n<p>3: Hossz\u00fa Zsolt (Debreceni Egyetem, Gy\u00f3gyszer\u00e9sztudom\u00e1nyi Kar, V. \u00e9vfolyam)<\/p>\n<p>3: Ign\u00e1th Zsuzsanna (Semmelweis Egyetem, Gy\u00f3gyszer\u00e9sztudom\u00e1nyi Kar, IV. \u00e9vfolyam)<\/p>\n<h5>Idegtudom\u00e1nyok:<\/h5>\n<p><span style=\"font-size: 1rem\">1: Drahos Botond (Semmelweis Egyetem, \u00c1ltal\u00e1nos Orvostudom\u00e1nyi Kar, III. \u00e9vfolyam)<\/span><\/p>\n<p><span style=\"font-size: 1rem\">2: Thaly Anna (Semmelweis Egyetem, Eg\u00e9szs\u00e9gtudom\u00e1nyi Kar, II. \u00e9vfolyam)<\/span><\/p>\n<p><span style=\"font-size: 1rem\">2: Zsigmond Anna (Szegedi Tudom\u00e1nyegyetem, Szent-Gy\u00f6rgyi Albert Orvostudom\u00e1nyi Kar, V. \u00e9vfolyam)<\/span><\/p>\n<p><span style=\"font-size: 1rem\">3: Sebest\u00e9ny R\u00e9ka (Semmelweis Egyetem, \u00c1ltal\u00e1nos Orvostudom\u00e1nyi Kar, V. \u00e9vfolyam)<\/span><\/p>\n<p>3: V\u00e1raljai Christopher (Semmelweis Egyetem, \u00c1ltal\u00e1nos Orvostudom\u00e1nyi Kar, IV. \u00e9vfolyam)<\/p>\n<h5>Kardiol\u00f3gia \u00e9s angiol\u00f3gia \u2013 k\u00e9palkot\u00f3 diagnosztika:<\/h5>\n<p><span style=\"font-size: 1rem\">1: Tardy J\u00falia Magdolna, Laczk\u00f3 Petra (Semmelweis Egyetem, \u00c1ltal\u00e1nos Orvostudom\u00e1nyi Kar, IV. \u00e9vfol<\/span><span style=\"font-size: 1rem\">yam \u00e9s V. \u00e9vfolyam)<\/span><\/p>\n<p><span style=\"font-size: 1rem\">2: Mar\u00e1czi D\u00e1niel, Kolesz\u00e1r Tam\u00e1s (Semmelweis Egyetem, \u00c1ltal\u00e1nos Orvostudom\u00e1nyi Kar, V. \u00e9vfolyam \u00e9s IV. \u00e9vfolyam)<\/span><\/p>\n<p>3: Lipt\u00e1k Zolt\u00e1n, Gyul\u00e1nczi Fl\u00f3ra Kl\u00e1ra (Semmelweis Egyetem, \u00c1ltal\u00e1nos Orvostudom\u00e1nyi Kar, V. \u00e9vfolyam)<\/p>\n<p>3: Sz\u00e1vai Luca, Lundegaard Sander (Semmelweis Egyetem, \u00c1ltal\u00e1nos Orvostudom\u00e1nyi Kar, IV. \u00e9vfolyam)<\/p>\n<h5>Kardiol\u00f3gia \u00e9s angiol\u00f3gia \u2013 klinikai \u00e9s transzl\u00e1ci\u00f3s kutat\u00e1sok:<\/h5>\n<p><span style=\"font-size: 1rem\">1: Oberling Hanna (Semmelweis Egyetem, \u00c1ltal\u00e1nos Orvostudom\u00e1nyi Kar, IV. \u00e9vfolyam)<\/span><\/p>\n<p><span style=\"font-size: 1rem\">2: Boga M\u00e1rton (Semmelweis Egyetem, \u00c1ltal\u00e1nos Orvostudom\u00e1nyi Kar, VI. \u00e9vfolyam)<\/span><\/p>\n<p><span style=\"font-size: 1rem\">2: Menk\u00f3 G\u00e1bor (Debreceni Egyetem, \u00c1ltal\u00e1nos Orvostudom\u00e1nyi Kar, IV. \u00e9vfolyam)<\/span><\/p>\n<p>3: Boroncsok D\u00f3ra, Kulcs\u00e1r Panka (Semmelweis Egyetem, \u00c1ltal\u00e1nos Orvostudom\u00e1nyi Kar, IV. \u00e9vfolyam \u00e9s V. \u00e9vfolyam)<\/p>\n<p>3: L\u00e1z\u00e1r Lilla, Kozma Mil\u00e1n (Semmelweis Egyetem, \u00c1ltal\u00e1nos Orvostudom\u00e1nyi Kar, IV. \u00e9vfolyam \u00e9s I. \u00e9vfolyam)<\/p>\n<h5>K\u00eds\u00e9rletes \u00e9s klinikai immunol\u00f3gia:<\/h5>\n<p><span style=\"font-size: 1rem\">1: Magyari Anett (Szegedi Tudom\u00e1nyegyetem, Szent-Gy\u00f6rgyi Albert Orvostudom\u00e1nyi Kar, IV. \u00e9vfolyam)<\/span><\/p>\n<p><span style=\"font-size: 1rem\">2: Ambrus Barbara (Szegedi Tudom\u00e1nyegyetem, \u00c1ltal\u00e1nos Orvostudom\u00e1nyi Kar, III. \u00e9vfolyam)<\/span><\/p>\n<p><span style=\"font-size: 1rem\">2: Balogh Lili (Semmelweis Egyetem, \u00c1ltal\u00e1nos Orvostudom\u00e1nyi Kar, VI. \u00e9vfolyam)<\/span><\/p>\n<p><span style=\"font-size: 1rem\">3: Bar\u00e1th Benjamin Reg\u0151 (Debreceni Egyetem, \u00c1ltal\u00e1nos Orvostudom\u00e1nyi Kar, VI. \u00e9vfolyam)<\/span><\/p>\n<p>3: S\u00e1nta Soma (Semmelweis Egyetem, \u00c1ltal\u00e1nos Orvostudom\u00e1nyi Kar, V. \u00e9vfolyam)<\/p>\n<h5>Klinikai \u00e9s molekul\u00e1ris onkol\u00f3gia:<\/h5>\n<p><span style=\"font-size: 1rem\">1: Kisgy\u00f6rgy M\u00e1t\u00e9 (Debreceni Egyetem, \u00c1ltal\u00e1nos Orvostudom\u00e1nyi Kar, IV. \u00e9vfolyam)<\/span><\/p>\n<p><span style=\"font-size: 1rem\">2: D\u00e9nes Don\u00e1t Lajos (Semmelweis Egyetem, \u00c1ltal\u00e1nos Orvostudom\u00e1nyi Kar, V. \u00e9vfolyam)<\/span><\/p>\n<p><span style=\"font-size: 1rem\">2: Szalai Fatime (Semmelweis Egyetem, \u00c1ltal\u00e1nos Orvostudom\u00e1nyi Kar, VI. \u00e9vfolyam)<\/span><\/p>\n<p>3: Hanza Richard (Semmelweis Egyetem, \u00c1ltal\u00e1nos Orvostudom\u00e1nyi Kar, IV. \u00e9vfolyam)<\/p>\n<p>3: Sz\u0151ke P\u00e9ter, Mohammed Alzara Ahmed (Semmelweis Egyetem, \u00c1ltal\u00e1nos Orvostudom\u00e1nyi Kar, VI. \u00e9vfolyam)<\/p>\n<h5>Magatart\u00e1s- \u00e9s viselked\u00e9studom\u00e1nyok, pszichi\u00e1tria:<\/h5>\n<p><span style=\"font-size: 1rem\">1: Papik Fl\u00f3ra, Ny\u00e1ry Dorottya (Semmelweis Egyetem, \u00c1ltal\u00e1nos Orvostudom\u00e1nyi Kar, IV. \u00e9vfolyam \u00e9s III. \u00e9vfolyam)<\/span><\/p>\n<p><span style=\"font-size: 1rem\">2: Vizi P\u00e9ter M\u00e1rk (Semmelweis Egyetem, \u00c1ltal\u00e1nos Orvostudom\u00e1nyi Kar, V. \u00e9vfolyam)<\/span><\/p>\n<p><span style=\"font-size: 1rem\">3: Buz\u00e1s-Kaizler Andr\u00e1s (Semmelweis Egyetem, \u00c1ltal\u00e1nos Orvostudom\u00e1nyi Kar, II. \u00e9vfolyam)<\/span><\/p>\n<p><span style=\"font-size: 1rem\">3: V\u00edg Zsuzsanna Fel\u00edcia (Semmelweis Egyetem, Eg\u00e9szs\u00e9gtudom\u00e1nyi Kar, IV. \u00e9vfolyam)<\/span><\/p>\n<h5>Operat\u00edv medicina:<\/h5>\n<p><span style=\"font-size: 1rem\">1: Varga Martin Dori\u00e1n, Hendlein T\u00edmea Helga (Semmelweis Egyetem, \u00c1ltal\u00e1nos Orvostudom\u00e1nyi Kar, V. \u00e9vfolyam)<\/span><\/p>\n<p><span style=\"font-size: 1rem\">2: Goschler Levente \u00c1d\u00e1m (Semmelweis Egyetem, \u00c1ltal\u00e1nos Orvostudom\u00e1nyi Kar, IV. \u00e9vfolyam)<\/span><\/p>\n<p><span style=\"font-size: 1rem\">2: B\u00e1lint Orsolya (Debreceni Egyetem, \u00c1ltal\u00e1nos Orvostudom\u00e1nyi Kar, VI. \u00e9vfolyam)<\/span><\/p>\n<p><span style=\"font-size: 1rem\">3: Horv\u00e1th-Sz\u00e9kely L\u00e1szl\u00f3 (Semmelweis Egyetem, \u00c1ltal\u00e1nos Orvostudom\u00e1nyi Kar, IV. \u00e9vfolyam)<\/span><\/p>\n<p>3: N\u00e9meth Luk\u00e1cs Benedek, Kov\u00e1cs Vikt\u00f3ria (Semmelweis Egyetem, \u00c1ltal\u00e1nos Orvostudom\u00e1nyi Kar, III. \u00e9vfolyam \u00e9s IV. \u00e9vfolyam)<\/p>\n<h5>Radiol\u00f3gia:<\/h5>\n<p><span style=\"font-size: 1rem\">1: Di Giovanni M\u00e1rk (Semmelweis Egyetem, \u00c1ltal\u00e1nos Orvostudm\u00e1nyi Kar, VI. \u00e9vfolyam)<\/span><\/p>\n<p><span style=\"font-size: 1rem\">2: T\u00f3th Dalma (Semmelweis Egyetem, \u00c1ltal\u00e1nos Orvostudom\u00e1nyi Kar, IV. \u00e9vfolyam)<\/span><\/p>\n<p><span style=\"font-size: 1rem\">2: Koz\u00e1k P\u00e9ter (Szegedi Tudom\u00e1nyegyetem, Szent-Gy\u00f6rgyi Albert Orvostudom\u00e1nyi Kar, V. \u00e9vfolyam)<\/span><\/p>\n<p>3: Hamilton-Meikle Phyllida Kerstin (Semmelweis Egyetem, \u00c1ltal\u00e1nos Orvostudom\u00e1nyi Kar, V. \u00e9vfolyam)<\/p>\n<p>3: Horv\u00e1th \u00c1kos (Semmelweis Egyetem, \u00c1ltal\u00e1nos Orvostudom\u00e1nyi Kar, V. \u00e9vfolyam)<\/p>\n<h5>Sejtbiol\u00f3gia, sejt\u00e9lettan:<\/h5>\n<p>1: Debreczeni Dorina (Semmelweis Egyetem, \u00c1ltal\u00e1nos Orvostudom\u00e1nyi Kar, III. \u00e9vfolyam)<\/p>\n<p><span style=\"font-size: 1rem\">2: Gere \u00c1ron K\u00e1roly (Debreceni Egyetem, \u00c1ltal\u00e1nos Orvostudom\u00e1nyi Kar, V. \u00e9vfolyam)<\/span><\/p>\n<p><span style=\"font-size: 1rem\">2: Pop Alexandra (Semmelweis Egyetem, \u00c1ltal\u00e1nos Orvostudom\u00e1nyi Kar, V. \u00e9vfolyam)<\/span><\/p>\n<p><span style=\"font-size: 1rem\">3: Csik\u00f3s Petra Metta, Veres Lili\u00e1na (Semmelweis Egyetem, \u00c1ltal\u00e1nos Orvostudom\u00e1nyi Kar, IV. \u00e9s III. \u00e9vfolyam)<\/span><\/p>\n<p>3: Sz\u00e1nt\u00f3 Csongor (Semmelweis Egyetem, \u00c1ltal\u00e1nos Orvostudom\u00e1nyi Kar, II. \u00e9vfolyam)<\/p>\n<h5>Transzl\u00e1ci\u00f3s medicina \u00e9s diagnosztika:<\/h5>\n<p>1: R\u00e9v\u00e9sz Istv\u00e1n (Debreceni Egyetem, \u00c1ltal\u00e1nos Orvostudom\u00e1nyi Kar, II. \u00e9vfolyam)<\/p>\n<p>2: Juh\u00e1sz Bogl\u00e1rka \u00c1gnes (Szegedi Tudom\u00e1nyegyetem, \u00c1ltal\u00e1nos Orvostudom\u00e1nyi Kar, V. \u00e9vfolyam)\u00a0<\/p>\n<p><span style=\"font-size: 1rem\">2: Schubert Anna (Szegedi Tudom\u00e1nyegyetem, \u00c1ltal\u00e1nos Orvostudom\u00e1nyi Kar, V. \u00e9vfolyam)<\/span><\/p>\n<p><span style=\"font-size: 1rem\">3: Bir\u00f3 Petra Erzs\u00e9bet (Debreceni Egyetem, \u00c1ltal\u00e1nos Orvostudom\u00e1nyi Kar, IV. \u00e9vfolyam)<\/span><\/p>\n<p>3: Fekete B\u00e1lint Endre (Szegedi Tudom\u00e1nyegyetem, \u00c1ltal\u00e1nos Orvostudom\u00e1nyi Kar, III. \u00e9vfolyam)<\/p>\n<\/div>\n<\/div>\n<p>&nbsp;<\/p>\n\r\n        [slb_exclude]\r\n        <div class=\"row galeria-wrapper mx-0 h-auto\">\r\n            <div class=\"col-9 pl-0 pr-2\">\r\n            <span class=\"gallery-item frame\">\r\n\t\t\t\t<div class=\"galeria-left-img\"><a href=\"https:\/\/semmelweis.hu\/hirek\/files\/2024\/04\/RS191984_433A4082-scr.jpg\"><img src=https:\/\/semmelweis.hu\/hirek\/files\/2024\/04\/RS191984_433A4082-scr.jpg  \r\n                            alt=\"\" \r\n                            class=\"attachment-sote-gallery-big size-sote-gallery-big\" \r\n                            srcset=\"https:\/\/semmelweis.hu\/hirek\/files\/2024\/04\/RS191984_433A4082-scr-400x267.jpg 400w, https:\/\/semmelweis.hu\/hirek\/files\/2024\/04\/RS191984_433A4082-scr-900x600.jpg 900w, https:\/\/semmelweis.hu\/hirek\/files\/2024\/04\/RS191984_433A4082-scr-768x512.jpg 768w, https:\/\/semmelweis.hu\/hirek\/files\/2024\/04\/RS191984_433A4082-scr-753x502.jpg 753w, https:\/\/semmelweis.hu\/hirek\/files\/2024\/04\/RS191984_433A4082-scr-203x135.jpg 203w, https:\/\/semmelweis.hu\/hirek\/files\/2024\/04\/RS191984_433A4082-scr.jpg 1200w\" ><\/a><\/div>\r\n            <\/span>\r\n\r\n            <\/div>\r\n\r\n\t\t\t<div class=\"col-3 pl-0 pr-0\">\r\n\t\t\t\t<div class=\"galeria-right-img d-flex justify-content-between flex-column h-100 w-100 px-0 mx-0 \">\r\n                <div class=\"galeria-box\">\r\n\t\t\t\t\t<h3 class=\"galeria-title\">Gal\u00e9ria<\/h3>\r\n\t\t\t\t\t<div class=\"galeria-subtitle\">\r\n\r\n\t\t\t\t\t\t<div class=\"galeria-page-counter\"><span>7<\/span>k\u00e9p<\/div>\r\n                    <\/div> <\/div>\r\n                    <span class=\"gallery-item frame d-none d-md-flex\">\r\n\t\t\t\t\t<div class=\"galeria-small-img mt-0\"><a href=\"https:\/\/semmelweis.hu\/hirek\/files\/2024\/04\/RS192009_433A3886-scr.jpg\"><img src=https:\/\/semmelweis.hu\/hirek\/files\/2024\/04\/RS192009_433A3886-scr.jpg \r\n                                alt=\"\"  \r\n                                class=\"attachment-sote-gallery-small size-sote-gallery-small\" \r\n                                srcset=\"https:\/\/semmelweis.hu\/hirek\/files\/2024\/04\/RS192009_433A3886-scr-400x267.jpg 400w, https:\/\/semmelweis.hu\/hirek\/files\/2024\/04\/RS192009_433A3886-scr-900x600.jpg 900w, https:\/\/semmelweis.hu\/hirek\/files\/2024\/04\/RS192009_433A3886-scr-768x512.jpg 768w, https:\/\/semmelweis.hu\/hirek\/files\/2024\/04\/RS192009_433A3886-scr-753x502.jpg 753w, https:\/\/semmelweis.hu\/hirek\/files\/2024\/04\/RS192009_433A3886-scr-203x135.jpg 203w, https:\/\/semmelweis.hu\/hirek\/files\/2024\/04\/RS192009_433A3886-scr.jpg 1200w\" ><\/a><\/div>\r\n                    <\/span>\r\n                    <span class=\"gallery-item frame d-none d-md-flex\">\r\n\t\t\t\t\t<div class=\"galeria-small-img mt-0\"><a href=\"https:\/\/semmelweis.hu\/hirek\/files\/2024\/04\/RS191986_433A4074-scr.jpg\"><img src=https:\/\/semmelweis.hu\/hirek\/files\/2024\/04\/RS191986_433A4074-scr.jpg \r\n                                alt=\"\" \r\n                                class=\"attachment-sote-gallery-small size-sote-gallery-small\" \r\n                                srcset=\"https:\/\/semmelweis.hu\/hirek\/files\/2024\/04\/RS191986_433A4074-scr-400x267.jpg 400w, https:\/\/semmelweis.hu\/hirek\/files\/2024\/04\/RS191986_433A4074-scr-900x600.jpg 900w, https:\/\/semmelweis.hu\/hirek\/files\/2024\/04\/RS191986_433A4074-scr-768x512.jpg 768w, https:\/\/semmelweis.hu\/hirek\/files\/2024\/04\/RS191986_433A4074-scr-753x502.jpg 753w, https:\/\/semmelweis.hu\/hirek\/files\/2024\/04\/RS191986_433A4074-scr-203x135.jpg 203w, https:\/\/semmelweis.hu\/hirek\/files\/2024\/04\/RS191986_433A4074-scr.jpg 1200w\" ><\/a><\/div>\r\n                    <\/span>\r\n\r\n                <\/div>\r\n\r\n            <\/div>\r\n\r\n            <span class=\"gallery-item\"><div class=\"hidden\"><a href=\"https:\/\/semmelweis.hu\/hirek\/files\/2024\/04\/RS192014_433A3846-scr.jpg\">\r\n        <img src=https:\/\/semmelweis.hu\/hirek\/files\/2024\/04\/RS192014_433A3846-scr.jpg alt=\"\" class=\"attachment-sote-gallery-big size-sote-gallery-big\" srcset=\"https:\/\/semmelweis.hu\/hirek\/files\/2024\/04\/RS192014_433A3846-scr-400x267.jpg 400w, https:\/\/semmelweis.hu\/hirek\/files\/2024\/04\/RS192014_433A3846-scr-900x600.jpg 900w, https:\/\/semmelweis.hu\/hirek\/files\/2024\/04\/RS192014_433A3846-scr-768x512.jpg 768w, https:\/\/semmelweis.hu\/hirek\/files\/2024\/04\/RS192014_433A3846-scr-753x502.jpg 753w, https:\/\/semmelweis.hu\/hirek\/files\/2024\/04\/RS192014_433A3846-scr-203x135.jpg 203w, https:\/\/semmelweis.hu\/hirek\/files\/2024\/04\/RS192014_433A3846-scr.jpg 1200w\" >\r\n        <\/a><\/div><\/span><span class=\"gallery-item\"><div class=\"hidden\"><a href=\"https:\/\/semmelweis.hu\/hirek\/files\/2024\/04\/RS191982_433A4099-scr.jpg\">\r\n        <img src=https:\/\/semmelweis.hu\/hirek\/files\/2024\/04\/RS191982_433A4099-scr.jpg alt=\"\" class=\"attachment-sote-gallery-big size-sote-gallery-big\" srcset=\"https:\/\/semmelweis.hu\/hirek\/files\/2024\/04\/RS191982_433A4099-scr-400x267.jpg 400w, https:\/\/semmelweis.hu\/hirek\/files\/2024\/04\/RS191982_433A4099-scr-900x600.jpg 900w, https:\/\/semmelweis.hu\/hirek\/files\/2024\/04\/RS191982_433A4099-scr-768x512.jpg 768w, https:\/\/semmelweis.hu\/hirek\/files\/2024\/04\/RS191982_433A4099-scr-753x502.jpg 753w, https:\/\/semmelweis.hu\/hirek\/files\/2024\/04\/RS191982_433A4099-scr-203x135.jpg 203w, https:\/\/semmelweis.hu\/hirek\/files\/2024\/04\/RS191982_433A4099-scr.jpg 1200w\" >\r\n        <\/a><\/div><\/span><span class=\"gallery-item\"><div class=\"hidden\"><a href=\"https:\/\/semmelweis.hu\/hirek\/files\/2024\/04\/RS191983_433A4090-scr.jpg\">\r\n        <img src=https:\/\/semmelweis.hu\/hirek\/files\/2024\/04\/RS191983_433A4090-scr.jpg alt=\"\" class=\"attachment-sote-gallery-big size-sote-gallery-big\" srcset=\"https:\/\/semmelweis.hu\/hirek\/files\/2024\/04\/RS191983_433A4090-scr-400x267.jpg 400w, https:\/\/semmelweis.hu\/hirek\/files\/2024\/04\/RS191983_433A4090-scr-900x600.jpg 900w, https:\/\/semmelweis.hu\/hirek\/files\/2024\/04\/RS191983_433A4090-scr-768x512.jpg 768w, https:\/\/semmelweis.hu\/hirek\/files\/2024\/04\/RS191983_433A4090-scr-753x502.jpg 753w, https:\/\/semmelweis.hu\/hirek\/files\/2024\/04\/RS191983_433A4090-scr-203x135.jpg 203w, https:\/\/semmelweis.hu\/hirek\/files\/2024\/04\/RS191983_433A4090-scr.jpg 1200w\" >\r\n        <\/a><\/div><\/span><span class=\"gallery-item\"><div class=\"hidden\"><a href=\"https:\/\/semmelweis.hu\/hirek\/files\/2024\/04\/RS191981_433A4102-scr.jpg\">\r\n        <img src=https:\/\/semmelweis.hu\/hirek\/files\/2024\/04\/RS191981_433A4102-scr.jpg alt=\"\" class=\"attachment-sote-gallery-big size-sote-gallery-big\" srcset=\"https:\/\/semmelweis.hu\/hirek\/files\/2024\/04\/RS191981_433A4102-scr-400x267.jpg 400w, https:\/\/semmelweis.hu\/hirek\/files\/2024\/04\/RS191981_433A4102-scr-900x600.jpg 900w, https:\/\/semmelweis.hu\/hirek\/files\/2024\/04\/RS191981_433A4102-scr-768x512.jpg 768w, https:\/\/semmelweis.hu\/hirek\/files\/2024\/04\/RS191981_433A4102-scr-753x502.jpg 753w, https:\/\/semmelweis.hu\/hirek\/files\/2024\/04\/RS191981_433A4102-scr-203x135.jpg 203w, https:\/\/semmelweis.hu\/hirek\/files\/2024\/04\/RS191981_433A4102-scr.jpg 1200w\" >\r\n        <\/a><\/div><\/span>\r\n            <\/div>\r\n\r\n            [\/slb_exclude]\r\n\t\n<div class=\"keretes w-100\">\n<p>Az egyetem vezet\u00e9se \u00fcnnep\u00e9lyesen felavatta a Nagyv\u00e1rad t\u00e9ri Elm\u00e9leti T\u00f6mb \u00e9p\u00fclet\u00e9ben a friss Nobel-d\u00edjas kutat\u00f3biol\u00f3gusr\u00f3l elnevezett tantermet. Ez ut\u00f3bbir\u00f3l <a href=\"https:\/\/semmelweis.hu\/hirek\/2024\/04\/11\/dr-kariko-katalinrol-nevezte-el-egyik-tantermet-a-semmelweis-egyetem\/\" target=\"_blank\" rel=\"noopener\">itt olvashatnak b\u0151vebben<\/a>.<\/p>\n<\/div>\n<p>Kiss Melinda Katalin<br \/>\nFot\u00f3: Barta B\u00e1lint \u2013 Semmelweis Egyetem<\/p>\n","protected":false},"excerpt":{"rendered":"<p>A d\u00edszel\u0151ad\u00e1st dr. Karik\u00f3 Katalin tartotta.<\/p>\n","protected":false},"author":102163,"featured_media":138733,"comment_status":"closed","ping_status":"closed","sticky":false,"template":"","format":"standard","meta":{"_acf_changed":false,"footnotes":""},"categories":[3533,168],"tags":[2888],"class_list":["post-138728","post","type-post","status-publish","format-standard","has-post-thumbnail","hentry","category-hallgatok-oktatas","category-kiemelt","tag-koranyi-frigyes-tudomanyos-forum"],"acf":[],"_links":{"self":[{"href":"https:\/\/semmelweis.hu\/hirek\/wp-json\/wp\/v2\/posts\/138728","targetHints":{"allow":["GET"]}}],"collection":[{"href":"https:\/\/semmelweis.hu\/hirek\/wp-json\/wp\/v2\/posts"}],"about":[{"href":"https:\/\/semmelweis.hu\/hirek\/wp-json\/wp\/v2\/types\/post"}],"author":[{"embeddable":true,"href":"https:\/\/semmelweis.hu\/hirek\/wp-json\/wp\/v2\/users\/102163"}],"replies":[{"embeddable":true,"href":"https:\/\/semmelweis.hu\/hirek\/wp-json\/wp\/v2\/comments?post=138728"}],"version-history":[{"count":12,"href":"https:\/\/semmelweis.hu\/hirek\/wp-json\/wp\/v2\/posts\/138728\/revisions"}],"predecessor-version":[{"id":138938,"href":"https:\/\/semmelweis.hu\/hirek\/wp-json\/wp\/v2\/posts\/138728\/revisions\/138938"}],"wp:featuredmedia":[{"embeddable":true,"href":"https:\/\/semmelweis.hu\/hirek\/wp-json\/wp\/v2\/media\/138733"}],"wp:attachment":[{"href":"https:\/\/semmelweis.hu\/hirek\/wp-json\/wp\/v2\/media?parent=138728"}],"wp:term":[{"taxonomy":"category","embeddable":true,"href":"https:\/\/semmelweis.hu\/hirek\/wp-json\/wp\/v2\/categories?post=138728"},{"taxonomy":"post_tag","embeddable":true,"href":"https:\/\/semmelweis.hu\/hirek\/wp-json\/wp\/v2\/tags?post=138728"}],"curies":[{"name":"wp","href":"https:\/\/api.w.org\/{rel}","templated":true}]}}