{"id":138596,"date":"2024-04-09T14:00:14","date_gmt":"2024-04-09T12:00:14","guid":{"rendered":"https:\/\/semmelweis.hu\/hirek\/?p=138596"},"modified":"2024-04-12T11:28:31","modified_gmt":"2024-04-12T09:28:31","slug":"egyuttmukodesi-megallapodas-az-amerikai-rutgers-egyetemmel","status":"publish","type":"post","link":"https:\/\/semmelweis.hu\/hirek\/2024\/04\/09\/egyuttmukodesi-megallapodas-az-amerikai-rutgers-egyetemmel\/","title":{"rendered":"Egy\u00fcttm\u0171k\u00f6d\u00e9si meg\u00e1llapod\u00e1s az amerikai Rutgers Egyetemmel"},"content":{"rendered":"<div class=\"lead\">A hallgat\u00f3i \u00e9s oktat\u00f3i mobilit\u00e1sr\u00f3l sz\u00f3l\u00f3, valamint a kutat\u00e1si egy\u00fcttm\u0171k\u00f6d\u00e9s kereteit szab\u00e1lyoz\u00f3 meg\u00e1llapod\u00e1st \u00edrt al\u00e1 a Semmelweis \u00e9s a New Jersey \u00e1llambeli Rutgers Egyetem 2024. \u00e1prilis 4-\u00e9n Budapesten<em>. <\/em><\/div>\n<p><a href=\"https:\/\/semmelweis.hu\/hirek\/files\/2024\/04\/RS191821_433A1806-scr.jpg\"><img loading=\"lazy\" decoding=\"async\" class=\"aligncenter size-full wp-image-138605\" src=\"https:\/\/semmelweis.hu\/hirek\/files\/2024\/04\/RS191821_433A1806-scr.jpg\" alt=\"\" width=\"1200\" height=\"800\" srcset=\"https:\/\/semmelweis.hu\/hirek\/files\/2024\/04\/RS191821_433A1806-scr.jpg 1200w, https:\/\/semmelweis.hu\/hirek\/files\/2024\/04\/RS191821_433A1806-scr-400x267.jpg 400w, https:\/\/semmelweis.hu\/hirek\/files\/2024\/04\/RS191821_433A1806-scr-900x600.jpg 900w, https:\/\/semmelweis.hu\/hirek\/files\/2024\/04\/RS191821_433A1806-scr-768x512.jpg 768w, https:\/\/semmelweis.hu\/hirek\/files\/2024\/04\/RS191821_433A1806-scr-753x502.jpg 753w, https:\/\/semmelweis.hu\/hirek\/files\/2024\/04\/RS191821_433A1806-scr-203x135.jpg 203w\" sizes=\"auto, (max-width: 1200px) 100vw, 1200px\" \/><\/a><\/p>\n<div class=\"fontos_div\">\n<p>A h\u00e1rom\u00e9ves id\u0151tartamot szab\u00e1lyoz\u00f3 egy\u00fcttm\u0171k\u00f6d\u00e9s az oktat\u00f3k, a szakmai munkat\u00e1rsak \u00e9s a posztdoktori hallgat\u00f3k cser\u00e9j\u00e9re, a kutat\u00e1si \u00e9s tudom\u00e1nyos publik\u00e1ci\u00f3s egy\u00fcttm\u0171k\u00f6d\u00e9s fokoz\u00e1s\u00e1ra, valamint kurrikulumfejleszt\u00e9sre ir\u00e1nyul. A partners\u00e9g r\u00e9szek\u00e9nt a felek jelenl\u00e9ti vagy t\u00e1voktat\u00e1sban megval\u00f3sul\u00f3 k\u00f6z\u00f6s k\u00e9pz\u00e9seket is tarthatnak, tov\u00e1bb\u00e1 k\u00f6lcs\u00f6n\u00f6s hozz\u00e1f\u00e9r\u00e9st biztos\u00edtanak a rendelkez\u00e9s\u00fckre \u00e1ll\u00f3 kutat\u00e1si eszk\u00f6z\u00f6kh\u00f6z \u00e9s szakirodalomhoz.<\/p>\n<\/div>\n<p>Az \u00fcnnep\u00e9lyes al\u00e1\u00edr\u00e1sra megjelent r\u00e9sztvev\u0151k k\u00f6sz\u00f6nt\u00e9s\u00e9t k\u00f6vet\u0151en dr. Merkely B\u00e9la rektor r\u00f6viden ismertette a Semmelweis Egyetem jelen\u00e9t, annak h\u00e1rmas tev\u00e9kenys\u00e9g\u00e9t, r\u00e9szletesen kit\u00e9rve a nemzetk\u00f6zi mobilit\u00e1si programokra, a nemzetk\u00f6zi hallgat\u00f3k magas ar\u00e1ny\u00e1ra, az int\u00e9zm\u00e9ny alumni h\u00e1l\u00f3zat\u00e1ra, valamint a nemzetk\u00f6zi fels\u0151oktat\u00e1si rangsorokban el\u00e9rt eredm\u00e9nyeire.<\/p>\n<p><a href=\"https:\/\/semmelweis.hu\/hirek\/files\/2024\/04\/RS191787_433A1354-scr.jpg\"><img loading=\"lazy\" decoding=\"async\" class=\"alignleft size-medium wp-image-138598\" src=\"https:\/\/semmelweis.hu\/hirek\/files\/2024\/04\/RS191787_433A1354-scr-400x267.jpg\" alt=\"\" width=\"400\" height=\"267\" srcset=\"https:\/\/semmelweis.hu\/hirek\/files\/2024\/04\/RS191787_433A1354-scr-400x267.jpg 400w, https:\/\/semmelweis.hu\/hirek\/files\/2024\/04\/RS191787_433A1354-scr-900x600.jpg 900w, https:\/\/semmelweis.hu\/hirek\/files\/2024\/04\/RS191787_433A1354-scr-768x512.jpg 768w, https:\/\/semmelweis.hu\/hirek\/files\/2024\/04\/RS191787_433A1354-scr-753x502.jpg 753w, https:\/\/semmelweis.hu\/hirek\/files\/2024\/04\/RS191787_433A1354-scr-203x135.jpg 203w, https:\/\/semmelweis.hu\/hirek\/files\/2024\/04\/RS191787_433A1354-scr.jpg 1200w\" sizes=\"auto, (max-width: 400px) 100vw, 400px\" \/><\/a>A rektor az egyetem kiterjedt nemzetk\u00f6zi kapcsolatrendszere kapcs\u00e1n kiemelte, hogy a Semmelweis mintegy 200 egy\u00fcttm\u0171k\u00f6d\u00e9si meg\u00e1llapod\u00e1st jegyez. Ezek sor\u00e1t gyarap\u00edtja a Rutgers Egyetemmel \u00e9s annak integr\u00e1lt int\u00e9zm\u00e9nyeivel folytatott kooper\u00e1ci\u00f3 is, amely <a href=\"https:\/\/semmelweis.hu\/hirek\/2015\/09\/14\/egyuttmukodesi-szandeknyilatkozatot-irt-ala-a-semmelweis-egyetem-es-rutgers-university\/\">t\u00f6bb \u00e9vtizedes m\u00faltra<\/a> tekint vissza. 2003-t\u00f3l a Semmelweis Egyetem Eg\u00e9szs\u00e9gtudom\u00e1nyi Kara (ETK) az akkori Nazareth College of Rochesterrel folytatott k\u00f6z\u00f6s projektet az <a href=\"https:\/\/semmelweis.hu\/hirek\/2012\/09\/25\/tcn-atlantis-zarokonferencian-ertekeltek-a-vilagon-egyedulallo-program-tapasztalatait\/\">Atlantis program<\/a> keret\u00e9ben. 2012-ben az ETK az az\u00f3ta a Rutgers Egyetemhez ker\u00fclt University of Medicine and Dentistry of New Jerseyvel k\u00f6t\u00f6tt egy\u00fcttm\u0171k\u00f6d\u00e9si meg\u00e1llapod\u00e1st. A k\u00e9t int\u00e9zm\u00e9ny k\u00f6z\u00f6tti szoros kapcsolatra jellemz\u0151, hogy 2013-ban dr. Marie T. O\u2019Toole professzor a kett\u0151s diplom\u00e1t ad\u00f3 \u00e1pol\u00f3k\u00e9pz\u00e9s ter\u00e9n folytatott t\u00f6rekv\u00e9sei elismer\u00e9sek\u00e9nt <a href=\"https:\/\/semmelweis.hu\/hirek\/2013\/11\/15\/heten-kaptak-diszdoktori-cimet-az-idei-doctor-honoris-causa-unnepsegen\/\">Doctor Honoris Causa c\u00edmben<\/a> r\u00e9szes\u00fclt, 2015-ben pedig dr. Phoebe Haddon kancell\u00e1r l\u00e1togatott a Semmelweis Egyetemre. A k\u00e9t int\u00e9zm\u00e9ny oktat\u00f3g\u00e1rd\u00e1ja k\u00f6lcs\u00f6n\u00f6sen tesz szakmai l\u00e1togat\u00e1sokat egym\u00e1sn\u00e1l, a k\u00e9t partner k\u00f6z\u00f6tti egy\u00fcttm\u0171k\u00f6d\u00e9s nyom\u00e1n pedig az elm\u00falt \u00e9vtizedben k\u00f6zel 50 k\u00f6z\u00f6s publik\u00e1ci\u00f3 sz\u00fcletett a biok\u00e9mia, sz\u00edv- \u00e9s \u00e9rrendszer, neurol\u00f3gia, farmakol\u00f3gia, onkol\u00f3gia, biofizika \u00e9s sejtbiol\u00f3gia ter\u00fclet\u00e9n. A j\u00f6v\u0151beli partners\u00e9g felt\u00e9teleit a mostani meg\u00e1llapod\u00e1son t\u00fal a Pann\u00f3nia, Fulbright \u00e9s az ACQUIRE programok is biztos\u00edtj\u00e1k.<\/p>\n<p>Dr. Antonio D. Tillis, az \u00e1llami fenntart\u00e1s\u00fa Rutgers Egyetem camdeni kampusz\u00e1nak kancell\u00e1rja felid\u00e9zte, hogy a mostani meg\u00e1llapod\u00e1st al\u00e1\u00edr\u00f3 int\u00e9zm\u00e9nyeket k\u00f6zel azonos koruk is \u00f6sszek\u00f6ti, hiszen a Rutgers jogel\u0151dj\u00e9t 1766-ban alap\u00edtott\u00e1k, \u00edgy az Egyes\u00fclt \u00c1llamok nyolcadik legr\u00e9gebbi, m\u00e9g gyarmati id\u0151kben alap\u00edtott egyetemek\u00e9nt jegyzik. Mint kiemelte, a sz\u00e9lesk\u00f6r\u0171 oktat\u00f3- \u00e9s kutat\u00f3i tev\u00e9kenys\u00e9g mellett a Rutgers kiemelt hangs\u00falyt fektet a k\u00f6z\u00f6ss\u00e9gi szerepv\u00e1llal\u00e1sra is. A k\u00f6zelj\u00f6v\u0151 strat\u00e9giai c\u00e9ljak\u00e9nt pedig a m\u00e1r l\u00e9tez\u0151 nemzetk\u00f6zi egy\u00fcttm\u0171k\u00f6d\u00e9sek elm\u00e9ly\u00edt\u00e9s\u00e9t azonos\u00edtotta, ebbe illeszkedik a Semmelweis Egyetemmel k\u00f6z\u00f6s munka is. K\u00f6sz\u00f6net\u00e9t fejezte ki dr. Merkely B\u00e9la rektornak \u00e9s dr. Pavlik L\u00edvia kancell\u00e1rnak a meg\u00e1llapod\u00e1s t\u00e1mogat\u00e1s\u00e1\u00e9rt; dr. Pop Marcelnek, a Nemzetk\u00f6zi Kapcsolatok Igazgat\u00f3s\u00e1ga vezet\u0151j\u00e9nek \u00e9s munkat\u00e1rsainak az int\u00e9zm\u00e9nyl\u00e1togat\u00e1s sor\u00e1n ny\u00fajtott k\u00f6zrem\u0171k\u00f6d\u00e9s\u00e9rt; valamint dr. D\u00f6rnyei Gabriell\u00e1nak, az ETK d\u00e9k\u00e1nj\u00e1nak, akivel a mostani budapesti t\u00e1rgyal\u00e1sa sor\u00e1n kidolgozt\u00e1k az egy\u00fcttm\u0171k\u00f6d\u00e9s r\u00e9szleteit. Mint elmondta, a szakmai partners\u00e9g egyik konkr\u00e9t lehet\u0151s\u00e9g\u00e9nek l\u00e1tja mind az anat\u00f3miai \u00e9s fiziol\u00f3giai ismeretek elsaj\u00e1t\u00edt\u00e1s\u00e1t t\u00e1mogat\u00f3, mesters\u00e9ges intelligenci\u00e1n alapul\u00f3 szimul\u00e1ci\u00f3, mind az egy\u00e9b, oktat\u00e1si c\u00e9lra haszn\u00e1lt innovat\u00edv technol\u00f3gi\u00e1k biztos\u00edt\u00e1s\u00e1t az int\u00e9zm\u00e9ny\u00fckbe l\u00e1togat\u00f3knak.<\/p>\n\r\n        [slb_exclude]\r\n        <div class=\"row galeria-wrapper mx-0 h-auto\">\r\n            <div class=\"col-9 pl-0 pr-2\">\r\n            <span class=\"gallery-item frame\">\r\n\t\t\t\t<div class=\"galeria-left-img\"><a href=\"https:\/\/semmelweis.hu\/hirek\/files\/2024\/04\/RS191801_433A1551-scr.jpg\"><img src=https:\/\/semmelweis.hu\/hirek\/files\/2024\/04\/RS191801_433A1551-scr.jpg  \r\n                            alt=\"\" \r\n                            class=\"attachment-sote-gallery-big size-sote-gallery-big\" \r\n                            srcset=\"https:\/\/semmelweis.hu\/hirek\/files\/2024\/04\/RS191801_433A1551-scr-400x267.jpg 400w, https:\/\/semmelweis.hu\/hirek\/files\/2024\/04\/RS191801_433A1551-scr-900x600.jpg 900w, https:\/\/semmelweis.hu\/hirek\/files\/2024\/04\/RS191801_433A1551-scr-768x512.jpg 768w, https:\/\/semmelweis.hu\/hirek\/files\/2024\/04\/RS191801_433A1551-scr-753x502.jpg 753w, https:\/\/semmelweis.hu\/hirek\/files\/2024\/04\/RS191801_433A1551-scr-203x135.jpg 203w, https:\/\/semmelweis.hu\/hirek\/files\/2024\/04\/RS191801_433A1551-scr.jpg 1200w\" ><\/a><\/div>\r\n            <\/span>\r\n\r\n            <\/div>\r\n\r\n\t\t\t<div class=\"col-3 pl-0 pr-0\">\r\n\t\t\t\t<div class=\"galeria-right-img d-flex justify-content-between flex-column h-100 w-100 px-0 mx-0 \">\r\n                <div class=\"galeria-box\">\r\n\t\t\t\t\t<h3 class=\"galeria-title\">Gal\u00e9ria<\/h3>\r\n\t\t\t\t\t<div class=\"galeria-subtitle\">\r\n\r\n\t\t\t\t\t\t<div class=\"galeria-page-counter\"><span>8<\/span>k\u00e9p<\/div>\r\n                    <\/div> <\/div>\r\n                    <span class=\"gallery-item frame d-none d-md-flex\">\r\n\t\t\t\t\t<div class=\"galeria-small-img mt-0\"><a href=\"https:\/\/semmelweis.hu\/hirek\/files\/2024\/04\/RS191791_433A1389-scr.jpg\"><img src=https:\/\/semmelweis.hu\/hirek\/files\/2024\/04\/RS191791_433A1389-scr.jpg \r\n                                alt=\"\"  \r\n                                class=\"attachment-sote-gallery-small size-sote-gallery-small\" \r\n                                srcset=\"https:\/\/semmelweis.hu\/hirek\/files\/2024\/04\/RS191791_433A1389-scr-400x267.jpg 400w, https:\/\/semmelweis.hu\/hirek\/files\/2024\/04\/RS191791_433A1389-scr-900x600.jpg 900w, https:\/\/semmelweis.hu\/hirek\/files\/2024\/04\/RS191791_433A1389-scr-768x512.jpg 768w, https:\/\/semmelweis.hu\/hirek\/files\/2024\/04\/RS191791_433A1389-scr-753x502.jpg 753w, https:\/\/semmelweis.hu\/hirek\/files\/2024\/04\/RS191791_433A1389-scr-203x135.jpg 203w, https:\/\/semmelweis.hu\/hirek\/files\/2024\/04\/RS191791_433A1389-scr.jpg 1200w\" ><\/a><\/div>\r\n                    <\/span>\r\n                    <span class=\"gallery-item frame d-none d-md-flex\">\r\n\t\t\t\t\t<div class=\"galeria-small-img mt-0\"><a href=\"https:\/\/semmelweis.hu\/hirek\/files\/2024\/04\/RS191848_433A1741-scr.jpg\"><img src=https:\/\/semmelweis.hu\/hirek\/files\/2024\/04\/RS191848_433A1741-scr.jpg \r\n                                alt=\"\" \r\n                                class=\"attachment-sote-gallery-small size-sote-gallery-small\" \r\n                                srcset=\"https:\/\/semmelweis.hu\/hirek\/files\/2024\/04\/RS191848_433A1741-scr-400x267.jpg 400w, https:\/\/semmelweis.hu\/hirek\/files\/2024\/04\/RS191848_433A1741-scr-900x600.jpg 900w, https:\/\/semmelweis.hu\/hirek\/files\/2024\/04\/RS191848_433A1741-scr-768x512.jpg 768w, https:\/\/semmelweis.hu\/hirek\/files\/2024\/04\/RS191848_433A1741-scr-753x502.jpg 753w, https:\/\/semmelweis.hu\/hirek\/files\/2024\/04\/RS191848_433A1741-scr-203x135.jpg 203w, https:\/\/semmelweis.hu\/hirek\/files\/2024\/04\/RS191848_433A1741-scr.jpg 1200w\" ><\/a><\/div>\r\n                    <\/span>\r\n\r\n                <\/div>\r\n\r\n            <\/div>\r\n\r\n            <span class=\"gallery-item\"><div class=\"hidden\"><a href=\"https:\/\/semmelweis.hu\/hirek\/files\/2024\/04\/RS191813_433A1728-scr.jpg\">\r\n        <img src=https:\/\/semmelweis.hu\/hirek\/files\/2024\/04\/RS191813_433A1728-scr.jpg alt=\"\" class=\"attachment-sote-gallery-big size-sote-gallery-big\" srcset=\"https:\/\/semmelweis.hu\/hirek\/files\/2024\/04\/RS191813_433A1728-scr-400x267.jpg 400w, https:\/\/semmelweis.hu\/hirek\/files\/2024\/04\/RS191813_433A1728-scr-900x600.jpg 900w, https:\/\/semmelweis.hu\/hirek\/files\/2024\/04\/RS191813_433A1728-scr-768x512.jpg 768w, https:\/\/semmelweis.hu\/hirek\/files\/2024\/04\/RS191813_433A1728-scr-753x502.jpg 753w, https:\/\/semmelweis.hu\/hirek\/files\/2024\/04\/RS191813_433A1728-scr-203x135.jpg 203w, https:\/\/semmelweis.hu\/hirek\/files\/2024\/04\/RS191813_433A1728-scr.jpg 1200w\" >\r\n        <\/a><\/div><\/span><span class=\"gallery-item\"><div class=\"hidden\"><a href=\"https:\/\/semmelweis.hu\/hirek\/files\/2024\/04\/RS191802_433A1565-scr.jpg\">\r\n        <img src=https:\/\/semmelweis.hu\/hirek\/files\/2024\/04\/RS191802_433A1565-scr.jpg alt=\"\" class=\"attachment-sote-gallery-big size-sote-gallery-big\" srcset=\"https:\/\/semmelweis.hu\/hirek\/files\/2024\/04\/RS191802_433A1565-scr-400x267.jpg 400w, https:\/\/semmelweis.hu\/hirek\/files\/2024\/04\/RS191802_433A1565-scr-900x600.jpg 900w, https:\/\/semmelweis.hu\/hirek\/files\/2024\/04\/RS191802_433A1565-scr-768x512.jpg 768w, https:\/\/semmelweis.hu\/hirek\/files\/2024\/04\/RS191802_433A1565-scr-753x502.jpg 753w, https:\/\/semmelweis.hu\/hirek\/files\/2024\/04\/RS191802_433A1565-scr-203x135.jpg 203w, https:\/\/semmelweis.hu\/hirek\/files\/2024\/04\/RS191802_433A1565-scr.jpg 1200w\" >\r\n        <\/a><\/div><\/span><span class=\"gallery-item\"><div class=\"hidden\"><a href=\"https:\/\/semmelweis.hu\/hirek\/files\/2024\/04\/RS191808_433A1620-scr.jpg\">\r\n        <img src=https:\/\/semmelweis.hu\/hirek\/files\/2024\/04\/RS191808_433A1620-scr.jpg alt=\"\" class=\"attachment-sote-gallery-big size-sote-gallery-big\" srcset=\"https:\/\/semmelweis.hu\/hirek\/files\/2024\/04\/RS191808_433A1620-scr-400x267.jpg 400w, https:\/\/semmelweis.hu\/hirek\/files\/2024\/04\/RS191808_433A1620-scr-900x600.jpg 900w, https:\/\/semmelweis.hu\/hirek\/files\/2024\/04\/RS191808_433A1620-scr-768x512.jpg 768w, https:\/\/semmelweis.hu\/hirek\/files\/2024\/04\/RS191808_433A1620-scr-753x502.jpg 753w, https:\/\/semmelweis.hu\/hirek\/files\/2024\/04\/RS191808_433A1620-scr-203x135.jpg 203w, https:\/\/semmelweis.hu\/hirek\/files\/2024\/04\/RS191808_433A1620-scr.jpg 1200w\" >\r\n        <\/a><\/div><\/span><span class=\"gallery-item\"><div class=\"hidden\"><a href=\"https:\/\/semmelweis.hu\/hirek\/files\/2024\/04\/RS191807_433A1616-scr.jpg\">\r\n        <img src=https:\/\/semmelweis.hu\/hirek\/files\/2024\/04\/RS191807_433A1616-scr.jpg alt=\"\" class=\"attachment-sote-gallery-big size-sote-gallery-big\" srcset=\"https:\/\/semmelweis.hu\/hirek\/files\/2024\/04\/RS191807_433A1616-scr-400x267.jpg 400w, https:\/\/semmelweis.hu\/hirek\/files\/2024\/04\/RS191807_433A1616-scr-900x600.jpg 900w, https:\/\/semmelweis.hu\/hirek\/files\/2024\/04\/RS191807_433A1616-scr-768x512.jpg 768w, https:\/\/semmelweis.hu\/hirek\/files\/2024\/04\/RS191807_433A1616-scr-753x502.jpg 753w, https:\/\/semmelweis.hu\/hirek\/files\/2024\/04\/RS191807_433A1616-scr-203x135.jpg 203w, https:\/\/semmelweis.hu\/hirek\/files\/2024\/04\/RS191807_433A1616-scr.jpg 1200w\" >\r\n        <\/a><\/div><\/span><span class=\"gallery-item\"><div class=\"hidden\"><a href=\"https:\/\/semmelweis.hu\/hirek\/files\/2024\/04\/RS191822_433A1835-scr.jpg\">\r\n        <img src=https:\/\/semmelweis.hu\/hirek\/files\/2024\/04\/RS191822_433A1835-scr.jpg alt=\"\" class=\"attachment-sote-gallery-big size-sote-gallery-big\" srcset=\"https:\/\/semmelweis.hu\/hirek\/files\/2024\/04\/RS191822_433A1835-scr-400x267.jpg 400w, https:\/\/semmelweis.hu\/hirek\/files\/2024\/04\/RS191822_433A1835-scr-900x600.jpg 900w, https:\/\/semmelweis.hu\/hirek\/files\/2024\/04\/RS191822_433A1835-scr-768x512.jpg 768w, https:\/\/semmelweis.hu\/hirek\/files\/2024\/04\/RS191822_433A1835-scr-753x502.jpg 753w, https:\/\/semmelweis.hu\/hirek\/files\/2024\/04\/RS191822_433A1835-scr-203x135.jpg 203w, https:\/\/semmelweis.hu\/hirek\/files\/2024\/04\/RS191822_433A1835-scr.jpg 1200w\" >\r\n        <\/a><\/div><\/span>\r\n            <\/div>\r\n\r\n            [\/slb_exclude]\r\n\t\n<p>\u201eV\u00e1rakoz\u00e1ssal tekint\u00fcnk az al\u00e1\u00edr\u00e1sra, hiszen az int\u00e9zm\u00e9nyeink tudom\u00e1nyos egy\u00fcttm\u0171k\u00f6d\u00e9s\u00e9vel egy\u00fattal a k\u00e9t orsz\u00e1g kapcsolat\u00e1t is szorosabbra f\u0171zz\u00fck\u201d \u2013 tette hozz\u00e1.<\/p>\n<p>A meg\u00e1llapod\u00e1s \u00fcnnep\u00e9lyes al\u00e1\u00edr\u00e1sa ut\u00e1n dr. Merkely B\u00e9la rektor kiemelte, hogy a partners\u00e9g hozz\u00e1j\u00e1rulhat az orvostan \u00e9s \u00e1pol\u00e1stan kih\u00edv\u00e1sainak kezel\u00e9s\u00e9hez, \u00edgy seg\u00edthet a szakemberhi\u00e1ny \u00e1thidal\u00e1s\u00e1ban \u00e9s a korszer\u0171 k\u00e9pz\u00e9s biztos\u00edt\u00e1s\u00e1ban.<\/p>\n<blockquote>\n<p>Meggy\u0151z\u0151d\u00e9sem, hogy a transzatlanti egy\u00fcttm\u0171k\u00f6d\u00e9s r\u00e9v\u00e9n olyan innovat\u00edv megold\u00e1sokat dolgozhatunk ki, amelyek mind helyi, mind glob\u00e1lis szinten hat\u00e1ssal b\u00edrnak. A meg\u00e1llapod\u00e1sunk meg\u00faj\u00edt\u00e1s\u00e1val bizony\u00edtjuk elk\u00f6telezetts\u00e9g\u00fcnket az egy\u00fcttm\u0171k\u00f6d\u00e9s fokoz\u00e1sa \u00e9s a fejl\u0151d\u00e9s el\u0151mozd\u00edt\u00e1sa ir\u00e1nt. K\u00f6z\u00f6s er\u0151vel t\u00f6rekedhet\u00fcnk a kutat\u00e1s, az innov\u00e1ci\u00f3 \u00e9s a kiv\u00e1l\u00f3s\u00e1g fel\u00e9, hat\u00e1rok n\u00e9lk\u00fcl, emberi \u00e9leteket megv\u00e1ltoztatva<\/p>\n<\/blockquote>\n<p>\u2013 z\u00e1rta gondolatmenet\u00e9t dr. Merkely B\u00e9la.<\/p>\n<p>Az Egyes\u00fclt \u00c1llamok t\u00e1mogat\u00e1s\u00e1r\u00f3l biztos\u00edtotta az egy\u00fcttm\u0171k\u00f6d\u00e9st Luke Thompson, az Amerikai Nagyk\u00f6vets\u00e9g Region\u00e1lis K\u00f6rnyezetv\u00e9delmi, Tudom\u00e1nyos, Technol\u00f3giai \u00e9s Eg\u00e9szs\u00e9g\u00fcgyi Csom\u00f3ponti Irod\u00e1j\u00e1nak igazgat\u00f3ja is, kiemelve, hogy a partners\u00e9g nemcsak oktat\u00e1si \u00e9s kutat\u00e1si, hanem diplom\u00e1ciai k\u00f6tel\u00e9kek elm\u00e9ly\u00fcl\u00e9s\u00e9hez is hozz\u00e1j\u00e1rul.<\/p>\n<p>Szabados-D\u0151tsch Judit<br \/>\nFot\u00f3: Barta B\u00e1lint \u2013 Semmelweis Egyetem<\/p>\n","protected":false},"excerpt":{"rendered":"<p>Az egy\u00fcttm\u0171k\u00f6d\u00e9s oktat\u00f3i-hallgat\u00f3i mobilit\u00e1sra, tudom\u00e1nyos egy\u00fcttm\u0171k\u00f6d\u00e9sre, valamint kurrikulumfejleszt\u00e9sre ir\u00e1nyul.<\/p>\n","protected":false},"author":102255,"featured_media":138602,"comment_status":"closed","ping_status":"closed","sticky":false,"template":"","format":"standard","meta":{"_acf_changed":false,"footnotes":""},"categories":[157,168],"tags":[2836,3444,3439],"class_list":["post-138596","post","type-post","status-publish","format-standard","has-post-thumbnail","hentry","category-semmelweis-vilag","category-kiemelt","tag-nemzetkozi-kapcsolatok","tag-oktatas","tag-partnerseg"],"acf":[],"_links":{"self":[{"href":"https:\/\/semmelweis.hu\/hirek\/wp-json\/wp\/v2\/posts\/138596","targetHints":{"allow":["GET"]}}],"collection":[{"href":"https:\/\/semmelweis.hu\/hirek\/wp-json\/wp\/v2\/posts"}],"about":[{"href":"https:\/\/semmelweis.hu\/hirek\/wp-json\/wp\/v2\/types\/post"}],"author":[{"embeddable":true,"href":"https:\/\/semmelweis.hu\/hirek\/wp-json\/wp\/v2\/users\/102255"}],"replies":[{"embeddable":true,"href":"https:\/\/semmelweis.hu\/hirek\/wp-json\/wp\/v2\/comments?post=138596"}],"version-history":[{"count":10,"href":"https:\/\/semmelweis.hu\/hirek\/wp-json\/wp\/v2\/posts\/138596\/revisions"}],"predecessor-version":[{"id":138838,"href":"https:\/\/semmelweis.hu\/hirek\/wp-json\/wp\/v2\/posts\/138596\/revisions\/138838"}],"wp:featuredmedia":[{"embeddable":true,"href":"https:\/\/semmelweis.hu\/hirek\/wp-json\/wp\/v2\/media\/138602"}],"wp:attachment":[{"href":"https:\/\/semmelweis.hu\/hirek\/wp-json\/wp\/v2\/media?parent=138596"}],"wp:term":[{"taxonomy":"category","embeddable":true,"href":"https:\/\/semmelweis.hu\/hirek\/wp-json\/wp\/v2\/categories?post=138596"},{"taxonomy":"post_tag","embeddable":true,"href":"https:\/\/semmelweis.hu\/hirek\/wp-json\/wp\/v2\/tags?post=138596"}],"curies":[{"name":"wp","href":"https:\/\/api.w.org\/{rel}","templated":true}]}}