{"id":13832,"date":"2012-11-19T09:48:34","date_gmt":"2012-11-19T08:48:34","guid":{"rendered":"http:\/\/semmelweis-egyetem.hu\/hirek\/?p=13832"},"modified":"2013-05-27T09:31:57","modified_gmt":"2013-05-27T08:31:57","slug":"kilencen-kaptak-diszdoktori-cimet-a-38-doctor-honoris-causa-unnepsegen","status":"publish","type":"post","link":"https:\/\/semmelweis.hu\/hirek\/2012\/11\/19\/kilencen-kaptak-diszdoktori-cimet-a-38-doctor-honoris-causa-unnepsegen\/","title":{"rendered":"Kilencen kaptak d\u00edszdoktori c\u00edmet a 38. Doctor Honoris Causa \u00fcnneps\u00e9gen"},"content":{"rendered":"<p style=\"text-align: left;\">Kilenc, a Semmelweis egyetemmel hosszabb id\u0151 \u00f3ta eredm\u00e9nyes szakmai kapcsolatot \u00e1pol\u00f3 professzor vehette \u00e1t a Doctor Honoris Causa (Tiszteletbeli Doktor) c\u00edmet, a Szen\u00e1tus d\u00f6nt\u00e9se alapj\u00e1n. A Semmelweis Szalonban tartott \u00fcnnep\u00e9lyes \u00e1tad\u00f3n dr. Sz\u00e9l \u00c1goston rektor \u00fagy fogalmazott: minden d\u00edjazott nagy \u00f6r\u00f6m\u00e9t fejezte ki az elismer\u00e9s ok\u00e1n, de az igazi megtiszteltet\u00e9s val\u00f3j\u00e1ban az egyetem\u00e9, hogy ilyen kimagasl\u00f3 tud\u00e1s\u00fa professzorokat fogadhat d\u00edszdoktorai k\u00f6z\u00e9.<\/p>\n<p style=\"text-align: center;\"><img loading=\"lazy\" decoding=\"async\" class=\"aligncenter  wp-image-13862\" title=\"web-5095\" src=\"https:\/\/semmelweis.hu\/hirek\/files\/2012\/11\/web-5095-600x400.jpg\" alt=\"\" width=\"540\" height=\"360\" srcset=\"https:\/\/semmelweis.hu\/hirek\/files\/2012\/11\/web-5095-600x400.jpg 600w, https:\/\/semmelweis.hu\/hirek\/files\/2012\/11\/web-5095-300x199.jpg 300w, https:\/\/semmelweis.hu\/hirek\/files\/2012\/11\/web-5095.jpg 800w\" sizes=\"auto, (max-width: 540px) 100vw, 540px\" \/><\/p>\n<p>Dr. Pierre Corvol (Coll\u00e8ge de France) nagym\u00e9rt\u00e9kben hozz\u00e1j\u00e1rult a renin-angiotenzin-aldoszteron rendszer \u00e9lettani \u00e9s k\u00f3r\u00e9lettani ismeretek b\u0151v\u00edt\u00e9s\u00e9hez. Tudom\u00e1nyos eredm\u00e9nyeit sz\u00e1mos nemzeti \u00e9s nemzetk\u00f6zi d\u00edjjal ismert\u00e9k el. A Francia Tudom\u00e1nyos Akad\u00e9mia \u00e9s az Amerikai M\u0171v\u00e9szeti \u00e9s Tudom\u00e1nyos Akad\u00e9mia tagja. 2007 \u00e9s 2012 k\u00f6z\u00f6tt a Coll\u00e8ge de France rektora volt. Corvol professzornak k\u00f6sz\u00f6nhet\u0151en egy gy\u00fcm\u00f6lcs\u00f6z\u0151 kutat\u00e1si egy\u00fcttm\u0171k\u00f6d\u00e9s alakult ki a Semmelweis Egyetem \u00e9s a Coll\u00e8ge de France k\u00f6z\u00f6tt, az endokrinol\u00f3gia ter\u00e9n.<\/p>\n<p>Dr. George Berci (Cedars-Sinai Medical Centre, UCLA) Magyarorsz\u00e1gon sz\u00fcletett, az 1956-os forradalmat k\u00f6vet\u0151en hagyta el az orsz\u00e1got. 50 \u00e9ve v\u00e9gez kutat\u00e1st a laparoszk\u00f3pos seb\u00e9szet ter\u00e9n. Innov\u00e1ci\u00f3s k\u00e9pess\u00e9g\u00e9nek k\u00f6sz\u00f6nhet\u0151en sz\u00e1mos \u00faj eszk\u00f6zt fejlesztett ki. 1962-ben egy miniat\u0171r telev\u00edzi\u00f3s kamer\u00e1t \u00e1ll\u00edtott el\u0151, amely seg\u00edts\u00e9g\u00e9vel \u2013 az orvostudom\u00e1ny t\u00f6rt\u00e9nelm\u00e9ben el\u0151sz\u00f6r \u2013 k\u00e9perny\u0151n kereszt\u00fcl l\u00e1tni lehetett egy \u00e9l\u0151 ember has\u00fcreg\u00e9t. R\u00f3la nevezt\u00e9k el a Cedars-Sinai Medical Centre \u00faj, minim\u00e1lisan invaz\u00edv seb\u00e9szeti oszt\u00e1ly\u00e1t. Berci professzor szervezte \u00e9s ir\u00e1ny\u00edtotta az els\u0151 laparoszk\u00f3pos cholecystectomi\u00e1t Budapesten, 1991-ben. A magyar seb\u00e9szek folyamatos t\u00e1mogat\u00f3ja, a gyakorlati k\u00e9pz\u00e9sben \u00e9s a m\u0171t\u0151teremben egyar\u00e1nt.<\/p>\n<p>Dr. Axel Ullrich (Max Planck Institute) a g\u00e9ntechnol\u00f3gia elismert szakembere. Az 1980-as \u00e9vekben \u0151 fejlesztette ki a vil\u00e1g els\u0151 biotechnol\u00f3giai gy\u00f3gyszer\u00e9t, a Humulin-t (hum\u00e1n inzulin). Nagy eredm\u00e9ny\u0171 kutat\u00f3munk\u00e1ja sor\u00e1n egy \u00faj korszakot ind\u00edtott el a r\u00e1k elleni k\u00fczdelemben. Sz\u00e1mos sikeres biotechnol\u00f3giai c\u00e9g alap\u00edt\u00f3ja, k\u00f6zt\u00fck a n\u00e9met-magyar tulajdon\u00fa Vichem. A legt\u00f6bbet hivatkozott kutat\u00f3k egyike: tudom\u00e1nyos munk\u00e1j\u00e1t t\u00f6bb mint 75 ezerszer id\u00e9zt\u00e9k.<\/p>\n<p>Dr. Csizmadia Imre G. (University of Toronto) tudom\u00e1nyos munk\u00e1ja sor\u00e1n az ismert gy\u00f3gyszerek \u00e9s term\u00e9szetes term\u00e9kek (pl. aszpirin, penicillin, vitaminok) intelligens mechanizmus\u00e1t tanulm\u00e1nyozza, annak felder\u00edt\u00e9s\u00e9re, hogy ezek az inform\u00e1ci\u00f3k hogyan alkalmazhat\u00f3k a modern gy\u00f3gyszertervez\u00e9sben. 1964 \u00f3ta dolgozik a Toront\u00f3i Egyetemen, ahol egy \u00faj, a hallgat\u00f3k kreativit\u00e1s\u00e1nak fejl\u0151d\u00e9s\u00e9t el\u0151seg\u00edt\u0151 oktat\u00e1si m\u00f3dszert dolgozott ki. A szervez\u00e9s\u00e9ben l\u00e9trehozott Summer School keret\u00e9ben \u00e9vente sz\u00e1mos kanadai hallgat\u00f3 l\u00e1togat el Magyarorsz\u00e1gra a Semmelweis Egyetem, a Szegedi Tudom\u00e1nyegyetem \u00e9s az E\u00f6tv\u00f6s Lor\u00e1nd Tudom\u00e1nyegyetem k\u00f6zrem\u0171k\u00f6d\u00e9s\u00e9vel.<\/p>\n<p>Dr. Gy\u00e9resi \u00c1rp\u00e1d (Marosv\u00e1s\u00e1rhelyi Orvosi \u00e9s Gy\u00f3gyszer\u00e9szeti Egyetem) kutat\u00f3i tev\u00e9kenys\u00e9g\u00e9nek f\u0151bb ter\u00fcletei: a gy\u00f3gyszerek stabilit\u00e1sa, az elv\u00e1laszt\u00e1si technik\u00e1k, \u00e9s a hat\u00f3- \u00e9s seg\u00e9danyagok k\u00f6z\u00f6tti k\u00f6lcs\u00f6nhat\u00e1sok. Tudom\u00e1nyos eredm\u00e9nyei\u00e9rt sz\u00e1mos rangos d\u00edjat \u00e9s kit\u00fcntet\u00e9st nyert el. 19 \u00e9vig vezette a marosv\u00e1s\u00e1rhelyi egyetem Gy\u00f3gyszer\u00e9szi K\u00e9miai Int\u00e9zet\u00e9t. Rendk\u00edv\u00fcl sz\u00e9les sk\u00e1l\u00e1j\u00fa oktat\u00f3i munk\u00e1ja sor\u00e1n t\u00f6bb \u00faj tant\u00e1rgynak a bevezet\u00e9s\u00e9t kezdem\u00e9nyezte. Az elm\u00falt n\u00e9gy \u00e9vtized alatt kifejtett munk\u00e1ja jelent\u0151s el\u0151rel\u00e9p\u00e9st eredm\u00e9nyezett a magyar \u00e9s rom\u00e1n fels\u0151oktat\u00e1s k\u00f6z\u00f6tti kapcsolat jav\u00edt\u00e1s\u00e1ban \u00e9s fejleszt\u00e9s\u00e9ben.<\/p>\n<p>Dr. Vinod P. Shah (JSS University of Mysore) 30 \u00e9ven kereszt\u00fcl dolgozott az amerikai \u00c9lelmiszer- \u00e9s Gy\u00f3gyszer\u00fcgyi Hat\u00f3s\u00e1gnak (FDA), kiemelked\u0151 munk\u00e1j\u00e1\u00e9rt sz\u00e1mos kit\u00fcntet\u00e9sben r\u00e9szes\u00fclt. T\u00f6bb gy\u00f3gyszer\u00e9szeti egyes\u00fcletben t\u00f6lt\u00f6tt be vezet\u0151i szerepet. Mintegy t\u00edz \u00e9ve \u00e1pol szoros kapcsolatot a Semmelweis Egyetem Gy\u00f3gyszer\u00e9szeti Int\u00e9zet\u00e9vel, ez id\u0151 alatt h\u00e1rom sikeres nemzetk\u00f6zi workshop-ot rendeztek meg. Id\u00e9n szeptemberben a Magyar K\u00eds\u00e9rletes \u00e9s Klinikai Farmakol\u00f3giai T\u00e1rsas\u00e1g tiszteletbeli tagj\u00e1v\u00e1 v\u00e1lasztott\u00e1k.<\/p>\n<p>Joseph Kutzin (World Health Organisation) vezet\u0151 eg\u00e9szs\u00e9g\u00fcgyi k\u00f6zgazd\u00e1sz, az Eg\u00e9szs\u00e9g\u00fcgyi Vil\u00e1gszervezet egyik legelismertebb eg\u00e9szs\u00e9g\u00fcgyi finansz\u00edroz\u00e1si politika szak\u00e9rt\u0151je. Tudom\u00e1nyos \u00e9rdekl\u0151d\u00e9s\u00e9nek k\u00f6z\u00e9ppontj\u00e1ban \u2013 t\u00f6bbek k\u00f6z\u00f6tt \u2013 az eg\u00e9szs\u00e9g\u00fcgyi rendszerek funkcion\u00e1lis elemz\u00e9se \u00e1ll. T\u00f6bb mint t\u00edz \u00e9ve dolgozik egy\u00fctt a Semmelweis Egyetem Eg\u00e9szs\u00e9g\u00fcgyi Menedzserk\u00e9pz\u0151 K\u00f6zpontj\u00e1val, vend\u00e9g el\u0151ad\u00f3k\u00e9nt vesz r\u00e9szt a k\u00f6zpont nemzetk\u00f6zi programjain, p\u00e9ld\u00e1ul a sz\u00e9les k\u00f6rben elismert Vil\u00e1gbank Int\u00e9zet z\u00e1szl\u00f3shaj\u00f3 programj\u00e1n. A Semmelweis Egyetemmel val\u00f3 egy\u00fcttm\u0171k\u00f6d\u00e9s kiterjed a kutat\u00e1si \u00e9s tan\u00e1csad\u00f3i ter\u00fcletekre is, nemzetk\u00f6zi szak\u00e9rt\u0151k\u00e9nt sz\u00e1mos alkalommal t\u00e1mogatta a magyar eg\u00e9szs\u00e9g\u00fcgyi reformokat.<\/p>\n<p>Dr. Jozef Corveleyn (Catholic University of Leuven) tudom\u00e1nyos tev\u00e9kenys\u00e9g\u00e9nek f\u0151bb ter\u00fclete a vall\u00e1s klinikai pszichol\u00f3gi\u00e1ja. Kutat\u00f3i munk\u00e1ja kiemeli a vall\u00e1s gy\u00f3gy\u00edt\u00f3 hat\u00e1s\u00e1t, de olyan helyzetekre is r\u00e1mutat, amelyekben a vall\u00e1s \u00e9pp az ellenkez\u0151 hat\u00e1st eredm\u00e9nyezheti. Corveleyn professzor nagym\u00e9rt\u00e9ken hozz\u00e1j\u00e1rult egy olyan tudom\u00e1ny\u00e1g fejl\u0151d\u00e9s\u00e9hez a Semmelweis Egyetemen, amelynek m\u00e9g a l\u00e9tez\u00e9se is megk\u00e9rd\u0151jelezett volt 1990 el\u0151tt Magyarorsz\u00e1gon. Szem\u00e9lyes hozz\u00e1j\u00e1rul\u00e1s\u00e1val \u00e9s int\u00e9zm\u00e9nyi h\u00e1tter\u00e9vel t\u00e1mogatta sz\u00e1mos \u00faj k\u00e9pz\u00e9s bevezet\u00e9s\u00e9t, \u00e9s nemzetk\u00f6zi tudom\u00e1nyos egy\u00fcttm\u0171k\u00f6d\u00e9sek kialak\u00edt\u00e1s\u00e1t.<\/p>\n<p>Dr. J\u00fcrgen Michael Steinacker (University of Ulm) nemzetk\u00f6zileg elismert sporttud\u00f3s, az Ulmi Egyetem Sport \u00e9s Rehabilit\u00e1ci\u00f3s Int\u00e9zet\u00e9nek igazgat\u00f3ja. Kiterjedt kapcsolatokat \u00e1pol a magyar tudom\u00e1nyos \u00e9lettel, \u00e9vtizedek \u00f3ta dolgozik egy\u00fctt a Magyar Evez\u0151s Sz\u00f6vets\u00e9ggel \u00e9s a Magyar Olimpiai Bizotts\u00e1ggal. A Semmelweis Egyetemmel hossz\u00fa \u00e9vek \u00f3ta folytat k\u00f6z\u00f6s projekteket a spiroergometria \u00e9s a nagy felbont\u00e1s\u00fa molekul\u00e1ris elemz\u00e9s ter\u00fclet\u00e9n. Az egy\u00fcttm\u0171k\u00f6d\u00e9s r\u00e9szek\u00e9nt Steinacker professzor kutat\u00e1si lehet\u0151s\u00e9get nyitott meg a Semmelweis Egyetem hallgat\u00f3i sz\u00e1m\u00e1ra az Ulmi Egyetemen, emellett kutat\u00f3csoportja k\u00f6zrem\u0171k\u00f6dik az egyetem Testnevel\u00e9si \u00e9s Sporttudom\u00e1nyi Kar PhD-programj\u00e1n.<\/p>\n<p>Varga-G\u00f6nczi Gina<\/p>\n<p>&nbsp;<\/p>\n\n","protected":false},"excerpt":{"rendered":"<p>Kilenc, a Semmelweis egyetemmel hosszabb id\u0151 \u00f3ta eredm\u00e9nyes szakmai kapcsolatot \u00e1pol\u00f3 professzor vehette \u00e1t a Doctor Honoris Causa (Tiszteletbeli Doktor) c\u00edmet, a Szen\u00e1tus d\u00f6nt\u00e9se alapj\u00e1n. A Semmelweis Szalonban tartott \u00fcnnep\u00e9lyes \u00e1tad\u00f3n dr. Sz\u00e9l \u00c1goston rektor \u00fagy fogalmazott: minden d\u00edjazott nagy \u00f6r\u00f6m\u00e9t fejezte ki az elismer\u00e9s ok\u00e1n, de az igazi megtiszteltet\u00e9s val\u00f3j\u00e1ban az egyetem\u00e9, hogy ilyen &hellip;<\/p>\n","protected":false},"author":11,"featured_media":13862,"comment_status":"closed","ping_status":"open","sticky":false,"template":"","format":"standard","meta":{"_acf_changed":false,"footnotes":""},"categories":[157,168],"tags":[64,345,2569],"class_list":["post-13832","post","type-post","status-publish","format-standard","has-post-thumbnail","hentry","category-semmelweis-vilag","category-kiemelt","tag-doctor-honoris-causa","tag-esemenyek-es-beszamolok","tag-galeria"],"acf":[],"_links":{"self":[{"href":"https:\/\/semmelweis.hu\/hirek\/wp-json\/wp\/v2\/posts\/13832","targetHints":{"allow":["GET"]}}],"collection":[{"href":"https:\/\/semmelweis.hu\/hirek\/wp-json\/wp\/v2\/posts"}],"about":[{"href":"https:\/\/semmelweis.hu\/hirek\/wp-json\/wp\/v2\/types\/post"}],"author":[{"embeddable":true,"href":"https:\/\/semmelweis.hu\/hirek\/wp-json\/wp\/v2\/users\/11"}],"replies":[{"embeddable":true,"href":"https:\/\/semmelweis.hu\/hirek\/wp-json\/wp\/v2\/comments?post=13832"}],"version-history":[{"count":2,"href":"https:\/\/semmelweis.hu\/hirek\/wp-json\/wp\/v2\/posts\/13832\/revisions"}],"predecessor-version":[{"id":18839,"href":"https:\/\/semmelweis.hu\/hirek\/wp-json\/wp\/v2\/posts\/13832\/revisions\/18839"}],"wp:featuredmedia":[{"embeddable":true,"href":"https:\/\/semmelweis.hu\/hirek\/wp-json\/wp\/v2\/media\/13862"}],"wp:attachment":[{"href":"https:\/\/semmelweis.hu\/hirek\/wp-json\/wp\/v2\/media?parent=13832"}],"wp:term":[{"taxonomy":"category","embeddable":true,"href":"https:\/\/semmelweis.hu\/hirek\/wp-json\/wp\/v2\/categories?post=13832"},{"taxonomy":"post_tag","embeddable":true,"href":"https:\/\/semmelweis.hu\/hirek\/wp-json\/wp\/v2\/tags?post=13832"}],"curies":[{"name":"wp","href":"https:\/\/api.w.org\/{rel}","templated":true}]}}