{"id":138239,"date":"2024-03-30T06:00:08","date_gmt":"2024-03-30T05:00:08","guid":{"rendered":"https:\/\/semmelweis.hu\/hirek\/?p=138239"},"modified":"2024-10-15T13:59:06","modified_gmt":"2024-10-15T11:59:06","slug":"szenior-akademia-fokuszban-a-fogpotlas","status":"publish","type":"post","link":"https:\/\/semmelweis.hu\/hirek\/2024\/03\/30\/szenior-akademia-fokuszban-a-fogpotlas\/","title":{"rendered":"Szenior Akad\u00e9mia \u2013 f\u00f3kuszban a fogp\u00f3tl\u00e1s"},"content":{"rendered":"<div class=\"lead\">A Szenior Akad\u00e9mia 2023\/24-es tavaszi szemeszter\u00e9nek hetedik el\u0151ad\u00e1s\u00e1t dr. Gerber G\u00e1bor, a Fogorvostudom\u00e1nyi Kar d\u00e9k\u00e1nja tartotta Fogp\u00f3tl\u00e1s id\u0151skorban c\u00edmmel, amelyben sz\u00f3 esett egyebek mellett a foghi\u00e1ny kialakul\u00e1s\u00e1r\u00f3l \u00e9s k\u00f6vetkezm\u00e9nyeir\u0151l, az eg\u00e9szs\u00e9ges fogazatr\u00f3l \u00e9s a fogp\u00f3tl\u00e1s lehet\u0151s\u00e9geir\u0151l is.<\/div>\n<div><a href=\"https:\/\/semmelweis.hu\/hirek\/files\/2024\/03\/RS190264_Szenior-akademia_v4_Gerber_Gabor-scr.jpg\"><img loading=\"lazy\" decoding=\"async\" class=\"aligncenter size-full wp-image-138248\" src=\"https:\/\/semmelweis.hu\/hirek\/files\/2024\/03\/RS190264_Szenior-akademia_v4_Gerber_Gabor-scr.jpg\" alt=\"\" width=\"1200\" height=\"788\" srcset=\"https:\/\/semmelweis.hu\/hirek\/files\/2024\/03\/RS190264_Szenior-akademia_v4_Gerber_Gabor-scr.jpg 1200w, https:\/\/semmelweis.hu\/hirek\/files\/2024\/03\/RS190264_Szenior-akademia_v4_Gerber_Gabor-scr-400x263.jpg 400w, https:\/\/semmelweis.hu\/hirek\/files\/2024\/03\/RS190264_Szenior-akademia_v4_Gerber_Gabor-scr-900x591.jpg 900w, https:\/\/semmelweis.hu\/hirek\/files\/2024\/03\/RS190264_Szenior-akademia_v4_Gerber_Gabor-scr-768x504.jpg 768w, https:\/\/semmelweis.hu\/hirek\/files\/2024\/03\/RS190264_Szenior-akademia_v4_Gerber_Gabor-scr-753x494.jpg 753w\" sizes=\"auto, (max-width: 1200px) 100vw, 1200px\" \/><\/a><\/div>\n<div>\u00a0<\/div>\n<p>Dr. Gerber G\u00e1bor el\u0151ad\u00e1s\u00e1ban \u00e1ttekintette a fogazat funkci\u00f3it, kit\u00e9rve a t\u00e1pl\u00e1l\u00e9k \u0151rl\u00e9s\u00e9re, apr\u00edt\u00e1s\u00e1ra, illetve a hangk\u00e9pz\u00e9sben, a besz\u00e9dben, az \u00e1polt k\u00fcls\u0151 \u00e1ltal ny\u00fajtott j\u00f3 k\u00f6z\u00e9rzet fenntart\u00e1s\u00e1ban. Hangs\u00falyozta, hogy nem csak a fogakr\u00f3l kell besz\u00e9lni, hanem \u00f6sszess\u00e9g\u00e9ben a r\u00e1g\u00f3szerv\u00fcnkr\u0151l, hiszen a fogaink nem m\u0171k\u00f6dn\u00e9nek az \u00e1llkapocs\u00edz\u00fclet, a hozz\u00e1tartoz\u00f3 izmok, s\u0151t a nyelv n\u00e9lk\u00fcl sem, \u00e9s a fogak v\u00e1ltoz\u00e1sa visszahathat a r\u00e1g\u00f3\u00edz\u00fcletre is.<\/p>\n<p><iframe loading=\"lazy\" title=\"Dr. Gerber G\u00e1bor: Fogp\u00f3tl\u00e1s id\u0151s korban\" width=\"753\" height=\"424\" src=\"https:\/\/www.youtube.com\/embed\/70t_nUnZDaM?feature=oembed\" frameborder=\"0\" allow=\"accelerometer; autoplay; clipboard-write; encrypted-media; gyroscope; picture-in-picture; web-share\" referrerpolicy=\"strict-origin-when-cross-origin\" allowfullscreen><\/iframe><\/p>\n<div class=\"fontos_div w-100\">\n<p>A foghi\u00e1ny k\u00f6vetkezm\u00e9nyeit bemutatva elmondta, hogy a megv\u00e1ltozott terhel\u00e9s k\u00f6vetkezt\u00e9ben egyebek mellett a szomsz\u00e9dos fogakn\u00e1l a tengely\u00e1ll\u00e1s v\u00e1ltozik, ez\u00e9rt a fogak elv\u00e1ndorl\u00e1sa k\u00f6vetkezhet be, a megmaradt fogazat t\u00falterhel\u0151dhet, fokozott kop\u00e1s jelentkezhet, \u00e9s a harap\u00e1si magass\u00e1g is megv\u00e1ltozhat. Az arc megv\u00e1ltozott alakja mellett a cs\u00f6kkent r\u00e1g\u00f3funkci\u00f3 miatt ak\u00e1r em\u00e9szt\u00e9si zavarok is jelentkezhetnek \u2013 tette hozz\u00e1.<\/p>\n<\/div>\n<p>Sz\u00f3lt a foghi\u00e1ny miatt kialakul\u00f3 \u00edz\u00fcleti k\u00e1rosod\u00e1sr\u00f3l is, kiemelve, hogy a foghi\u00e1ny helyre\u00e1ll\u00edt\u00e1sa a f\u00e1jdalommentess\u00e9g szempontj\u00e1b\u00f3l is fontos.<\/p>\n<p>Az eg\u00e9szs\u00e9ges fogazat kiegyens\u00falyozott harap\u00e1st \u00e9s \u0151rl\u0151mozg\u00e1st biztos\u00edt\u00f3 r\u00e1g\u00f3felsz\u00ednnel rendelkezik \u2013 fogalmazott. \u00c1ttekintette a legjelent\u0151sebb sz\u00e1j\u00fcregi megbeteged\u00e9sek \u00e9letkori eloszl\u00e1s\u00e1t: a fogelveszt\u00e9s els\u0151dleges oka fiatalabb korban (45 \u00e9ves korig) a fogszuvasod\u00e1s, a k\u00e9s\u0151bbi id\u0151szakban azonban a fog\u00e1gybetegs\u00e9g \u2013 mondta el, hozz\u00e1t\u00e9ve, hogy a fogelveszt\u00e9s mintegy 50 sz\u00e1zal\u00e9k\u00e1t a fogszuvasod\u00e1s, 35 sz\u00e1zal\u00e9k\u00e1t parodont\u00e1lis elv\u00e1ltoz\u00e1sok okozz\u00e1k. Dr. Gerber G\u00e1bor besz\u00e9lt a fogszuvasod\u00e1s gyorsas\u00e1g\u00e1r\u00f3l, illetve a fog\u00e1gygyullad\u00e1s vesz\u00e9lyeir\u0151l is. \u00a0Az el\u0151ad\u00e1sban sz\u00f3 esett a fogp\u00f3tl\u00e1s mai elj\u00e1r\u00e1sair\u00f3l, kit\u00e9rve a kombin\u00e1lt megold\u00e1sokra valamint a k\u00fcl\u00f6nf\u00e9le implant\u00e1tumok haszn\u00e1lat\u00e1ra is.<\/p>\n<div class=\"keretes w-100\">\n<p>Dr. Gerber G\u00e1bor a Semmelweis Orvostudom\u00e1nyi Egyetem Fogorvostudom\u00e1nyi Kar\u00e1n szerzett diplom\u00e1t 1983-ban, 1996-ban fog- \u00e9s sz\u00e1jbetegs\u00e9gek, 2015-ben konzerv\u00e1l\u00f3 fog\u00e1szat \u00e9s fogp\u00f3tl\u00e1stan, 2022-ben fogp\u00f3tl\u00e1stan szakvizsg\u00e1t tett. 2006-2014 illetve 2016-2020 k\u00f6z\u00f6tt az Anat\u00f3miai Sz\u00f6vet- \u00e9s Fejl\u0151d\u00e9stani Int\u00e9zet igazgat\u00f3helyettese, 2014-15 k\u00f6z\u00f6tt megb\u00edzott igazgat\u00f3ja, 2023-t\u00f3l egyetemi tan\u00e1ra. 2010-2015 k\u00f6z\u00f6tt a Fogorvostudom\u00e1nyi Kar d\u00e9k\u00e1nhelyettese, majd d\u00e9k\u00e1nja. 2015-2018 k\u00f6z\u00f6tt a Szak- \u00e9s Tov\u00e1bbk\u00e9pz\u00e9si Igazgat\u00f3s\u00e1g igazgat\u00f3ja, 2021-t\u0151l a Fogp\u00f3tl\u00e1stani Klinika klinikai f\u0151orvosa, a Semmelweis Egyetem Sport Klub Szabadid\u0151sport Szakoszt\u00e1ly\u00e1nak eln\u00f6ke.<\/p>\n<\/div>\n<p>Pogr\u00e1nyi P\u00e9ter<br \/>\nFot\u00f3: Kov\u00e1cs Attila \u2013 Semmelweis Egyetem<\/p>\n","protected":false},"excerpt":{"rendered":"<p>Dr. Gerber G\u00e1bor, a Fogorvostudom\u00e1nyi Kar d\u00e9k\u00e1nja Fogp\u00f3tl\u00e1s id\u0151skorban c\u00edmmel tartott el\u0151ad\u00e1st.<\/p>\n","protected":false},"author":101081,"featured_media":138248,"comment_status":"closed","ping_status":"closed","sticky":false,"template":"","format":"standard","meta":{"_acf_changed":false,"footnotes":""},"categories":[154,168],"tags":[4206,4249],"class_list":["post-138239","post","type-post","status-publish","format-standard","has-post-thumbnail","hentry","category-egeszseg","category-kiemelt","tag-prevencio","tag-szenior-akademia"],"acf":[],"_links":{"self":[{"href":"https:\/\/semmelweis.hu\/hirek\/wp-json\/wp\/v2\/posts\/138239","targetHints":{"allow":["GET"]}}],"collection":[{"href":"https:\/\/semmelweis.hu\/hirek\/wp-json\/wp\/v2\/posts"}],"about":[{"href":"https:\/\/semmelweis.hu\/hirek\/wp-json\/wp\/v2\/types\/post"}],"author":[{"embeddable":true,"href":"https:\/\/semmelweis.hu\/hirek\/wp-json\/wp\/v2\/users\/101081"}],"replies":[{"embeddable":true,"href":"https:\/\/semmelweis.hu\/hirek\/wp-json\/wp\/v2\/comments?post=138239"}],"version-history":[{"count":8,"href":"https:\/\/semmelweis.hu\/hirek\/wp-json\/wp\/v2\/posts\/138239\/revisions"}],"predecessor-version":[{"id":138395,"href":"https:\/\/semmelweis.hu\/hirek\/wp-json\/wp\/v2\/posts\/138239\/revisions\/138395"}],"wp:featuredmedia":[{"embeddable":true,"href":"https:\/\/semmelweis.hu\/hirek\/wp-json\/wp\/v2\/media\/138248"}],"wp:attachment":[{"href":"https:\/\/semmelweis.hu\/hirek\/wp-json\/wp\/v2\/media?parent=138239"}],"wp:term":[{"taxonomy":"category","embeddable":true,"href":"https:\/\/semmelweis.hu\/hirek\/wp-json\/wp\/v2\/categories?post=138239"},{"taxonomy":"post_tag","embeddable":true,"href":"https:\/\/semmelweis.hu\/hirek\/wp-json\/wp\/v2\/tags?post=138239"}],"curies":[{"name":"wp","href":"https:\/\/api.w.org\/{rel}","templated":true}]}}