{"id":137206,"date":"2024-02-23T06:00:18","date_gmt":"2024-02-23T05:00:18","guid":{"rendered":"https:\/\/semmelweis.hu\/hirek\/?p=137206"},"modified":"2024-10-28T14:15:29","modified_gmt":"2024-10-28T13:15:29","slug":"paradigmavaltas-tortenik-a-szellemi-tulajdon-hasznositasaban-a-semmelweis-egyetemen","status":"publish","type":"post","link":"https:\/\/semmelweis.hu\/hirek\/2024\/02\/23\/paradigmavaltas-tortenik-a-szellemi-tulajdon-hasznositasaban-a-semmelweis-egyetemen\/","title":{"rendered":"Paradigmav\u00e1lt\u00e1s t\u00f6rt\u00e9nik a szellemi tulajdon hasznos\u00edt\u00e1s\u00e1ban a Semmelweis Egyetemen"},"content":{"rendered":"<div class=\"lead\">\u00d6tsz\u00e1zmilli\u00f3 forint korm\u00e1nyzati t\u00e1mogat\u00e1s \u00e1ll a Semmelweis Egyetem rendelkez\u00e9s\u00e9re a k\u00f6vetkez\u0151 h\u00e1rom \u00e9vben a szellemi alkot\u00e1sok piaci hasznos\u00edt\u00e1s\u00e1nak fokoz\u00e1s\u00e1hoz. Az egyetemen a m\u00falt \u00e9vben l\u00e9trej\u00f6tt Tudom\u00e1nyos \u00e9s Innov\u00e1ci\u00f3s Rektorhelyettesi \u00e9s \u00dczletfejleszt\u00e9si K\u00f6zpont (T\u00dcK) c\u00e9lja \u00e9ppen az, hogy \u00faj lend\u00fcletet adjon ennek a ter\u00fcletnek. Dr. Papp Ren\u00e1ta igazgat\u00f3 hangs\u00falyozta: egy\u00e9rtelm\u0171 szeml\u00e9letv\u00e1lt\u00e1s t\u00f6rt\u00e9nt, hiszen a szellemi tulajdon v\u00e9delm\u00e9re nem c\u00e9lk\u00e9nt, hanem eszk\u00f6zk\u00e9nt tekintenek ahhoz, hogy min\u00e9l hat\u00e9konyabb legyen az egyetemen sz\u00fclet\u0151 szellemi alkot\u00e1sok piaci hasznos\u00edt\u00e1sa.<\/div>\n<p>Az, hogy egy-egy felfedez\u00e9s a laborat\u00f3rium falain k\u00edv\u00fcl hasznosuljon, \u00e9s min\u00e9l el\u0151bb a betegell\u00e1t\u00e1st szolg\u00e1lja, a kutat\u00f3k, az egyetem, \u00e9s v\u00e9gs\u0151 soron az orsz\u00e1g k\u00f6z\u00f6s \u00e9rdeke \u2013 hangs\u00falyozta dr. Papp Ren\u00e1ta, a Tudom\u00e1nyos \u00e9s Innov\u00e1ci\u00f3s Rektorhelyettesi \u00e9s \u00dczletfejleszt\u00e9si K\u00f6zpont (T\u00dcK) igazgat\u00f3ja. Nem v\u00e9letlen, hogy a KFI eredm\u00e9nyek, az innovat\u00edv fejleszt\u00e9sek piaci hasznos\u00edt\u00e1s\u00e1nak fokoz\u00e1sa, az egyetemi szellemi alkot\u00e1sokra \u00e9p\u00fcl\u0151 spin-off c\u00e9gek sz\u00e1m\u00e1nak n\u00f6vel\u00e9se kiemelt hangs\u00falyt kapott a 2023-2028 k\u00f6z\u00f6tti ciklus rektori programj\u00e1ban is.<\/p>\n<p><a href=\"https:\/\/semmelweis.hu\/hirek\/files\/2024\/02\/RS189120_iStock-1165067633-scr-Vagott.jpg\"><img loading=\"lazy\" decoding=\"async\" class=\"aligncenter size-full wp-image-137207\" src=\"https:\/\/semmelweis.hu\/hirek\/files\/2024\/02\/RS189120_iStock-1165067633-scr-Vagott.jpg\" alt=\"\" width=\"777\" height=\"517\" srcset=\"https:\/\/semmelweis.hu\/hirek\/files\/2024\/02\/RS189120_iStock-1165067633-scr-Vagott.jpg 777w, https:\/\/semmelweis.hu\/hirek\/files\/2024\/02\/RS189120_iStock-1165067633-scr-Vagott-400x266.jpg 400w, https:\/\/semmelweis.hu\/hirek\/files\/2024\/02\/RS189120_iStock-1165067633-scr-Vagott-768x511.jpg 768w, https:\/\/semmelweis.hu\/hirek\/files\/2024\/02\/RS189120_iStock-1165067633-scr-Vagott-753x501.jpg 753w, https:\/\/semmelweis.hu\/hirek\/files\/2024\/02\/RS189120_iStock-1165067633-scr-Vagott-203x135.jpg 203w\" sizes=\"auto, (max-width: 777px) 100vw, 777px\" \/><\/a>Ezt a c\u00e9lt szolg\u00e1lja, hogy a kutat\u00e1s-fejleszt\u00e9st \u00e9s innov\u00e1ci\u00f3t (KFI) t\u00e1mogat\u00f3 egyetemi rendszer jelent\u0151s \u00e1talak\u00edt\u00e1son ment kereszt\u00fcl az elm\u00falt id\u0151szakban. A m\u00falt \u00e9v k\u00f6zep\u00e9n l\u00e9trej\u00f6tt T\u00dcK \u00faj lend\u00fcletet k\u00edv\u00e1n adni az egyetemen sz\u00fclet\u0151 szellemi alkot\u00e1sok piaci hasznos\u00edt\u00e1s\u00e1nak, a spin-off v\u00e1llalkoz\u00e1sok t\u00e1mogat\u00e1s\u00e1nak \u2013 mutatott r\u00e1 dr. Papp Ren\u00e1ta. A Rektori Kabineten bel\u00fcl m\u0171k\u00f6d\u0151 T\u00dcK-h\u00f6z ker\u00fcltek a tavaly j\u00faniusban megsz\u0171nt Innov\u00e1ci\u00f3s K\u00f6zpont szellemitulajdon-v\u00e9delmi \u00fcgyvitellel kapcsolatos feladatai is, m\u00edg a KFI p\u00e1ly\u00e1zatok kezel\u00e9s\u00e9t a szint\u00e9n a dr. Ferdinandy P\u00e9ter tudom\u00e1nyos \u00e9s innov\u00e1ci\u00f3s rektorhelyettes szakmai ir\u00e1ny\u00edt\u00e1sa al\u00e1 tartoz\u00f3 P\u00e1ly\u00e1zati Menedzsment K\u00f6zpont v\u00e9gzi.<\/p>\n<p><a href=\"https:\/\/semmelweis.hu\/hirek\/files\/2024\/02\/RS189119_433A5562-scr-1.jpg\"><img loading=\"lazy\" decoding=\"async\" class=\"alignright size-medium wp-image-137208\" src=\"https:\/\/semmelweis.hu\/hirek\/files\/2024\/02\/RS189119_433A5562-scr-1-400x267.jpg\" alt=\"\" width=\"400\" height=\"267\" srcset=\"https:\/\/semmelweis.hu\/hirek\/files\/2024\/02\/RS189119_433A5562-scr-1-400x267.jpg 400w, https:\/\/semmelweis.hu\/hirek\/files\/2024\/02\/RS189119_433A5562-scr-1-900x600.jpg 900w, https:\/\/semmelweis.hu\/hirek\/files\/2024\/02\/RS189119_433A5562-scr-1-768x512.jpg 768w, https:\/\/semmelweis.hu\/hirek\/files\/2024\/02\/RS189119_433A5562-scr-1-753x502.jpg 753w, https:\/\/semmelweis.hu\/hirek\/files\/2024\/02\/RS189119_433A5562-scr-1-203x135.jpg 203w, https:\/\/semmelweis.hu\/hirek\/files\/2024\/02\/RS189119_433A5562-scr-1.jpg 1200w\" sizes=\"auto, (max-width: 400px) 100vw, 400px\" \/><\/a>\u201eMindezzel egy\u00fctt paradigmav\u00e1lt\u00e1s t\u00f6rt\u00e9nt a szellemi tulajdon hasznos\u00edt\u00e1s\u00e1val kapcsolatos szeml\u00e9letben. Ennek megfelel\u0151en a hasznos\u00edt\u00e1s a c\u00e9lkit\u0171z\u00e9s \u00e9s a rendez\u0151elv a strat\u00e9gia \u00e9s \u00fctemterv megalkot\u00e1sa sor\u00e1n, a szellemitulajdon-v\u00e9delem, egy fontos m\u00e9rf\u00f6ldk\u0151, \u00e1m nem v\u00e9geredm\u00e9ny. Ne az vez\u00e9relje aktivit\u00e1sunkat, hogy min\u00e9l t\u00f6bb szabadalmunk legyen, \u00e9s mi az, amit k\u00f6nnyen le tudunk v\u00e9detni, hanem az els\u0151dleges c\u00e9lunk a kutat\u00f3ink szellemi alkot\u00e1sainak hasznos\u00edt\u00e1sa kell legyen. Ennek persze egyik eszk\u00f6ze a szellemitulajdon-v\u00e9delem\u201d \u2013 fogalmazott dr. Papp Ren\u00e1ta.<\/p>\n<p>A szellemi alkot\u00e1sok hasznos\u00edt\u00e1s\u00e1nak fokoz\u00e1s\u00e1hoz a k\u00f6vetkez\u0151 h\u00e1rom \u00e9vre 500 milli\u00f3 forint korm\u00e1nyzati t\u00e1mogat\u00e1s is a Semmelweis Egyetem rendelkez\u00e9s\u00e9re \u00e1ll a k\u00f6zfeladatfinansz\u00edroz\u00e1si szerz\u0151d\u00e9s keret\u00e9ben. Ez az \u00f6sszeg is azt fogja szolg\u00e1lni, hogy az egyetem min\u00e9l hat\u00e9konyabb seg\u00edts\u00e9get tudjon adni a kutat\u00f3knak a felfedez\u00e9seik hasznos\u00edt\u00e1s\u00e1hoz m\u00e1r az els\u0151 pillanatt\u00f3l, tov\u00e1bbi forr\u00e1sbevon\u00e1ssal, inkub\u00e1ci\u00f3s szolg\u00e1ltat\u00e1sokkal t\u00e1mogatva, hogy min\u00e9l magasabb technol\u00f3giai fejletts\u00e9gi szintig (technology readiness level, TRL) el lehessen vinni h\u00e1zon bel\u00fcl a fejleszt\u00e9st.\u00a0<\/p>\n<div class=\"keretes w-100\">\n<p><strong>TRL, avagy a szellemi alkot\u00e1sok \u00e9let\u00fatja<\/strong><br \/>\n<a href=\"https:\/\/semmelweis.hu\/hirek\/files\/2024\/02\/RS124592_C19A6537-scr.jpg\"><img loading=\"lazy\" decoding=\"async\" class=\"size-medium wp-image-137209 alignleft\" src=\"https:\/\/semmelweis.hu\/hirek\/files\/2024\/02\/RS124592_C19A6537-scr-400x267.jpg\" alt=\"\" width=\"400\" height=\"267\" srcset=\"https:\/\/semmelweis.hu\/hirek\/files\/2024\/02\/RS124592_C19A6537-scr-400x267.jpg 400w, https:\/\/semmelweis.hu\/hirek\/files\/2024\/02\/RS124592_C19A6537-scr-900x600.jpg 900w, https:\/\/semmelweis.hu\/hirek\/files\/2024\/02\/RS124592_C19A6537-scr-768x512.jpg 768w, https:\/\/semmelweis.hu\/hirek\/files\/2024\/02\/RS124592_C19A6537-scr-753x502.jpg 753w, https:\/\/semmelweis.hu\/hirek\/files\/2024\/02\/RS124592_C19A6537-scr-203x135.jpg 203w, https:\/\/semmelweis.hu\/hirek\/files\/2024\/02\/RS124592_C19A6537-scr.jpg 1200w\" sizes=\"auto, (max-width: 400px) 100vw, 400px\" \/><\/a>A 0-9-ig tart\u00f3 TRL sk\u00e1la az \u00f6tlett\u0151l a piack\u00e9sz term\u00e9kig veszi v\u00e9gig egy szellemi alkot\u00e1s \u00e9let\u00fatj\u00e1t. Az egyetemen l\u00e9trej\u00f6v\u0151 felfedez\u00e9sek jellemz\u0151en TRL 1-2-es szinten vannak, azaz van egy \u00f6tlet, egy megfigyelt jelens\u00e9g \u00e9s egy megfogalmazott koncepci\u00f3. A c\u00e9l ugyanakkor az, hogy min\u00e9l t\u00f6bb tal\u00e1lm\u00e1ny jusson el az egyetemen bel\u00fcl, bels\u0151 er\u0151forr\u00e1sb\u00f3l a TRL 3-4 szintig, vagyis m\u00e1r k\u00e9zzelfoghat\u00f3 \u00e9s sikeres k\u00eds\u00e9rleti eredm\u00e9nyig, laborat\u00f3riumi valid\u00e1ci\u00f3ig. Ez ugyanis a hat\u00e9kony hasznos\u00edt\u00e1s alapja. Ez a szint pl. egy gy\u00f3gyszerfejleszt\u00e9sn\u00e9l egy konkr\u00e9t \u00faj gy\u00f3gyszerjel\u00f6ltet jelenthet. \u00c1ltal\u00e1noss\u00e1gban a hasznos\u00edt\u00e1s m\u00f3dja lehet a tal\u00e1lm\u00e1ny elad\u00e1sa \u2013 ez a ritk\u00e1bb \u2013, gyakoribb az \u00fan. licenci\u00e1ba v\u00e9tel, amely sor\u00e1n egy k\u00fcls\u0151 befektet\u0151, vagy a kutat\u00f3 \u00e1ltal l\u00e9trehozott spin-off c\u00e9g seg\u00edti a tov\u00e1bbi el\u0151rejut\u00e1st. A licencia szerz\u0151d\u00e9s keret\u00e9ben t\u00f6rt\u00e9nik meg annak meghat\u00e1roz\u00e1sa, hogy a licence d\u00edjb\u00f3l milyen m\u00e9rt\u00e9kben r\u00e9szes\u00fcl a kutat\u00f3 \u00e9s az egyetem, aminek ir\u00e1nyvonalait az egyetemi Szellemitulajdon-kezel\u00e9si Szab\u00e1lyzat tartalmazza.<\/p>\n<\/div>\n<div class=\"w-100\">\n<p><span style=\"font-size: 1rem\">Az igazgat\u00f3 hangs\u00falyozta: kiemelten fontos, hogy az eg\u00e9sz folyamat sor\u00e1n a feltal\u00e1l\u00f3 \u00e1lljon az egyetem \u00e1ltal biztos\u00edtott, \u00fczletfejleszt\u00e9si menedzserek \u00e1ltal koordin\u00e1lt t\u00e1mogat\u00f3 szolg\u00e1ltat\u00e1sok k\u00f6z\u00e9ppontj\u00e1ban, ugyanakkor vele egy\u00fcttm\u0171k\u00f6d\u00e9sben az egyetem \u00e9rdekei is jelenjenek meg a folyamatban.<\/span><\/p>\n<\/div>\n<blockquote>\n<p>Az adott innov\u00e1ci\u00f3t legjobban az ismeri, aki l\u00e9trehozta, nek\u00fcnk az a feladatunk, hogy a piacra l\u00e9p\u00e9st el\u0151seg\u00edt\u0151 p\u00e9nz\u00fcgyi, regul\u00e1ci\u00f3s, marketing szolg\u00e1ltat\u00e1sokkal t\u00e1mogassuk a miel\u0151bbi hasznos\u00edt\u00e1st<\/p>\n<\/blockquote>\n<p>\u2013 \u00e9rz\u00e9keltette dr. Papp Ren\u00e1ta.<\/p>\n<div class=\"fontos_div\">\n<p>A T\u00dcK-h\u00f6z jelenleg t\u00f6bbs\u00e9g\u00e9ben a k\u00fcl\u00f6nb\u00f6z\u0151 elj\u00e1r\u00e1srendek \u2013 pl. publik\u00e1ci\u00f3k vagy absztraktok sz\u0171r\u00e9se a TDK \u00e9s PhD-el\u0151ad\u00e1sok eset\u00e9ben, arra ir\u00e1nyul\u00f3an, hogy sz\u00fcks\u00e9g lehet-e a publik\u00e1ci\u00f3 halaszt\u00e1s\u00e1ra vagy absztrakt eset\u00e9n a titkos\u00edt\u00e1sra a k\u00e9s\u0151bbi szellemi tulajdonv\u00e9delem potenci\u00e1lis \u00fajdons\u00e1gront\u00e1sa miatt \u2013 alapj\u00e1n jutnak el azok az innov\u00e1ci\u00f3s, kutat\u00e1si eredm\u00e9nyek, amelyek potenci\u00e1lisan alkalmasak lehetnek piaci hasznos\u00edt\u00e1sra. A T\u00dcK-\u00f6t ugyanakkor maguk a kutat\u00f3k is felkereshetik a tto@semmelweis.hu e-mail c\u00edmen.<\/p>\n<\/div>\n<p>A piaci hasznos\u00edt\u00e1s \u00fatj\u00e1n k\u00eds\u00e9rt alkot\u00e1sok k\u00f6z\u00fcl leggyakoribbak az orvostechnikai eszk\u00f6z\u00f6k, a gy\u00f3gyszerszabadalmak vagy \u00faj sz\u00e1m\u00edt\u00e1si m\u00f3dok, algoritmusok, egy\u00e9b know-how-k, mindemellett jelent\u0151s potenci\u00e1lt k\u00e9pviselnek a speci\u00e1lis adatb\u00e1zisok is.<\/p>\n<div class=\"w-100\">\n<p>A szellemi alkot\u00e1sok befogad\u00e1s\u00e1val, oltalmaz\u00e1s\u00e1val, jogainak gyakorl\u00e1s\u00e1val \u00e9s hasznos\u00edt\u00e1s\u00e1val kapcsolatos d\u00f6nt\u00e9sek meghozatal\u00e1\u00e9rt az Egyetemi Innov\u00e1ci\u00f3s Bizotts\u00e1g (EIB) felel\u0151s. Egy egyetemen sz\u00fclet\u0151 szellemi alkot\u00e1s piaci hasznos\u00edt\u00e1sa fel\u00e9 vezet\u0151 els\u0151 l\u00e9p\u00e9s teh\u00e1t, hogy az EIB el\u00e9 ker\u00fclj\u00f6n az adott felfedez\u00e9s, \u00e9s a bizotts\u00e1g d\u00f6nts\u00f6n az adott projekt befogad\u00e1s\u00e1r\u00f3l. Az ehhez sz\u00fcks\u00e9ges d\u00f6nt\u00e9sel\u0151k\u00e9sz\u00edt\u0151 el\u0151terjeszt\u00e9st a T\u00dcK \u00e1ll\u00edtja \u00f6ssze, ennek sok m\u00e1s mellett tartalmaznia kell a hasznos\u00edt\u00e1s lehet\u0151s\u00e9geit \u00e9s felt\u00e9teleit is.<\/p>\n<div class=\"fontos_div\">\n<p>A T\u00dcK m\u00falt \u00e9v k\u00f6zepi megalakul\u00e1sa \u00f3ta 22 ilyen d\u00f6nt\u00e9sel\u0151k\u00e9sz\u00edt\u0151 anyagot \u00e1ll\u00edtott \u00f6ssze, 19 szellemi tulajdon-v\u00e9delmi elj\u00e1r\u00e1st menedzselt le, 2 spin-off c\u00e9ggel k\u00f6t\u00f6tt hasznos\u00edt\u00e1si szerz\u0151d\u00e9st.<\/p>\n<\/div>\n<\/div>\n<p>Dobozi P\u00e1lma<br \/>\nFot\u00f3: iStock; Barta B\u00e1lint &#8211; Semmelweis Egyetem<\/p>\n","protected":false},"excerpt":{"rendered":"<p>\u00d6tsz\u00e1zmilli\u00f3 forint korm\u00e1nyzati t\u00e1mogat\u00e1s \u00e1ll az egyetem rendelkez\u00e9s\u00e9re a piaci hasznos\u00edt\u00e1s fokoz\u00e1s\u00e1hoz. <\/p>\n","protected":false},"author":13,"featured_media":137207,"comment_status":"closed","ping_status":"closed","sticky":false,"template":"","format":"standard","meta":{"_acf_changed":false,"footnotes":""},"categories":[161,168],"tags":[4157,189],"class_list":["post-137206","post","type-post","status-publish","format-standard","has-post-thumbnail","hentry","category-tudomany","category-kiemelt","tag-innovacio"],"acf":[],"_links":{"self":[{"href":"https:\/\/semmelweis.hu\/hirek\/wp-json\/wp\/v2\/posts\/137206","targetHints":{"allow":["GET"]}}],"collection":[{"href":"https:\/\/semmelweis.hu\/hirek\/wp-json\/wp\/v2\/posts"}],"about":[{"href":"https:\/\/semmelweis.hu\/hirek\/wp-json\/wp\/v2\/types\/post"}],"author":[{"embeddable":true,"href":"https:\/\/semmelweis.hu\/hirek\/wp-json\/wp\/v2\/users\/13"}],"replies":[{"embeddable":true,"href":"https:\/\/semmelweis.hu\/hirek\/wp-json\/wp\/v2\/comments?post=137206"}],"version-history":[{"count":7,"href":"https:\/\/semmelweis.hu\/hirek\/wp-json\/wp\/v2\/posts\/137206\/revisions"}],"predecessor-version":[{"id":137238,"href":"https:\/\/semmelweis.hu\/hirek\/wp-json\/wp\/v2\/posts\/137206\/revisions\/137238"}],"wp:featuredmedia":[{"embeddable":true,"href":"https:\/\/semmelweis.hu\/hirek\/wp-json\/wp\/v2\/media\/137207"}],"wp:attachment":[{"href":"https:\/\/semmelweis.hu\/hirek\/wp-json\/wp\/v2\/media?parent=137206"}],"wp:term":[{"taxonomy":"category","embeddable":true,"href":"https:\/\/semmelweis.hu\/hirek\/wp-json\/wp\/v2\/categories?post=137206"},{"taxonomy":"post_tag","embeddable":true,"href":"https:\/\/semmelweis.hu\/hirek\/wp-json\/wp\/v2\/tags?post=137206"}],"curies":[{"name":"wp","href":"https:\/\/api.w.org\/{rel}","templated":true}]}}