{"id":137106,"date":"2024-02-21T06:00:17","date_gmt":"2024-02-21T05:00:17","guid":{"rendered":"https:\/\/semmelweis.hu\/hirek\/?p=137106"},"modified":"2024-02-23T11:44:48","modified_gmt":"2024-02-23T10:44:48","slug":"budapesti-tudogyogyaszati-napok-a-semmelweis-egyetem-szervezeseben","status":"publish","type":"post","link":"https:\/\/semmelweis.hu\/hirek\/2024\/02\/21\/budapesti-tudogyogyaszati-napok-a-semmelweis-egyetem-szervezeseben\/","title":{"rendered":"Budapesti T\u00fcd\u0151gy\u00f3gy\u00e1szati Napok a Semmelweis Egyetem szervez\u00e9s\u00e9ben"},"content":{"rendered":"<div class=\"lead\"><strong>A Semmelweis Egyetem Pulmonol\u00f3giai Klinik\u00e1ja \u00e9s Csal\u00e1dorvosi Tansz\u00e9ke k\u00f6z\u00f6sen rendezte meg febru\u00e1r 9-10-\u00e9n a Budapesti T\u00fcd\u0151gy\u00f3gy\u00e1szati Napokat, f\u00f3kuszban a l\u00e9g\u00fati k\u00f3rk\u00e9pekkel \u00e9s az allergi\u00e1val. A rendezv\u00e9nyen a d\u00edszel\u0151ad\u00e1st dr. \u00c1der J\u00e1nos volt k\u00f6zt\u00e1rsas\u00e1gi eln\u00f6k, a K\u00e9k Bolyg\u00f3 Kl\u00edmav\u00e9delmi Alap\u00edtv\u00e1ny kurat\u00f3riumi eln\u00f6ke tartotta a kl\u00edmav\u00e1ltoz\u00e1s eg\u00e9szs\u00e9get \u00e9rint\u0151 hat\u00e1sair\u00f3l.<\/strong><\/div>\n<p><img loading=\"lazy\" decoding=\"async\" class=\"aligncenter wp-image-137107 size-full\" src=\"https:\/\/semmelweis.hu\/hirek\/files\/2024\/02\/RS188792_GV5A2152-scr.jpg\" alt=\"\" width=\"1200\" height=\"800\" srcset=\"https:\/\/semmelweis.hu\/hirek\/files\/2024\/02\/RS188792_GV5A2152-scr.jpg 1200w, https:\/\/semmelweis.hu\/hirek\/files\/2024\/02\/RS188792_GV5A2152-scr-400x267.jpg 400w, https:\/\/semmelweis.hu\/hirek\/files\/2024\/02\/RS188792_GV5A2152-scr-900x600.jpg 900w, https:\/\/semmelweis.hu\/hirek\/files\/2024\/02\/RS188792_GV5A2152-scr-768x512.jpg 768w, https:\/\/semmelweis.hu\/hirek\/files\/2024\/02\/RS188792_GV5A2152-scr-753x502.jpg 753w, https:\/\/semmelweis.hu\/hirek\/files\/2024\/02\/RS188792_GV5A2152-scr-203x135.jpg 203w\" sizes=\"auto, (max-width: 1200px) 100vw, 1200px\" \/>Az els\u0151 Budapesti T\u00fcd\u0151gy\u00f3gy\u00e1szati Napokat a Semmelweis Egyetem Pulmonol\u00f3giai Klinik\u00e1ja \u00e9s Csal\u00e1dorvosi Tansz\u00e9ke k\u00f6z\u00f6sen szervezte. A tudom\u00e1nyos program febru\u00e1r 9-\u00e9n az Allergol\u00f3gia a napi gyakorlatban c\u00edm\u0171 szekci\u00f3val indult, melynek keret\u00e9ben a diagnosztik\u00e1r\u00f3l, az or\u00e1lis antiallergi\u00e1s k\u00e9sz\u00edtm\u00e9nyekr\u0151l, az orrpolypozisok nem seb\u00e9szeti kezel\u00e9s\u00e9r\u0151l \u00e9s az allergol\u00f3gia f\u00fcl-orr-g\u00e9g\u00e9szeti, valamint szem\u00e9szeti vonatkoz\u00e1sair\u00f3l hallhattak el\u0151ad\u00e1sokat az \u00e9rdekl\u0151d\u0151k. A szekci\u00f3 m\u00e1sodik felvon\u00e1s\u00e1nak k\u00f6z\u00e9ppontj\u00e1ban a b\u0151rgy\u00f3gy\u00e1szati allergol\u00f3gia, az \u00e9letvesz\u00e9lyes allergi\u00e1s k\u00f3rk\u00e9pet akut ell\u00e1t\u00e1sa \u00e9s a m\u00e9h- \u00e9s dar\u00e1zscs\u00edp\u00e9s allergi\u00e1ja \u00e1llt. A d\u00e9lut\u00e1ni program az Obstrukt\u00edv k\u00f3rk\u00e9pek-asztma-COPD: Infekci\u00f3k \u00e9s Eosinophilia I. szekci\u00f3val folytat\u00f3dott, benne a h\u00e1ziorvosi gyakorlatban megjelen\u0151 COPD-r\u0151l, az olt\u00e1sokr\u00f3l \u00e9s az eosinophili\u00e1val j\u00e1r\u00f3 obstrukt\u00edv t\u00fcd\u0151betegs\u00e9gekr\u0151l \u00a0sz\u00f3l\u00f3 el\u0151ad\u00e1sokkal, valamint a t\u00fcd\u0151ben megjelen\u0151 gombainfekci\u00f3kr\u00f3l \u00e9s a kr\u00f3nikus k\u00f6h\u00f6g\u00e9sr\u0151l is sz\u00f3 esett.<\/p>\n<p><img loading=\"lazy\" decoding=\"async\" class=\"alignleft size-medium wp-image-137109\" src=\"https:\/\/semmelweis.hu\/hirek\/files\/2024\/02\/RS188780_433A4617-scr-400x267.jpg\" alt=\"\" width=\"400\" height=\"267\" srcset=\"https:\/\/semmelweis.hu\/hirek\/files\/2024\/02\/RS188780_433A4617-scr-400x267.jpg 400w, https:\/\/semmelweis.hu\/hirek\/files\/2024\/02\/RS188780_433A4617-scr-900x600.jpg 900w, https:\/\/semmelweis.hu\/hirek\/files\/2024\/02\/RS188780_433A4617-scr-768x512.jpg 768w, https:\/\/semmelweis.hu\/hirek\/files\/2024\/02\/RS188780_433A4617-scr-753x502.jpg 753w, https:\/\/semmelweis.hu\/hirek\/files\/2024\/02\/RS188780_433A4617-scr-203x135.jpg 203w, https:\/\/semmelweis.hu\/hirek\/files\/2024\/02\/RS188780_433A4617-scr.jpg 1200w\" sizes=\"auto, (max-width: 400px) 100vw, 400px\" \/>Az els\u0151 nap d\u00edszel\u0151ad\u00e1s\u00e1t dr. \u00c1der J\u00e1nos volt k\u00f6zt\u00e1rsas\u00e1gi eln\u00f6k, a K\u00e9k Bolyg\u00f3 Kl\u00edmav\u00e9delmi Alap\u00edtv\u00e1ny kurat\u00f3riumi eln\u00f6ke tartotta Kl\u00edmav\u00e1ltoz\u00e1s, leveg\u0151, eg\u00e9szs\u00e9g \u2013 Merre tart a vil\u00e1g? c\u00edmmel. Ennek kezdet\u00e9n bemutatta az antropoc\u00e9n kort, vagyis a f\u00f6ldt\u00f6rt\u00e9netnek azt a korszak\u00e1t, amelyet egyetlen \u00e9l\u0151l\u00e9ny, az ember jelenl\u00e9te hat\u00e1roz meg. Kiemelte: fajunk megjelen\u00e9se \u00f3ta sok sz\u00e1zezer \u00e9vre volt sz\u00fcks\u00e9g, m\u00edg a n\u00e9pess\u00e9g el\u00e9rte a 2 milli\u00e1rd f\u0151t, az elm\u00falt sz\u00e1z \u00e9v alatt azonban ez a sz\u00e1m megn\u00e9gyszerez\u0151d\u00f6tt \u2013 ilyenre pedig egyetlen \u00e9l\u0151l\u00e9ny eset\u00e9ben sem volt m\u00e9g p\u00e9lda. Ennek egyik k\u00f6vetkezm\u00e9nye az urbaniz\u00e1ci\u00f3, valamint az, hogy a n\u00e9pess\u00e9gn\u00f6veked\u00e9ssel egy\u00fctt a v\u00edzfogyaszt\u00e1s k\u00e9tszeresen, az energiafogyaszt\u00e1s pedig h\u00e1romszor olyan gyorsan n\u0151. Ut\u00f3bbinak k\u00f6zel 80 sz\u00e1zal\u00e9ka a mai napig fosszilis energiahordoz\u00f3kb\u00f3l sz\u00e1rmazik. A l\u00e9gk\u00f6r sz\u00e9n-dioxid-koncentr\u00e1ci\u00f3j\u00e1nak n\u00f6veked\u00e9s\u00e9vel p\u00e1rhuzamosan bolyg\u00f3nk \u00e1tlagh\u0151m\u00e9rs\u00e9klete is n\u00f6vekszik. Dr. \u00c1der J\u00e1nos felh\u00edvta a figyelmet: az Eur\u00f3pai Uni\u00f3 orsz\u00e1gainak t\u00f6bb ter\u00fclet\u00e9n a l\u00e9gk\u00f6rben l\u00e9v\u0151 sz\u00e1ll\u00f3 por (PM 2.5) koncentr\u00e1ci\u00f3ja meghaladja azt a hat\u00e1r\u00e9rt\u00e9ket, amely az Eg\u00e9szs\u00e9g\u00fcgyi Vil\u00e1gszervezet (WHO) szerint k\u00e1ros az eg\u00e9szs\u00e9gre.<\/p>\n<div class=\"fontos_div\">\n<p>Ezt k\u00f6vet\u0151en k\u00fcl\u00f6n kit\u00e9rt a kl\u00edmav\u00e1ltoz\u00e1s eg\u00e9szs\u00e9get \u00e9rint\u0151 hat\u00e1saira: a h\u0151hull\u00e1mok egyre t\u00f6bb probl\u00e9m\u00e1t okoznak a sz\u00edv- \u00e9s \u00e9rrendszeri betegekn\u00e9l; \u00faj k\u00f3rokoz\u00f3k jelennek meg, melyeket a K\u00e1rp\u00e1t-medenc\u00e9ben eddig nem jellemz\u0151 kullancsok \u00e9s sz\u00fanyogok terjesztenek; \u00e9s el\u0151fordulhat az is, hogy a j\u00f6v\u0151 orvosainak olyan k\u00f3rt kell majd diagnosztiz\u00e1ljuk, amelyr\u0151l jelenleg nem rendelkeznek el\u00e9g tapasztalattal, hiszen eddig haz\u00e1nkban nem, vagy csak behurcolt esetk\u00e9nt volt jelen.<\/p>\n<\/div>\n<p>A volt k\u00f6zt\u00e1rsas\u00e1gi eln\u00f6k al\u00e1h\u00fazta: a vizek szennyez\u00e9se egyre komolyabb probl\u00e9m\u00e1t jelent, az ENSZ felm\u00e9r\u00e9se szerint a fejl\u0151d\u0151 vil\u00e1gban p\u00e9ld\u00e1ul a k\u00f3rh\u00e1zi \u00e1gyak k\u00f6zel fel\u00e9n olyanokat gy\u00f3gy\u00edtanak, akik a fert\u0151z\u00f6tt vizek miatti betegs\u00e9gek miatt szorulnak ell\u00e1t\u00e1sra. \u201eMagyarorsz\u00e1got azonban a foly\u00f3k tiszt\u00e1bb \u00e1llapotban hagyj\u00e1k el, mint ahogy be\u00e9rkeznek ide\u201d \u2013 mutatott r\u00e1 dr. \u00c1der J\u00e1nos. K\u00fcl\u00f6n kit\u00e9rt a b\u0151rbetegs\u00e9gekre, melyek sz\u00e1ma az \u00f3zonr\u00e9teg k\u00e1rosod\u00e1sa miatt emelkedik; a kl\u00edmaszorong\u00e1sra, amely egyre t\u00f6bb fiatalt \u00e9rint; valamint az allerg\u00e9n n\u00f6v\u00e9nyek megjelen\u00e9s\u00e9re \u00e9s terjed\u00e9s\u00e9re. Ut\u00f3bbival kapcsolatban elmondta: a parlagf\u0171 az I. vil\u00e1gh\u00e1bor\u00fa ut\u00e1n jelent meg a K\u00e1rp\u00e1t-medenc\u00e9ben az Egyes\u00fclt \u00c1llamokb\u00f3l \u00e9rkezett fert\u0151z\u0151 gabonasz\u00e1ll\u00edtm\u00e1nyoknak k\u00f6sz\u00f6nhet\u0151en, ma pedig m\u00e1r a parlagf\u0171vel bor\u00edtott hazai ter\u00fcletek nagys\u00e1ga k\u00e9t k\u00f6zepes m\u00e9ret\u0171 megy\u00e9vel egyenl\u0151. K\u00fcl\u00f6n blokkban foglalkozott a \u201el\u00e1thatatlan gyilkossal\u201d, azaz a l\u00e9gszennyez\u00e9ssel, amely szint\u00e9n komoly probl\u00e9m\u00e1t jelent: a WHO felm\u00e9r\u00e9se szerint a vil\u00e1gon 10-b\u0151l 9 ember olyan telep\u00fcl\u00e9sen \u00e9l, ahol szennyezett a leveg\u0151. A legrosszabb a helyzet Indi\u00e1ban: a vil\u00e1g 30 legszennyezettebb leveg\u0151j\u0171 v\u00e1rosa k\u00f6z\u00fcl 21 itt tal\u00e1lhat\u00f3. \u00a0Az Eur\u00f3pai Uni\u00f3ban ugyan enn\u00e9l jobb a helyzet, de az itt \u00e9l\u0151k is \u00e9rintettek: becsl\u00e9sek szerint \u00e9vente 300 ezer ember hal meg a szennyezett leveg\u0151 miatt; \u00e9s a magyar esetek sz\u00e1ma is 13 ezer f\u00f6l\u00e9 tehet\u0151. A volt k\u00f6zt\u00e1rsas\u00e1gi eln\u00f6k pozit\u00edv p\u00e9ldak\u00e9nt hozta fel a Montreali Jegyz\u0151k\u00f6nyvet, amellyel korl\u00e1tozt\u00e1k az \u00f3zont bont\u00f3 halog\u00e9nezett sz\u00e9nhidrog\u00e9n-sz\u00e1rmaz\u00e9kok (CFC-k) haszn\u00e1lat\u00e1t \u2013 ennek k\u00f6sz\u00f6nhet\u0151en 25-30 \u00e9v alatt az \u00f3zonr\u00e9teg regener\u00e1l\u00f3dni kezdett. Dr. \u00c1der J\u00e1nos felh\u00edvta a figyelmet: az orvosl\u00e1shoz hasonl\u00f3an a k\u00f6rnyezeti probl\u00e9m\u00e1k eset\u00e9n is a megel\u0151z\u00e9s a legfontosabb, emellett kiemelte a nemzetk\u00f6zi \u00f6sszefog\u00e1s jelent\u0151s\u00e9g\u00e9t.<\/p>\n\r\n        [slb_exclude]\r\n        <div class=\"row galeria-wrapper mx-0 h-auto\">\r\n            <div class=\"col-9 pl-0 pr-2\">\r\n            <span class=\"gallery-item frame\">\r\n\t\t\t\t<div class=\"galeria-left-img\"><a href=\"https:\/\/semmelweis.hu\/hirek\/files\/2024\/02\/RS188793_GV5A2158-scr.jpg\"><img src=https:\/\/semmelweis.hu\/hirek\/files\/2024\/02\/RS188793_GV5A2158-scr.jpg  \r\n                            alt=\"\" \r\n                            class=\"attachment-sote-gallery-big size-sote-gallery-big\" \r\n                            srcset=\"https:\/\/semmelweis.hu\/hirek\/files\/2024\/02\/RS188793_GV5A2158-scr-400x267.jpg 400w, https:\/\/semmelweis.hu\/hirek\/files\/2024\/02\/RS188793_GV5A2158-scr-900x600.jpg 900w, https:\/\/semmelweis.hu\/hirek\/files\/2024\/02\/RS188793_GV5A2158-scr-768x512.jpg 768w, https:\/\/semmelweis.hu\/hirek\/files\/2024\/02\/RS188793_GV5A2158-scr-753x502.jpg 753w, https:\/\/semmelweis.hu\/hirek\/files\/2024\/02\/RS188793_GV5A2158-scr-203x135.jpg 203w, https:\/\/semmelweis.hu\/hirek\/files\/2024\/02\/RS188793_GV5A2158-scr.jpg 1200w\" ><\/a><\/div>\r\n            <\/span>\r\n\r\n            <\/div>\r\n\r\n\t\t\t<div class=\"col-3 pl-0 pr-0\">\r\n\t\t\t\t<div class=\"galeria-right-img d-flex justify-content-between flex-column h-100 w-100 px-0 mx-0 \">\r\n                <div class=\"galeria-box\">\r\n\t\t\t\t\t<h3 class=\"galeria-title\">Gal\u00e9ria<\/h3>\r\n\t\t\t\t\t<div class=\"galeria-subtitle\">\r\n\r\n\t\t\t\t\t\t<div class=\"galeria-page-counter\"><span>8<\/span>k\u00e9p<\/div>\r\n                    <\/div> <\/div>\r\n                    <span class=\"gallery-item frame d-none d-md-flex\">\r\n\t\t\t\t\t<div class=\"galeria-small-img mt-0\"><a href=\"https:\/\/semmelweis.hu\/hirek\/files\/2024\/02\/RS188773_433A4555-scr.jpg\"><img src=https:\/\/semmelweis.hu\/hirek\/files\/2024\/02\/RS188773_433A4555-scr.jpg \r\n                                alt=\"\"  \r\n                                class=\"attachment-sote-gallery-small size-sote-gallery-small\" \r\n                                srcset=\"https:\/\/semmelweis.hu\/hirek\/files\/2024\/02\/RS188773_433A4555-scr-400x267.jpg 400w, https:\/\/semmelweis.hu\/hirek\/files\/2024\/02\/RS188773_433A4555-scr-900x600.jpg 900w, https:\/\/semmelweis.hu\/hirek\/files\/2024\/02\/RS188773_433A4555-scr-768x512.jpg 768w, https:\/\/semmelweis.hu\/hirek\/files\/2024\/02\/RS188773_433A4555-scr-753x502.jpg 753w, https:\/\/semmelweis.hu\/hirek\/files\/2024\/02\/RS188773_433A4555-scr-203x135.jpg 203w, https:\/\/semmelweis.hu\/hirek\/files\/2024\/02\/RS188773_433A4555-scr.jpg 1200w\" ><\/a><\/div>\r\n                    <\/span>\r\n                    <span class=\"gallery-item frame d-none d-md-flex\">\r\n\t\t\t\t\t<div class=\"galeria-small-img mt-0\"><a href=\"https:\/\/semmelweis.hu\/hirek\/files\/2024\/02\/RS188779_433A4609-scr.jpg\"><img src=https:\/\/semmelweis.hu\/hirek\/files\/2024\/02\/RS188779_433A4609-scr.jpg \r\n                                alt=\"\" \r\n                                class=\"attachment-sote-gallery-small size-sote-gallery-small\" \r\n                                srcset=\"https:\/\/semmelweis.hu\/hirek\/files\/2024\/02\/RS188779_433A4609-scr-400x267.jpg 400w, https:\/\/semmelweis.hu\/hirek\/files\/2024\/02\/RS188779_433A4609-scr-900x600.jpg 900w, https:\/\/semmelweis.hu\/hirek\/files\/2024\/02\/RS188779_433A4609-scr-768x512.jpg 768w, https:\/\/semmelweis.hu\/hirek\/files\/2024\/02\/RS188779_433A4609-scr-753x502.jpg 753w, https:\/\/semmelweis.hu\/hirek\/files\/2024\/02\/RS188779_433A4609-scr-203x135.jpg 203w, https:\/\/semmelweis.hu\/hirek\/files\/2024\/02\/RS188779_433A4609-scr.jpg 1200w\" ><\/a><\/div>\r\n                    <\/span>\r\n\r\n                <\/div>\r\n\r\n            <\/div>\r\n\r\n            <span class=\"gallery-item\"><div class=\"hidden\"><a href=\"https:\/\/semmelweis.hu\/hirek\/files\/2024\/02\/RS188771_433A4551-scr.jpg\">\r\n        <img src=https:\/\/semmelweis.hu\/hirek\/files\/2024\/02\/RS188771_433A4551-scr.jpg alt=\"\" class=\"attachment-sote-gallery-big size-sote-gallery-big\" srcset=\"https:\/\/semmelweis.hu\/hirek\/files\/2024\/02\/RS188771_433A4551-scr-400x267.jpg 400w, https:\/\/semmelweis.hu\/hirek\/files\/2024\/02\/RS188771_433A4551-scr-900x600.jpg 900w, https:\/\/semmelweis.hu\/hirek\/files\/2024\/02\/RS188771_433A4551-scr-768x512.jpg 768w, https:\/\/semmelweis.hu\/hirek\/files\/2024\/02\/RS188771_433A4551-scr-753x502.jpg 753w, https:\/\/semmelweis.hu\/hirek\/files\/2024\/02\/RS188771_433A4551-scr-203x135.jpg 203w, https:\/\/semmelweis.hu\/hirek\/files\/2024\/02\/RS188771_433A4551-scr.jpg 1200w\" >\r\n        <\/a><\/div><\/span><span class=\"gallery-item\"><div class=\"hidden\"><a href=\"https:\/\/semmelweis.hu\/hirek\/files\/2024\/02\/RS188772_433A4553-scr.jpg\">\r\n        <img src=https:\/\/semmelweis.hu\/hirek\/files\/2024\/02\/RS188772_433A4553-scr.jpg alt=\"\" class=\"attachment-sote-gallery-big size-sote-gallery-big\" srcset=\"https:\/\/semmelweis.hu\/hirek\/files\/2024\/02\/RS188772_433A4553-scr-400x267.jpg 400w, https:\/\/semmelweis.hu\/hirek\/files\/2024\/02\/RS188772_433A4553-scr-900x600.jpg 900w, https:\/\/semmelweis.hu\/hirek\/files\/2024\/02\/RS188772_433A4553-scr-768x512.jpg 768w, https:\/\/semmelweis.hu\/hirek\/files\/2024\/02\/RS188772_433A4553-scr-753x502.jpg 753w, https:\/\/semmelweis.hu\/hirek\/files\/2024\/02\/RS188772_433A4553-scr-203x135.jpg 203w, https:\/\/semmelweis.hu\/hirek\/files\/2024\/02\/RS188772_433A4553-scr.jpg 1200w\" >\r\n        <\/a><\/div><\/span><span class=\"gallery-item\"><div class=\"hidden\"><a href=\"https:\/\/semmelweis.hu\/hirek\/files\/2024\/02\/RS188783_433A4650-scr.jpg\">\r\n        <img src=https:\/\/semmelweis.hu\/hirek\/files\/2024\/02\/RS188783_433A4650-scr.jpg alt=\"\" class=\"attachment-sote-gallery-big size-sote-gallery-big\" srcset=\"https:\/\/semmelweis.hu\/hirek\/files\/2024\/02\/RS188783_433A4650-scr-400x267.jpg 400w, https:\/\/semmelweis.hu\/hirek\/files\/2024\/02\/RS188783_433A4650-scr-900x600.jpg 900w, https:\/\/semmelweis.hu\/hirek\/files\/2024\/02\/RS188783_433A4650-scr-768x512.jpg 768w, https:\/\/semmelweis.hu\/hirek\/files\/2024\/02\/RS188783_433A4650-scr-753x502.jpg 753w, https:\/\/semmelweis.hu\/hirek\/files\/2024\/02\/RS188783_433A4650-scr-203x135.jpg 203w, https:\/\/semmelweis.hu\/hirek\/files\/2024\/02\/RS188783_433A4650-scr.jpg 1200w\" >\r\n        <\/a><\/div><\/span><span class=\"gallery-item\"><div class=\"hidden\"><a href=\"https:\/\/semmelweis.hu\/hirek\/files\/2024\/02\/RS188786_433A4679-scr.jpg\">\r\n        <img src=https:\/\/semmelweis.hu\/hirek\/files\/2024\/02\/RS188786_433A4679-scr.jpg alt=\"\" class=\"attachment-sote-gallery-big size-sote-gallery-big\" srcset=\"https:\/\/semmelweis.hu\/hirek\/files\/2024\/02\/RS188786_433A4679-scr-400x267.jpg 400w, https:\/\/semmelweis.hu\/hirek\/files\/2024\/02\/RS188786_433A4679-scr-900x600.jpg 900w, https:\/\/semmelweis.hu\/hirek\/files\/2024\/02\/RS188786_433A4679-scr-768x512.jpg 768w, https:\/\/semmelweis.hu\/hirek\/files\/2024\/02\/RS188786_433A4679-scr-753x502.jpg 753w, https:\/\/semmelweis.hu\/hirek\/files\/2024\/02\/RS188786_433A4679-scr-203x135.jpg 203w, https:\/\/semmelweis.hu\/hirek\/files\/2024\/02\/RS188786_433A4679-scr.jpg 1200w\" >\r\n        <\/a><\/div><\/span><span class=\"gallery-item\"><div class=\"hidden\"><a href=\"https:\/\/semmelweis.hu\/hirek\/files\/2024\/02\/RS188794_GV5A2161-scr.jpg\">\r\n        <img src=https:\/\/semmelweis.hu\/hirek\/files\/2024\/02\/RS188794_GV5A2161-scr.jpg alt=\"\" class=\"attachment-sote-gallery-big size-sote-gallery-big\" srcset=\"https:\/\/semmelweis.hu\/hirek\/files\/2024\/02\/RS188794_GV5A2161-scr-400x267.jpg 400w, https:\/\/semmelweis.hu\/hirek\/files\/2024\/02\/RS188794_GV5A2161-scr-900x600.jpg 900w, https:\/\/semmelweis.hu\/hirek\/files\/2024\/02\/RS188794_GV5A2161-scr-768x512.jpg 768w, https:\/\/semmelweis.hu\/hirek\/files\/2024\/02\/RS188794_GV5A2161-scr-753x502.jpg 753w, https:\/\/semmelweis.hu\/hirek\/files\/2024\/02\/RS188794_GV5A2161-scr-203x135.jpg 203w, https:\/\/semmelweis.hu\/hirek\/files\/2024\/02\/RS188794_GV5A2161-scr.jpg 1200w\" >\r\n        <\/a><\/div><\/span>\r\n            <\/div>\r\n\r\n            [\/slb_exclude]\r\n\t\n<p>A tudom\u00e1nyos program m\u00e1sodik napja az obstrukt\u00edv t\u00fcd\u0151betegs\u00e9gekr\u0151l sz\u00f3l\u00f3 szekci\u00f3val indult, f\u00f3kuszban a COPD-vel. Az \u00e9rdekl\u0151d\u0151k el\u0151ad\u00e1st hallgathattak az \u00faj hazai COPD ir\u00e1nyelvr\u0151l; a COPD akut exacerb\u00e1ci\u00f3j\u00e1r\u00f3l; a mortalit\u00e1s cs\u00f6kkent\u00e9s\u00e9nek kardiol\u00f3giai vonatkoz\u00e1sair\u00f3l; a t\u00fcd\u0151gondoz\u00f3 \u00e9s a csal\u00e1dorvos egy\u00fcttm\u0171k\u00f6d\u00e9s\u00e9r\u0151l, valamint az \u00faj inhal\u00e1ci\u00f3s eszk\u00f6z\u00f6kr\u0151l. A m\u00e1sodik szekci\u00f3ban az asztm\u00e1r\u00f3l hangzottak el el\u0151ad\u00e1sok: hogyan fedezz\u00fck fel annak s\u00falyos v\u00e1ltozat\u00e1t \u00e9s mit jelent az enyhe asztma; milyen t\u00fcd\u0151gy\u00f3gy\u00e1szati ok \u00e1llhat a rossz alv\u00e1s m\u00f6g\u00f6tt; milyen alapl\u00e9p\u00e9seket lehet tenni a t\u00e1pl\u00e1l\u00e9kallergia diagnosztik\u00e1j\u00e1ban \u00e9s kezel\u00e9s\u00e9ben; valamint mik\u00e9nt lehet korszer\u0171en kezelni a herediter angio\u00f6d\u00e9m\u00e1t (HANO).<\/p>\n<p>&nbsp;<\/p>\n<p><a href=\"https:\/\/semmelweis.hu\/hirek\/files\/2024\/02\/RS189124_433A4727-scr.jpg\"><img loading=\"lazy\" decoding=\"async\" class=\"alignright wp-image-137225 size-medium\" src=\"https:\/\/semmelweis.hu\/hirek\/files\/2024\/02\/RS189124_433A4727-scr-400x267.jpg\" alt=\"\" width=\"400\" height=\"267\" srcset=\"https:\/\/semmelweis.hu\/hirek\/files\/2024\/02\/RS189124_433A4727-scr-400x267.jpg 400w, https:\/\/semmelweis.hu\/hirek\/files\/2024\/02\/RS189124_433A4727-scr-900x600.jpg 900w, https:\/\/semmelweis.hu\/hirek\/files\/2024\/02\/RS189124_433A4727-scr-768x512.jpg 768w, https:\/\/semmelweis.hu\/hirek\/files\/2024\/02\/RS189124_433A4727-scr-753x502.jpg 753w, https:\/\/semmelweis.hu\/hirek\/files\/2024\/02\/RS189124_433A4727-scr-203x135.jpg 203w, https:\/\/semmelweis.hu\/hirek\/files\/2024\/02\/RS189124_433A4727-scr.jpg 1200w\" sizes=\"auto, (max-width: 400px) 100vw, 400px\" \/><\/a>\u201eA COVID-j\u00e1rv\u00e1ny felh\u00edvta a figyelm\u00fcnket a t\u00fcd\u0151nk fontoss\u00e1g\u00e1ra \u00e9s a fert\u0151z\u0151 betegs\u00e9gekben rejl\u0151 vesz\u00e9lyekre. Az volt a c\u00e9lunk a konferenci\u00e1val, hogy meger\u0151s\u00edts\u00fck \u00e9s min\u00e9l t\u00f6bb koll\u00e9g\u00e1nak adjuk \u00e1t a t\u00fcd\u0151 \u00e9s l\u00e9gutak eg\u00e9szs\u00e9g\u00e9vel kapcsolatos tud\u00e1st\u201d \u2013 fogalmazott honlapunknak dr. M\u00fcller Veronika egyetemi tan\u00e1r, a Pulmonol\u00f3giai Klinika igazgat\u00f3ja, az esem\u00e9ny egyik f\u0151szervez\u0151je. Kiemelte: k\u00fcl\u00f6n\u00f6sen \u00f6r\u00f6mteli, hogy az esem\u00e9nyt a Csal\u00e1dorvosi Tansz\u00e9kkel egy\u00fctt szervezt\u00e9k meg, hiszen a l\u00e9g\u00fati betegs\u00e9gek, a n\u00e1tha, vagy \u00e9pp a k\u00f6h\u00f6g\u00e9s rengeteg orvos-beteg tal\u00e1lkoz\u00e1st meghat\u00e1roznak. A l\u00e9gszennyez\u00e9s, ennek egy\u00e9ni form\u00e1ja, a doh\u00e1nyz\u00e1s, \u00e9s a kl\u00edmav\u00e1ltoz\u00e1s a j\u00f6v\u0151ben v\u00e1rhat\u00f3an m\u00e9g t\u00f6bb t\u00fcd\u0151probl\u00e9m\u00e1t okozhatnak majd, melyek egy r\u00e9sze olyan, allergi\u00e1s alap\u00fa k\u00f3rk\u00e9p, mint sok esetben az asztma, vagy olyan gyullad\u00e1sos\/l\u00e9gz\u0151felsz\u00edn pusztul\u00e1ssal j\u00e1r\u00f3 k\u00f3rk\u00e9p, mint a COPD \u2013 mutatott r\u00e1. Az igazgat\u00f3 szerint a l\u00e9gutak, valamint az ezekhez kapcsol\u00f3d\u00f3 allergi\u00e1s k\u00f3rk\u00e9pek valamennyi diszcipl\u00edn\u00e1t \u00e9rinthetik, ez\u00e9rt az esem\u00e9nyre a t\u00fcd\u0151gy\u00f3gy\u00e1szokat \u00e9s csal\u00e1dorvosok mellett infektol\u00f3gusokat, kardiol\u00f3gusokat, b\u0151rgy\u00f3gy\u00e1szokat, szem\u00e9szeket \u00e9s f\u00fcl-orr-g\u00e9g\u00e9sz szakorvosokat is v\u00e1rtak az orsz\u00e1g minden r\u00e9sz\u00e9r\u0151l.<\/p>\n<p><a href=\"https:\/\/semmelweis.hu\/hirek\/files\/2024\/02\/RS189121_433A4672-scr.jpg\"><img loading=\"lazy\" decoding=\"async\" class=\"alignleft wp-image-137226 size-medium\" src=\"https:\/\/semmelweis.hu\/hirek\/files\/2024\/02\/RS189121_433A4672-scr-400x267.jpg\" alt=\"\" width=\"400\" height=\"267\" srcset=\"https:\/\/semmelweis.hu\/hirek\/files\/2024\/02\/RS189121_433A4672-scr-400x267.jpg 400w, https:\/\/semmelweis.hu\/hirek\/files\/2024\/02\/RS189121_433A4672-scr-900x600.jpg 900w, https:\/\/semmelweis.hu\/hirek\/files\/2024\/02\/RS189121_433A4672-scr-768x512.jpg 768w, https:\/\/semmelweis.hu\/hirek\/files\/2024\/02\/RS189121_433A4672-scr-753x502.jpg 753w, https:\/\/semmelweis.hu\/hirek\/files\/2024\/02\/RS189121_433A4672-scr-203x135.jpg 203w, https:\/\/semmelweis.hu\/hirek\/files\/2024\/02\/RS189121_433A4672-scr.jpg 1200w\" sizes=\"auto, (max-width: 400px) 100vw, 400px\" \/><\/a>\u201eAz alapell\u00e1t\u00e1sban nagyon sok l\u00e9g\u00fati beteget, allergi\u00e1s, asztm\u00e1s, COPD-ben, t\u00fcd\u0151daganatban szenved\u0151 p\u00e1cienst kezel\u00fcnk\u201d \u2013 h\u00edvta fel a figyelmet dr. Torzsa P\u00e9ter, a Csal\u00e1dorvosi Tansz\u00e9k tansz\u00e9kvezet\u0151 egyetemi tan\u00e1ra, az esem\u00e9ny egyik f\u0151szervez\u0151je. Mint elmondta, a konferencia egyik f\u0151 c\u00e9lja az volt, hogy a pulmonol\u00f3gi\u00e1t min\u00e9l k\u00f6zelebb hozz\u00e1k az alapell\u00e1t\u00e1st v\u00e9gz\u0151 csal\u00e1dorvosokhoz, hogy \u00edgy is n\u00f6velj\u00e9k a t\u00fcd\u0151gondoz\u00f3kkal val\u00f3 egy\u00fcttm\u0171k\u00f6d\u00e9st. \u201eIgyeksz\u00fcnk integrat\u00edv ell\u00e1t\u00e1st ny\u00fajtani a betegek sz\u00e1m\u00e1ra, amelyben a pulmonol\u00f3gus, a csal\u00e1dorvos mellett rem\u00e9nyeink szerint a j\u00f6v\u0151ben a praxisk\u00f6z\u00f6ss\u00e9gek is egyre nagyobb szerepet j\u00e1tszanak majd, ahol a l\u00e9g\u00fati megbeteged\u00e9sben szenved\u0151k komplex ell\u00e1t\u00e1s\u00e1t egy szakdolgoz\u00f3i team seg\u00edten\u00e9\u201d \u2013 fogalmazott. K\u00fcl\u00f6n kiemelte a testmozg\u00e1s, a dietetikai tan\u00e1csad\u00e1s, valamint az inhalat\u00edv gy\u00f3gyszerek helyes haszn\u00e1lat\u00e1nak szerep\u00e9t, valamint azt, hogy c\u00e9ljaik k\u00f6z\u00f6tt szerepel, hogy a praxisk\u00f6z\u00f6ss\u00e9geket spirom\u00e9terrel is felszerelj\u00e9k. Dr. Torzsa P\u00e9ter a kl\u00edmav\u00e1ltoz\u00e1s eg\u00e9szs\u00e9get \u00e9rint\u0151 hat\u00e1sair\u00f3l sz\u00f3lva felh\u00edvta a figyelmet: a fiatalok k\u00f6z\u00f6tt ezzel \u00f6sszef\u00fcgg\u00e9sben n\u0151 az allergi\u00e1ban szenved\u0151k sz\u00e1ma, mely jelent\u0151sen rontja az \u00e9rintettek \u00e9letmin\u0151s\u00e9g\u00e9t.<\/p>\n<p>Szab\u00f3 \u00c1d\u00e1m<br \/>\nFot\u00f3: Barta B\u00e1lint \u2013 Semmelweis Egyetem<\/p>\n","protected":false},"excerpt":{"rendered":"<p>Az esem\u00e9nyt a Pulmonol\u00f3giai Klinika \u00e9s Csal\u00e1dorvosi Tansz\u00e9k k\u00f6z\u00f6sen rendezte meg.<\/p>\n","protected":false},"author":101751,"featured_media":137108,"comment_status":"closed","ping_status":"closed","sticky":false,"template":"","format":"standard","meta":{"_acf_changed":false,"footnotes":""},"categories":[154,168],"tags":[],"class_list":["post-137106","post","type-post","status-publish","format-standard","has-post-thumbnail","hentry","category-egeszseg","category-kiemelt"],"acf":[],"_links":{"self":[{"href":"https:\/\/semmelweis.hu\/hirek\/wp-json\/wp\/v2\/posts\/137106","targetHints":{"allow":["GET"]}}],"collection":[{"href":"https:\/\/semmelweis.hu\/hirek\/wp-json\/wp\/v2\/posts"}],"about":[{"href":"https:\/\/semmelweis.hu\/hirek\/wp-json\/wp\/v2\/types\/post"}],"author":[{"embeddable":true,"href":"https:\/\/semmelweis.hu\/hirek\/wp-json\/wp\/v2\/users\/101751"}],"replies":[{"embeddable":true,"href":"https:\/\/semmelweis.hu\/hirek\/wp-json\/wp\/v2\/comments?post=137106"}],"version-history":[{"count":8,"href":"https:\/\/semmelweis.hu\/hirek\/wp-json\/wp\/v2\/posts\/137106\/revisions"}],"predecessor-version":[{"id":137227,"href":"https:\/\/semmelweis.hu\/hirek\/wp-json\/wp\/v2\/posts\/137106\/revisions\/137227"}],"wp:featuredmedia":[{"embeddable":true,"href":"https:\/\/semmelweis.hu\/hirek\/wp-json\/wp\/v2\/media\/137108"}],"wp:attachment":[{"href":"https:\/\/semmelweis.hu\/hirek\/wp-json\/wp\/v2\/media?parent=137106"}],"wp:term":[{"taxonomy":"category","embeddable":true,"href":"https:\/\/semmelweis.hu\/hirek\/wp-json\/wp\/v2\/categories?post=137106"},{"taxonomy":"post_tag","embeddable":true,"href":"https:\/\/semmelweis.hu\/hirek\/wp-json\/wp\/v2\/tags?post=137106"}],"curies":[{"name":"wp","href":"https:\/\/api.w.org\/{rel}","templated":true}]}}