{"id":13660,"date":"2012-11-12T07:23:55","date_gmt":"2012-11-12T06:23:55","guid":{"rendered":"http:\/\/semmelweis-egyetem.hu\/hirek\/?p=13660"},"modified":"2018-07-25T14:05:31","modified_gmt":"2018-07-25T12:05:31","slug":"21-semmelweis-symposium-a-szemelyre-szabott-orvoslasrol","status":"publish","type":"post","link":"https:\/\/semmelweis.hu\/hirek\/2012\/11\/12\/21-semmelweis-symposium-a-szemelyre-szabott-orvoslasrol\/","title":{"rendered":"21. Semmelweis Symposium a szem\u00e9lyre szabott orvosl\u00e1sr\u00f3l \/VIDE\u00d3\/"},"content":{"rendered":"<p>Csaknem k\u00e9tsz\u00e1zan regisztr\u00e1ltak, \u00e9s 13 orsz\u00e1gb\u00f3l \u00e9rkeztek vend\u00e9gek az idei <a href=\"http:\/\/www.semmelweissymposium2012.hu\/\">Semmelweis Symposiumra<\/a>, amelynek t\u00e9m\u00e1ja a szem\u00e9lyre szabott orvosl\u00e1s volt. \u201eA genomikai medicina f\u0151 k\u00e9rd\u00e9sei: predikci\u00f3, prevenci\u00f3 \u00e9s szem\u00e9lyre szabott ter\u00e1pia\u201d elnevez\u00e9s\u0171 szimp\u00f3zium megnyit\u00f3j\u00e1n dr. Sz\u00e9l \u00c1goston, a Semmelweis Egyetem rektora hangs\u00falyozta: a Semmelweis Symposium az egyetem egyik legrangosabb tudom\u00e1nyos esem\u00e9nye, amelynek t\u00f6bb \u00e9vtizedes t\u00f6rt\u00e9nete van. Az idei a huszonegyedik ilyen konferencia.<\/p>\n\n<!-- iframe plugin v.4.9 wordpress.org\/plugins\/iframe\/ -->\n<iframe loading=\"lazy\" src=\"https:\/\/www.youtube.com\/embed\/jyhQtZf0ixk?feature=player_detailpage\" frameborder=\"0\" width=\"640\" height=\"360\" scrolling=\"yes\" class=\"iframe-class\"><\/iframe>\n\n<p>Mint arra a rektor eml\u00e9keztetett: minden \u00e9vben m\u00e1s egyetemi kutat\u00f3, oktat\u00f3 professzor kapja meg a lehet\u0151s\u00e9get a nemzetk\u00f6zi konferencia megszervez\u00e9s\u00e9re, amely mindig egy k\u00fcl\u00f6n\u00f6sen fontos \u00e9s korszer\u0171, aktu\u00e1lis t\u00e9m\u00e1t j\u00e1r k\u00f6r\u00fcl. A szimp\u00f3ziumok magas min\u0151s\u00e9g\u00e9nek fenntart\u00e1s\u00e1ra garancia a szervez\u0151k kiv\u00e1laszt\u00e1s\u00e1nak m\u00f3dja, amely egyfajta verseny. A potenci\u00e1lis szervez\u0151knek p\u00e1lyam\u0171vet kell k\u00e9sz\u00edteni\u00fck a tervezett t\u00e9m\u00e1r\u00f3l, a lehets\u00e9ges megh\u00edvottakr\u00f3l, s ennek alapj\u00e1n az egyetem tudom\u00e1nyos tan\u00e1csa v\u00e1lasztja ki az adott \u00e9v Semmelweis Symposium\u00e1nak szervez\u0151j\u00e9t.<\/p>\n<p><a href=\"https:\/\/semmelweis.hu\/hirek\/files\/2012\/11\/web-17.jpg\"><img loading=\"lazy\" decoding=\"async\" class=\"alignleft  wp-image-13663\" title=\"web-17\" src=\"https:\/\/semmelweis.hu\/hirek\/files\/2012\/11\/web-17-300x199.jpg\" alt=\"\" width=\"300\" height=\"199\" srcset=\"https:\/\/semmelweis.hu\/hirek\/files\/2012\/11\/web-17-300x199.jpg 300w, https:\/\/semmelweis.hu\/hirek\/files\/2012\/11\/web-17-600x400.jpg 600w, https:\/\/semmelweis.hu\/hirek\/files\/2012\/11\/web-17.jpg 800w\" sizes=\"auto, (max-width: 300px) 100vw, 300px\" \/><\/a>A mostani t\u00e9mav\u00e1laszt\u00e1st t\u00f6bb aktualit\u00e1s egy\u00fctt\u00e1ll\u00e1sa indokolja \u2013 mondta dr. Sz\u00e9l \u00c1goston. Egyr\u00e9szt \u00e9ppen a napokban z\u00e1rult le hivatalosan a \u201eModern Orvostudom\u00e1nyi Technol\u00f3gi\u00e1k a Semmelweis Egyetemen\u201d kutat\u00f3egyetemi projekt, amelynek prevenci\u00f3s modulja a szem\u00e9lyre szabott orvosl\u00e1sra f\u00f3kusz\u00e1lt. M\u00e1sr\u00e9szt 2012 a Prevenci\u00f3 \u00c9ve a Semmelweis Egyetemen.<\/p>\n<p>A rektor kiemelte: a szimp\u00f3zium nemcsak tudom\u00e1nyos esem\u00e9ny, hanem oktat\u00e1si szempontb\u00f3l is igen fontos, a PhD-hallgat\u00f3k pedig bizonyos felt\u00e9telek mellett kreditpontot kaphatnak a r\u00e9szv\u00e9tel\u00e9rt.<\/p>\n<p>Dr. Moln\u00e1r M\u00e1ria Judit, a szimp\u00f3zium eln\u00f6ke a szem\u00e9lyre szabott orvosl\u00e1s paradigmav\u00e1lt\u00e1s\u00e1val kapcsolatban elmondta: Az \u00e9szak-amerikai r\u00e9gi\u00f3ban a legel\u0151rehaladottabb a szem\u00e9lyre szabott orvosl\u00e1s klinikai gyakorlata, de az Eur\u00f3pai Uni\u00f3 sem \u00e1ll sokkal h\u00e1tr\u00e9bb, b\u00e1r vannak technol\u00f3giai k\u00fcl\u00f6nbs\u00e9gek.<\/p>\n\n<!-- iframe plugin v.4.9 wordpress.org\/plugins\/iframe\/ -->\n<iframe loading=\"lazy\" src=\"https:\/\/www.youtube.com\/embed\/DD9VNNT5xd0?feature=player_detailpage\" frameborder=\"0\" width=\"640\" height=\"360\" scrolling=\"yes\" class=\"iframe-class\"><\/iframe>\n\n<p>Magyarorsz\u00e1gon is el\u00e9rhet\u0151 m\u00e1r szinte valamennyi vizsg\u00e1lat, a technika \u00e9s a tud\u00e1s itt is eur\u00f3pai sz\u00ednvonal\u00fa. A Semmelweis Egyetem kutat\u00e1si portf\u00f3li\u00f3j\u00e1ban nagyon intenz\u00edven megjelennek ezek a vizsg\u00e1latok, illetve azon biomarkerekkel kapcsolatos kutat\u00e1sok, amelyek a korai diagn\u00f3zis fel\u00e1ll\u00edt\u00e1s\u00e1t, genetikai rizik\u00f3t\u00e9nyez\u0151k megkeres\u00e9s\u00e9t, betegs\u00e9gek megel\u0151z\u00e9s\u00e9t seg\u00edtik. A Semmelweis Egyetem el\u00f6l j\u00e1r a szem\u00e9lyre szabott orvosl\u00e1s kutat\u00e1s\u00e1ban \u2013 hangs\u00falyozta dr. Moln\u00e1r M\u00e1ria Judit.<\/p>\n<p>A szimp\u00f3zium f\u0151el\u0151ad\u00f3ival k\u00e9sz\u00edtett interj\u00fak az elk\u00f6vetkez\u0151 hetekben mind a honlapon, mind a Semmelweis Egyetem \u00dajs\u00e1gban el\u00e9rhet\u0151k lesznek. <\/p>\n<p>DP, SzZs<\/p>\n\n","protected":false},"excerpt":{"rendered":"<p>Csaknem k\u00e9tsz\u00e1zan regisztr\u00e1ltak, \u00e9s 13 orsz\u00e1gb\u00f3l \u00e9rkeztek vend\u00e9gek az idei <a href=\"http:\/\/www.semmelweissymposium2012.hu\/\">Semmelweis Symposiumra<\/a> , amelynek t\u00e9m\u00e1ja a szem\u00e9lyre szabott orvosl\u00e1s volt. \u201eA genomikai medicina f\u0151 k\u00e9rd\u00e9sei: predikci\u00f3, prevenci\u00f3 \u00e9s szem\u00e9lyre szabott ter\u00e1pia\u201d elnevez\u00e9s\u0171 szimp\u00f3zium megnyit\u00f3j\u00e1n dr. Sz\u00e9l \u00c1goston, a Semmelweis Egyetem rektora hangs\u00falyozta: a Semmelweis Symposium az egyetem egyik legrangosabb tudom\u00e1nyos esem\u00e9nye, amelynek t\u00f6bb \u00e9vtizedes t\u00f6rt\u00e9nete van. Az &hellip;<\/p>\n","protected":false},"author":10,"featured_media":13666,"comment_status":"closed","ping_status":"open","sticky":false,"template":"","format":"standard","meta":{"_acf_changed":false,"footnotes":""},"categories":[161,168],"tags":[67,2569,4206,162,4091,188],"class_list":["post-13660","post","type-post","status-publish","format-standard","has-post-thumbnail","hentry","category-tudomany","category-kiemelt","tag-eok","tag-galeria","tag-prevencio","tag-eletmod-eletmod","tag-semmelweis-szimpozium","tag-tudomanyos-hirek-rendezvenyek"],"acf":[],"_links":{"self":[{"href":"https:\/\/semmelweis.hu\/hirek\/wp-json\/wp\/v2\/posts\/13660","targetHints":{"allow":["GET"]}}],"collection":[{"href":"https:\/\/semmelweis.hu\/hirek\/wp-json\/wp\/v2\/posts"}],"about":[{"href":"https:\/\/semmelweis.hu\/hirek\/wp-json\/wp\/v2\/types\/post"}],"author":[{"embeddable":true,"href":"https:\/\/semmelweis.hu\/hirek\/wp-json\/wp\/v2\/users\/10"}],"replies":[{"embeddable":true,"href":"https:\/\/semmelweis.hu\/hirek\/wp-json\/wp\/v2\/comments?post=13660"}],"version-history":[{"count":3,"href":"https:\/\/semmelweis.hu\/hirek\/wp-json\/wp\/v2\/posts\/13660\/revisions"}],"predecessor-version":[{"id":63009,"href":"https:\/\/semmelweis.hu\/hirek\/wp-json\/wp\/v2\/posts\/13660\/revisions\/63009"}],"wp:featuredmedia":[{"embeddable":true,"href":"https:\/\/semmelweis.hu\/hirek\/wp-json\/wp\/v2\/media\/13666"}],"wp:attachment":[{"href":"https:\/\/semmelweis.hu\/hirek\/wp-json\/wp\/v2\/media?parent=13660"}],"wp:term":[{"taxonomy":"category","embeddable":true,"href":"https:\/\/semmelweis.hu\/hirek\/wp-json\/wp\/v2\/categories?post=13660"},{"taxonomy":"post_tag","embeddable":true,"href":"https:\/\/semmelweis.hu\/hirek\/wp-json\/wp\/v2\/tags?post=13660"}],"curies":[{"name":"wp","href":"https:\/\/api.w.org\/{rel}","templated":true}]}}