{"id":13570,"date":"2012-10-20T08:47:25","date_gmt":"2012-10-20T07:47:25","guid":{"rendered":"http:\/\/semmelweis-egyetem.hu\/hirek\/?p=13570"},"modified":"2013-11-29T10:57:45","modified_gmt":"2013-11-29T09:57:45","slug":"2003-evi-xciii-torveny-a-magyar-tudomany-unneperol","status":"publish","type":"post","link":"https:\/\/semmelweis.hu\/hirek\/2012\/10\/20\/2003-evi-xciii-torveny-a-magyar-tudomany-unneperol\/","title":{"rendered":"2003. \u00e9vi XCIII. t\u00f6rv\u00e9ny a Magyar Tudom\u00e1ny \u00dcnnep\u00e9r\u0151l"},"content":{"rendered":"<p>Az Orsz\u00e1ggy\u0171l\u00e9s a tudom\u00e1ny t\u00e1rsadalomban bet\u00f6lt\u00f6tt szerep\u00e9t kiemelked\u0151en fontosnak, a tudom\u00e1ny m\u0171vel\u00e9se \u00e9s fejleszt\u00e9se \u00e9rdek\u00e9ben v\u00e9gzett tev\u00e9kenys\u00e9get elismer\u00e9sre \u00e9s kiemelked\u0151 t\u00e1mogat\u00e1sra m\u00e9lt\u00f3nak tartja. B\u00edzik abban, hogy Magyarorsz\u00e1g csatlakoz\u00e1sa az Eur\u00f3pai Uni\u00f3hoz megn\u00f6veli a magyar kutat\u00f3k, tud\u00f3sok eddig is eredm\u00e9nyes hozz\u00e1j\u00e1rul\u00e1s\u00e1t az emberis\u00e9g tud\u00e1s\u00e1nak, ismereteinek gyarap\u00edt\u00e1s\u00e1hoz. Fejet hajt el\u0151deink el\u0151tt, akik a magyar tudom\u00e1ny fejl\u0151d\u00e9s\u00e9hez hozz\u00e1j\u00e1rultak. Ez\u00e9rt a k\u00f6vetkez\u0151 t\u00f6rv\u00e9nyt alkotja:<\/p>\n<p>1.\u00a7 Az orsz\u00e1ggy\u0171l\u00e9s november 3-\u00e1t \u2013 azt a napot, amelyen 1825-ben Sz\u00e9chenyi Istv\u00e1n birtokainak 1 \u00e9vi j\u00f6vedelm\u00e9t Magyar Tud\u00f3s T\u00e1rsas\u00e1g alap\u00edt\u00e1s\u00e1nak c\u00e9lj\u00e1ra felaj\u00e1nlotta, \u00e9s ezzel lehet\u0151v\u00e9 tette a Magyar Tudom\u00e1nyos Akad\u00e9mia megalap\u00edt\u00e1s\u00e1t \u2013 a Magyar Tudom\u00e1ny \u00dcnnep\u00e9v\u00e9 nyilv\u00e1n\u00edtja. <\/p>\n","protected":false},"excerpt":{"rendered":"<p>Az Orsz\u00e1ggy\u0171l\u00e9s a tudom\u00e1ny t\u00e1rsadalomban bet\u00f6lt\u00f6tt szerep\u00e9t kiemelked\u0151en fontosnak, a tudom\u00e1ny m\u0171vel\u00e9se \u00e9s fejleszt\u00e9se \u00e9rdek\u00e9ben v\u00e9gzett tev\u00e9kenys\u00e9get elismer\u00e9sre \u00e9s kiemelked\u0151 t\u00e1mogat\u00e1sra m\u00e9lt\u00f3nak tartja. B\u00edzik abban, hogy Magyarorsz\u00e1g csatlakoz\u00e1sa az Eur\u00f3pai Uni\u00f3hoz megn\u00f6veli a magyar kutat\u00f3k, tud\u00f3sok eddig is eredm\u00e9nyes hozz\u00e1j\u00e1rul\u00e1s\u00e1t az emberis\u00e9g tud\u00e1s\u00e1nak, ismereteinek gyarap\u00edt\u00e1s\u00e1hoz. Fejet hajt el\u0151deink el\u0151tt, akik a magyar tudom\u00e1ny fejl\u0151d\u00e9s\u00e9hez hozz\u00e1j\u00e1rultak. &hellip;<\/p>\n","protected":false},"author":10,"featured_media":0,"comment_status":"closed","ping_status":"open","sticky":false,"template":"","format":"standard","meta":{"_acf_changed":false,"footnotes":""},"categories":[161],"tags":[188],"class_list":["post-13570","post","type-post","status-publish","format-standard","hentry","category-tudomany","tag-tudomanyos-hirek-rendezvenyek"],"acf":[],"_links":{"self":[{"href":"https:\/\/semmelweis.hu\/hirek\/wp-json\/wp\/v2\/posts\/13570","targetHints":{"allow":["GET"]}}],"collection":[{"href":"https:\/\/semmelweis.hu\/hirek\/wp-json\/wp\/v2\/posts"}],"about":[{"href":"https:\/\/semmelweis.hu\/hirek\/wp-json\/wp\/v2\/types\/post"}],"author":[{"embeddable":true,"href":"https:\/\/semmelweis.hu\/hirek\/wp-json\/wp\/v2\/users\/10"}],"replies":[{"embeddable":true,"href":"https:\/\/semmelweis.hu\/hirek\/wp-json\/wp\/v2\/comments?post=13570"}],"version-history":[{"count":1,"href":"https:\/\/semmelweis.hu\/hirek\/wp-json\/wp\/v2\/posts\/13570\/revisions"}],"predecessor-version":[{"id":24586,"href":"https:\/\/semmelweis.hu\/hirek\/wp-json\/wp\/v2\/posts\/13570\/revisions\/24586"}],"wp:attachment":[{"href":"https:\/\/semmelweis.hu\/hirek\/wp-json\/wp\/v2\/media?parent=13570"}],"wp:term":[{"taxonomy":"category","embeddable":true,"href":"https:\/\/semmelweis.hu\/hirek\/wp-json\/wp\/v2\/categories?post=13570"},{"taxonomy":"post_tag","embeddable":true,"href":"https:\/\/semmelweis.hu\/hirek\/wp-json\/wp\/v2\/tags?post=13570"}],"curies":[{"name":"wp","href":"https:\/\/api.w.org\/{rel}","templated":true}]}}