{"id":13550,"date":"2012-10-31T14:55:50","date_gmt":"2012-10-31T13:55:50","guid":{"rendered":"http:\/\/semmelweis-egyetem.hu\/hirek\/?p=13550"},"modified":"2015-05-08T11:43:40","modified_gmt":"2015-05-08T09:43:40","slug":"akademiai-emlekkonferencia-szentagothai-janos-szuletesenek-100-evfordulojan","status":"publish","type":"post","link":"https:\/\/semmelweis.hu\/hirek\/2012\/10\/31\/akademiai-emlekkonferencia-szentagothai-janos-szuletesenek-100-evfordulojan\/","title":{"rendered":"Akad\u00e9miai eml\u00e9kkonferencia Szent\u00e1gothai J\u00e1nos sz\u00fclet\u00e9s\u00e9nek 100. \u00e9vfordul\u00f3j\u00e1n"},"content":{"rendered":"<figure id=\"attachment_13551\" aria-describedby=\"caption-attachment-13551\" style=\"width: 195px\" class=\"wp-caption alignleft\"><a href=\"https:\/\/semmelweis.hu\/hirek\/files\/2012\/10\/szent.jpg\"><img loading=\"lazy\" decoding=\"async\" class=\"size-medium wp-image-13551\" title=\"Szent\u00e1gothai\" src=\"https:\/\/semmelweis.hu\/hirek\/files\/2012\/10\/szent-195x300.jpg\" alt=\"\" width=\"195\" height=\"300\" srcset=\"https:\/\/semmelweis.hu\/hirek\/files\/2012\/10\/szent-195x300.jpg 195w, https:\/\/semmelweis.hu\/hirek\/files\/2012\/10\/szent-260x400.jpg 260w, https:\/\/semmelweis.hu\/hirek\/files\/2012\/10\/szent.jpg 600w\" sizes=\"auto, (max-width: 195px) 100vw, 195px\" \/><\/a><figcaption id=\"caption-attachment-13551\" class=\"wp-caption-text\">Forr\u00e1s: MTI\/mta.hu<\/figcaption><\/figure>\n<p>A tud\u00f3s orvos, az iskolateremt\u0151 agykutat\u00f3 Szent\u00e1gothai J\u00e1nos sz\u00fclet\u00e9s\u00e9nek 100. \u00e9vfordul\u00f3ja alkalm\u00e1b\u00f3l tartottak eml\u00e9kkonferenci\u00e1t a Magyar Tudom\u00e1nyos Akad\u00e9mi\u00e1n. A Szent\u00e1gothai \u00e9v keret\u00e9ben megrendezett esem\u00e9nyen az el\u0151ad\u00f3k Szent\u00e1gothai J\u00e1nosr\u00f3l, a kutat\u00f3r\u00f3l, a tan\u00e1rr\u00f3l, a tud\u00f3sr\u00f3l, a tudom\u00e1nypolitikusr\u00f3l, a parlamenti k\u00e9pvisel\u0151r\u0151l, a szeretett \u00e9s megbecs\u00fclt bar\u00e1tr\u00f3l, mesterr\u0151l, p\u00e1lyat\u00e1rsr\u00f3l \u00e9s csal\u00e1dtagr\u00f3l eml\u00e9keztek meg.<\/p>\n<p>P\u00e1link\u00e1s J\u00f3zsef, a Magyar Tudom\u00e1nyos Akad\u00e9mia eln\u00f6ke azt hangs\u00falyozta: vannak \u00e9letp\u00e1ly\u00e1k, hivat\u00e1sok, amelyek a l\u00e9nyegr\u0151l besz\u00e9lnek, melyeknek kortalan der\u0171je, s ragyog\u00f3 \u00fczenete mindig vel\u00fcnk van. \u201eSzent\u00e1gothai J\u00e1nos ma is itt van a k\u00f6r\u00fcnkben, azok k\u00f6z\u00f6tt, akiket tan\u00edtott, p\u00e1ly\u00e1jukon elind\u00edtott, akinek sz\u00e9tosztotta \u00f6nmag\u00e1t\u201d \u2013 mondta.<\/p>\n<p>\u00c1der J\u00e1nos k\u00f6zt\u00e1rsas\u00e1gi eln\u00f6k arr\u00f3l besz\u00e9lt, Szent\u00e1gothai J\u00e1nos a vil\u00e1gh\u00edr\u0171 magyarok k\u00f6z\u00f6tt foglal helyet, azok k\u00f6z\u00f6tt, akik vil\u00e1grasz\u00f3l\u00f3 teljes\u00edtm\u00e9ny\u00fckkel a szellemi nagyhatalmak k\u00f6z\u00e9 emelt\u00e9k haz\u00e1nkat. Azok k\u00f6z\u00e9 tartozik, akik vil\u00e1g\u00e9let\u00fckben fontos v\u00e1laszok ut\u00e1n kutattak, s fontos k\u00e9rd\u00e9seket hagytak ut\u00f3daikra. Szent\u00e1gothai is t\u00f6bb k\u00e9rd\u00e9st hagyott r\u00e1nk, k\u00f6zt\u00fck tal\u00e1n a legfontosabb: k\u00e9pes lesz-e egyszer az emberi agy meg\u00e9rteni saj\u00e1t m\u0171k\u00f6d\u00e9s\u00e9t?<\/p>\n<p>H\u00e1mori J\u00f3zsef neurobiol\u00f3gus (Semmelweis Egyetem) egykori p\u00e9csi tan\u00edtv\u00e1nyk\u00e9nt \u00e9s koll\u00e9gak\u00e9nt eml\u00e9kezett az \u201eiskolateremt\u0151 g\u00e9niuszra\u201d, aki 1946 \u00e9s 1963 k\u00f6z\u00f6tt volt P\u00e9csett professzor. Ebben a korszak\u00e1ban a funkcion\u00e1lis neuroanat\u00f3mia ter\u00fclet\u00e9n a kisagyi \u00e9s a l\u00e1t\u00f3rendszeri kutat\u00e1sai mellett kiemelked\u0151 eredm\u00e9nyeket \u00e9rt el a szemmozgat\u00f3 p\u00e1ly\u00e1k \u00e9s a vesztibul\u00e1ris rendszer k\u00f6z\u00f6tti kapcsolatok felder\u00edt\u00e9s\u00e9ben. Az itt el\u00e9rt eredm\u00e9nyei alapozt\u00e1k meg k\u00e9s\u0151bbi vil\u00e1gh\u00edr\u00e9t \u2013 mondta H\u00e1mori J\u00f3zsef, aki felid\u00e9zte Szent\u00e1gothai egy mond\u00e1s\u00e1t is, mely szerint \u201ecsak az legyen kutat\u00f3, akiben m\u0171k\u00f6dik a k\u00edv\u00e1ncsis\u00e1g\u201d.<\/p>\n<p><a href=\"https:\/\/semmelweis.hu\/hirek\/files\/2012\/10\/sz2.jpg\"><img loading=\"lazy\" decoding=\"async\" class=\"aligncenter size-large wp-image-13552\" title=\"sz2\" src=\"https:\/\/semmelweis.hu\/hirek\/files\/2012\/10\/sz2-600x400.jpg\" alt=\"\" width=\"600\" height=\"400\" srcset=\"https:\/\/semmelweis.hu\/hirek\/files\/2012\/10\/sz2-600x400.jpg 600w, https:\/\/semmelweis.hu\/hirek\/files\/2012\/10\/sz2-300x200.jpg 300w, https:\/\/semmelweis.hu\/hirek\/files\/2012\/10\/sz2.jpg 1600w\" sizes=\"auto, (max-width: 600px) 100vw, 600px\" \/><\/a>Hal\u00e1sz B\u00e9la neuroendokrinol\u00f3gus (Semmelweis Egyetem) arr\u00f3l besz\u00e9lt egyebek mellett, hogy vajon mi a titka Szent\u00e1gothai-iskol\u00e1nak, annak, hogy vezet\u0151 szem\u00e9lyis\u00e9gek, kutat\u00f3k \u00e9s oktat\u00f3k hossz\u00fa sora n\u0151tt fel a tud\u00f3s professzor mellett. \u201eA r\u00f6vid v\u00e1lasz erre Szent\u00e1gothai szakmai \u00e9s emberi nagys\u00e1ga, rendk\u00edv\u00fcli k\u00e9pess\u00e9gei, adotts\u00e1gai, leny\u0171g\u00f6z\u0151 felk\u00e9sz\u00fclts\u00e9ge, szipork\u00e1z\u00f3 el\u0151ad\u00e1sai\u201d \u2013 v\u00e1zolta Hal\u00e1sz B\u00e9la professzor, hozz\u00e1t\u00e9ve, hogy mindemellett Szent\u00e1gothai, mint tan\u00edt\u00f3mester mindenkor nagy szabads\u00e1got biztos\u00edtott munkat\u00e1rsainak. Kutat\u00e1saik ir\u00e1nt azonban rendszeresen \u00e9rdekl\u0151d\u00f6tt nemritk\u00e1n annak a k\u00e9rd\u00e9snek a form\u00e1j\u00e1ban, hogy \u201ema mi k\u00e1rt tett\u00e9l a tudom\u00e1nyban?\u201d<\/p>\n<p>Sz\u00e9kely Gy\u00f6rgy neurobiol\u00f3gus (Debreceni Egyetem) egyebek mellett megeml\u00e9kezett arr\u00f3l, hogy a Szent\u00e1gothai \u00e1ltal k\u00e9sz\u00edtett \u201eAz ember anat\u00f3mi\u00e1j\u00e1nak atlasza\u201d csaknem sz\u00e1z kiad\u00e1st \u00e9lt meg eddig. Sz\u00f3lt arr\u00f3l, hogy Szent\u00e1gothai J\u00e1nos sosem a cikkek sz\u00e1m\u00e1t n\u00e9zte, k\u00f6zlem\u00e9nyei csak saj\u00e1t gondolatait tartalmazt\u00e1k, amelyek olyannyira \u00e1tgondolt \u00edr\u00e1sok voltak, hogy a mai napig helyt\u00e1ll\u00f3 ezek minden gondolata. A tudom\u00e1ny, az etika \u00e9s a kult\u00fara mind meghat\u00e1roz\u00f3 volt \u00e9let\u00e9ben \u2013 tette hozz\u00e1.<\/p>\n<p>Ezt k\u00f6vet\u0151en Pedro Pasik neurol\u00f3gus (USA), Szent\u00e1gothai egykori munkat\u00e1rsa \u00e9s bar\u00e1tja tartott rendhagy\u00f3 el\u0151ad\u00e1st, amely sor\u00e1n Szent\u00e1gothai neki \u00edrt, tudom\u00e1nyr\u00f3l, politik\u00e1r\u00f3l sz\u00f3l\u00f3 leveleib\u0151l id\u00e9zett.<\/p>\n<p><a href=\"https:\/\/semmelweis.hu\/hirek\/files\/2012\/10\/sz-4.jpg\"><img loading=\"lazy\" decoding=\"async\" class=\"aligncenter size-large wp-image-13553\" title=\"sz 4\" src=\"https:\/\/semmelweis.hu\/hirek\/files\/2012\/10\/sz-4-600x400.jpg\" alt=\"\" width=\"600\" height=\"400\" srcset=\"https:\/\/semmelweis.hu\/hirek\/files\/2012\/10\/sz-4-600x400.jpg 600w, https:\/\/semmelweis.hu\/hirek\/files\/2012\/10\/sz-4-300x200.jpg 300w\" sizes=\"auto, (max-width: 600px) 100vw, 600px\" \/><\/a>Sz\u00e9l \u00c1goston, a Semmelweis Egyetem rektora, aki maga is anat\u00f3mus, besz\u00e9d\u00e9ben Szent\u00e1gothai J\u00e1nos egy olyan id\u00e9zet\u00e9re eml\u00e9keztette a hallgat\u00f3s\u00e1got, amellyel t\u00f6bb mint t\u00edz \u00e9ve mindenki tal\u00e1lkozhat, aki bel\u00e9p a Semmelweis Egyetem Anat\u00f3miai, Sz\u00f6vet- \u00e9s Fejl\u0151d\u00e9stani Int\u00e9zet\u00e9be. \u201eAz anat\u00f3mia sz\u00e1momra nem csup\u00e1n minden orvosi gondolkod\u00e1s \u00e9s cselekv\u00e9s elidegen\u00edthetetlen alapja, hanem az anyag \u00e9s a l\u00e9t \u00f6r\u00f6k sz\u00e9ps\u00e9g\u00e9nek \u00e9s harm\u00f3ni\u00e1j\u00e1nak egyik legmagasabb rend\u0171 megnyilv\u00e1nul\u00e1sa\u201d \u2013 ez olvashat\u00f3 a tud\u00f3s eml\u00e9k\u00e9re \u00e1ll\u00edtott bronz domborm\u0171n. Szent\u00e1gothai J\u00e1nos a Semmelweis Egyetem jogel\u0151dj\u00e9n v\u00e9gzett, \u00e9s p\u00e1ly\u00e1j\u00e1t is itt kezdte, majd a p\u00e9csi \u00e9vek ut\u00e1n 1963-t\u00f3l az anat\u00f3miai int\u00e9zet vezet\u0151je lett \u2013 eml\u00e9keztetett a rektor, aki felid\u00e9zte Szent\u00e1gothai lebilincsel\u0151 el\u0151ad\u00f3i k\u00e9pess\u00e9g\u00e9t, s azt, hogy \u00a0a tudom\u00e1nyos kommunik\u00e1ci\u00f3 \u00fatt\u00f6r\u0151jek\u00e9nt az eg\u00e9sz orsz\u00e1g oktat\u00e1s\u00e1t is v\u00e1llalta egy emberi testr\u0151l sz\u00f3l\u00f3 lebilincsel\u0151 telev\u00edzi\u00f3 sorozat\u00e1val. A rektor kit\u00e9rt arra, hogy a Semmelweis Egyetem Idegtudom\u00e1nyi Doktori Iskol\u00e1ja Szent\u00e1gothai nev\u00e9t viseli, \u201eami szinte mag\u00e1t\u00f3l \u00e9rtet\u0151d\u0151, hiszen ir\u00e1ny\u00edt\u00f3i valamennyien Szent\u00e1gothai J\u00e1nos tan\u00edtv\u00e1nyai, akik ma tudom\u00e1nyos \u00f6r\u00f6ks\u00e9g\u00e9t viszik tov\u00e1bb.\u201d<\/p>\n<p><a href=\"https:\/\/semmelweis.hu\/hirek\/files\/2012\/10\/sz-3.jpg\"><img loading=\"lazy\" decoding=\"async\" class=\"alignleft size-medium wp-image-13554\" title=\"sz 3\" src=\"https:\/\/semmelweis.hu\/hirek\/files\/2012\/10\/sz-3-300x200.jpg\" alt=\"\" width=\"300\" height=\"200\" srcset=\"https:\/\/semmelweis.hu\/hirek\/files\/2012\/10\/sz-3-300x200.jpg 300w, https:\/\/semmelweis.hu\/hirek\/files\/2012\/10\/sz-3-600x400.jpg 600w\" sizes=\"auto, (max-width: 300px) 100vw, 300px\" \/><\/a>Vizi E. Szilveszter, a Tudom\u00e1nyos Ismeretterjeszt\u0151 T\u00e1rsulat eln\u00f6ke arra mutatott r\u00e1, hogy Szent\u00e1gothai azt vallotta: a tud\u00e1st megszerezni k\u00f6teless\u00e9g, megosztani viszont a legfontosabb feladat. Az \u00e9rthet\u0151s\u00e9gre t\u00f6rekedett, arra, hogy mindenki sz\u00e1m\u00e1ra hozz\u00e1f\u00e9rhet\u0151en terjessze az ismereteteket &#8211; mondta, visszaeml\u00e9kezve arra, hogy maguk k\u00f6z\u00f6tt a tan\u00edtv\u00e1nyok csak Szent J\u00e1nosnak h\u00edvt\u00e1k a professzort, aki mindig szeretetet sug\u00e1rzott.<\/p>\n<p>Az \u201eAgy-d\u00edjas\u201d Freund Tam\u00e1s, az MTA K\u00eds\u00e9rleti Orvostudom\u00e1nyi Kutat\u00f3int\u00e9zet\u00e9nek igazgat\u00f3ja, Szent\u00e1gothai egyik utols\u00f3 tan\u00edtv\u00e1nyak\u00e9nt arr\u00f3l tartott el\u0151ad\u00e1st, hogy milyen hat\u00e1ssal van Szent\u00e1gothai J\u00e1nos \u00f6r\u00f6ks\u00e9ge a mai modern idegtudom\u00e1nyokra.<\/p>\n<p>R\u00e9thelyi Mikl\u00f3s, az UNESCO Magyar Nemzeti Bizotts\u00e1g eln\u00f6ke \u00fagy fogalmazott: a vil\u00e1g sz\u00e1m\u00e1ra Szent\u00e1gothai J\u00e1nos az idegrendszer zseni\u00e1lis kutat\u00f3ja volt, akit fiatal kor\u00e1ban elvar\u00e1zsolt az idegsejtek sokf\u00e9les\u00e9ge. Az iskolateremt\u0151 agykutat\u00f3 a 20. sz\u00e1zad zavaros kor\u00e1ban egy eg\u00e9sz orsz\u00e1g \u00e9rtelmis\u00e9ge el\u0151tt \u00e1llhat f\u00e9nyl\u0151 p\u00e9ldak\u00e9nt, hiszen megmutatta, hogy a kult\u00fara, az etika, a harm\u00f3niakeres\u00e9s, a tolerancia \u00e9s a szeretet az emberhez egyed\u00fclik\u00e9nt m\u00e9lt\u00f3 \u00e9letmin\u0151s\u00e9g. DP<\/p>\n","protected":false},"excerpt":{"rendered":"<p>A tud\u00f3s orvos, az iskolateremt\u0151 agykutat\u00f3 Szent\u00e1gothai J\u00e1nos sz\u00fclet\u00e9s\u00e9nek 100. \u00e9vfordul\u00f3ja alkalm\u00e1b\u00f3l tartottak eml\u00e9kkonferenci\u00e1t a Magyar Tudom\u00e1nyos Akad\u00e9mi\u00e1n. A Szent\u00e1gothai \u00e9v keret\u00e9ben megrendezett esem\u00e9nyen az el\u0151ad\u00f3k Szent\u00e1gothai J\u00e1nosr\u00f3l, a kutat\u00f3r\u00f3l, a tan\u00e1rr\u00f3l, a tud\u00f3sr\u00f3l, a tudom\u00e1nypolitikusr\u00f3l, a parlamenti k\u00e9pvisel\u0151r\u0151l, a szeretett \u00e9s megbecs\u00fclt bar\u00e1tr\u00f3l, mesterr\u0151l, p\u00e1lyat\u00e1rsr\u00f3l \u00e9s csal\u00e1dtagr\u00f3l eml\u00e9keztek meg. P\u00e1link\u00e1s J\u00f3zsef, a Magyar Tudom\u00e1nyos &hellip;<\/p>\n","protected":false},"author":13,"featured_media":13553,"comment_status":"closed","ping_status":"open","sticky":false,"template":"","format":"standard","meta":{"_acf_changed":false,"footnotes":""},"categories":[161,168],"tags":[188],"class_list":["post-13550","post","type-post","status-publish","format-standard","has-post-thumbnail","hentry","category-tudomany","category-kiemelt","tag-tudomanyos-hirek-rendezvenyek"],"acf":[],"_links":{"self":[{"href":"https:\/\/semmelweis.hu\/hirek\/wp-json\/wp\/v2\/posts\/13550","targetHints":{"allow":["GET"]}}],"collection":[{"href":"https:\/\/semmelweis.hu\/hirek\/wp-json\/wp\/v2\/posts"}],"about":[{"href":"https:\/\/semmelweis.hu\/hirek\/wp-json\/wp\/v2\/types\/post"}],"author":[{"embeddable":true,"href":"https:\/\/semmelweis.hu\/hirek\/wp-json\/wp\/v2\/users\/13"}],"replies":[{"embeddable":true,"href":"https:\/\/semmelweis.hu\/hirek\/wp-json\/wp\/v2\/comments?post=13550"}],"version-history":[{"count":1,"href":"https:\/\/semmelweis.hu\/hirek\/wp-json\/wp\/v2\/posts\/13550\/revisions"}],"predecessor-version":[{"id":24585,"href":"https:\/\/semmelweis.hu\/hirek\/wp-json\/wp\/v2\/posts\/13550\/revisions\/24585"}],"wp:featuredmedia":[{"embeddable":true,"href":"https:\/\/semmelweis.hu\/hirek\/wp-json\/wp\/v2\/media\/13553"}],"wp:attachment":[{"href":"https:\/\/semmelweis.hu\/hirek\/wp-json\/wp\/v2\/media?parent=13550"}],"wp:term":[{"taxonomy":"category","embeddable":true,"href":"https:\/\/semmelweis.hu\/hirek\/wp-json\/wp\/v2\/categories?post=13550"},{"taxonomy":"post_tag","embeddable":true,"href":"https:\/\/semmelweis.hu\/hirek\/wp-json\/wp\/v2\/tags?post=13550"}],"curies":[{"name":"wp","href":"https:\/\/api.w.org\/{rel}","templated":true}]}}