{"id":13522,"date":"2012-10-30T21:00:05","date_gmt":"2012-10-30T21:00:05","guid":{"rendered":"http:\/\/semmelweis-egyetem.hu\/hirek\/?p=13522"},"modified":"2012-10-30T21:01:15","modified_gmt":"2012-10-30T21:01:15","slug":"kombinalt-petmri-kepalkoto-berendezes-a-biofizikai-es-sugarbiologiai-intezetben","status":"publish","type":"post","link":"https:\/\/semmelweis.hu\/hirek\/2012\/10\/30\/kombinalt-petmri-kepalkoto-berendezes-a-biofizikai-es-sugarbiologiai-intezetben\/","title":{"rendered":"Kombin\u00e1lt PET\/MRI k\u00e9palkot\u00f3 berendez\u00e9s a Biofizikai \u00e9s Sug\u00e1rbiol\u00f3giai Int\u00e9zetben"},"content":{"rendered":"<figure id=\"attachment_13523\" aria-describedby=\"caption-attachment-13523\" style=\"width: 300px\" class=\"wp-caption alignright\"><a href=\"https:\/\/semmelweis.hu\/hirek\/files\/2012\/10\/biofizikai.jpg\"><img loading=\"lazy\" decoding=\"async\" class=\"size-medium wp-image-13523\" title=\"szigeti_krisztian\" src=\"https:\/\/semmelweis.hu\/hirek\/files\/2012\/10\/biofizikai-300x199.jpg\" alt=\"\" width=\"300\" height=\"199\" srcset=\"https:\/\/semmelweis.hu\/hirek\/files\/2012\/10\/biofizikai-300x199.jpg 300w, https:\/\/semmelweis.hu\/hirek\/files\/2012\/10\/biofizikai-600x400.jpg 600w, https:\/\/semmelweis.hu\/hirek\/files\/2012\/10\/biofizikai.jpg 800w\" sizes=\"auto, (max-width: 300px) 100vw, 300px\" \/><\/a><figcaption id=\"caption-attachment-13523\" class=\"wp-caption-text\">dr. Szigeti Kriszti\u00e1n<\/figcaption><\/figure>\n<p>A Biofizikai \u00e9s Sug\u00e1rbiol\u00f3giai Int\u00e9zetben dr. Kellermayer Mikl\u00f3s vezet\u00e9s\u00e9vel t\u00f6bb, mint k\u00e9t \u00e9ve sikeresen m\u0171k\u00f6d\u0151 Nanobiotechnol\u00f3giai \u00e9s In Vivo K\u00e9palkot\u00f3 Centrum \u00faj, vil\u00e1gszerte k\u00fcl\u00f6nleges k\u00e9palkot\u00f3 m\u00f3dszerrel lett gazdagabb. A Semmelweis Egyetem, a CROmed Kft. \u00e9s a gy\u00e1rt\u00f3 Mediso Kft. k\u00f6z\u00f6tti folyamatos, sikeres egy\u00fcttm\u0171k\u00f6d\u00e9se alapj\u00e1n megkezdte m\u0171k\u00f6d\u00e9s\u00e9t egy kombin\u00e1lt PET\/MRI k\u00e9palkot\u00f3 berendez\u00e9s.A PET\/MRI egyed\u00fcl\u00e1ll\u00f3 k\u00e9palkot\u00f3 kombin\u00e1ci\u00f3, mellyel laborat\u00f3riumi \u00e1llatok (eg\u00e9r, patk\u00e1ny, tengerimalac, ny\u00fal) biok\u00e9miai \u00e9s anat\u00f3miai k\u00e9palkot\u00e1s\u00e1ra egyszerre van lehet\u0151s\u00e9g. A pozitronemisszi\u00f3s tomogr\u00e1fia \u00e9s m\u00e1gneses rezonancia-k\u00e9palkot\u00f3 m\u00f3dszerek kombin\u00e1ci\u00f3ja az egyetemen foly\u00f3 kardiol\u00f3giai, onkol\u00f3giai, idegtudom\u00e1nyi, \u0151ssejt, izom-\u00e9s anyagcsere kutat\u00e1sok sz\u00e1m\u00e1ra felm\u00e9rhetetlen nemzetk\u00f6zi el\u0151nyt biztos\u00edt. A Mediso nanoScan PET\/MRI k\u00e9sz\u00fcl\u00e9k a vil\u00e1g egyetlen, kereskedelmi forgalomban kaphat\u00f3 ilyen berendez\u00e9se, \u00e9s egyben a vil\u00e1g legjobb teljes\u00edtm\u00e9ny\u0171 kis\u00e1llat PET k\u00e9sz\u00fcl\u00e9ke is.<\/p>\n<p><a href=\"https:\/\/semmelweis.hu\/hirek\/files\/2012\/10\/biofizikai.png\"><img loading=\"lazy\" decoding=\"async\" class=\"alignleft size-medium wp-image-13524\" title=\"biofizikai\" src=\"https:\/\/semmelweis.hu\/hirek\/files\/2012\/10\/biofizikai-300x164.png\" alt=\"\" width=\"300\" height=\"164\" srcset=\"https:\/\/semmelweis.hu\/hirek\/files\/2012\/10\/biofizikai-300x164.png 300w, https:\/\/semmelweis.hu\/hirek\/files\/2012\/10\/biofizikai-600x328.png 600w, https:\/\/semmelweis.hu\/hirek\/files\/2012\/10\/biofizikai.png 1734w\" sizes=\"auto, (max-width: 300px) 100vw, 300px\" \/><\/a>A centrum ezzel a modalit\u00e1ssal kieg\u00e9sz\u00fclve &#8211; illetve a kor\u00e1bban telep\u00edtett NanoSPECT\/CT Plusz eszk\u00f6zzel &#8211; lefedi az \u00f6sszes klinikumban is alkalmazott in vivo k\u00e9palkot\u00f3 modalit\u00e1st. B\u00fcszk\u00e9n mondhatjuk, ezzel egy\u00fctt olyan infrastrukt\u00far\u00e1lis h\u00e1tt\u00e9rrel \u00e9s tud\u00e1sb\u00e1zissal rendelkezik, amely alkalmas \u201ca molekul\u00e1t\u00f3l az \u00e9l\u0151 szervezetig\u201d gondolat teljesk\u00f6r\u0171 megval\u00f3s\u00edt\u00e1s\u00e1ra. C\u00e9lunk, hogy a vil\u00e1gon egyed\u00fcl\u00e1ll\u00f3 instrument\u00e1lis potenci\u00e1lt biztos\u00edtsunk saj\u00e1t kutat\u00e1sainkhoz \u00e9s kooper\u00e1ci\u00f3s partnereinknek &#8211; fogalmazott dr. Szigeti Kriszti\u00e1n laborvezet\u0151.<\/p>\n<p>Sz\u00e1mos k\u00f6z\u00f6s kutat\u00e1s folyik jelenleg is egyetemi \u00e9s MTA kutat\u00f3csoporttal a k\u00f6zpontban. A Core Facility minden \u00e9rdekl\u0151d\u0151 kutat\u00f3 \u00e9s kutat\u00f3csoport sz\u00e1m\u00e1ra el\u00e9rhet\u0151.<\/p>\n<p>T-Sz.Sz.<\/p>\n","protected":false},"excerpt":{"rendered":"<p>A Biofizikai \u00e9s Sug\u00e1rbiol\u00f3giai Int\u00e9zetben dr. Kellermayer Mikl\u00f3s vezet\u00e9s\u00e9vel t\u00f6bb, mint k\u00e9t \u00e9ve sikeresen m\u0171k\u00f6d\u0151 Nanobiotechnol\u00f3giai \u00e9s In Vivo K\u00e9palkot\u00f3 Centrum \u00faj, vil\u00e1gszerte k\u00fcl\u00f6nleges k\u00e9palkot\u00f3 m\u00f3dszerrel lett gazdagabb. A Semmelweis Egyetem, a CROmed Kft. \u00e9s a gy\u00e1rt\u00f3 Mediso Kft. k\u00f6z\u00f6tti folyamatos, sikeres egy\u00fcttm\u0171k\u00f6d\u00e9se alapj\u00e1n megkezdte m\u0171k\u00f6d\u00e9s\u00e9t egy kombin\u00e1lt PET\/MRI k\u00e9palkot\u00f3 berendez\u00e9s.A PET\/MRI egyed\u00fcl\u00e1ll\u00f3 k\u00e9palkot\u00f3 kombin\u00e1ci\u00f3, &hellip;<\/p>\n","protected":false},"author":11,"featured_media":13523,"comment_status":"closed","ping_status":"open","sticky":false,"template":"","format":"standard","meta":{"_acf_changed":false,"footnotes":""},"categories":[161,168],"tags":[188],"class_list":["post-13522","post","type-post","status-publish","format-standard","has-post-thumbnail","hentry","category-tudomany","category-kiemelt","tag-tudomanyos-hirek-rendezvenyek"],"acf":[],"_links":{"self":[{"href":"https:\/\/semmelweis.hu\/hirek\/wp-json\/wp\/v2\/posts\/13522","targetHints":{"allow":["GET"]}}],"collection":[{"href":"https:\/\/semmelweis.hu\/hirek\/wp-json\/wp\/v2\/posts"}],"about":[{"href":"https:\/\/semmelweis.hu\/hirek\/wp-json\/wp\/v2\/types\/post"}],"author":[{"embeddable":true,"href":"https:\/\/semmelweis.hu\/hirek\/wp-json\/wp\/v2\/users\/11"}],"replies":[{"embeddable":true,"href":"https:\/\/semmelweis.hu\/hirek\/wp-json\/wp\/v2\/comments?post=13522"}],"version-history":[{"count":1,"href":"https:\/\/semmelweis.hu\/hirek\/wp-json\/wp\/v2\/posts\/13522\/revisions"}],"predecessor-version":[{"id":13525,"href":"https:\/\/semmelweis.hu\/hirek\/wp-json\/wp\/v2\/posts\/13522\/revisions\/13525"}],"wp:featuredmedia":[{"embeddable":true,"href":"https:\/\/semmelweis.hu\/hirek\/wp-json\/wp\/v2\/media\/13523"}],"wp:attachment":[{"href":"https:\/\/semmelweis.hu\/hirek\/wp-json\/wp\/v2\/media?parent=13522"}],"wp:term":[{"taxonomy":"category","embeddable":true,"href":"https:\/\/semmelweis.hu\/hirek\/wp-json\/wp\/v2\/categories?post=13522"},{"taxonomy":"post_tag","embeddable":true,"href":"https:\/\/semmelweis.hu\/hirek\/wp-json\/wp\/v2\/tags?post=13522"}],"curies":[{"name":"wp","href":"https:\/\/api.w.org\/{rel}","templated":true}]}}