{"id":13451,"date":"2012-10-26T09:13:18","date_gmt":"2012-10-26T09:13:18","guid":{"rendered":"http:\/\/semmelweis-egyetem.hu\/hirek\/?p=13451"},"modified":"2012-10-26T09:18:45","modified_gmt":"2012-10-26T09:18:45","slug":"semmelweises-kutatok-a-szent-laszlo-koponyaereklye-vizsgalataban","status":"publish","type":"post","link":"https:\/\/semmelweis.hu\/hirek\/2012\/10\/26\/semmelweises-kutatok-a-szent-laszlo-koponyaereklye-vizsgalataban\/","title":{"rendered":"Semmelweises kutat\u00f3k a Szent L\u00e1szl\u00f3 koponyaereklye vizsg\u00e1lat\u00e1ban"},"content":{"rendered":"<p><a href=\"https:\/\/semmelweis.hu\/hirek\/files\/2012\/10\/1.jpg\"><img loading=\"lazy\" decoding=\"async\" class=\"alignleft size-medium wp-image-13455\" title=\"1\" src=\"https:\/\/semmelweis.hu\/hirek\/files\/2012\/10\/1-300x192.jpg\" alt=\"\" width=\"300\" height=\"192\" srcset=\"https:\/\/semmelweis.hu\/hirek\/files\/2012\/10\/1-300x192.jpg 300w, https:\/\/semmelweis.hu\/hirek\/files\/2012\/10\/1-600x385.jpg 600w\" sizes=\"auto, (max-width: 300px) 100vw, 300px\" \/><\/a>Egy \u00e9vvel ezel\u0151tt \u2013 2011. szeptember 22-25 k\u00f6z\u00f6tt \u2013 n\u00e9gy napon kereszt\u00fcl vizsg\u00e1lhatta egy tud\u00f3scsoport Szent L\u00e1szl\u00f3 csaknem ezer\u00e9ves koponyaerekly\u00e9j\u00e9t. A t\u00f6bbek k\u00f6z\u00f6tt antropol\u00f3gusokb\u00f3l, anat\u00f3musokb\u00f3l \u00e9s genetikusokb\u00f3l \u00e1ll\u00f3, \u00e1tfog\u00f3 term\u00e9szettudom\u00e1nyos \u00e9s m\u0171szaki vizsg\u00e1latokat v\u00e9gz\u0151 csoport id\u00e9n ny\u00e1ron k\u00e9sz\u00edtette el az eddig tudhat\u00f3 eredm\u00e9nyekr\u0151l sz\u00f3l\u00f3 jelent\u00e9st a Gy\u0151ri Egyh\u00e1zmegye sz\u00e1m\u00e1ra, \u00e1m az elemz\u0151 munka m\u00e9g jelenleg is folyamatban van \u2013 t\u00e1j\u00e9koztatott dr. Patonay Lajos, a Semmelweis Egyetem Anat\u00f3miai, Sz\u00f6vet- \u00e9s Fejl\u0151d\u00e9stani Int\u00e9zet\u00e9nek kutat\u00f3ja, aki dr.P\u00e1lfi Gy\u00f6rgy antropol\u00f3gussal (Szegedi Tudom\u00e1nyegyetem) k\u00f6z\u00f6sen koordin\u00e1lta a csoport munk\u00e1j\u00e1t.<\/p>\n<p>A k\u00fcl\u00f6nleges, Zsigmond korabeli herm\u00e1ban tal\u00e1lhat\u00f3 koponyaerekly\u00e9t a gy\u0151ri bazilika H\u00e9derv\u00e1ry-k\u00e1poln\u00e1j\u00e1ban \u0151rzik. Egy \u00e9vvel ezel\u0151tt, a vizsg\u00e1latok megkezd\u00e9sekor m\u00e1sf\u00e9l \u00f3r\u00e1ra lez\u00e1rt\u00e1k a bazilik\u00e1t, a kutat\u00f3k ezalatt vett\u00e9k ki a herm\u00e1b\u00f3l a bels\u0151 ereklyetart\u00f3t \u00e9s a benne l\u00e9v\u0151\u00a0 kopony\u00e1t, majd a Gy\u0151ri Hittudom\u00e1nyi F\u0151iskol\u00e1ra vitt\u00e9k. A Gy\u0151ri Egyh\u00e1zmegye d\u00f6nt\u00e9se alapj\u00e1n ugyanis nem lehetett kivinni az erekly\u00e9t a v\u00e1rosb\u00f3l. Az ereklyetart\u00f3t lez\u00e1r\u00f3 p\u00fcsp\u00f6ki pecs\u00e9t tan\u00fas\u00e1ga szerint egy\u00e9bk\u00e9nt legut\u00f3bb 150 \u00e9vvel ezel\u0151tt vehett\u00e9k ki a kopony\u00e1t ebb\u0151l a bels\u0151 ereklyetart\u00f3b\u00f3l.<\/p>\n<figure id=\"attachment_13452\" aria-describedby=\"caption-attachment-13452\" style=\"width: 600px\" class=\"wp-caption aligncenter\"><a href=\"https:\/\/semmelweis.hu\/hirek\/files\/2012\/10\/19.jpg\"><img loading=\"lazy\" decoding=\"async\" class=\"size-large wp-image-13452 \" title=\"19\" src=\"https:\/\/semmelweis.hu\/hirek\/files\/2012\/10\/19-600x400.jpg\" alt=\"\" width=\"600\" height=\"400\" srcset=\"https:\/\/semmelweis.hu\/hirek\/files\/2012\/10\/19-600x400.jpg 600w, https:\/\/semmelweis.hu\/hirek\/files\/2012\/10\/19-300x200.jpg 300w\" sizes=\"auto, (max-width: 600px) 100vw, 600px\" \/><\/a><figcaption id=\"caption-attachment-13452\" class=\"wp-caption-text\">Fot\u00f3k: Nagy K\u00e1roly Zsolt<\/figcaption><\/figure>\n<p>A koponya nem teljes, ez azonban nem okozott meglepet\u00e9st a kutat\u00f3knak, mivel ismert volt, hogy kor\u00e1bban k\u00fcl\u00f6nb\u00f6z\u0151 templomoknak is adtak bel\u0151le r\u00e9szeket, illetve Nagyv\u00e1radra is ker\u00fclt egy darab. Az als\u00f3 \u00e1llcsont felt\u00e9telez\u00e9sek szerint Olaszorsz\u00e1gban van. A vizsg\u00e1lat eddigi eredm\u00e9nyei szerint a koponya egy 50-60 \u00e9ves kora k\u00f6z\u00f6tt elhal\u00e1lozott f\u00e9rfi kopony\u00e1ja. Ki kell emelni a koponya rendk\u00edv\u00fcl f\u00e9rfias antropol\u00f3giai jelleg\u00e9t; bizonyos k\u00fcls\u0151 jellegei er\u0151teljes izomzatra, fokozott aktivit\u00e1sra utalnak. Az antropol\u00f3giai vizsg\u00e1latok el\u0151zetes eredm\u00e9nyei azt t\u00e1masztj\u00e1k al\u00e1, hogy a Szent L\u00e1szl\u00f3nak tulajdon\u00edtott koponyaereklye val\u00f3ban az 1000-es \u00e9vek m\u00e1sodik fel\u00e9ben \u00e9lt kir\u00e1ly\u00e9 lehet.<\/p>\n<p><a href=\"https:\/\/semmelweis.hu\/hirek\/files\/2012\/10\/12.jpg\"><img loading=\"lazy\" decoding=\"async\" class=\"aligncenter size-large wp-image-13456\" title=\"12\" src=\"https:\/\/semmelweis.hu\/hirek\/files\/2012\/10\/12-600x400.jpg\" alt=\"\" width=\"600\" height=\"400\" srcset=\"https:\/\/semmelweis.hu\/hirek\/files\/2012\/10\/12-600x400.jpg 600w, https:\/\/semmelweis.hu\/hirek\/files\/2012\/10\/12-300x200.jpg 300w\" sizes=\"auto, (max-width: 600px) 100vw, 600px\" \/><\/a>Az orvosi vizsg\u00e1latokkal kapcsolatban dr. Patonay Lajos kiemelte: az egyik c\u00e9l annak meg\u00e1llap\u00edt\u00e1sa volt, hogy van-e olyan elv\u00e1ltoz\u00e1s, ami egy esetleges \u00e9letben lezajlott betegs\u00e9gre utal. Egy kisebb j\u00f3indulat\u00fa csontdaganaton k\u00edv\u00fcl m\u00e1s eml\u00edt\u00e9sre m\u00e9lt\u00f3t nem tal\u00e1ltak. Az anat\u00f3mus alaposan megvizsg\u00e1lta a fogazatot is. A fels\u0151 \u00e1llcsont vizsg\u00e1lat\u00e1b\u00f3l az der\u00fclt ki, hogy a koponya tulajdonos\u00e1nak az \u00e9let\u00e9ben minden foga megvolt, \u201ej\u00f3l megtartott \u00e1llapotban\u201d, b\u00e1r a koponya m\u00e1r csak h\u00e1rom fogat tartalmazott. A fogak nagyon sim\u00e1ra kopottak, amely a korabeli t\u00e1pl\u00e1lkoz\u00e1ssal f\u00fcgghet \u00f6ssze.<\/p>\n<p><a href=\"https:\/\/semmelweis.hu\/hirek\/files\/2012\/10\/14.jpg\"><img loading=\"lazy\" decoding=\"async\" class=\"alignleft size-medium wp-image-13453\" title=\"14\" src=\"https:\/\/semmelweis.hu\/hirek\/files\/2012\/10\/14-300x200.jpg\" alt=\"\" width=\"300\" height=\"200\" srcset=\"https:\/\/semmelweis.hu\/hirek\/files\/2012\/10\/14-300x200.jpg 300w, https:\/\/semmelweis.hu\/hirek\/files\/2012\/10\/14-600x400.jpg 600w\" sizes=\"auto, (max-width: 300px) 100vw, 300px\" \/><\/a>A Salzburgb\u00f3l \u00e9rkezett T\u00f3th Mikl\u00f3s f\u00fcl-orr-g\u00e9g\u00e9sz a hall\u00f3szervet vizsg\u00e1lta meg endoszk\u00f3ppal, amely lehet\u0151v\u00e9 tette a bels\u0151 \u00fcregrendszerekbe val\u00f3 betekint\u00e9st is. A kopony\u00e1r\u00f3l speci\u00e1lis CT-felv\u00e9tel k\u00e9sz\u00fclt, a herm\u00e1t \u00e9s a kopony\u00e1t is beszkennelt\u00e9k, ami a pontos m\u00e1solat k\u00e9sz\u00edt\u00e9s\u00e9t seg\u00edti el\u0151. Mindezeken k\u00edv\u00fcl a dr. Balogh Attila \u00e1ltal kifejlesztett 4 D Anatomy seg\u00edts\u00e9g\u00e9vel is felv\u00e9tel k\u00e9sz\u00fclt a kopony\u00e1r\u00f3l. Ez az alapvet\u0151en oktat\u00e1si c\u00e9lokat szolg\u00e1l\u00f3 program lehet\u0151v\u00e9 teszi, hogy egy szem\u00fcveget felv\u00e9ve 3 dimenzi\u00f3ban jelenjen meg a sz\u00e1m\u00edt\u00f3g\u00e9p k\u00e9perny\u0151j\u00e9n az ereklye, amelyet az eg\u00e9r seg\u00edts\u00e9g\u00e9vel mozgatni, elforgatni is lehet.<\/p>\n<figure id=\"attachment_13454\" aria-describedby=\"caption-attachment-13454\" style=\"width: 200px\" class=\"wp-caption alignleft\"><a href=\"https:\/\/semmelweis.hu\/hirek\/files\/2012\/10\/6.jpg\"><img loading=\"lazy\" decoding=\"async\" class=\"size-medium wp-image-13454\" title=\"6\" src=\"https:\/\/semmelweis.hu\/hirek\/files\/2012\/10\/6-200x300.jpg\" alt=\"\" width=\"200\" height=\"300\" srcset=\"https:\/\/semmelweis.hu\/hirek\/files\/2012\/10\/6-200x300.jpg 200w, https:\/\/semmelweis.hu\/hirek\/files\/2012\/10\/6-266x400.jpg 266w, https:\/\/semmelweis.hu\/hirek\/files\/2012\/10\/6-600x900.jpg 600w, https:\/\/semmelweis.hu\/hirek\/files\/2012\/10\/6.jpg 800w\" sizes=\"auto, (max-width: 200px) 100vw, 200px\" \/><\/a><figcaption id=\"caption-attachment-13454\" class=\"wp-caption-text\">dr. Patonay Lajos \u00e9s dr. L\u00e1szik Andr\u00e1s<\/figcaption><\/figure>\n<p>A DNS-mintav\u00e9tel dr. L\u00e1szik Andr\u00e1s, a Semmelweis Egyetem Igazs\u00e1g\u00fcgyi \u00e9s Biztos\u00edt\u00e1s-orvostani Int\u00e9zet\u00e9nek adjunktusa seg\u00edts\u00e9g\u00e9vel t\u00f6rt\u00e9nt. Mint azt dr. L\u00e1szik Andr\u00e1st\u00f3l megtudtuk, k\u00e9t mint\u00e1t vettek: az egyik egy fog, a m\u00e1sik egy, a koponyaalapr\u00f3l sz\u00e1rmaz\u00f3 egy centim\u00e9ter \u00e1tm\u00e9r\u0151j\u0171 csonthenger. Az adjunktus azt mondta, b\u00edzik benne, hogy legal\u00e1bb az egyikben tal\u00e1lnak \u00e9rt\u00e9kelhet\u0151 DNS-mint\u00e1t. Azt egy\u00e9bk\u00e9nt nem a csont kora hat\u00e1rozza meg, hogy ki lehet-e bel\u0151le nyerni haszn\u00e1lhat\u00f3 DNS-t, hanem azok a k\u00f6r\u00fclm\u00e9nyek, amelyek k\u00f6zt az adott csont volt. Az a f\u0151 k\u00e9rd\u00e9s, hogy a bakt\u00e9riumok mennyire tudtak a csontokhoz hozz\u00e1f\u00e9rni \u2013 jegyezte meg. A DNS kinyer\u00e9s\u00e9vel kapcsolatos munk\u00e1t dr. Mende Bal\u00e1zs Guszt\u00e1v, az MTA Antropol\u00f3giai Int\u00e9zet\u00e9nek munkat\u00e1rsa v\u00e9gzi.<\/p>\n<p>A koponyaerekly\u00e9vel kapcsolatos vizsg\u00e1latot egy\u00e9bk\u00e9nt Krist\u00f3f Lilla Alida kezdem\u00e9nyezte, s az el\u0151k\u00e9sz\u00edt\u0151 munk\u00e1t is \u0151 koordin\u00e1lta. Az tudom\u00e1nyos munka eredm\u00e9nye nyom\u00e1n a k\u00f6zelm\u00faltban ketten is rekonstru\u00e1lt\u00e1k Szent L\u00e1szl\u00f3 kir\u00e1ly portr\u00e9j\u00e1t. K\u0151nig Frigyes, a K\u00e9pz\u0151m\u0171v\u00e9szeti Egyetem rektora fekete-feh\u00e9r rajzokat k\u00e9sz\u00edtett a koponyam\u00e1solat alapj\u00e1n, m\u00edg Kust\u00e1r \u00c1gnes antropol\u00f3gus (Magyar Term\u00e9szettudom\u00e1nyi M\u00fazeum Embertani T\u00e1ra) vezet\u00e9s\u00e9vel szoborportr\u00e9 k\u00e9sz\u00fclt.<\/p>\n<p>Szent L\u00e1szl\u00f3 kopony\u00e1j\u00e1t a Szent Korona \u00e9s a Szent Jobb mellett Magyarorsz\u00e1g harmadik legf\u0151bb nemzeti kincs\u00e9nek, erekly\u00e9j\u00e9nek tartj\u00e1k. DP<\/p>\n<p>Fot\u00f3k: Nagy K\u00e1roly Zsolt<\/p>\n","protected":false},"excerpt":{"rendered":"<p><a href=\"https:\/\/semmelweis.hu\/hirek\/files\/2012\/10\/1.jpg\"><\/a> Egy \u00e9vvel ezel\u0151tt \u2013 2011. szeptember 22-25 k\u00f6z\u00f6tt \u2013 n\u00e9gy napon kereszt\u00fcl vizsg\u00e1lhatta egy tud\u00f3scsoport Szent L\u00e1szl\u00f3 csaknem ezer\u00e9ves koponyaerekly\u00e9j\u00e9t. A t\u00f6bbek k\u00f6z\u00f6tt antropol\u00f3gusokb\u00f3l, anat\u00f3musokb\u00f3l \u00e9s genetikusokb\u00f3l \u00e1ll\u00f3, \u00e1tfog\u00f3 term\u00e9szettudom\u00e1nyos \u00e9s m\u0171szaki vizsg\u00e1latokat v\u00e9gz\u0151 csoport id\u00e9n ny\u00e1ron k\u00e9sz\u00edtette el az eddig tudhat\u00f3 eredm\u00e9nyekr\u0151l sz\u00f3l\u00f3 jelent\u00e9st a Gy\u0151ri Egyh\u00e1zmegye sz\u00e1m\u00e1ra, \u00e1m az elemz\u0151 munka m\u00e9g jelenleg &hellip;<\/p>\n","protected":false},"author":13,"featured_media":13452,"comment_status":"closed","ping_status":"open","sticky":false,"template":"","format":"standard","meta":{"_acf_changed":false,"footnotes":""},"categories":[161,168],"tags":[188],"class_list":["post-13451","post","type-post","status-publish","format-standard","has-post-thumbnail","hentry","category-tudomany","category-kiemelt","tag-tudomanyos-hirek-rendezvenyek"],"acf":[],"_links":{"self":[{"href":"https:\/\/semmelweis.hu\/hirek\/wp-json\/wp\/v2\/posts\/13451","targetHints":{"allow":["GET"]}}],"collection":[{"href":"https:\/\/semmelweis.hu\/hirek\/wp-json\/wp\/v2\/posts"}],"about":[{"href":"https:\/\/semmelweis.hu\/hirek\/wp-json\/wp\/v2\/types\/post"}],"author":[{"embeddable":true,"href":"https:\/\/semmelweis.hu\/hirek\/wp-json\/wp\/v2\/users\/13"}],"replies":[{"embeddable":true,"href":"https:\/\/semmelweis.hu\/hirek\/wp-json\/wp\/v2\/comments?post=13451"}],"version-history":[{"count":1,"href":"https:\/\/semmelweis.hu\/hirek\/wp-json\/wp\/v2\/posts\/13451\/revisions"}],"predecessor-version":[{"id":13469,"href":"https:\/\/semmelweis.hu\/hirek\/wp-json\/wp\/v2\/posts\/13451\/revisions\/13469"}],"wp:featuredmedia":[{"embeddable":true,"href":"https:\/\/semmelweis.hu\/hirek\/wp-json\/wp\/v2\/media\/13452"}],"wp:attachment":[{"href":"https:\/\/semmelweis.hu\/hirek\/wp-json\/wp\/v2\/media?parent=13451"}],"wp:term":[{"taxonomy":"category","embeddable":true,"href":"https:\/\/semmelweis.hu\/hirek\/wp-json\/wp\/v2\/categories?post=13451"},{"taxonomy":"post_tag","embeddable":true,"href":"https:\/\/semmelweis.hu\/hirek\/wp-json\/wp\/v2\/tags?post=13451"}],"curies":[{"name":"wp","href":"https:\/\/api.w.org\/{rel}","templated":true}]}}