{"id":133473,"date":"2023-11-21T06:00:31","date_gmt":"2023-11-21T05:00:31","guid":{"rendered":"https:\/\/semmelweis.hu\/hirek\/?p=133473"},"modified":"2023-11-22T14:10:49","modified_gmt":"2023-11-22T13:10:49","slug":"ismet-ket-egyetemi-munkatars-szerepel-a-vilag-legidezettebb-kutatoi-kozott","status":"publish","type":"post","link":"https:\/\/semmelweis.hu\/hirek\/2023\/11\/21\/ismet-ket-egyetemi-munkatars-szerepel-a-vilag-legidezettebb-kutatoi-kozott\/","title":{"rendered":"Ism\u00e9t k\u00e9t egyetemi munkat\u00e1rs szerepel a vil\u00e1g legid\u00e9zettebb kutat\u00f3i k\u00f6z\u00f6tt"},"content":{"rendered":"<div class=\"lead\"><strong>Megjelent a <\/strong><a href=\"https:\/\/clarivate.com\/highly-cited-researchers\/\"><strong>vil\u00e1g legt\u00f6bbet id\u00e9zett kutat\u00f3inak friss list\u00e1ja<\/strong><\/a><strong>, amelyen a Semmelweis Egyetem k\u00e9t munkat\u00e1rsa is szerepel: dr. Ferdinandy P\u00e9ter tudom\u00e1nyos \u00e9s innov\u00e1ci\u00f3s rektorhelyettes, a Farmakol\u00f3giai \u00e9s Farmakoter\u00e1pi\u00e1s Int\u00e9zet igazgat\u00f3ja \u00e9s dr. Gy\u0151rffy Bal\u00e1zs, a Bioinformatika Tansz\u00e9k tansz\u00e9kvezet\u0151je. A Web of Science adatain alapul\u00f3 kutat\u00f3i lista \u00f6sszesen 7125 nevet tartalmaz minden tudom\u00e1nyter\u00fcletr\u0151l. <\/strong><\/div>\n<p>A rangsor fel\u00e1ll\u00edt\u00e1s\u00e1hoz az elm\u00falt t\u00edz \u00e9vben, teh\u00e1t 2011 \u00e9s 2022 k\u00f6z\u00f6tt megjelent legid\u00e9zettebb (highly cited) k\u00f6zlem\u00e9nyeket vett\u00e9k sz\u00e1m\u00edt\u00e1sba, melyeknek legfeljebb 30 szerz\u0151j\u00fck van. Highly cited publik\u00e1ci\u00f3nak azok sz\u00e1m\u00edtanak, amelyek a r\u00e1juk val\u00f3 hivatkoz\u00e1sok sz\u00e1ma szerint beker\u00fcltek a szakter\u00fclet\u00fck legjobb 1 sz\u00e1zal\u00e9k\u00e1ba. A tudom\u00e1nyos vil\u00e1gban az id\u00e9zetts\u00e9g a tudom\u00e1nyos hat\u00e1s m\u00e9r\u0151sz\u00e1ma. Min\u00e9l jobban id\u00e9zett egy szakter\u00fclet, ann\u00e1l t\u00f6bb magasan id\u00e9zett publik\u00e1ci\u00f3ra van sz\u00fcks\u00e9g ahhoz, hogy valaki felker\u00fclj\u00f6n a list\u00e1ra. A rangsor 21 tudom\u00e1nyter\u00fcletet vesz sz\u00e1mba, valamint azokat, akik ezek k\u00f6z\u00fcl egyszerre t\u00f6bb ter\u00fcleten egy\u00fcttesen (Cross-field) is kiemelked\u0151 id\u00e9zetts\u00e9get \u00e9rtek el.<\/p>\n<p><a href=\"https:\/\/semmelweis.hu\/hirek\/files\/2023\/11\/RS150543_C19A1877-scr.jpg\"><img loading=\"lazy\" decoding=\"async\" class=\"alignleft size-medium wp-image-133476\" src=\"https:\/\/semmelweis.hu\/hirek\/files\/2023\/11\/RS150543_C19A1877-scr-283x400.jpg\" alt=\"\" width=\"283\" height=\"400\" srcset=\"https:\/\/semmelweis.hu\/hirek\/files\/2023\/11\/RS150543_C19A1877-scr-283x400.jpg 283w, https:\/\/semmelweis.hu\/hirek\/files\/2023\/11\/RS150543_C19A1877-scr-565x800.jpg 565w, https:\/\/semmelweis.hu\/hirek\/files\/2023\/11\/RS150543_C19A1877-scr.jpg 636w\" sizes=\"auto, (max-width: 283px) 100vw, 283px\" \/><\/a>A Highy Cited Researchers, azaz a legt\u00f6bbet id\u00e9zett kutat\u00f3k 2023-as list\u00e1j\u00e1ra a Semmelweis Egyetem k\u00e9t munkat\u00e1rsa is felker\u00fclt. Dr. Ferdinandy P\u00e9ter tudom\u00e1nyos \u00e9s innov\u00e1ci\u00f3s rektorhelyettes, a Farmakol\u00f3giai \u00e9s Farmakoter\u00e1pi\u00e1s Int\u00e9zet egyetemi tan\u00e1ra id\u00e9n hatodszor szerepel a list\u00e1n 13 kiv\u00e1l\u00f3 k\u00f6zlem\u00e9nnyel. 2014 \u00e9s 2017 folyam\u00e1n a farmakol\u00f3gia \u00e9s toxikol\u00f3gia szakter\u00fcleten ker\u00fclt a legjobbak k\u00f6z\u00e9, m\u00edg 2020 \u00f3ta minden \u00e9vben a tudom\u00e1nyter\u00fcleteket egy\u00fcttesen sz\u00e1mba vev\u0151 \u00fan. cross-field kateg\u00f3ri\u00e1ban. A magasan id\u00e9zett k\u00f6zlem\u00e9nyeit az \u00faj ter\u00e1pi\u00e1k kidolgoz\u00e1s\u00e1hoz alkalmazott t\u00e1rsbetegs\u00e9gek modellez\u00e9se ter\u00e9n publik\u00e1lta. A rektorhelyettes kiemelte: az eredeti \u00e9s \u00f6sszefoglal\u00f3 k\u00f6zlem\u00e9nyek egyar\u00e1nt fontosak, hiszen b\u00e1r az ut\u00f3bbiakat id\u00e9zik nagyobb sz\u00e1mban, csak azok \u00e9rhetnek el kiemelked\u0151 tudom\u00e1nyos eredm\u00e9nyt \u00e9s cit\u00e1ci\u00f3t, akik saj\u00e1t megfigyel\u00e9sekkel is hozz\u00e1j\u00e1rulnak a tudom\u00e1ny fejl\u0151d\u00e9s\u00e9hez, valamint ezzel hiteless\u00e9get szereznek a tudom\u00e1nyos t\u00e1rsadalomban. Arra a k\u00e9rd\u00e9sre, mi kell ahhoz, hogy valaki \u00e9veken kereszt\u00fcl a vil\u00e1g legid\u00e9zettebb kutat\u00f3i k\u00f6z\u00f6tt szerepeljen, dr. Ferdinandy P\u00e9ter honlapunknak n\u00e9gy dolgot emelt ki:<\/p>\n<blockquote>\n<p>Fontos a hazai tudom\u00e1ny megfelel\u0151 \u00e9s folyamatos anyagi t\u00e1mogat\u00e1sa; a magas sz\u00ednvonal\u00fa egyetemi infrastrukt\u00fara \u00e9s tudom\u00e1nyos k\u00f6zeg; egy j\u00f3l szervezett kutat\u00f3csoport; illetve a v\u00e1llalkoz\u00e1sokkal val\u00f3 kutat\u00e1sfejleszt\u00e9si egy\u00fcttm\u0171k\u00f6d\u00e9s. Ezekb\u0151l is l\u00e1tszik, hogy b\u00e1r a list\u00e1n az egy\u00e9ni teljes\u00edtm\u00e9nyt ismerik el, a kiemelked\u0151 id\u00e9zetts\u00e9g csapatmunka \u00e9s megfelel\u0151 t\u00e1mogat\u00f3 k\u00f6zeg egy\u00fcttes eredm\u00e9nye.<\/p>\n<\/blockquote>\n<p>A rektorhelyettes kiemelte: a Semmelweis Egyetemen minden adott a kiemelked\u0151 tudom\u00e1nyos munk\u00e1hoz, \u0151 pedig kifejezetten b\u00fcszke, hogy k\u00f6zlem\u00e9nyei nagy r\u00e9sz\u00e9t Magyarorsz\u00e1gon folytatott, hazai laborat\u00f3riumokban v\u00e9gzett munk\u00e1val \u00e9rte el eg\u00e9sz karrierje sor\u00e1n.<\/p>\n<p>A list\u00e1n szerepl\u0151 m\u00e1sik egyetemi munkat\u00e1rs dr. Gy\u0151rffy Bal\u00e1zs, a Bioinformatika Tansz\u00e9k tansz\u00e9kvezet\u0151je, \u00a0aki 2022 ut\u00e1n ism\u00e9t a legid\u00e9zettebbek k\u00f6z\u00e9 ker\u00fclt, ez\u00fattal is cross-field ter\u00fcleten, 15 magasan id\u00e9zett k\u00f6zlem\u00e9nnyel.<\/p>\n<p><a href=\"https:\/\/semmelweis.hu\/hirek\/files\/2023\/11\/RS146079_TZ_20220303_0317-scr.jpg\"><img loading=\"lazy\" decoding=\"async\" class=\"aligncenter size-full wp-image-133477\" src=\"https:\/\/semmelweis.hu\/hirek\/files\/2023\/11\/RS146079_TZ_20220303_0317-scr.jpg\" alt=\"\" width=\"1200\" height=\"800\" srcset=\"https:\/\/semmelweis.hu\/hirek\/files\/2023\/11\/RS146079_TZ_20220303_0317-scr.jpg 1200w, https:\/\/semmelweis.hu\/hirek\/files\/2023\/11\/RS146079_TZ_20220303_0317-scr-400x267.jpg 400w, https:\/\/semmelweis.hu\/hirek\/files\/2023\/11\/RS146079_TZ_20220303_0317-scr-900x600.jpg 900w, https:\/\/semmelweis.hu\/hirek\/files\/2023\/11\/RS146079_TZ_20220303_0317-scr-768x512.jpg 768w, https:\/\/semmelweis.hu\/hirek\/files\/2023\/11\/RS146079_TZ_20220303_0317-scr-753x502.jpg 753w, https:\/\/semmelweis.hu\/hirek\/files\/2023\/11\/RS146079_TZ_20220303_0317-scr-203x135.jpg 203w\" sizes=\"auto, (max-width: 1200px) 100vw, 1200px\" \/><\/a><\/p>\n<p>Szab\u00f3 \u00c1d\u00e1m<br \/>\nFot\u00f3: Tuba Zolt\u00e1n; Kov\u00e1cs Attila &#8211; Semmelweis Egyetem<\/p>\n","protected":false},"excerpt":{"rendered":"<p>Dr. Ferdinandy P\u00e9ter \u00e9s dr. Gy\u0151rffy Bal\u00e1zs is beker\u00fclt a Highy Cited Researchers, azaz a legt\u00f6bbet id\u00e9zett kutat\u00f3k 2023-as list\u00e1j\u00e1ra.<\/p>\n","protected":false},"author":101751,"featured_media":133480,"comment_status":"closed","ping_status":"closed","sticky":false,"template":"","format":"standard","meta":{"_acf_changed":false,"footnotes":""},"categories":[161,168],"tags":[4314],"class_list":["post-133473","post","type-post","status-publish","format-standard","has-post-thumbnail","hentry","category-tudomany","category-kiemelt","tag-kutatas"],"acf":[],"_links":{"self":[{"href":"https:\/\/semmelweis.hu\/hirek\/wp-json\/wp\/v2\/posts\/133473","targetHints":{"allow":["GET"]}}],"collection":[{"href":"https:\/\/semmelweis.hu\/hirek\/wp-json\/wp\/v2\/posts"}],"about":[{"href":"https:\/\/semmelweis.hu\/hirek\/wp-json\/wp\/v2\/types\/post"}],"author":[{"embeddable":true,"href":"https:\/\/semmelweis.hu\/hirek\/wp-json\/wp\/v2\/users\/101751"}],"replies":[{"embeddable":true,"href":"https:\/\/semmelweis.hu\/hirek\/wp-json\/wp\/v2\/comments?post=133473"}],"version-history":[{"count":8,"href":"https:\/\/semmelweis.hu\/hirek\/wp-json\/wp\/v2\/posts\/133473\/revisions"}],"predecessor-version":[{"id":147968,"href":"https:\/\/semmelweis.hu\/hirek\/wp-json\/wp\/v2\/posts\/133473\/revisions\/147968"}],"wp:featuredmedia":[{"embeddable":true,"href":"https:\/\/semmelweis.hu\/hirek\/wp-json\/wp\/v2\/media\/133480"}],"wp:attachment":[{"href":"https:\/\/semmelweis.hu\/hirek\/wp-json\/wp\/v2\/media?parent=133473"}],"wp:term":[{"taxonomy":"category","embeddable":true,"href":"https:\/\/semmelweis.hu\/hirek\/wp-json\/wp\/v2\/categories?post=133473"},{"taxonomy":"post_tag","embeddable":true,"href":"https:\/\/semmelweis.hu\/hirek\/wp-json\/wp\/v2\/tags?post=133473"}],"curies":[{"name":"wp","href":"https:\/\/api.w.org\/{rel}","templated":true}]}}